{"id":9551,"date":"2020-12-14T15:58:00","date_gmt":"2020-12-14T14:58:00","guid":{"rendered":"https:\/\/www.naturparkmagazin.de\/schwaebisch-fraenkischer-wald\/?p=9551"},"modified":"2020-12-15T09:22:28","modified_gmt":"2020-12-15T08:22:28","slug":"liebe-leserinnen-und-leser","status":"publish","type":"post","link":"https:\/\/www.naturparkmagazin.de\/schwaebisch-fraenkischer-wald\/liebe-leserinnen-und-leser\/","title":{"rendered":"Liebe Leserinnen und Leser,"},"content":{"rendered":"<p>herzlich willkommen zum Januar-Newsletter des Naturparks Schw\u00e4bisch-Fr\u00e4nkischer Wald!<\/p>\n<p>Wir blicken zur\u00fcck auf ein sehr besonderes Jahr 2020, ein Jahr voller Ver\u00e4nderung und ungewohnten Situationen in unserem t\u00e4glichen Leben. Viele kulturelle Veranstaltungen konnten coronabedingt nicht stattfinden &#8211; auch wir mussten Naturpark-Veranstaltungen wie die Naturparkm\u00e4rkte, Brunch auf dem Bauernhof, Ebnisee f\u00fcr Alle, Gaildorf chillt oder das Natur-Erlebniscamp W\u00fcstenrot absagen. Dabei wurde die Natur zu einem sehr wichtigen Besinnungsort, zu einem Ort um Kraft zu tanken und das Wohlbefinden zu f\u00f6rdern. F\u00fcr die ca. 170.000 Menschen die bei uns im Naturpark Schw\u00e4bisch-Fr\u00e4nkischer Wald leben sowie Besucher aus Nah und Fern.<\/p>\n<p>Wir bedanken uns bei allen, die sich in diesem Jahr f\u00fcr Naturparke eingesetzt haben! Sie haben vielf\u00e4ltige Ideen entwickelt, wie Natur erlebbar gemacht werden kann und gleichzeitig der Schutz der Natur ebenso wie das Einhalten von den jeweils geltenden Corona-Regeln gew\u00e4hrleistet werden konnte.<\/p>\n<p>Nun beginnt das neue Naturpark-Jahr. Genie\u00dfen Sie die ersten Januartage, um bei\u00a0 Spazierg\u00e4nge durch verschneite Wiesen, Felder und W\u00e4lder Kraft f\u00fcr das neue Jahr zu sch\u00f6pfen.<\/p>\n<p>Ihnen und Ihrer Familie w\u00fcnschen wir einen guten und vor allem gesunden Start in das neue Jahr 2021!<\/p>\n<p><strong>Bernhard Drixler, Sabine R\u00fccker, Jasmin Kotrba und Beate Noller <\/strong><\/p>\n<p><strong>Naturparkteam Schw\u00e4bisch-Fr\u00e4nkischer Wald <\/strong><\/p>\n","protected":false},"excerpt":{"rendered":"<p>herzlich willkommen zum Januar-Newsletter des Naturparks Schw\u00e4bisch-Fr\u00e4nkischer Wald! Wir blicken zur\u00fcck auf ein sehr besonderes Jahr 2020, ein Jahr voller Ver\u00e4nderung und ungewohnten Situationen in unserem t\u00e4glichen Leben. Viele kulturelle Veranstaltungen konnten coronabedingt nicht stattfinden &#8211; auch wir mussten Naturpark-Veranstaltungen wie die Naturparkm\u00e4rkte, Brunch auf dem Bauernhof, Ebnisee f\u00fcr Alle, Gaildorf chillt oder das Natur-Erlebniscamp<\/p>\n","protected":false},"author":25,"featured_media":0,"comment_status":"open","ping_status":"open","sticky":false,"template":"","format":"standard","meta":[],"categories":[52],"tags":[],"yoast_head":"<!-- This site is optimized with the Yoast SEO plugin v19.10 - https:\/\/yoast.com\/wordpress\/plugins\/seo\/ -->\n<title>Liebe Leserinnen und Leser, - Naturpark Schw\u00e4bisch-Fr\u00e4nkischer Wald<\/title>\n<meta name=\"robots\" content=\"index, follow, max-snippet:-1, max-image-preview:large, max-video-preview:-1\" \/>\n<link rel=\"canonical\" href=\"https:\/\/www.naturparkmagazin.de\/schwaebisch-fraenkischer-wald\/liebe-leserinnen-und-leser\/\" \/>\n<meta property=\"og:locale\" content=\"de_DE\" \/>\n<meta property=\"og:type\" content=\"article\" \/>\n<meta property=\"og:title\" content=\"Liebe Leserinnen und Leser, - Naturpark Schw\u00e4bisch-Fr\u00e4nkischer Wald\" \/>\n<meta property=\"og:description\" content=\"herzlich willkommen zum Januar-Newsletter des Naturparks Schw\u00e4bisch-Fr\u00e4nkischer Wald! Wir blicken zur\u00fcck auf ein sehr besonderes Jahr 2020, ein Jahr voller Ver\u00e4nderung und ungewohnten Situationen in unserem t\u00e4glichen Leben. Viele kulturelle Veranstaltungen konnten coronabedingt nicht stattfinden &#8211; auch wir mussten Naturpark-Veranstaltungen wie die Naturparkm\u00e4rkte, Brunch auf dem Bauernhof, Ebnisee f\u00fcr Alle, Gaildorf chillt oder das Natur-Erlebniscamp\" \/>\n<meta property=\"og:url\" content=\"https:\/\/www.naturparkmagazin.de\/schwaebisch-fraenkischer-wald\/liebe-leserinnen-und-leser\/\" \/>\n<meta property=\"og:site_name\" content=\"Naturpark Schw\u00e4bisch-Fr\u00e4nkischer Wald\" \/>\n<meta property=\"article:author\" content=\"https:\/\/www.facebook.com\/naturparkSFW\" \/>\n<meta property=\"article:published_time\" content=\"2020-12-14T14:58:00+00:00\" \/>\n<meta property=\"article:modified_time\" content=\"2020-12-15T08:22:28+00:00\" \/>\n<meta name=\"author\" content=\"Naturpark-Team\" \/>\n<meta name=\"twitter:label1\" content=\"Verfasst von\" \/>\n\t<meta name=\"twitter:data1\" content=\"Naturpark-Team\" \/>\n\t<meta name=\"twitter:label2\" content=\"Gesch\u00e4tzte Lesezeit\" \/>\n\t<meta name=\"twitter:data2\" content=\"1\u00a0Minute\" \/>\n<script type=\"application\/ld+json\" class=\"yoast-schema-graph\">{\"@context\":\"https:\/\/schema.org\",\"@graph\":[{\"@type\":\"WebPage\",\"@id\":\"https:\/\/www.naturparkmagazin.de\/schwaebisch-fraenkischer-wald\/liebe-leserinnen-und-leser\/\",\"url\":\"https:\/\/www.naturparkmagazin.de\/schwaebisch-fraenkischer-wald\/liebe-leserinnen-und-leser\/\",\"name\":\"Liebe Leserinnen und Leser, - Naturpark Schw\u00e4bisch-Fr\u00e4nkischer Wald\",\"isPartOf\":{\"@id\":\"https:\/\/www.naturparkmagazin.de\/schwaebisch-fraenkischer-wald\/#website\"},\"datePublished\":\"2020-12-14T14:58:00+00:00\",\"dateModified\":\"2020-12-15T08:22:28+00:00\",\"author\":{\"@id\":\"https:\/\/www.naturparkmagazin.de\/schwaebisch-fraenkischer-wald\/#\/schema\/person\/f047a3702ae747fd7830cf8ac95e6066\"},\"breadcrumb\":{\"@id\":\"https:\/\/www.naturparkmagazin.de\/schwaebisch-fraenkischer-wald\/liebe-leserinnen-und-leser\/#breadcrumb\"},\"inLanguage\":\"de\",\"potentialAction\":[{\"@type\":\"ReadAction\",\"target\":[\"https:\/\/www.naturparkmagazin.de\/schwaebisch-fraenkischer-wald\/liebe-leserinnen-und-leser\/\"]}]},{\"@type\":\"BreadcrumbList\",\"@id\":\"https:\/\/www.naturparkmagazin.de\/schwaebisch-fraenkischer-wald\/liebe-leserinnen-und-leser\/#breadcrumb\",\"itemListElement\":[{\"@type\":\"ListItem\",\"position\":1,\"name\":\"Home\",\"item\":\"https:\/\/www.naturparkmagazin.de\/schwaebisch-fraenkischer-wald\/\"},{\"@type\":\"ListItem\",\"position\":2,\"name\":\"Liebe Leserinnen und Leser,\"}]},{\"@type\":\"WebSite\",\"@id\":\"https:\/\/www.naturparkmagazin.de\/schwaebisch-fraenkischer-wald\/#website\",\"url\":\"https:\/\/www.naturparkmagazin.de\/schwaebisch-fraenkischer-wald\/\",\"name\":\"Naturpark Schw\u00e4bisch-Fr\u00e4nkischer Wald\",\"description\":\"\",\"potentialAction\":[{\"@type\":\"SearchAction\",\"target\":{\"@type\":\"EntryPoint\",\"urlTemplate\":\"https:\/\/www.naturparkmagazin.de\/schwaebisch-fraenkischer-wald\/?s={search_term_string}\"},\"query-input\":\"required name=search_term_string\"}],\"inLanguage\":\"de\"},{\"@type\":\"Person\",\"@id\":\"https:\/\/www.naturparkmagazin.de\/schwaebisch-fraenkischer-wald\/#\/schema\/person\/f047a3702ae747fd7830cf8ac95e6066\",\"name\":\"Naturpark-Team\",\"sameAs\":[\"http:\/\/www.naturpark-sfw.de\",\"https:\/\/www.facebook.com\/naturparkSFW\"],\"url\":\"https:\/\/www.naturparkmagazin.de\/schwaebisch-fraenkischer-wald\/author\/bernharddrixler\/\"}]}<\/script>\n<!-- \/ Yoast SEO plugin. -->","yoast_head_json":{"title":"Liebe Leserinnen und Leser, - Naturpark Schw\u00e4bisch-Fr\u00e4nkischer Wald","robots":{"index":"index","follow":"follow","max-snippet":"max-snippet:-1","max-image-preview":"max-image-preview:large","max-video-preview":"max-video-preview:-1"},"canonical":"https:\/\/www.naturparkmagazin.de\/schwaebisch-fraenkischer-wald\/liebe-leserinnen-und-leser\/","og_locale":"de_DE","og_type":"article","og_title":"Liebe Leserinnen und Leser, - Naturpark Schw\u00e4bisch-Fr\u00e4nkischer Wald","og_description":"herzlich willkommen zum Januar-Newsletter des Naturparks Schw\u00e4bisch-Fr\u00e4nkischer Wald! Wir blicken zur\u00fcck auf ein sehr besonderes Jahr 2020, ein Jahr voller Ver\u00e4nderung und ungewohnten Situationen in unserem t\u00e4glichen Leben. Viele kulturelle Veranstaltungen konnten coronabedingt nicht stattfinden &#8211; auch wir mussten Naturpark-Veranstaltungen wie die Naturparkm\u00e4rkte, Brunch auf dem Bauernhof, Ebnisee f\u00fcr Alle, Gaildorf chillt oder das Natur-Erlebniscamp","og_url":"https:\/\/www.naturparkmagazin.de\/schwaebisch-fraenkischer-wald\/liebe-leserinnen-und-leser\/","og_site_name":"Naturpark Schw\u00e4bisch-Fr\u00e4nkischer Wald","article_author":"https:\/\/www.facebook.com\/naturparkSFW","article_published_time":"2020-12-14T14:58:00+00:00","article_modified_time":"2020-12-15T08:22:28+00:00","author":"Naturpark-Team","twitter_misc":{"Verfasst von":"Naturpark-Team","Gesch\u00e4tzte Lesezeit":"1\u00a0Minute"},"schema":{"@context":"https:\/\/schema.org","@graph":[{"@type":"WebPage","@id":"https:\/\/www.naturparkmagazin.de\/schwaebisch-fraenkischer-wald\/liebe-leserinnen-und-leser\/","url":"https:\/\/www.naturparkmagazin.de\/schwaebisch-fraenkischer-wald\/liebe-leserinnen-und-leser\/","name":"Liebe Leserinnen und Leser, - Naturpark Schw\u00e4bisch-Fr\u00e4nkischer Wald","isPartOf":{"@id":"https:\/\/www.naturparkmagazin.de\/schwaebisch-fraenkischer-wald\/#website"},"datePublished":"2020-12-14T14:58:00+00:00","dateModified":"2020-12-15T08:22:28+00:00","author":{"@id":"https:\/\/www.naturparkmagazin.de\/schwaebisch-fraenkischer-wald\/#\/schema\/person\/f047a3702ae747fd7830cf8ac95e6066"},"breadcrumb":{"@id":"https:\/\/www.naturparkmagazin.de\/schwaebisch-fraenkischer-wald\/liebe-leserinnen-und-leser\/#breadcrumb"},"inLanguage":"de","potentialAction":[{"@type":"ReadAction","target":["https:\/\/www.naturparkmagazin.de\/schwaebisch-fraenkischer-wald\/liebe-leserinnen-und-leser\/"]}]},{"@type":"BreadcrumbList","@id":"https:\/\/www.naturparkmagazin.de\/schwaebisch-fraenkischer-wald\/liebe-leserinnen-und-leser\/#breadcrumb","itemListElement":[{"@type":"ListItem","position":1,"name":"Home","item":"https:\/\/www.naturparkmagazin.de\/schwaebisch-fraenkischer-wald\/"},{"@type":"ListItem","position":2,"name":"Liebe Leserinnen und Leser,"}]},{"@type":"WebSite","@id":"https:\/\/www.naturparkmagazin.de\/schwaebisch-fraenkischer-wald\/#website","url":"https:\/\/www.naturparkmagazin.de\/schwaebisch-fraenkischer-wald\/","name":"Naturpark Schw\u00e4bisch-Fr\u00e4nkischer Wald","description":"","potentialAction":[{"@type":"SearchAction","target":{"@type":"EntryPoint","urlTemplate":"https:\/\/www.naturparkmagazin.de\/schwaebisch-fraenkischer-wald\/?s={search_term_string}"},"query-input":"required name=search_term_string"}],"inLanguage":"de"},{"@type":"Person","@id":"https:\/\/www.naturparkmagazin.de\/schwaebisch-fraenkischer-wald\/#\/schema\/person\/f047a3702ae747fd7830cf8ac95e6066","name":"Naturpark-Team","sameAs":["http:\/\/www.naturpark-sfw.de","https:\/\/www.facebook.com\/naturparkSFW"],"url":"https:\/\/www.naturparkmagazin.de\/schwaebisch-fraenkischer-wald\/author\/bernharddrixler\/"}]}},"_links":{"self":[{"href":"https:\/\/www.naturparkmagazin.de\/schwaebisch-fraenkischer-wald\/wp-json\/wp\/v2\/posts\/9551"}],"collection":[{"href":"https:\/\/www.naturparkmagazin.de\/schwaebisch-fraenkischer-wald\/wp-json\/wp\/v2\/posts"}],"about":[{"href":"https:\/\/www.naturparkmagazin.de\/schwaebisch-fraenkischer-wald\/wp-json\/wp\/v2\/types\/post"}],"author":[{"embeddable":true,"href":"https:\/\/www.naturparkmagazin.de\/schwaebisch-fraenkischer-wald\/wp-json\/wp\/v2\/users\/25"}],"replies":[{"embeddable":true,"href":"https:\/\/www.naturparkmagazin.de\/schwaebisch-fraenkischer-wald\/wp-json\/wp\/v2\/comments?post=9551"}],"version-history":[{"count":4,"href":"https:\/\/www.naturparkmagazin.de\/schwaebisch-fraenkischer-wald\/wp-json\/wp\/v2\/posts\/9551\/revisions"}],"predecessor-version":[{"id":9587,"href":"https:\/\/www.naturparkmagazin.de\/schwaebisch-fraenkischer-wald\/wp-json\/wp\/v2\/posts\/9551\/revisions\/9587"}],"wp:attachment":[{"href":"https:\/\/www.naturparkmagazin.de\/schwaebisch-fraenkischer-wald\/wp-json\/wp\/v2\/media?parent=9551"}],"wp:term":[{"taxonomy":"category","embeddable":true,"href":"https:\/\/www.naturparkmagazin.de\/schwaebisch-fraenkischer-wald\/wp-json\/wp\/v2\/categories?post=9551"},{"taxonomy":"post_tag","embeddable":true,"href":"https:\/\/www.naturparkmagazin.de\/schwaebisch-fraenkischer-wald\/wp-json\/wp\/v2\/tags?post=9551"}],"curies":[{"name":"wp","href":"https:\/\/api.w.org\/{rel}","templated":true}]}}