{"id":957,"date":"2014-08-18T16:10:13","date_gmt":"2014-08-18T14:10:13","guid":{"rendered":"http:\/\/www.naturparkmagazin.de\/schwaebisch-fraenkischer-wald\/?p=957"},"modified":"2014-08-27T11:53:59","modified_gmt":"2014-08-27T09:53:59","slug":"eulennachwuchs-im-naturparkzentrum","status":"publish","type":"post","link":"https:\/\/www.naturparkmagazin.de\/schwaebisch-fraenkischer-wald\/eulennachwuchs-im-naturparkzentrum\/","title":{"rendered":"Eulennachwuchs im Naturparkzentrum"},"content":{"rendered":"<p><b>Eulenkindergarten im Naturparkzentrum: 5 Eulenjunge sind zu beobachten<\/b><\/p>\n<p>Im Naturparkzentrum in Murrhardt kann man seit Anfang August \u00fcber das Eulen-TV eine Schleiereulenfamilie beobachten: Zun\u00e4chst lie\u00df sich auf dem Bildschirm mitverfolgen wie sich ein K\u00fcken nach dem anderen aus seiner Eierschale k\u00e4mpfte. Die Mutter leistete dabei mitunter betr\u00e4chtliche Hilfe. Im Abstand von ca. 2 Tagen schl\u00fcpften insgesamt f\u00fcnf Eulenjunge. Der Altersabstand zwischen dem \u00e4ltesten und dem j\u00fcngsten Geschwisterchen ist damit betr\u00e4chtlich, was man auch sehr gut erkennen kann: W\u00e4hrend die \u00e4lteren schon \u00fcber ein feines Dunenkleid verf\u00fcgen und schon recht neugierig in die Welt schauen, sind die j\u00fcngsten noch nackt und suchen Schutz und W\u00e4rme unter ihrer Mutter. Diese wird allerdings schon bald den Eulenkasten verlassen und dem Vater der f\u00fcnf Geschwister bei der Nahrungssuche helfen. Denn damit alle Jungen satt werden sind schon bald \u00fcber 30 M\u00e4use pro Nacht notwendig. Damit die Eltern die beachtliche Menge Nahrung zusammen bekommen ist ein warmer und damit m\u00e4use-reicher Sp\u00e4tsommer notwendig. Nicht nur die Schulkinder hoffen also auf sonnige und warme Rest-Ferien, f\u00fcr die\u00a0 Eulenkinder im Naturparkzentrum sind sie \u00fcberlebenswichtig.<a href=\"https:\/\/www.naturparkmagazin.de\/schwaebisch-fraenkischer-wald\/wp-content\/uploads\/sites\/34\/130715_Sc-hleiereule-aelter_klein.jpg\"><img decoding=\"async\" loading=\"lazy\" class=\"alignright size-full wp-image-277\" alt=\"130715_Sc hleiereule aelter_klein\" src=\"https:\/\/www.naturparkmagazin.de\/schwaebisch-fraenkischer-wald\/wp-content\/uploads\/sites\/34\/130715_Sc-hleiereule-aelter_klein.jpg\" width=\"300\" height=\"324\" srcset=\"https:\/\/www.naturparkmagazin.de\/schwaebisch-fraenkischer-wald\/wp-content\/uploads\/sites\/34\/130715_Sc-hleiereule-aelter_klein.jpg 300w, https:\/\/www.naturparkmagazin.de\/schwaebisch-fraenkischer-wald\/wp-content\/uploads\/sites\/34\/130715_Sc-hleiereule-aelter_klein-200x216.jpg 200w\" sizes=\"(max-width: 300px) 100vw, 300px\" \/><\/a><\/p>\n<p>Das Eulen-TV \u00fcbertr\u00e4gt die Daten der Kamera im Eulenkasten auf dem Dachboden \u00fcber Funk auf das Eulen-TV in der Ausstellung. Leider wird diese Funk-Verbindung durch W-LAN-Signale gelegentlich gest\u00f6rt. Am besten bringen die Besucher etwas Zeit mit ins Naturparkzentrum, denn nicht nur f\u00fcr die Technik braucht man gelegentlich Geduld, sondern erst recht f\u00fcr die Beobachtung von nachtaktiven Tieren, die tags\u00fcber auch mal schlafen und damit nicht ganz so spannend zu beobachten sind. Mit dem Hereinbrechen der Nacht, steigt aber die Aktivit\u00e4t der Eulen.<\/p>\n<p><b>Daher \u00f6ffnet das Naturparkzentrum am 10. September um 20 Uhr seine T\u00fcren zum n\u00e4chtlichen<\/b><b> <\/b><b>Public Viewing. Bis 22 Uhr haben gro\u00dfe und kleine Eulenfans dann hoffentlich die Gelegenheit, die Eulen-Eltern bei der F\u00fctterung zu beobachten. <\/b><\/p>\n<p><b>\u00d6ffnungszeiten des Naturparkzentrums:\n<\/b>Montag, Dienstag und Donnerstag: 10 &#8211; 12.30 und 14 &#8211; 17 Uhr\nMittwoch: 10 &#8211; 12.30 Uhr, Freitag: 10 &#8211; 12 und 13 &#8211; 16 Uhr\nSamstag: 9.30 &#8211; 13 Uhr\nSonn- und Feiertag: 9.30 &#8211; 15 Uhr<\/p>\n","protected":false},"excerpt":{"rendered":"<p>m Naturparkzentrum in Murrhardt kann man seit Anfang August \u00fcber das Eulen-TV eine Schleiereulenfamilie beobachten: Zun\u00e4chst lie\u00df sich auf dem Bildschirm mitverfolgen wie sich ein K\u00fcken nach dem anderen aus seiner Eierschale k\u00e4mpfte. Die Mutter leistete dabei mitunter betr\u00e4chtliche Hilfe. <\/p>\n","protected":false},"author":25,"featured_media":278,"comment_status":"open","ping_status":"open","sticky":false,"template":"","format":"standard","meta":[],"categories":[11],"tags":[],"yoast_head":"<!-- This site is optimized with the Yoast SEO plugin v19.10 - https:\/\/yoast.com\/wordpress\/plugins\/seo\/ -->\n<title>Eulennachwuchs im Naturparkzentrum - Naturpark Schw\u00e4bisch-Fr\u00e4nkischer Wald<\/title>\n<meta name=\"robots\" content=\"index, follow, max-snippet:-1, max-image-preview:large, max-video-preview:-1\" \/>\n<link rel=\"canonical\" href=\"https:\/\/www.naturparkmagazin.de\/schwaebisch-fraenkischer-wald\/eulennachwuchs-im-naturparkzentrum\/\" \/>\n<meta property=\"og:locale\" content=\"de_DE\" \/>\n<meta property=\"og:type\" content=\"article\" \/>\n<meta property=\"og:title\" content=\"Eulennachwuchs im Naturparkzentrum - Naturpark Schw\u00e4bisch-Fr\u00e4nkischer Wald\" \/>\n<meta property=\"og:description\" content=\"m Naturparkzentrum in Murrhardt kann man seit Anfang August \u00fcber das Eulen-TV eine Schleiereulenfamilie beobachten: Zun\u00e4chst lie\u00df sich auf dem Bildschirm mitverfolgen wie sich ein K\u00fcken nach dem anderen aus seiner Eierschale k\u00e4mpfte. Die Mutter leistete dabei mitunter betr\u00e4chtliche Hilfe.\" \/>\n<meta property=\"og:url\" content=\"https:\/\/www.naturparkmagazin.de\/schwaebisch-fraenkischer-wald\/eulennachwuchs-im-naturparkzentrum\/\" \/>\n<meta property=\"og:site_name\" content=\"Naturpark Schw\u00e4bisch-Fr\u00e4nkischer Wald\" \/>\n<meta property=\"article:author\" content=\"https:\/\/www.facebook.com\/naturparkSFW\" \/>\n<meta property=\"article:published_time\" content=\"2014-08-18T14:10:13+00:00\" \/>\n<meta property=\"article:modified_time\" content=\"2014-08-27T09:53:59+00:00\" \/>\n<meta property=\"og:image\" content=\"https:\/\/www.naturparkmagazin.de\/schwaebisch-fraenkischer-wald\/wp-content\/uploads\/sites\/34\/NPZ_NAchwuchs_klein.jpg\" \/>\n\t<meta property=\"og:image:width\" content=\"500\" \/>\n\t<meta property=\"og:image:height\" content=\"374\" \/>\n\t<meta property=\"og:image:type\" content=\"image\/jpeg\" \/>\n<meta name=\"author\" content=\"Naturpark-Team\" \/>\n<meta name=\"twitter:label1\" content=\"Verfasst von\" \/>\n\t<meta name=\"twitter:data1\" content=\"Naturpark-Team\" \/>\n\t<meta name=\"twitter:label2\" content=\"Gesch\u00e4tzte Lesezeit\" \/>\n\t<meta name=\"twitter:data2\" content=\"2\u00a0Minuten\" \/>\n<script type=\"application\/ld+json\" class=\"yoast-schema-graph\">{\"@context\":\"https:\/\/schema.org\",\"@graph\":[{\"@type\":\"WebPage\",\"@id\":\"https:\/\/www.naturparkmagazin.de\/schwaebisch-fraenkischer-wald\/eulennachwuchs-im-naturparkzentrum\/\",\"url\":\"https:\/\/www.naturparkmagazin.de\/schwaebisch-fraenkischer-wald\/eulennachwuchs-im-naturparkzentrum\/\",\"name\":\"Eulennachwuchs im Naturparkzentrum - Naturpark Schw\u00e4bisch-Fr\u00e4nkischer Wald\",\"isPartOf\":{\"@id\":\"https:\/\/www.naturparkmagazin.de\/schwaebisch-fraenkischer-wald\/#website\"},\"datePublished\":\"2014-08-18T14:10:13+00:00\",\"dateModified\":\"2014-08-27T09:53:59+00:00\",\"author\":{\"@id\":\"https:\/\/www.naturparkmagazin.de\/schwaebisch-fraenkischer-wald\/#\/schema\/person\/f047a3702ae747fd7830cf8ac95e6066\"},\"breadcrumb\":{\"@id\":\"https:\/\/www.naturparkmagazin.de\/schwaebisch-fraenkischer-wald\/eulennachwuchs-im-naturparkzentrum\/#breadcrumb\"},\"inLanguage\":\"de\",\"potentialAction\":[{\"@type\":\"ReadAction\",\"target\":[\"https:\/\/www.naturparkmagazin.de\/schwaebisch-fraenkischer-wald\/eulennachwuchs-im-naturparkzentrum\/\"]}]},{\"@type\":\"BreadcrumbList\",\"@id\":\"https:\/\/www.naturparkmagazin.de\/schwaebisch-fraenkischer-wald\/eulennachwuchs-im-naturparkzentrum\/#breadcrumb\",\"itemListElement\":[{\"@type\":\"ListItem\",\"position\":1,\"name\":\"Home\",\"item\":\"https:\/\/www.naturparkmagazin.de\/schwaebisch-fraenkischer-wald\/\"},{\"@type\":\"ListItem\",\"position\":2,\"name\":\"Eulennachwuchs im Naturparkzentrum\"}]},{\"@type\":\"WebSite\",\"@id\":\"https:\/\/www.naturparkmagazin.de\/schwaebisch-fraenkischer-wald\/#website\",\"url\":\"https:\/\/www.naturparkmagazin.de\/schwaebisch-fraenkischer-wald\/\",\"name\":\"Naturpark Schw\u00e4bisch-Fr\u00e4nkischer Wald\",\"description\":\"\",\"potentialAction\":[{\"@type\":\"SearchAction\",\"target\":{\"@type\":\"EntryPoint\",\"urlTemplate\":\"https:\/\/www.naturparkmagazin.de\/schwaebisch-fraenkischer-wald\/?s={search_term_string}\"},\"query-input\":\"required name=search_term_string\"}],\"inLanguage\":\"de\"},{\"@type\":\"Person\",\"@id\":\"https:\/\/www.naturparkmagazin.de\/schwaebisch-fraenkischer-wald\/#\/schema\/person\/f047a3702ae747fd7830cf8ac95e6066\",\"name\":\"Naturpark-Team\",\"sameAs\":[\"http:\/\/www.naturpark-sfw.de\",\"https:\/\/www.facebook.com\/naturparkSFW\"],\"url\":\"https:\/\/www.naturparkmagazin.de\/schwaebisch-fraenkischer-wald\/author\/bernharddrixler\/\"}]}<\/script>\n<!-- \/ Yoast SEO plugin. -->","yoast_head_json":{"title":"Eulennachwuchs im Naturparkzentrum - Naturpark Schw\u00e4bisch-Fr\u00e4nkischer Wald","robots":{"index":"index","follow":"follow","max-snippet":"max-snippet:-1","max-image-preview":"max-image-preview:large","max-video-preview":"max-video-preview:-1"},"canonical":"https:\/\/www.naturparkmagazin.de\/schwaebisch-fraenkischer-wald\/eulennachwuchs-im-naturparkzentrum\/","og_locale":"de_DE","og_type":"article","og_title":"Eulennachwuchs im Naturparkzentrum - Naturpark Schw\u00e4bisch-Fr\u00e4nkischer Wald","og_description":"m Naturparkzentrum in Murrhardt kann man seit Anfang August \u00fcber das Eulen-TV eine Schleiereulenfamilie beobachten: Zun\u00e4chst lie\u00df sich auf dem Bildschirm mitverfolgen wie sich ein K\u00fcken nach dem anderen aus seiner Eierschale k\u00e4mpfte. Die Mutter leistete dabei mitunter betr\u00e4chtliche Hilfe.","og_url":"https:\/\/www.naturparkmagazin.de\/schwaebisch-fraenkischer-wald\/eulennachwuchs-im-naturparkzentrum\/","og_site_name":"Naturpark Schw\u00e4bisch-Fr\u00e4nkischer Wald","article_author":"https:\/\/www.facebook.com\/naturparkSFW","article_published_time":"2014-08-18T14:10:13+00:00","article_modified_time":"2014-08-27T09:53:59+00:00","og_image":[{"width":500,"height":374,"url":"https:\/\/www.naturparkmagazin.de\/schwaebisch-fraenkischer-wald\/wp-content\/uploads\/sites\/34\/NPZ_NAchwuchs_klein.jpg","type":"image\/jpeg"}],"author":"Naturpark-Team","twitter_misc":{"Verfasst von":"Naturpark-Team","Gesch\u00e4tzte Lesezeit":"2\u00a0Minuten"},"schema":{"@context":"https:\/\/schema.org","@graph":[{"@type":"WebPage","@id":"https:\/\/www.naturparkmagazin.de\/schwaebisch-fraenkischer-wald\/eulennachwuchs-im-naturparkzentrum\/","url":"https:\/\/www.naturparkmagazin.de\/schwaebisch-fraenkischer-wald\/eulennachwuchs-im-naturparkzentrum\/","name":"Eulennachwuchs im Naturparkzentrum - Naturpark Schw\u00e4bisch-Fr\u00e4nkischer Wald","isPartOf":{"@id":"https:\/\/www.naturparkmagazin.de\/schwaebisch-fraenkischer-wald\/#website"},"datePublished":"2014-08-18T14:10:13+00:00","dateModified":"2014-08-27T09:53:59+00:00","author":{"@id":"https:\/\/www.naturparkmagazin.de\/schwaebisch-fraenkischer-wald\/#\/schema\/person\/f047a3702ae747fd7830cf8ac95e6066"},"breadcrumb":{"@id":"https:\/\/www.naturparkmagazin.de\/schwaebisch-fraenkischer-wald\/eulennachwuchs-im-naturparkzentrum\/#breadcrumb"},"inLanguage":"de","potentialAction":[{"@type":"ReadAction","target":["https:\/\/www.naturparkmagazin.de\/schwaebisch-fraenkischer-wald\/eulennachwuchs-im-naturparkzentrum\/"]}]},{"@type":"BreadcrumbList","@id":"https:\/\/www.naturparkmagazin.de\/schwaebisch-fraenkischer-wald\/eulennachwuchs-im-naturparkzentrum\/#breadcrumb","itemListElement":[{"@type":"ListItem","position":1,"name":"Home","item":"https:\/\/www.naturparkmagazin.de\/schwaebisch-fraenkischer-wald\/"},{"@type":"ListItem","position":2,"name":"Eulennachwuchs im Naturparkzentrum"}]},{"@type":"WebSite","@id":"https:\/\/www.naturparkmagazin.de\/schwaebisch-fraenkischer-wald\/#website","url":"https:\/\/www.naturparkmagazin.de\/schwaebisch-fraenkischer-wald\/","name":"Naturpark Schw\u00e4bisch-Fr\u00e4nkischer Wald","description":"","potentialAction":[{"@type":"SearchAction","target":{"@type":"EntryPoint","urlTemplate":"https:\/\/www.naturparkmagazin.de\/schwaebisch-fraenkischer-wald\/?s={search_term_string}"},"query-input":"required name=search_term_string"}],"inLanguage":"de"},{"@type":"Person","@id":"https:\/\/www.naturparkmagazin.de\/schwaebisch-fraenkischer-wald\/#\/schema\/person\/f047a3702ae747fd7830cf8ac95e6066","name":"Naturpark-Team","sameAs":["http:\/\/www.naturpark-sfw.de","https:\/\/www.facebook.com\/naturparkSFW"],"url":"https:\/\/www.naturparkmagazin.de\/schwaebisch-fraenkischer-wald\/author\/bernharddrixler\/"}]}},"_links":{"self":[{"href":"https:\/\/www.naturparkmagazin.de\/schwaebisch-fraenkischer-wald\/wp-json\/wp\/v2\/posts\/957"}],"collection":[{"href":"https:\/\/www.naturparkmagazin.de\/schwaebisch-fraenkischer-wald\/wp-json\/wp\/v2\/posts"}],"about":[{"href":"https:\/\/www.naturparkmagazin.de\/schwaebisch-fraenkischer-wald\/wp-json\/wp\/v2\/types\/post"}],"author":[{"embeddable":true,"href":"https:\/\/www.naturparkmagazin.de\/schwaebisch-fraenkischer-wald\/wp-json\/wp\/v2\/users\/25"}],"replies":[{"embeddable":true,"href":"https:\/\/www.naturparkmagazin.de\/schwaebisch-fraenkischer-wald\/wp-json\/wp\/v2\/comments?post=957"}],"version-history":[{"count":1,"href":"https:\/\/www.naturparkmagazin.de\/schwaebisch-fraenkischer-wald\/wp-json\/wp\/v2\/posts\/957\/revisions"}],"predecessor-version":[{"id":958,"href":"https:\/\/www.naturparkmagazin.de\/schwaebisch-fraenkischer-wald\/wp-json\/wp\/v2\/posts\/957\/revisions\/958"}],"wp:featuredmedia":[{"embeddable":true,"href":"https:\/\/www.naturparkmagazin.de\/schwaebisch-fraenkischer-wald\/wp-json\/wp\/v2\/media\/278"}],"wp:attachment":[{"href":"https:\/\/www.naturparkmagazin.de\/schwaebisch-fraenkischer-wald\/wp-json\/wp\/v2\/media?parent=957"}],"wp:term":[{"taxonomy":"category","embeddable":true,"href":"https:\/\/www.naturparkmagazin.de\/schwaebisch-fraenkischer-wald\/wp-json\/wp\/v2\/categories?post=957"},{"taxonomy":"post_tag","embeddable":true,"href":"https:\/\/www.naturparkmagazin.de\/schwaebisch-fraenkischer-wald\/wp-json\/wp\/v2\/tags?post=957"}],"curies":[{"name":"wp","href":"https:\/\/api.w.org\/{rel}","templated":true}]}}