{"id":9574,"date":"2020-12-14T15:58:16","date_gmt":"2020-12-14T14:58:16","guid":{"rendered":"https:\/\/www.naturparkmagazin.de\/schwaebisch-fraenkischer-wald\/?p=9574"},"modified":"2020-12-14T15:58:24","modified_gmt":"2020-12-14T14:58:24","slug":"fuenf-weitere-bio-musterregionen-baden-wuerttemberg-ausgewaehlt","status":"publish","type":"post","link":"https:\/\/www.naturparkmagazin.de\/schwaebisch-fraenkischer-wald\/fuenf-weitere-bio-musterregionen-baden-wuerttemberg-ausgewaehlt\/","title":{"rendered":"F\u00fcnf weitere \u201eBio-Musterregionen Baden- W\u00fcrttemberg\u201c ausgew\u00e4hlt"},"content":{"rendered":"<p><strong>Landwirtschaftsminister<\/strong> <strong>Peter<\/strong> <strong>Hauk<\/strong> <strong>MdL:<\/strong> <strong>Mit<\/strong> <strong>den<\/strong> <strong>neuen<\/strong> <strong>Bio-Musterregionen<\/strong> <strong>werden wir zuk\u00fcnftig den \u00d6kolandbau in Baden-W\u00fcrttemberg weiter st\u00e4rken und wertvolle Impulse f\u00fcr das ganze Land <\/strong><strong>setzen\u201c<\/strong><\/p>\n<p><strong>\u00a0<\/strong>\u201eDer \u00f6kologische Landbau in Baden-W\u00fcrttemberg w\u00e4chst seit Jahren stetig. Mit den im Sommer beschlossenen Gesetzes\u00e4nderungen zur St\u00e4rkung der Biodiversit\u00e4t gibt es im Land ambitionierte Ziele, um diese Entwicklung noch weiter voranzubringen. Wir unterst\u00fctzen den \u00d6ko-Sektor mit dem Ziel, die steigende Nachfrage nach biologischen und regional erzeugten Lebensmitteln so weit wie m\u00f6glich mit Bio aus Baden-W\u00fcrttemberg zu bedienen. Dabei haben wir die ganze Wertsch\u00f6pfungskette im Blick\u201c, sagte der Minister f\u00fcr L\u00e4ndlichen Raum und Verbraucherschutz, Peter Hauk MdL, am Freitag (11. Dezember) in Stuttgart.<\/p>\n<p>In den Bio-Musterregionen seien bereits viele Projekte und Ma\u00dfnahmen entstanden, welche dieses Ziel vor Ort mit Leben bef\u00fcllen und gute Beispiele f\u00fcr ganz Baden-W\u00fcrttemberg liefern.<\/p>\n<p>\u201eSo vielseitig wie das Land, pr\u00e4sentieren sich auch unsere Bio-Musterregionen in Baden-W\u00fcrttemberg. Mit den neuen Bio-Musterregionen im Main-Tauber-Kreis, dem Stadt- und Landkreis Heilbronn, dem Rems-Murr- und Ostalbkreis, dem Biosph\u00e4rengebiet Schw\u00e4bische Alb sowie dem Landkreis Rastatt, der Stadt Baden-Baden und dem Ortenaukreis werden unsere bestehenden Bio-Musterregionen zuk\u00fcnftig durch f\u00fcnf ambitionierte und ideenreiche Partner erg\u00e4nzt\u201c, so der Minister.<\/p>\n<p>Die wesentlichen Akteure, also Landwirte, handwerkliche Verarbeiter, und regionale Vermarktungspartner werden durch das vom Land gef\u00f6rderte Regionalmanagement gezielt miteinander ins Gespr\u00e4ch gebracht und vernetzt. Vor Ort entstehen so Projekte f\u00fcr mehr Bio in der Erzeugung, Verarbeitung und Vermarktung.<\/p>\n<p>\u201eDie ausgew\u00e4hlten Regionen erg\u00e4nzen mit neuen Facetten und innovativen Ideen unsere bereits bestehenden Bio-Musterregionen\u201c, betonte der Minister. \u201e\u00dcber die Aktivit\u00e4ten in den Regionen hinaus werden sich die jetzt insgesamt vierzehn Bio-Musterregionen auch untereinander vernetzen, gemeinsame Projekte entwickeln und so Impulse f\u00fcr das ganze Land setzen\u201c, f\u00fcgte Minister Hauk hinzu.<\/p>\n<p>&nbsp;<\/p>\n<h2>Die F\u00fcnf neuen Bio-Musterregionen in Baden-W\u00fcrttemberg<\/h2>\n<p>Im Regierungsbezirk Stuttgart werden drei neue Bio-Musterregionen die bestehenden Regionen erg\u00e4nzen. Der Land- und Stadtkreis Heilbronn werden die Bio-Musterregion \u201eHeilbronner Land\u201c bilden. Ein engagiertes Netzwerk von Bio-Akteuren steht mit konkreten Ideen in den Startl\u00f6chern. Neben Projekten f\u00fcr den Obst- und Weinbau in der Region, steht die Vernetzung von Land- und Lebensmittelwirtschaft mit Bildungs- und Forschungseinrichtungen im Fokus.<\/p>\n<p>Der Rems-Murr-Kreis und Ostalbkreis (ohne die Gemeinden Bartholom\u00e4, Heubach, Essingen, Oberkochen und Neresheim, da diese Gemeinden bereits Teil der bestehenden Bio-Musterregion Heidenheim plus sind) schlie\u00dfen sich zu der Bio-Musterregion \u201eRems-Murr-Ostalb\u201c zusammen. \u00dcber die Kreisgrenzen hinweg widmet sich die Zusammenarbeit neben Ideen f\u00fcr die Lebensmittelproduktion auch dem Ziel, den Tourismus nachhaltiger zu gestalten und Betriebe im Bio-Lebensmittelhandwerk zu f\u00f6rdern.<\/p>\n<p>Der Main-Tauber-Kreis bildet die gleichnamige Bio-Musterregion Main-Tauber-Kreis und wartet mit konkreten Projekten und einem strategischen Konzept auf. Sichtbares, erlebbares und genussvolles Bio auf Feld und Tisch sowie Biodiversit\u00e4t in Flur und Weinberg stehen auf der Agenda.<\/p>\n<p>Im Regierungsbezirk T\u00fcbingen wird der Zusammenschluss des Biosph\u00e4rengebiet Schw\u00e4bische Alb bestehend aus 29 St\u00e4dten und Gemeinden aus zwei Regierungsbezirken und drei Landkreisen zur \u201eBio- Musterregion f\u00fcr bio-regionale Au\u00dfer-Haus-Verpflegung\u201c. Mit einem engagierten Netzwerk um das Biosph\u00e4rengebiet Schw\u00e4bische Alb e.V. k\u00f6nnen die Projekte der neuen Bio-Musterregion auf viele vorhandenen Strukturen aufbauen. Der Schwerpunkt liegt auf der F\u00f6rderung der bio-regionalen Au\u00dfer- Haus-Verpflegung.<\/p>\n<p>Im Bereich des Regierungsbezirks Karlsruhe werden zuk\u00fcnftig der Landkreis Rastatt, der Ortenaukreis und der Stadtkreis Baden-Baden gemeinsam die Bio-Musterregion \u201eMittelbaden+\u201c bilden. Zahlreiche Beteiligte stehen mit hoher Motivation und vielf\u00e4ltigen Ideen hinter der Bewerbung. Netzwerke und Kooperationen sollen aufgebaut werden und eine gr\u00f6\u00dfere Bio-Produktvielfalt wurden sich unter anderem zum Ziel gesetzt. Die Region umfasst auch Fl\u00e4chen im benachbarten Regierungsbezirk Freiburg.<\/p>\n","protected":false},"excerpt":{"rendered":"<p>Bio-Musterregion \u201eRems-Murr-Ostalb\u201c <\/p>\n","protected":false},"author":25,"featured_media":9573,"comment_status":"open","ping_status":"open","sticky":false,"template":"","format":"standard","meta":[],"categories":[7],"tags":[],"yoast_head":"<!-- This site is optimized with the Yoast SEO plugin v19.10 - https:\/\/yoast.com\/wordpress\/plugins\/seo\/ -->\n<title>F\u00fcnf weitere \u201eBio-Musterregionen Baden- W\u00fcrttemberg\u201c ausgew\u00e4hlt - Naturpark Schw\u00e4bisch-Fr\u00e4nkischer Wald<\/title>\n<meta name=\"robots\" content=\"index, follow, max-snippet:-1, max-image-preview:large, max-video-preview:-1\" \/>\n<link rel=\"canonical\" href=\"https:\/\/www.naturparkmagazin.de\/schwaebisch-fraenkischer-wald\/fuenf-weitere-bio-musterregionen-baden-wuerttemberg-ausgewaehlt\/\" \/>\n<meta property=\"og:locale\" content=\"de_DE\" \/>\n<meta property=\"og:type\" content=\"article\" \/>\n<meta property=\"og:title\" content=\"F\u00fcnf weitere \u201eBio-Musterregionen Baden- W\u00fcrttemberg\u201c ausgew\u00e4hlt - Naturpark Schw\u00e4bisch-Fr\u00e4nkischer Wald\" \/>\n<meta property=\"og:description\" content=\"Bio-Musterregion \u201eRems-Murr-Ostalb\u201c\" \/>\n<meta property=\"og:url\" content=\"https:\/\/www.naturparkmagazin.de\/schwaebisch-fraenkischer-wald\/fuenf-weitere-bio-musterregionen-baden-wuerttemberg-ausgewaehlt\/\" \/>\n<meta property=\"og:site_name\" content=\"Naturpark Schw\u00e4bisch-Fr\u00e4nkischer Wald\" \/>\n<meta property=\"article:author\" content=\"https:\/\/www.facebook.com\/naturparkSFW\" \/>\n<meta property=\"article:published_time\" content=\"2020-12-14T14:58:16+00:00\" \/>\n<meta property=\"article:modified_time\" content=\"2020-12-14T14:58:24+00:00\" \/>\n<meta property=\"og:image\" content=\"https:\/\/www.naturparkmagazin.de\/schwaebisch-fraenkischer-wald\/wp-content\/uploads\/sites\/34\/201214_MLR_BioMusterregion_klein.jpg\" \/>\n\t<meta property=\"og:image:width\" content=\"500\" \/>\n\t<meta property=\"og:image:height\" content=\"300\" \/>\n\t<meta property=\"og:image:type\" content=\"image\/jpeg\" \/>\n<meta name=\"author\" content=\"Naturpark-Team\" \/>\n<meta name=\"twitter:label1\" content=\"Verfasst von\" \/>\n\t<meta name=\"twitter:data1\" content=\"Naturpark-Team\" \/>\n\t<meta name=\"twitter:label2\" content=\"Gesch\u00e4tzte Lesezeit\" \/>\n\t<meta name=\"twitter:data2\" content=\"3\u00a0Minuten\" \/>\n<script type=\"application\/ld+json\" class=\"yoast-schema-graph\">{\"@context\":\"https:\/\/schema.org\",\"@graph\":[{\"@type\":\"WebPage\",\"@id\":\"https:\/\/www.naturparkmagazin.de\/schwaebisch-fraenkischer-wald\/fuenf-weitere-bio-musterregionen-baden-wuerttemberg-ausgewaehlt\/\",\"url\":\"https:\/\/www.naturparkmagazin.de\/schwaebisch-fraenkischer-wald\/fuenf-weitere-bio-musterregionen-baden-wuerttemberg-ausgewaehlt\/\",\"name\":\"F\u00fcnf weitere \u201eBio-Musterregionen Baden- W\u00fcrttemberg\u201c ausgew\u00e4hlt - Naturpark Schw\u00e4bisch-Fr\u00e4nkischer Wald\",\"isPartOf\":{\"@id\":\"https:\/\/www.naturparkmagazin.de\/schwaebisch-fraenkischer-wald\/#website\"},\"datePublished\":\"2020-12-14T14:58:16+00:00\",\"dateModified\":\"2020-12-14T14:58:24+00:00\",\"author\":{\"@id\":\"https:\/\/www.naturparkmagazin.de\/schwaebisch-fraenkischer-wald\/#\/schema\/person\/f047a3702ae747fd7830cf8ac95e6066\"},\"breadcrumb\":{\"@id\":\"https:\/\/www.naturparkmagazin.de\/schwaebisch-fraenkischer-wald\/fuenf-weitere-bio-musterregionen-baden-wuerttemberg-ausgewaehlt\/#breadcrumb\"},\"inLanguage\":\"de\",\"potentialAction\":[{\"@type\":\"ReadAction\",\"target\":[\"https:\/\/www.naturparkmagazin.de\/schwaebisch-fraenkischer-wald\/fuenf-weitere-bio-musterregionen-baden-wuerttemberg-ausgewaehlt\/\"]}]},{\"@type\":\"BreadcrumbList\",\"@id\":\"https:\/\/www.naturparkmagazin.de\/schwaebisch-fraenkischer-wald\/fuenf-weitere-bio-musterregionen-baden-wuerttemberg-ausgewaehlt\/#breadcrumb\",\"itemListElement\":[{\"@type\":\"ListItem\",\"position\":1,\"name\":\"Home\",\"item\":\"https:\/\/www.naturparkmagazin.de\/schwaebisch-fraenkischer-wald\/\"},{\"@type\":\"ListItem\",\"position\":2,\"name\":\"F\u00fcnf weitere \u201eBio-Musterregionen Baden- W\u00fcrttemberg\u201c ausgew\u00e4hlt\"}]},{\"@type\":\"WebSite\",\"@id\":\"https:\/\/www.naturparkmagazin.de\/schwaebisch-fraenkischer-wald\/#website\",\"url\":\"https:\/\/www.naturparkmagazin.de\/schwaebisch-fraenkischer-wald\/\",\"name\":\"Naturpark Schw\u00e4bisch-Fr\u00e4nkischer Wald\",\"description\":\"\",\"potentialAction\":[{\"@type\":\"SearchAction\",\"target\":{\"@type\":\"EntryPoint\",\"urlTemplate\":\"https:\/\/www.naturparkmagazin.de\/schwaebisch-fraenkischer-wald\/?s={search_term_string}\"},\"query-input\":\"required name=search_term_string\"}],\"inLanguage\":\"de\"},{\"@type\":\"Person\",\"@id\":\"https:\/\/www.naturparkmagazin.de\/schwaebisch-fraenkischer-wald\/#\/schema\/person\/f047a3702ae747fd7830cf8ac95e6066\",\"name\":\"Naturpark-Team\",\"sameAs\":[\"http:\/\/www.naturpark-sfw.de\",\"https:\/\/www.facebook.com\/naturparkSFW\"],\"url\":\"https:\/\/www.naturparkmagazin.de\/schwaebisch-fraenkischer-wald\/author\/bernharddrixler\/\"}]}<\/script>\n<!-- \/ Yoast SEO plugin. -->","yoast_head_json":{"title":"F\u00fcnf weitere \u201eBio-Musterregionen Baden- W\u00fcrttemberg\u201c ausgew\u00e4hlt - Naturpark Schw\u00e4bisch-Fr\u00e4nkischer Wald","robots":{"index":"index","follow":"follow","max-snippet":"max-snippet:-1","max-image-preview":"max-image-preview:large","max-video-preview":"max-video-preview:-1"},"canonical":"https:\/\/www.naturparkmagazin.de\/schwaebisch-fraenkischer-wald\/fuenf-weitere-bio-musterregionen-baden-wuerttemberg-ausgewaehlt\/","og_locale":"de_DE","og_type":"article","og_title":"F\u00fcnf weitere \u201eBio-Musterregionen Baden- W\u00fcrttemberg\u201c ausgew\u00e4hlt - Naturpark Schw\u00e4bisch-Fr\u00e4nkischer Wald","og_description":"Bio-Musterregion \u201eRems-Murr-Ostalb\u201c","og_url":"https:\/\/www.naturparkmagazin.de\/schwaebisch-fraenkischer-wald\/fuenf-weitere-bio-musterregionen-baden-wuerttemberg-ausgewaehlt\/","og_site_name":"Naturpark Schw\u00e4bisch-Fr\u00e4nkischer Wald","article_author":"https:\/\/www.facebook.com\/naturparkSFW","article_published_time":"2020-12-14T14:58:16+00:00","article_modified_time":"2020-12-14T14:58:24+00:00","og_image":[{"width":500,"height":300,"url":"https:\/\/www.naturparkmagazin.de\/schwaebisch-fraenkischer-wald\/wp-content\/uploads\/sites\/34\/201214_MLR_BioMusterregion_klein.jpg","type":"image\/jpeg"}],"author":"Naturpark-Team","twitter_misc":{"Verfasst von":"Naturpark-Team","Gesch\u00e4tzte Lesezeit":"3\u00a0Minuten"},"schema":{"@context":"https:\/\/schema.org","@graph":[{"@type":"WebPage","@id":"https:\/\/www.naturparkmagazin.de\/schwaebisch-fraenkischer-wald\/fuenf-weitere-bio-musterregionen-baden-wuerttemberg-ausgewaehlt\/","url":"https:\/\/www.naturparkmagazin.de\/schwaebisch-fraenkischer-wald\/fuenf-weitere-bio-musterregionen-baden-wuerttemberg-ausgewaehlt\/","name":"F\u00fcnf weitere \u201eBio-Musterregionen Baden- W\u00fcrttemberg\u201c ausgew\u00e4hlt - Naturpark Schw\u00e4bisch-Fr\u00e4nkischer Wald","isPartOf":{"@id":"https:\/\/www.naturparkmagazin.de\/schwaebisch-fraenkischer-wald\/#website"},"datePublished":"2020-12-14T14:58:16+00:00","dateModified":"2020-12-14T14:58:24+00:00","author":{"@id":"https:\/\/www.naturparkmagazin.de\/schwaebisch-fraenkischer-wald\/#\/schema\/person\/f047a3702ae747fd7830cf8ac95e6066"},"breadcrumb":{"@id":"https:\/\/www.naturparkmagazin.de\/schwaebisch-fraenkischer-wald\/fuenf-weitere-bio-musterregionen-baden-wuerttemberg-ausgewaehlt\/#breadcrumb"},"inLanguage":"de","potentialAction":[{"@type":"ReadAction","target":["https:\/\/www.naturparkmagazin.de\/schwaebisch-fraenkischer-wald\/fuenf-weitere-bio-musterregionen-baden-wuerttemberg-ausgewaehlt\/"]}]},{"@type":"BreadcrumbList","@id":"https:\/\/www.naturparkmagazin.de\/schwaebisch-fraenkischer-wald\/fuenf-weitere-bio-musterregionen-baden-wuerttemberg-ausgewaehlt\/#breadcrumb","itemListElement":[{"@type":"ListItem","position":1,"name":"Home","item":"https:\/\/www.naturparkmagazin.de\/schwaebisch-fraenkischer-wald\/"},{"@type":"ListItem","position":2,"name":"F\u00fcnf weitere \u201eBio-Musterregionen Baden- W\u00fcrttemberg\u201c ausgew\u00e4hlt"}]},{"@type":"WebSite","@id":"https:\/\/www.naturparkmagazin.de\/schwaebisch-fraenkischer-wald\/#website","url":"https:\/\/www.naturparkmagazin.de\/schwaebisch-fraenkischer-wald\/","name":"Naturpark Schw\u00e4bisch-Fr\u00e4nkischer Wald","description":"","potentialAction":[{"@type":"SearchAction","target":{"@type":"EntryPoint","urlTemplate":"https:\/\/www.naturparkmagazin.de\/schwaebisch-fraenkischer-wald\/?s={search_term_string}"},"query-input":"required name=search_term_string"}],"inLanguage":"de"},{"@type":"Person","@id":"https:\/\/www.naturparkmagazin.de\/schwaebisch-fraenkischer-wald\/#\/schema\/person\/f047a3702ae747fd7830cf8ac95e6066","name":"Naturpark-Team","sameAs":["http:\/\/www.naturpark-sfw.de","https:\/\/www.facebook.com\/naturparkSFW"],"url":"https:\/\/www.naturparkmagazin.de\/schwaebisch-fraenkischer-wald\/author\/bernharddrixler\/"}]}},"_links":{"self":[{"href":"https:\/\/www.naturparkmagazin.de\/schwaebisch-fraenkischer-wald\/wp-json\/wp\/v2\/posts\/9574"}],"collection":[{"href":"https:\/\/www.naturparkmagazin.de\/schwaebisch-fraenkischer-wald\/wp-json\/wp\/v2\/posts"}],"about":[{"href":"https:\/\/www.naturparkmagazin.de\/schwaebisch-fraenkischer-wald\/wp-json\/wp\/v2\/types\/post"}],"author":[{"embeddable":true,"href":"https:\/\/www.naturparkmagazin.de\/schwaebisch-fraenkischer-wald\/wp-json\/wp\/v2\/users\/25"}],"replies":[{"embeddable":true,"href":"https:\/\/www.naturparkmagazin.de\/schwaebisch-fraenkischer-wald\/wp-json\/wp\/v2\/comments?post=9574"}],"version-history":[{"count":3,"href":"https:\/\/www.naturparkmagazin.de\/schwaebisch-fraenkischer-wald\/wp-json\/wp\/v2\/posts\/9574\/revisions"}],"predecessor-version":[{"id":9577,"href":"https:\/\/www.naturparkmagazin.de\/schwaebisch-fraenkischer-wald\/wp-json\/wp\/v2\/posts\/9574\/revisions\/9577"}],"wp:featuredmedia":[{"embeddable":true,"href":"https:\/\/www.naturparkmagazin.de\/schwaebisch-fraenkischer-wald\/wp-json\/wp\/v2\/media\/9573"}],"wp:attachment":[{"href":"https:\/\/www.naturparkmagazin.de\/schwaebisch-fraenkischer-wald\/wp-json\/wp\/v2\/media?parent=9574"}],"wp:term":[{"taxonomy":"category","embeddable":true,"href":"https:\/\/www.naturparkmagazin.de\/schwaebisch-fraenkischer-wald\/wp-json\/wp\/v2\/categories?post=9574"},{"taxonomy":"post_tag","embeddable":true,"href":"https:\/\/www.naturparkmagazin.de\/schwaebisch-fraenkischer-wald\/wp-json\/wp\/v2\/tags?post=9574"}],"curies":[{"name":"wp","href":"https:\/\/api.w.org\/{rel}","templated":true}]}}