{"id":960,"date":"2014-08-18T15:27:35","date_gmt":"2014-08-18T13:27:35","guid":{"rendered":"http:\/\/www.naturparkmagazin.de\/schwaebisch-fraenkischer-wald\/?p=960"},"modified":"2014-08-27T11:54:15","modified_gmt":"2014-08-27T09:54:15","slug":"naturparkmarkt-mainhardt","status":"publish","type":"post","link":"https:\/\/www.naturparkmagazin.de\/schwaebisch-fraenkischer-wald\/naturparkmarkt-mainhardt\/","title":{"rendered":"Naturparkmarkt Mainhardt"},"content":{"rendered":"<p><b>Naturparkmarkt Mainhardt, 07 September 2014, 11-18 Uhr<\/b><\/p>\n<p><b>\u00a0<\/b><\/p>\n<p><b>Heimat neu entdecken &#8211; Naturparkmarkt in Mainhardt<\/b><\/p>\n<p>Wer im September schon mit Unbehagen an die ersten grauen Tage im Herbst denkt, dem sei der Naturparkmarkt in Mainhardt herzlich empfohlen, wo sich am 7. September zwischen 11-18 Uhr der Sp\u00e4tsommer noch einmal von seiner kulinarisch und k\u00fcnstlerisch besten Seite zeigen wird. Denn mit dem Ende des Sommers kommt die Erntezeit und damit die Hochsaison bei den Direktvermarktern im Naturpark Schw\u00e4bisch-Fr\u00e4nkischer Wald.<a href=\"https:\/\/www.naturparkmagazin.de\/schwaebisch-fraenkischer-wald\/wp-content\/uploads\/sites\/34\/110911_NPMopp-272_klein1.jpg\"><img decoding=\"async\" loading=\"lazy\" class=\"alignright size-thumbnail wp-image-614\" alt=\"Copyright: Naturpark Schw\u00e4bisch-Fr\u00e4nkischer Wald\" src=\"https:\/\/www.naturparkmagazin.de\/schwaebisch-fraenkischer-wald\/wp-content\/uploads\/sites\/34\/110911_NPMopp-272_klein1-300x199.jpg\" width=\"300\" height=\"199\" \/><\/a><\/p>\n<p>Insgesamt beteiligen sich rund 50 Direktvermarkter, die zum vierten Mal in diesem Jahr geschmackliche Leckerbissen aus der Region anbieten, die je nach pers\u00f6nlicher Vorliebe zusammengestellt werden k\u00f6nnen: Wie w\u00e4re es zum Beispiel mit ausgew\u00e4hlten K\u00e4sesorten, dazu ein erlesener Wein und frisches Brot mit schmackhaftem Kr\u00e4uter\u00f6l? Oder liebevoll angerichtete Burger von Murrhardter Galloway-Rindern, die zum Beispiel mit raffinierten Senfspezialit\u00e4ten sowie einem frisch gezapften Bier der L\u00f6wenbrauerei Hall harmonieren. Gut gest\u00e4rkt lassen sich die kreativen Schaffensprozesse der Handwerksbetriebe aus dem Naturpark bewundern: Filz, Stoff, Leder, Seife, Holz, Stein, Ton oder Bl\u00fcten, werden mit fachkundigen H\u00e4nden neu geformt, sodass sie sich sowohl als praktischer Haushaltsgegenstand oder als dekoratives Schmuck- oder Kleidungsst\u00fcck sehen und kaufen lassen k\u00f6nnen.<\/p>\n<p>Auch Naturparkf\u00fchrerin Michaela K\u00f6hler sorgt in Ihrer K\u00fcche f\u00fcr einen guten Geschmack. Ab 11 bis 13.45 Uhr k\u00f6nnen Sie Kr\u00e4utersalz selber mischen und im Anschluss mit nach Hause nehmen. Von 14 bis 17 Uhr k\u00f6nnen Sie ebenfalls mit Michaela K\u00f6hler in die Fu\u00dfstapfen eines r\u00f6mischen Grenzers im Mainhardt eintauchen. Den ganzen Tag bietet Naturparkf\u00fchrer Prof. Dr. Manfred Krautter Ratevergn\u00fcgen und Wissenswertes rund um Gesteine sowie Wald- und Wiesentiere an.<\/p>\n<p>Ein wesentlicher Bestandteil eines jeden Naturparkmarktes ist der direkte Kontakt zwischen den wirtschaftenden Betrieben und der Bev\u00f6lkerung des Schw\u00e4bisch-Fr\u00e4nkischen Waldes, denn so k\u00f6nnen die Herstellungsprozesse und Vorteile regional erzeugter Lebensmittel und Handwerkskunst erfragt und nachvollzogen werden. Wissbegierige Besucher und Besucherinnen sind deshalb ausdr\u00fccklich erw\u00fcnscht und es w\u00e4re sch\u00f6n, wenn der eine oder andere Hofladen nach einem Naturparkmarkt-Besuch fest in die eigene Einkaufsroute mit eingeplant wird.<\/p>\n<p>Die Naturparkm\u00e4rkte sind ein Kooperationsprojekt mit den teilnehmende Kommunen werden gef\u00f6rdert durch den Naturpark Schw\u00e4bisch-Fr\u00e4nkischer Wald mit Mitteln des Landes Baden-W\u00fcrttemberg, der Lotterie Gl\u00fccksspirale und der Europ\u00e4ischen Union (ELER).<\/p>\n<p>Der Flyer zum Naturparkmarkt Mainhardt kann ab sofort im Rathaus Mainhardt mitgenommen, beim Naturpark angefordert oder im Internet heruntergeladen werden.<\/p>\n","protected":false},"excerpt":{"rendered":"<p>Wer im September schon mit Unbehagen an die ersten grauen Tage im Herbst denkt, dem sei der Naturparkmarkt in Mainhardt herzlich empfohlen, wo sich am 7. September zwischen 11-18 Uhr der Sp\u00e4tsommer noch einmal von seiner kulinarisch und k\u00fcnstlerisch besten Seite zeigen wird.<\/p>\n","protected":false},"author":25,"featured_media":961,"comment_status":"open","ping_status":"open","sticky":false,"template":"","format":"standard","meta":[],"categories":[11],"tags":[186],"yoast_head":"<!-- This site is optimized with the Yoast SEO plugin v19.10 - https:\/\/yoast.com\/wordpress\/plugins\/seo\/ -->\n<title>Naturparkmarkt Mainhardt - Naturpark Schw\u00e4bisch-Fr\u00e4nkischer Wald<\/title>\n<meta name=\"robots\" content=\"index, follow, max-snippet:-1, max-image-preview:large, max-video-preview:-1\" \/>\n<link rel=\"canonical\" href=\"https:\/\/www.naturparkmagazin.de\/schwaebisch-fraenkischer-wald\/naturparkmarkt-mainhardt\/\" \/>\n<meta property=\"og:locale\" content=\"de_DE\" \/>\n<meta property=\"og:type\" content=\"article\" \/>\n<meta property=\"og:title\" content=\"Naturparkmarkt Mainhardt - Naturpark Schw\u00e4bisch-Fr\u00e4nkischer Wald\" \/>\n<meta property=\"og:description\" content=\"Wer im September schon mit Unbehagen an die ersten grauen Tage im Herbst denkt, dem sei der Naturparkmarkt in Mainhardt herzlich empfohlen, wo sich am 7. September zwischen 11-18 Uhr der Sp\u00e4tsommer noch einmal von seiner kulinarisch und k\u00fcnstlerisch besten Seite zeigen wird.\" \/>\n<meta property=\"og:url\" content=\"https:\/\/www.naturparkmagazin.de\/schwaebisch-fraenkischer-wald\/naturparkmarkt-mainhardt\/\" \/>\n<meta property=\"og:site_name\" content=\"Naturpark Schw\u00e4bisch-Fr\u00e4nkischer Wald\" \/>\n<meta property=\"article:author\" content=\"https:\/\/www.facebook.com\/naturparkSFW\" \/>\n<meta property=\"article:published_time\" content=\"2014-08-18T13:27:35+00:00\" \/>\n<meta property=\"article:modified_time\" content=\"2014-08-27T09:54:15+00:00\" \/>\n<meta property=\"og:image\" content=\"https:\/\/www.naturparkmagazin.de\/schwaebisch-fraenkischer-wald\/wp-content\/uploads\/sites\/34\/140907_NPM_Mainhardt_Titel.jpg\" \/>\n\t<meta property=\"og:image:width\" content=\"225\" \/>\n\t<meta property=\"og:image:height\" content=\"493\" \/>\n\t<meta property=\"og:image:type\" content=\"image\/jpeg\" \/>\n<meta name=\"author\" content=\"Naturpark-Team\" \/>\n<meta name=\"twitter:label1\" content=\"Verfasst von\" \/>\n\t<meta name=\"twitter:data1\" content=\"Naturpark-Team\" \/>\n\t<meta name=\"twitter:label2\" content=\"Gesch\u00e4tzte Lesezeit\" \/>\n\t<meta name=\"twitter:data2\" content=\"2\u00a0Minuten\" \/>\n<script type=\"application\/ld+json\" class=\"yoast-schema-graph\">{\"@context\":\"https:\/\/schema.org\",\"@graph\":[{\"@type\":\"WebPage\",\"@id\":\"https:\/\/www.naturparkmagazin.de\/schwaebisch-fraenkischer-wald\/naturparkmarkt-mainhardt\/\",\"url\":\"https:\/\/www.naturparkmagazin.de\/schwaebisch-fraenkischer-wald\/naturparkmarkt-mainhardt\/\",\"name\":\"Naturparkmarkt Mainhardt - Naturpark Schw\u00e4bisch-Fr\u00e4nkischer Wald\",\"isPartOf\":{\"@id\":\"https:\/\/www.naturparkmagazin.de\/schwaebisch-fraenkischer-wald\/#website\"},\"datePublished\":\"2014-08-18T13:27:35+00:00\",\"dateModified\":\"2014-08-27T09:54:15+00:00\",\"author\":{\"@id\":\"https:\/\/www.naturparkmagazin.de\/schwaebisch-fraenkischer-wald\/#\/schema\/person\/f047a3702ae747fd7830cf8ac95e6066\"},\"breadcrumb\":{\"@id\":\"https:\/\/www.naturparkmagazin.de\/schwaebisch-fraenkischer-wald\/naturparkmarkt-mainhardt\/#breadcrumb\"},\"inLanguage\":\"de\",\"potentialAction\":[{\"@type\":\"ReadAction\",\"target\":[\"https:\/\/www.naturparkmagazin.de\/schwaebisch-fraenkischer-wald\/naturparkmarkt-mainhardt\/\"]}]},{\"@type\":\"BreadcrumbList\",\"@id\":\"https:\/\/www.naturparkmagazin.de\/schwaebisch-fraenkischer-wald\/naturparkmarkt-mainhardt\/#breadcrumb\",\"itemListElement\":[{\"@type\":\"ListItem\",\"position\":1,\"name\":\"Home\",\"item\":\"https:\/\/www.naturparkmagazin.de\/schwaebisch-fraenkischer-wald\/\"},{\"@type\":\"ListItem\",\"position\":2,\"name\":\"Naturparkmarkt Mainhardt\"}]},{\"@type\":\"WebSite\",\"@id\":\"https:\/\/www.naturparkmagazin.de\/schwaebisch-fraenkischer-wald\/#website\",\"url\":\"https:\/\/www.naturparkmagazin.de\/schwaebisch-fraenkischer-wald\/\",\"name\":\"Naturpark Schw\u00e4bisch-Fr\u00e4nkischer Wald\",\"description\":\"\",\"potentialAction\":[{\"@type\":\"SearchAction\",\"target\":{\"@type\":\"EntryPoint\",\"urlTemplate\":\"https:\/\/www.naturparkmagazin.de\/schwaebisch-fraenkischer-wald\/?s={search_term_string}\"},\"query-input\":\"required name=search_term_string\"}],\"inLanguage\":\"de\"},{\"@type\":\"Person\",\"@id\":\"https:\/\/www.naturparkmagazin.de\/schwaebisch-fraenkischer-wald\/#\/schema\/person\/f047a3702ae747fd7830cf8ac95e6066\",\"name\":\"Naturpark-Team\",\"sameAs\":[\"http:\/\/www.naturpark-sfw.de\",\"https:\/\/www.facebook.com\/naturparkSFW\"],\"url\":\"https:\/\/www.naturparkmagazin.de\/schwaebisch-fraenkischer-wald\/author\/bernharddrixler\/\"}]}<\/script>\n<!-- \/ Yoast SEO plugin. -->","yoast_head_json":{"title":"Naturparkmarkt Mainhardt - Naturpark Schw\u00e4bisch-Fr\u00e4nkischer Wald","robots":{"index":"index","follow":"follow","max-snippet":"max-snippet:-1","max-image-preview":"max-image-preview:large","max-video-preview":"max-video-preview:-1"},"canonical":"https:\/\/www.naturparkmagazin.de\/schwaebisch-fraenkischer-wald\/naturparkmarkt-mainhardt\/","og_locale":"de_DE","og_type":"article","og_title":"Naturparkmarkt Mainhardt - Naturpark Schw\u00e4bisch-Fr\u00e4nkischer Wald","og_description":"Wer im September schon mit Unbehagen an die ersten grauen Tage im Herbst denkt, dem sei der Naturparkmarkt in Mainhardt herzlich empfohlen, wo sich am 7. September zwischen 11-18 Uhr der Sp\u00e4tsommer noch einmal von seiner kulinarisch und k\u00fcnstlerisch besten Seite zeigen wird.","og_url":"https:\/\/www.naturparkmagazin.de\/schwaebisch-fraenkischer-wald\/naturparkmarkt-mainhardt\/","og_site_name":"Naturpark Schw\u00e4bisch-Fr\u00e4nkischer Wald","article_author":"https:\/\/www.facebook.com\/naturparkSFW","article_published_time":"2014-08-18T13:27:35+00:00","article_modified_time":"2014-08-27T09:54:15+00:00","og_image":[{"width":225,"height":493,"url":"https:\/\/www.naturparkmagazin.de\/schwaebisch-fraenkischer-wald\/wp-content\/uploads\/sites\/34\/140907_NPM_Mainhardt_Titel.jpg","type":"image\/jpeg"}],"author":"Naturpark-Team","twitter_misc":{"Verfasst von":"Naturpark-Team","Gesch\u00e4tzte Lesezeit":"2\u00a0Minuten"},"schema":{"@context":"https:\/\/schema.org","@graph":[{"@type":"WebPage","@id":"https:\/\/www.naturparkmagazin.de\/schwaebisch-fraenkischer-wald\/naturparkmarkt-mainhardt\/","url":"https:\/\/www.naturparkmagazin.de\/schwaebisch-fraenkischer-wald\/naturparkmarkt-mainhardt\/","name":"Naturparkmarkt Mainhardt - Naturpark Schw\u00e4bisch-Fr\u00e4nkischer Wald","isPartOf":{"@id":"https:\/\/www.naturparkmagazin.de\/schwaebisch-fraenkischer-wald\/#website"},"datePublished":"2014-08-18T13:27:35+00:00","dateModified":"2014-08-27T09:54:15+00:00","author":{"@id":"https:\/\/www.naturparkmagazin.de\/schwaebisch-fraenkischer-wald\/#\/schema\/person\/f047a3702ae747fd7830cf8ac95e6066"},"breadcrumb":{"@id":"https:\/\/www.naturparkmagazin.de\/schwaebisch-fraenkischer-wald\/naturparkmarkt-mainhardt\/#breadcrumb"},"inLanguage":"de","potentialAction":[{"@type":"ReadAction","target":["https:\/\/www.naturparkmagazin.de\/schwaebisch-fraenkischer-wald\/naturparkmarkt-mainhardt\/"]}]},{"@type":"BreadcrumbList","@id":"https:\/\/www.naturparkmagazin.de\/schwaebisch-fraenkischer-wald\/naturparkmarkt-mainhardt\/#breadcrumb","itemListElement":[{"@type":"ListItem","position":1,"name":"Home","item":"https:\/\/www.naturparkmagazin.de\/schwaebisch-fraenkischer-wald\/"},{"@type":"ListItem","position":2,"name":"Naturparkmarkt Mainhardt"}]},{"@type":"WebSite","@id":"https:\/\/www.naturparkmagazin.de\/schwaebisch-fraenkischer-wald\/#website","url":"https:\/\/www.naturparkmagazin.de\/schwaebisch-fraenkischer-wald\/","name":"Naturpark Schw\u00e4bisch-Fr\u00e4nkischer Wald","description":"","potentialAction":[{"@type":"SearchAction","target":{"@type":"EntryPoint","urlTemplate":"https:\/\/www.naturparkmagazin.de\/schwaebisch-fraenkischer-wald\/?s={search_term_string}"},"query-input":"required name=search_term_string"}],"inLanguage":"de"},{"@type":"Person","@id":"https:\/\/www.naturparkmagazin.de\/schwaebisch-fraenkischer-wald\/#\/schema\/person\/f047a3702ae747fd7830cf8ac95e6066","name":"Naturpark-Team","sameAs":["http:\/\/www.naturpark-sfw.de","https:\/\/www.facebook.com\/naturparkSFW"],"url":"https:\/\/www.naturparkmagazin.de\/schwaebisch-fraenkischer-wald\/author\/bernharddrixler\/"}]}},"_links":{"self":[{"href":"https:\/\/www.naturparkmagazin.de\/schwaebisch-fraenkischer-wald\/wp-json\/wp\/v2\/posts\/960"}],"collection":[{"href":"https:\/\/www.naturparkmagazin.de\/schwaebisch-fraenkischer-wald\/wp-json\/wp\/v2\/posts"}],"about":[{"href":"https:\/\/www.naturparkmagazin.de\/schwaebisch-fraenkischer-wald\/wp-json\/wp\/v2\/types\/post"}],"author":[{"embeddable":true,"href":"https:\/\/www.naturparkmagazin.de\/schwaebisch-fraenkischer-wald\/wp-json\/wp\/v2\/users\/25"}],"replies":[{"embeddable":true,"href":"https:\/\/www.naturparkmagazin.de\/schwaebisch-fraenkischer-wald\/wp-json\/wp\/v2\/comments?post=960"}],"version-history":[{"count":1,"href":"https:\/\/www.naturparkmagazin.de\/schwaebisch-fraenkischer-wald\/wp-json\/wp\/v2\/posts\/960\/revisions"}],"predecessor-version":[{"id":962,"href":"https:\/\/www.naturparkmagazin.de\/schwaebisch-fraenkischer-wald\/wp-json\/wp\/v2\/posts\/960\/revisions\/962"}],"wp:featuredmedia":[{"embeddable":true,"href":"https:\/\/www.naturparkmagazin.de\/schwaebisch-fraenkischer-wald\/wp-json\/wp\/v2\/media\/961"}],"wp:attachment":[{"href":"https:\/\/www.naturparkmagazin.de\/schwaebisch-fraenkischer-wald\/wp-json\/wp\/v2\/media?parent=960"}],"wp:term":[{"taxonomy":"category","embeddable":true,"href":"https:\/\/www.naturparkmagazin.de\/schwaebisch-fraenkischer-wald\/wp-json\/wp\/v2\/categories?post=960"},{"taxonomy":"post_tag","embeddable":true,"href":"https:\/\/www.naturparkmagazin.de\/schwaebisch-fraenkischer-wald\/wp-json\/wp\/v2\/tags?post=960"}],"curies":[{"name":"wp","href":"https:\/\/api.w.org\/{rel}","templated":true}]}}