{"id":963,"date":"2014-08-18T14:19:53","date_gmt":"2014-08-18T12:19:53","guid":{"rendered":"http:\/\/www.naturparkmagazin.de\/schwaebisch-fraenkischer-wald\/?p=963"},"modified":"2014-08-27T11:54:29","modified_gmt":"2014-08-27T09:54:29","slug":"natur-erlebnis-camp","status":"publish","type":"post","link":"https:\/\/www.naturparkmagazin.de\/schwaebisch-fraenkischer-wald\/natur-erlebnis-camp\/","title":{"rendered":"Natur-Erlebnis-Camp"},"content":{"rendered":"<p>Am Sonntag, den 28. September 2014 haben Sie wieder die M\u00f6glichkeit v\u00f6llig kostenfrei einen erlebnisreichen Tag in und mit der Natur zu verbringen. Mit tollen und spannenden Exkursionen k\u00f6nnen Sie rund um den Finsterroter See aktiv daran teilnehmen.<\/p>\n<p>Abenteuerlich &#8211; Spannend \u2013 Lehrreich<\/p>\n<p>An diesem Tag bieten wir sieben verschiedene gef\u00fchrte Themenwanderungen vom Finsterroter See aus an.<\/p>\n<p>Die Kinder gehen mit auf \u201eLama-Tour\u201c, erkunden mit der \u201eGPS-Tour\u201c oder den \u201eNaturpark-Entdeckerwesten\u201c die Umgebung oder sind den \u201eWildtieren auf der Spur\u201c. Die geschichtlich-kulturell Interessierten wandeln auf den Spuren der \u201eScheitholzfl\u00f6\u00dferei im Rottal\u201c oder begeben sich auf die Suche nach besonderen \u201eB\u00e4umen und ihren Mythen und Sagen\u201c. Bei der \u201eF\u00f6rstertour\u201c erf\u00e4hrt man viel Neues und \u00dcberraschendes zur Waldnutzung.<\/p>\n<p>Alle Touren starten p\u00fcnktlich um 11.00 Uhr und um 14.30 Uhr beim Seekiosk und dauern etwa 1,5 \u2013 2 Stunden. Jeder kann sich daher ganz individuell sein Tagesprogramm zusammenstellen. Die Touren sind nur bedingt kinderwagentauglich.<\/p>\n<p>W\u00e4hrend der gesamten Zeit kann in der Naturwerkstatt am See mit Naturmaterialen gebastelt werden.<\/p>\n<p>Am Seekiosk ist f\u00fcr das leibliche Wohl bestens gesorgt.<\/p>\n<p>Ort: W\u00fcstenrot-Finsterrot, Finsterroter See<\/p>\n<p>Uhrzeit: 11-16.30 Uhr<\/p>\n<p><strong>Weitere Informationen erhalten Sie direkt auf der Startseite unserer Webseite: www.naturpark-sfw.de<\/strong><\/p>\n","protected":false},"excerpt":{"rendered":"<p>Am Sonntag, den 28. September 2014 haben Sie wieder die M\u00f6glichkeit v\u00f6llig kostenfrei einen erlebnisreichen Tag in und mit der Natur zu verbringen. Mit tollen und spannenden Exkursionen k\u00f6nnen Sie rund um den Finsterroter See aktiv daran teilnehmen. <\/p>\n","protected":false},"author":25,"featured_media":964,"comment_status":"open","ping_status":"open","sticky":false,"template":"","format":"standard","meta":[],"categories":[11],"tags":[186],"yoast_head":"<!-- This site is optimized with the Yoast SEO plugin v19.10 - https:\/\/yoast.com\/wordpress\/plugins\/seo\/ -->\n<title>Natur-Erlebnis-Camp - Naturpark Schw\u00e4bisch-Fr\u00e4nkischer Wald<\/title>\n<meta name=\"robots\" content=\"index, follow, max-snippet:-1, max-image-preview:large, max-video-preview:-1\" \/>\n<link rel=\"canonical\" href=\"https:\/\/www.naturparkmagazin.de\/schwaebisch-fraenkischer-wald\/natur-erlebnis-camp\/\" \/>\n<meta property=\"og:locale\" content=\"de_DE\" \/>\n<meta property=\"og:type\" content=\"article\" \/>\n<meta property=\"og:title\" content=\"Natur-Erlebnis-Camp - Naturpark Schw\u00e4bisch-Fr\u00e4nkischer Wald\" \/>\n<meta property=\"og:description\" content=\"Am Sonntag, den 28. September 2014 haben Sie wieder die M\u00f6glichkeit v\u00f6llig kostenfrei einen erlebnisreichen Tag in und mit der Natur zu verbringen. Mit tollen und spannenden Exkursionen k\u00f6nnen Sie rund um den Finsterroter See aktiv daran teilnehmen.\" \/>\n<meta property=\"og:url\" content=\"https:\/\/www.naturparkmagazin.de\/schwaebisch-fraenkischer-wald\/natur-erlebnis-camp\/\" \/>\n<meta property=\"og:site_name\" content=\"Naturpark Schw\u00e4bisch-Fr\u00e4nkischer Wald\" \/>\n<meta property=\"article:author\" content=\"https:\/\/www.facebook.com\/naturparkSFW\" \/>\n<meta property=\"article:published_time\" content=\"2014-08-18T12:19:53+00:00\" \/>\n<meta property=\"article:modified_time\" content=\"2014-08-27T09:54:29+00:00\" \/>\n<meta property=\"og:image\" content=\"https:\/\/www.naturparkmagazin.de\/schwaebisch-fraenkischer-wald\/wp-content\/uploads\/sites\/34\/2014_NEC_Titel.jpg\" \/>\n\t<meta property=\"og:image:width\" content=\"311\" \/>\n\t<meta property=\"og:image:height\" content=\"648\" \/>\n\t<meta property=\"og:image:type\" content=\"image\/jpeg\" \/>\n<meta name=\"author\" content=\"Naturpark-Team\" \/>\n<meta name=\"twitter:label1\" content=\"Verfasst von\" \/>\n\t<meta name=\"twitter:data1\" content=\"Naturpark-Team\" \/>\n\t<meta name=\"twitter:label2\" content=\"Gesch\u00e4tzte Lesezeit\" \/>\n\t<meta name=\"twitter:data2\" content=\"1\u00a0Minute\" \/>\n<script type=\"application\/ld+json\" class=\"yoast-schema-graph\">{\"@context\":\"https:\/\/schema.org\",\"@graph\":[{\"@type\":\"WebPage\",\"@id\":\"https:\/\/www.naturparkmagazin.de\/schwaebisch-fraenkischer-wald\/natur-erlebnis-camp\/\",\"url\":\"https:\/\/www.naturparkmagazin.de\/schwaebisch-fraenkischer-wald\/natur-erlebnis-camp\/\",\"name\":\"Natur-Erlebnis-Camp - Naturpark Schw\u00e4bisch-Fr\u00e4nkischer Wald\",\"isPartOf\":{\"@id\":\"https:\/\/www.naturparkmagazin.de\/schwaebisch-fraenkischer-wald\/#website\"},\"datePublished\":\"2014-08-18T12:19:53+00:00\",\"dateModified\":\"2014-08-27T09:54:29+00:00\",\"author\":{\"@id\":\"https:\/\/www.naturparkmagazin.de\/schwaebisch-fraenkischer-wald\/#\/schema\/person\/f047a3702ae747fd7830cf8ac95e6066\"},\"breadcrumb\":{\"@id\":\"https:\/\/www.naturparkmagazin.de\/schwaebisch-fraenkischer-wald\/natur-erlebnis-camp\/#breadcrumb\"},\"inLanguage\":\"de\",\"potentialAction\":[{\"@type\":\"ReadAction\",\"target\":[\"https:\/\/www.naturparkmagazin.de\/schwaebisch-fraenkischer-wald\/natur-erlebnis-camp\/\"]}]},{\"@type\":\"BreadcrumbList\",\"@id\":\"https:\/\/www.naturparkmagazin.de\/schwaebisch-fraenkischer-wald\/natur-erlebnis-camp\/#breadcrumb\",\"itemListElement\":[{\"@type\":\"ListItem\",\"position\":1,\"name\":\"Home\",\"item\":\"https:\/\/www.naturparkmagazin.de\/schwaebisch-fraenkischer-wald\/\"},{\"@type\":\"ListItem\",\"position\":2,\"name\":\"Natur-Erlebnis-Camp\"}]},{\"@type\":\"WebSite\",\"@id\":\"https:\/\/www.naturparkmagazin.de\/schwaebisch-fraenkischer-wald\/#website\",\"url\":\"https:\/\/www.naturparkmagazin.de\/schwaebisch-fraenkischer-wald\/\",\"name\":\"Naturpark Schw\u00e4bisch-Fr\u00e4nkischer Wald\",\"description\":\"\",\"potentialAction\":[{\"@type\":\"SearchAction\",\"target\":{\"@type\":\"EntryPoint\",\"urlTemplate\":\"https:\/\/www.naturparkmagazin.de\/schwaebisch-fraenkischer-wald\/?s={search_term_string}\"},\"query-input\":\"required name=search_term_string\"}],\"inLanguage\":\"de\"},{\"@type\":\"Person\",\"@id\":\"https:\/\/www.naturparkmagazin.de\/schwaebisch-fraenkischer-wald\/#\/schema\/person\/f047a3702ae747fd7830cf8ac95e6066\",\"name\":\"Naturpark-Team\",\"sameAs\":[\"http:\/\/www.naturpark-sfw.de\",\"https:\/\/www.facebook.com\/naturparkSFW\"],\"url\":\"https:\/\/www.naturparkmagazin.de\/schwaebisch-fraenkischer-wald\/author\/bernharddrixler\/\"}]}<\/script>\n<!-- \/ Yoast SEO plugin. -->","yoast_head_json":{"title":"Natur-Erlebnis-Camp - Naturpark Schw\u00e4bisch-Fr\u00e4nkischer Wald","robots":{"index":"index","follow":"follow","max-snippet":"max-snippet:-1","max-image-preview":"max-image-preview:large","max-video-preview":"max-video-preview:-1"},"canonical":"https:\/\/www.naturparkmagazin.de\/schwaebisch-fraenkischer-wald\/natur-erlebnis-camp\/","og_locale":"de_DE","og_type":"article","og_title":"Natur-Erlebnis-Camp - Naturpark Schw\u00e4bisch-Fr\u00e4nkischer Wald","og_description":"Am Sonntag, den 28. September 2014 haben Sie wieder die M\u00f6glichkeit v\u00f6llig kostenfrei einen erlebnisreichen Tag in und mit der Natur zu verbringen. Mit tollen und spannenden Exkursionen k\u00f6nnen Sie rund um den Finsterroter See aktiv daran teilnehmen.","og_url":"https:\/\/www.naturparkmagazin.de\/schwaebisch-fraenkischer-wald\/natur-erlebnis-camp\/","og_site_name":"Naturpark Schw\u00e4bisch-Fr\u00e4nkischer Wald","article_author":"https:\/\/www.facebook.com\/naturparkSFW","article_published_time":"2014-08-18T12:19:53+00:00","article_modified_time":"2014-08-27T09:54:29+00:00","og_image":[{"width":311,"height":648,"url":"https:\/\/www.naturparkmagazin.de\/schwaebisch-fraenkischer-wald\/wp-content\/uploads\/sites\/34\/2014_NEC_Titel.jpg","type":"image\/jpeg"}],"author":"Naturpark-Team","twitter_misc":{"Verfasst von":"Naturpark-Team","Gesch\u00e4tzte Lesezeit":"1\u00a0Minute"},"schema":{"@context":"https:\/\/schema.org","@graph":[{"@type":"WebPage","@id":"https:\/\/www.naturparkmagazin.de\/schwaebisch-fraenkischer-wald\/natur-erlebnis-camp\/","url":"https:\/\/www.naturparkmagazin.de\/schwaebisch-fraenkischer-wald\/natur-erlebnis-camp\/","name":"Natur-Erlebnis-Camp - Naturpark Schw\u00e4bisch-Fr\u00e4nkischer Wald","isPartOf":{"@id":"https:\/\/www.naturparkmagazin.de\/schwaebisch-fraenkischer-wald\/#website"},"datePublished":"2014-08-18T12:19:53+00:00","dateModified":"2014-08-27T09:54:29+00:00","author":{"@id":"https:\/\/www.naturparkmagazin.de\/schwaebisch-fraenkischer-wald\/#\/schema\/person\/f047a3702ae747fd7830cf8ac95e6066"},"breadcrumb":{"@id":"https:\/\/www.naturparkmagazin.de\/schwaebisch-fraenkischer-wald\/natur-erlebnis-camp\/#breadcrumb"},"inLanguage":"de","potentialAction":[{"@type":"ReadAction","target":["https:\/\/www.naturparkmagazin.de\/schwaebisch-fraenkischer-wald\/natur-erlebnis-camp\/"]}]},{"@type":"BreadcrumbList","@id":"https:\/\/www.naturparkmagazin.de\/schwaebisch-fraenkischer-wald\/natur-erlebnis-camp\/#breadcrumb","itemListElement":[{"@type":"ListItem","position":1,"name":"Home","item":"https:\/\/www.naturparkmagazin.de\/schwaebisch-fraenkischer-wald\/"},{"@type":"ListItem","position":2,"name":"Natur-Erlebnis-Camp"}]},{"@type":"WebSite","@id":"https:\/\/www.naturparkmagazin.de\/schwaebisch-fraenkischer-wald\/#website","url":"https:\/\/www.naturparkmagazin.de\/schwaebisch-fraenkischer-wald\/","name":"Naturpark Schw\u00e4bisch-Fr\u00e4nkischer Wald","description":"","potentialAction":[{"@type":"SearchAction","target":{"@type":"EntryPoint","urlTemplate":"https:\/\/www.naturparkmagazin.de\/schwaebisch-fraenkischer-wald\/?s={search_term_string}"},"query-input":"required name=search_term_string"}],"inLanguage":"de"},{"@type":"Person","@id":"https:\/\/www.naturparkmagazin.de\/schwaebisch-fraenkischer-wald\/#\/schema\/person\/f047a3702ae747fd7830cf8ac95e6066","name":"Naturpark-Team","sameAs":["http:\/\/www.naturpark-sfw.de","https:\/\/www.facebook.com\/naturparkSFW"],"url":"https:\/\/www.naturparkmagazin.de\/schwaebisch-fraenkischer-wald\/author\/bernharddrixler\/"}]}},"_links":{"self":[{"href":"https:\/\/www.naturparkmagazin.de\/schwaebisch-fraenkischer-wald\/wp-json\/wp\/v2\/posts\/963"}],"collection":[{"href":"https:\/\/www.naturparkmagazin.de\/schwaebisch-fraenkischer-wald\/wp-json\/wp\/v2\/posts"}],"about":[{"href":"https:\/\/www.naturparkmagazin.de\/schwaebisch-fraenkischer-wald\/wp-json\/wp\/v2\/types\/post"}],"author":[{"embeddable":true,"href":"https:\/\/www.naturparkmagazin.de\/schwaebisch-fraenkischer-wald\/wp-json\/wp\/v2\/users\/25"}],"replies":[{"embeddable":true,"href":"https:\/\/www.naturparkmagazin.de\/schwaebisch-fraenkischer-wald\/wp-json\/wp\/v2\/comments?post=963"}],"version-history":[{"count":2,"href":"https:\/\/www.naturparkmagazin.de\/schwaebisch-fraenkischer-wald\/wp-json\/wp\/v2\/posts\/963\/revisions"}],"predecessor-version":[{"id":967,"href":"https:\/\/www.naturparkmagazin.de\/schwaebisch-fraenkischer-wald\/wp-json\/wp\/v2\/posts\/963\/revisions\/967"}],"wp:featuredmedia":[{"embeddable":true,"href":"https:\/\/www.naturparkmagazin.de\/schwaebisch-fraenkischer-wald\/wp-json\/wp\/v2\/media\/964"}],"wp:attachment":[{"href":"https:\/\/www.naturparkmagazin.de\/schwaebisch-fraenkischer-wald\/wp-json\/wp\/v2\/media?parent=963"}],"wp:term":[{"taxonomy":"category","embeddable":true,"href":"https:\/\/www.naturparkmagazin.de\/schwaebisch-fraenkischer-wald\/wp-json\/wp\/v2\/categories?post=963"},{"taxonomy":"post_tag","embeddable":true,"href":"https:\/\/www.naturparkmagazin.de\/schwaebisch-fraenkischer-wald\/wp-json\/wp\/v2\/tags?post=963"}],"curies":[{"name":"wp","href":"https:\/\/api.w.org\/{rel}","templated":true}]}}