{"id":9711,"date":"2021-02-15T16:58:29","date_gmt":"2021-02-15T15:58:29","guid":{"rendered":"https:\/\/www.naturparkmagazin.de\/schwaebisch-fraenkischer-wald\/?p=9711"},"modified":"2021-02-25T09:45:56","modified_gmt":"2021-02-25T08:45:56","slug":"naturschutz-im-naturpark-schwaebisch-fraenkischer-wald","status":"publish","type":"post","link":"https:\/\/www.naturparkmagazin.de\/schwaebisch-fraenkischer-wald\/naturschutz-im-naturpark-schwaebisch-fraenkischer-wald\/","title":{"rendered":"Naturschutz im Naturpark Schw\u00e4bisch-Fr\u00e4nkischer Wald"},"content":{"rendered":"<p>Der Naturpark Schw\u00e4bisch-Fr\u00e4nkischer Wald ist nach dem Bundesnaturschutzgesetz ein Gro\u00dfschutzgebiet. Die Naturparkfl\u00e4che besteht etwa zu 40 % aus Naturschutz-, Landschaftsschutz-, oder speziellen Schutzgebieten nach Europarecht. In diesen Schutzgebieten sind die Belange des Naturschutzes st\u00e4rker gewichtet. In der Naturparkregion kommt den Landschaftsschutzgebieten eine besondere Bedeutung zu, denn diese machen 33% der Fl\u00e4che aus. Die Schutzgebiete werden in verschiedene Kategorien unterteilt, oftmals \u00fcberschneiden sich diese. FFH-Gebiete und Vogelschutzgebiete beinhalten zahlreiche Naturschutzgebiete und \u00fcberscheiden sich h\u00e4ufig mit Landschaftsschutzgebieten.<\/p>\n<table style=\"height: 454px\" width=\"583\">\n<tbody>\n<tr>\n<td width=\"197\"><strong>Schutzgebietskategorie <\/strong><\/td>\n<td width=\"186\">ha<\/td>\n<td width=\"183\">%<\/td>\n<\/tr>\n<tr>\n<td width=\"197\"><strong>Naturschutzgebiet <\/strong><\/td>\n<td width=\"186\">1.016<\/td>\n<td width=\"183\">0,8<\/td>\n<\/tr>\n<tr>\n<td width=\"197\"><strong>Landschaftsschutzgebiet <\/strong><\/td>\n<td width=\"186\">41.910<\/td>\n<td width=\"183\">33,0<\/td>\n<\/tr>\n<tr>\n<td width=\"197\"><strong>FFH-Gebiet <\/strong><\/td>\n<td width=\"186\">7.240<\/td>\n<td width=\"183\">5,7<\/td>\n<\/tr>\n<tr>\n<td width=\"197\"><strong>Vogelschutzgebiet <\/strong><\/td>\n<td width=\"186\">742,7<\/td>\n<td width=\"183\">0,6<\/td>\n<\/tr>\n<tr>\n<td width=\"197\"><strong>Biotope nach \u00a732 NatSchG <\/strong><\/td>\n<td width=\"186\">4.202,7<\/td>\n<td width=\"183\">3,3<\/td>\n<\/tr>\n<tr>\n<td width=\"197\"><strong>Fl\u00e4chenhaftes Naturdenkmal <\/strong><\/td>\n<td width=\"186\">493,3<\/td>\n<td width=\"183\">0,4<\/td>\n<\/tr>\n<tr>\n<td width=\"197\"><strong>Naturdenkmal (Einzelgebilde)<\/strong><\/td>\n<td width=\"186\">269 Objekte<\/td>\n<td width=\"183\">n.a<\/td>\n<\/tr>\n<tr>\n<td width=\"197\"><strong>Schonwald <\/strong><\/td>\n<td width=\"186\">178,2<\/td>\n<td width=\"183\">0,1<\/td>\n<\/tr>\n<tr>\n<td width=\"197\"><strong>Summe<\/strong><\/td>\n<td width=\"186\"><strong>55.783<\/strong><\/td>\n<td width=\"183\"><strong>44,9<\/strong><\/td>\n<\/tr>\n<\/tbody>\n<\/table>\n<p>&nbsp;<\/p>\n<p>Nach \u00a7 23 des BNatSchG ist das Ziel von Naturschutzgebieten, die Erhaltung, Entwicklung und Wiederherstellung von Lebensgemeinschaften und Lebensr\u00e4umen wildwachsender Pflanzen oder Tierarten, die einen besonderen Schutz bed\u00fcrfen. Im Naturpark liegen \u00fcber 30 unterschiedlich gro\u00dfe Naturschutzgebiete, welche mit einem Fl\u00e4chenanteil von 0,8 % marginal sind.<\/p>\n<p>In Landschaftsschutzgebieten steht die Erhaltung des charakteristischen Landschaftsbildes im Vordergrund. Im Naturpark stehen viele, zum Teil sehr gro\u00dffl\u00e4chige Landschaften unter Schutz. Dar\u00fcber hinaus gibt es viele Naturdenkm\u00e4ler, sowohl Fl\u00e4chenhaft wie auch als Einzelgebilde. Zu den gesch\u00fctzten Biotopen, mit ihren besonderen Charakteristiken z\u00e4hlen Klingen, Schluchten, Wiesen, Weiden, Teiche und Quellen, aber auch Hohlwege oder alte Steinbr\u00fcche. Der gro\u00dfe Anteil an unter Schutz stehenden Fl\u00e4chen zeigt, wie wichtig der Naturpark als Lebensraum f\u00fcr verschiedene Tier- und Pflanzenarten ist.<\/p>\n<p>Die FFH (Fauna, Flora, Habitat) &#8211; und Vogelschutzgebiete haben das Ziel, die biologische Vielfalt zu erhalten und wildlebende Tier-, Pflanzen und Vogelarten und deren Lebensr\u00e4ume zu sch\u00fctzen. Der Gesamtcharakter eines Landschaftsraumes ist das Ergebnis von nat\u00fcrlichen Entwicklungsprozessen und der Kulturt\u00e4tigkeit des Menschen. Der Naturpark bildet ein Mosaik unterschiedlicher Lebensr\u00e4ume. Je nach H\u00f6henlage, Exposition, Standortbedingungen und Landnutzung kommen verschiedene Tier- und Pflanzenarten vor. Besonders typische Lebensr\u00e4ume sind W\u00e4lder, Gew\u00e4sser, Weiden, Streuobst- und Bl\u00fchwiesen.<\/p>\n<p>Die W\u00e4lder nehmen mit 55 % der Fl\u00e4che den h\u00f6chsten Anteil ein und bieten zahlreichen Tier- und Pflanzenwelten einen wertvollen Lebensraum. Eine Besonderheit in den H\u00f6henlagen des Keuperberglands ist das nat\u00fcrliche Vorkommen der Wei\u00dftanne (Abies alba), zu finden ab 400 m \u00fc. NN. Weitere Teile sind von Fichten-Tannen-Buchen-W\u00e4ldern gepr\u00e4gt.<\/p>\n<p>Wichtige \u00d6kosysteme sind auch die Gew\u00e4sser in der Region, auch hier leben zahlreiche Tier- und Pflanzenarten wie z.B. Salamander, Neunauge, Trollblumen oder Schachblumen. Neben Quellen und Quells\u00fcmpfen befindet sich in Unterm\u00fcnkheim das Kupfermoor &#8211; ein seltenes Feuchtbiotop und die einzige gr\u00f6\u00dfere Moorbildung im w\u00fcrttembergischen Unterland. In den sauerstoffreichen Mittelgebirgsb\u00e4chen leben zahlreiche Fisch-, Krebs-, Wurm- und Schneckenarten. An den Gew\u00e4sserr\u00e4ndern k\u00f6nnen seltene Vogelarten beobachtet werden.<\/p>\n<p>Abh\u00e4ngig vom Bodentyp, dem Wasserhaushalt, dem Rhythmus der Mahdzeiten bzw. der Intensit\u00e4t der D\u00fcngung haben sich sehr unterschiedliche Wiesentypen entwickelt. Damit sich ehemals landwirtschaftlich genutzte Fl\u00e4chen im Zuge der nat\u00fcrlichen Suksession nicht wieder zu Au- und Bruchw\u00e4ldern entwickeln, sind viele der artenreichen Streuwiesen als Landschaftsschutzgebiete ausgewiesen. Diese werden \u00fcber Pflegevertr\u00e4ge im jeweils gew\u00fcnschten landschafts\u00f6kologischen Zustand erhalten. In unmittelbarer Gew\u00e4ssern\u00e4he bilden sich h\u00e4ufig orchideenreiche Nasswiesen, die zudem Habitat vieler Tierarten wie Libellen, Tagfalter, K\u00e4fer und Heuschrecken sind.<\/p>\n<p>Die Glatthaferwiesen sind eher trockene Standorte, diese sind reich an verschiedenen Kr\u00e4utern und Grasarten. Sowohl die Bodenfeuchtigkeit als auch die H\u00f6henlage beeinflussen dabei die Artenzusammensetzung. Die ausgedehnten Streuobstwiesen beherbergen Wespen, K\u00e4fer, Spinnen und Tausendf\u00fc\u00dfler. Zudem locken sie bereits im Fr\u00fchling zahlreiche Best\u00e4uber wie Bienen, Hummeln und Schmetterlinge an. Dieser Reichtum an Kleintieren stellt eine optimale Nahrungsgrundlage f\u00fcr Igel, Blindschleichen dar und ziehen verschiedene insektenfressende V\u00f6gel und Flederm\u00e4use an.<\/p>\n<p>Besonders charakteristisch f\u00fcr den Naturpark Schw\u00e4bisch-Fr\u00e4nkischer Wald sind Arten wie der noch h\u00e4ufig vorkommende Rotmilan, der Feuersalamander, sowie verschiedene Specht- und Fledermausarten, wie der Schwarzspecht oder die Wasserfledermaus. Das Naturparkgebiet weist zudem eine artenreiche Fischfauna auf, sowie ein vielf\u00e4ltiges Pilzaufkommen mit \u00fcber 400 verschiedene Arten.<\/p>\n<div id=\"attachment_9726\" style=\"width: 352px\" class=\"wp-caption aligncenter\"><a href=\"https:\/\/www.naturparkmagazin.de\/schwaebisch-fraenkischer-wald\/wp-content\/uploads\/sites\/34\/210218_Karte_Schutzgebiete_500x300.jpg\"><img aria-describedby=\"caption-attachment-9726\" decoding=\"async\" loading=\"lazy\" class=\"wp-image-9726\" src=\"https:\/\/www.naturparkmagazin.de\/schwaebisch-fraenkischer-wald\/wp-content\/uploads\/sites\/34\/210218_Karte_Schutzgebiete_500x300.jpg\" alt=\"Schutzgebiete im Naturpark Schw\u00e4bisch-Fr\u00e4nkischer Wald \" width=\"342\" height=\"423\" srcset=\"https:\/\/www.naturparkmagazin.de\/schwaebisch-fraenkischer-wald\/wp-content\/uploads\/sites\/34\/210218_Karte_Schutzgebiete_500x300.jpg 405w, https:\/\/www.naturparkmagazin.de\/schwaebisch-fraenkischer-wald\/wp-content\/uploads\/sites\/34\/210218_Karte_Schutzgebiete_500x300-300x370.jpg 300w, https:\/\/www.naturparkmagazin.de\/schwaebisch-fraenkischer-wald\/wp-content\/uploads\/sites\/34\/210218_Karte_Schutzgebiete_500x300-200x247.jpg 200w\" sizes=\"(max-width: 342px) 100vw, 342px\" \/><\/a><p id=\"caption-attachment-9726\" class=\"wp-caption-text\">\u00a9 Naturpark SFW Archiv<\/p><\/div>\n","protected":false},"excerpt":{"rendered":"<p>Der Naturpark Schw\u00e4bisch-Fr\u00e4nkischer Wald ist nach dem Bundesnaturschutzgesetz ein Gro\u00dfschutzgebiet. Die Naturparkfl\u00e4che besteht etwa zu 40 % aus Naturschutz-, Landschaftsschutz-, oder speziellen Schutzgebieten nach Europarecht.<\/p>\n","protected":false},"author":25,"featured_media":9726,"comment_status":"open","ping_status":"open","sticky":false,"template":"","format":"standard","meta":[],"categories":[7],"tags":[],"yoast_head":"<!-- This site is optimized with the Yoast SEO plugin v19.10 - https:\/\/yoast.com\/wordpress\/plugins\/seo\/ -->\n<title>Naturschutz im Naturpark Schw\u00e4bisch-Fr\u00e4nkischer Wald - Naturpark Schw\u00e4bisch-Fr\u00e4nkischer Wald<\/title>\n<meta name=\"robots\" content=\"index, follow, max-snippet:-1, max-image-preview:large, max-video-preview:-1\" \/>\n<link rel=\"canonical\" href=\"https:\/\/www.naturparkmagazin.de\/schwaebisch-fraenkischer-wald\/naturschutz-im-naturpark-schwaebisch-fraenkischer-wald\/\" \/>\n<meta property=\"og:locale\" content=\"de_DE\" \/>\n<meta property=\"og:type\" content=\"article\" \/>\n<meta property=\"og:title\" content=\"Naturschutz im Naturpark Schw\u00e4bisch-Fr\u00e4nkischer Wald - Naturpark Schw\u00e4bisch-Fr\u00e4nkischer Wald\" \/>\n<meta property=\"og:description\" content=\"Der Naturpark Schw\u00e4bisch-Fr\u00e4nkischer Wald ist nach dem Bundesnaturschutzgesetz ein Gro\u00dfschutzgebiet. Die Naturparkfl\u00e4che besteht etwa zu 40 % aus Naturschutz-, Landschaftsschutz-, oder speziellen Schutzgebieten nach Europarecht.\" \/>\n<meta property=\"og:url\" content=\"https:\/\/www.naturparkmagazin.de\/schwaebisch-fraenkischer-wald\/naturschutz-im-naturpark-schwaebisch-fraenkischer-wald\/\" \/>\n<meta property=\"og:site_name\" content=\"Naturpark Schw\u00e4bisch-Fr\u00e4nkischer Wald\" \/>\n<meta property=\"article:author\" content=\"https:\/\/www.facebook.com\/naturparkSFW\" \/>\n<meta property=\"article:published_time\" content=\"2021-02-15T15:58:29+00:00\" \/>\n<meta property=\"article:modified_time\" content=\"2021-02-25T08:45:56+00:00\" \/>\n<meta property=\"og:image\" content=\"https:\/\/www.naturparkmagazin.de\/schwaebisch-fraenkischer-wald\/wp-content\/uploads\/sites\/34\/210218_Karte_Schutzgebiete_500x300.jpg\" \/>\n\t<meta property=\"og:image:width\" content=\"405\" \/>\n\t<meta property=\"og:image:height\" content=\"500\" \/>\n\t<meta property=\"og:image:type\" content=\"image\/jpeg\" \/>\n<meta name=\"author\" content=\"Naturpark-Team\" \/>\n<meta name=\"twitter:label1\" content=\"Verfasst von\" \/>\n\t<meta name=\"twitter:data1\" content=\"Naturpark-Team\" \/>\n\t<meta name=\"twitter:label2\" content=\"Gesch\u00e4tzte Lesezeit\" \/>\n\t<meta name=\"twitter:data2\" content=\"3\u00a0Minuten\" \/>\n<script type=\"application\/ld+json\" class=\"yoast-schema-graph\">{\"@context\":\"https:\/\/schema.org\",\"@graph\":[{\"@type\":\"WebPage\",\"@id\":\"https:\/\/www.naturparkmagazin.de\/schwaebisch-fraenkischer-wald\/naturschutz-im-naturpark-schwaebisch-fraenkischer-wald\/\",\"url\":\"https:\/\/www.naturparkmagazin.de\/schwaebisch-fraenkischer-wald\/naturschutz-im-naturpark-schwaebisch-fraenkischer-wald\/\",\"name\":\"Naturschutz im Naturpark Schw\u00e4bisch-Fr\u00e4nkischer Wald - Naturpark Schw\u00e4bisch-Fr\u00e4nkischer Wald\",\"isPartOf\":{\"@id\":\"https:\/\/www.naturparkmagazin.de\/schwaebisch-fraenkischer-wald\/#website\"},\"datePublished\":\"2021-02-15T15:58:29+00:00\",\"dateModified\":\"2021-02-25T08:45:56+00:00\",\"author\":{\"@id\":\"https:\/\/www.naturparkmagazin.de\/schwaebisch-fraenkischer-wald\/#\/schema\/person\/f047a3702ae747fd7830cf8ac95e6066\"},\"breadcrumb\":{\"@id\":\"https:\/\/www.naturparkmagazin.de\/schwaebisch-fraenkischer-wald\/naturschutz-im-naturpark-schwaebisch-fraenkischer-wald\/#breadcrumb\"},\"inLanguage\":\"de\",\"potentialAction\":[{\"@type\":\"ReadAction\",\"target\":[\"https:\/\/www.naturparkmagazin.de\/schwaebisch-fraenkischer-wald\/naturschutz-im-naturpark-schwaebisch-fraenkischer-wald\/\"]}]},{\"@type\":\"BreadcrumbList\",\"@id\":\"https:\/\/www.naturparkmagazin.de\/schwaebisch-fraenkischer-wald\/naturschutz-im-naturpark-schwaebisch-fraenkischer-wald\/#breadcrumb\",\"itemListElement\":[{\"@type\":\"ListItem\",\"position\":1,\"name\":\"Home\",\"item\":\"https:\/\/www.naturparkmagazin.de\/schwaebisch-fraenkischer-wald\/\"},{\"@type\":\"ListItem\",\"position\":2,\"name\":\"Naturschutz im Naturpark Schw\u00e4bisch-Fr\u00e4nkischer Wald\"}]},{\"@type\":\"WebSite\",\"@id\":\"https:\/\/www.naturparkmagazin.de\/schwaebisch-fraenkischer-wald\/#website\",\"url\":\"https:\/\/www.naturparkmagazin.de\/schwaebisch-fraenkischer-wald\/\",\"name\":\"Naturpark Schw\u00e4bisch-Fr\u00e4nkischer Wald\",\"description\":\"\",\"potentialAction\":[{\"@type\":\"SearchAction\",\"target\":{\"@type\":\"EntryPoint\",\"urlTemplate\":\"https:\/\/www.naturparkmagazin.de\/schwaebisch-fraenkischer-wald\/?s={search_term_string}\"},\"query-input\":\"required name=search_term_string\"}],\"inLanguage\":\"de\"},{\"@type\":\"Person\",\"@id\":\"https:\/\/www.naturparkmagazin.de\/schwaebisch-fraenkischer-wald\/#\/schema\/person\/f047a3702ae747fd7830cf8ac95e6066\",\"name\":\"Naturpark-Team\",\"sameAs\":[\"http:\/\/www.naturpark-sfw.de\",\"https:\/\/www.facebook.com\/naturparkSFW\"],\"url\":\"https:\/\/www.naturparkmagazin.de\/schwaebisch-fraenkischer-wald\/author\/bernharddrixler\/\"}]}<\/script>\n<!-- \/ Yoast SEO plugin. -->","yoast_head_json":{"title":"Naturschutz im Naturpark Schw\u00e4bisch-Fr\u00e4nkischer Wald - Naturpark Schw\u00e4bisch-Fr\u00e4nkischer Wald","robots":{"index":"index","follow":"follow","max-snippet":"max-snippet:-1","max-image-preview":"max-image-preview:large","max-video-preview":"max-video-preview:-1"},"canonical":"https:\/\/www.naturparkmagazin.de\/schwaebisch-fraenkischer-wald\/naturschutz-im-naturpark-schwaebisch-fraenkischer-wald\/","og_locale":"de_DE","og_type":"article","og_title":"Naturschutz im Naturpark Schw\u00e4bisch-Fr\u00e4nkischer Wald - Naturpark Schw\u00e4bisch-Fr\u00e4nkischer Wald","og_description":"Der Naturpark Schw\u00e4bisch-Fr\u00e4nkischer Wald ist nach dem Bundesnaturschutzgesetz ein Gro\u00dfschutzgebiet. Die Naturparkfl\u00e4che besteht etwa zu 40 % aus Naturschutz-, Landschaftsschutz-, oder speziellen Schutzgebieten nach Europarecht.","og_url":"https:\/\/www.naturparkmagazin.de\/schwaebisch-fraenkischer-wald\/naturschutz-im-naturpark-schwaebisch-fraenkischer-wald\/","og_site_name":"Naturpark Schw\u00e4bisch-Fr\u00e4nkischer Wald","article_author":"https:\/\/www.facebook.com\/naturparkSFW","article_published_time":"2021-02-15T15:58:29+00:00","article_modified_time":"2021-02-25T08:45:56+00:00","og_image":[{"width":405,"height":500,"url":"https:\/\/www.naturparkmagazin.de\/schwaebisch-fraenkischer-wald\/wp-content\/uploads\/sites\/34\/210218_Karte_Schutzgebiete_500x300.jpg","type":"image\/jpeg"}],"author":"Naturpark-Team","twitter_misc":{"Verfasst von":"Naturpark-Team","Gesch\u00e4tzte Lesezeit":"3\u00a0Minuten"},"schema":{"@context":"https:\/\/schema.org","@graph":[{"@type":"WebPage","@id":"https:\/\/www.naturparkmagazin.de\/schwaebisch-fraenkischer-wald\/naturschutz-im-naturpark-schwaebisch-fraenkischer-wald\/","url":"https:\/\/www.naturparkmagazin.de\/schwaebisch-fraenkischer-wald\/naturschutz-im-naturpark-schwaebisch-fraenkischer-wald\/","name":"Naturschutz im Naturpark Schw\u00e4bisch-Fr\u00e4nkischer Wald - Naturpark Schw\u00e4bisch-Fr\u00e4nkischer Wald","isPartOf":{"@id":"https:\/\/www.naturparkmagazin.de\/schwaebisch-fraenkischer-wald\/#website"},"datePublished":"2021-02-15T15:58:29+00:00","dateModified":"2021-02-25T08:45:56+00:00","author":{"@id":"https:\/\/www.naturparkmagazin.de\/schwaebisch-fraenkischer-wald\/#\/schema\/person\/f047a3702ae747fd7830cf8ac95e6066"},"breadcrumb":{"@id":"https:\/\/www.naturparkmagazin.de\/schwaebisch-fraenkischer-wald\/naturschutz-im-naturpark-schwaebisch-fraenkischer-wald\/#breadcrumb"},"inLanguage":"de","potentialAction":[{"@type":"ReadAction","target":["https:\/\/www.naturparkmagazin.de\/schwaebisch-fraenkischer-wald\/naturschutz-im-naturpark-schwaebisch-fraenkischer-wald\/"]}]},{"@type":"BreadcrumbList","@id":"https:\/\/www.naturparkmagazin.de\/schwaebisch-fraenkischer-wald\/naturschutz-im-naturpark-schwaebisch-fraenkischer-wald\/#breadcrumb","itemListElement":[{"@type":"ListItem","position":1,"name":"Home","item":"https:\/\/www.naturparkmagazin.de\/schwaebisch-fraenkischer-wald\/"},{"@type":"ListItem","position":2,"name":"Naturschutz im Naturpark Schw\u00e4bisch-Fr\u00e4nkischer Wald"}]},{"@type":"WebSite","@id":"https:\/\/www.naturparkmagazin.de\/schwaebisch-fraenkischer-wald\/#website","url":"https:\/\/www.naturparkmagazin.de\/schwaebisch-fraenkischer-wald\/","name":"Naturpark Schw\u00e4bisch-Fr\u00e4nkischer Wald","description":"","potentialAction":[{"@type":"SearchAction","target":{"@type":"EntryPoint","urlTemplate":"https:\/\/www.naturparkmagazin.de\/schwaebisch-fraenkischer-wald\/?s={search_term_string}"},"query-input":"required name=search_term_string"}],"inLanguage":"de"},{"@type":"Person","@id":"https:\/\/www.naturparkmagazin.de\/schwaebisch-fraenkischer-wald\/#\/schema\/person\/f047a3702ae747fd7830cf8ac95e6066","name":"Naturpark-Team","sameAs":["http:\/\/www.naturpark-sfw.de","https:\/\/www.facebook.com\/naturparkSFW"],"url":"https:\/\/www.naturparkmagazin.de\/schwaebisch-fraenkischer-wald\/author\/bernharddrixler\/"}]}},"_links":{"self":[{"href":"https:\/\/www.naturparkmagazin.de\/schwaebisch-fraenkischer-wald\/wp-json\/wp\/v2\/posts\/9711"}],"collection":[{"href":"https:\/\/www.naturparkmagazin.de\/schwaebisch-fraenkischer-wald\/wp-json\/wp\/v2\/posts"}],"about":[{"href":"https:\/\/www.naturparkmagazin.de\/schwaebisch-fraenkischer-wald\/wp-json\/wp\/v2\/types\/post"}],"author":[{"embeddable":true,"href":"https:\/\/www.naturparkmagazin.de\/schwaebisch-fraenkischer-wald\/wp-json\/wp\/v2\/users\/25"}],"replies":[{"embeddable":true,"href":"https:\/\/www.naturparkmagazin.de\/schwaebisch-fraenkischer-wald\/wp-json\/wp\/v2\/comments?post=9711"}],"version-history":[{"count":6,"href":"https:\/\/www.naturparkmagazin.de\/schwaebisch-fraenkischer-wald\/wp-json\/wp\/v2\/posts\/9711\/revisions"}],"predecessor-version":[{"id":9727,"href":"https:\/\/www.naturparkmagazin.de\/schwaebisch-fraenkischer-wald\/wp-json\/wp\/v2\/posts\/9711\/revisions\/9727"}],"wp:featuredmedia":[{"embeddable":true,"href":"https:\/\/www.naturparkmagazin.de\/schwaebisch-fraenkischer-wald\/wp-json\/wp\/v2\/media\/9726"}],"wp:attachment":[{"href":"https:\/\/www.naturparkmagazin.de\/schwaebisch-fraenkischer-wald\/wp-json\/wp\/v2\/media?parent=9711"}],"wp:term":[{"taxonomy":"category","embeddable":true,"href":"https:\/\/www.naturparkmagazin.de\/schwaebisch-fraenkischer-wald\/wp-json\/wp\/v2\/categories?post=9711"},{"taxonomy":"post_tag","embeddable":true,"href":"https:\/\/www.naturparkmagazin.de\/schwaebisch-fraenkischer-wald\/wp-json\/wp\/v2\/tags?post=9711"}],"curies":[{"name":"wp","href":"https:\/\/api.w.org\/{rel}","templated":true}]}}