{"id":9946,"date":"2021-03-16T13:54:04","date_gmt":"2021-03-16T12:54:04","guid":{"rendered":"https:\/\/www.naturparkmagazin.de\/schwaebisch-fraenkischer-wald\/?p=9946"},"modified":"2021-03-22T11:32:02","modified_gmt":"2021-03-22T10:32:02","slug":"der-familienbetrieb-ziegler-als-direktvermarkter-stellt-sich-vor","status":"publish","type":"post","link":"https:\/\/www.naturparkmagazin.de\/schwaebisch-fraenkischer-wald\/der-familienbetrieb-ziegler-als-direktvermarkter-stellt-sich-vor\/","title":{"rendered":"Der Familienbetrieb Ziegler als Direktvermarkter stellt sich vor!"},"content":{"rendered":"<p>Im Naturparkgebiet gibt es viele <a href=\"https:\/\/www.naturpark-sfw.de\/geniessen\/direktvermarkter\/\">Direktvermarkter<\/a>, die uns mit eigenen und regionalen Produkten versorgen. Exemplarisch m\u00f6chten wir Ihnen den Familienbetrieb Ziegler aus Streich \/ Berglen vorstellen.<\/p>\n<div id=\"attachment_9955\" style=\"width: 508px\" class=\"wp-caption aligncenter\"><a href=\"https:\/\/www.naturparkmagazin.de\/schwaebisch-fraenkischer-wald\/wp-content\/uploads\/sites\/34\/210316_FamilieZiegler_Newsletter_500.jpg\"><img aria-describedby=\"caption-attachment-9955\" decoding=\"async\" loading=\"lazy\" class=\"size-full wp-image-9955\" src=\"https:\/\/www.naturparkmagazin.de\/schwaebisch-fraenkischer-wald\/wp-content\/uploads\/sites\/34\/210316_FamilieZiegler_Newsletter_500.jpg\" alt=\"\u00a9 S. Ziegler \" width=\"498\" height=\"319\" srcset=\"https:\/\/www.naturparkmagazin.de\/schwaebisch-fraenkischer-wald\/wp-content\/uploads\/sites\/34\/210316_FamilieZiegler_Newsletter_500.jpg 498w, https:\/\/www.naturparkmagazin.de\/schwaebisch-fraenkischer-wald\/wp-content\/uploads\/sites\/34\/210316_FamilieZiegler_Newsletter_500-300x192.jpg 300w, https:\/\/www.naturparkmagazin.de\/schwaebisch-fraenkischer-wald\/wp-content\/uploads\/sites\/34\/210316_FamilieZiegler_Newsletter_500-200x128.jpg 200w\" sizes=\"(max-width: 498px) 100vw, 498px\" \/><\/a><p id=\"caption-attachment-9955\" class=\"wp-caption-text\">\u00a9 S. Ziegler<\/p><\/div>\n<p><strong>Erz\u00e4hlen Sie doch bitte etwas \u00fcber ihren Betrieb, wie gro\u00df ist er und was macht ihn aus?<\/strong><\/p>\n<p>Wir sind ein landwirtschaftlicher Familienbetrieb mit ca. 100 Tieren, davon \u00fcberwiegend Rinder, mit Kartoffel- und Obstbau. Wir vermarkten unsere Tiere, die Kartoffeln und das Obst direkt \u00fcber unseren Hofladen und \u00fcber den Wochenmarkt in Stuttgart. Eine Brennerei wird ebenfalls betrieben, in der wir unser Obst aus unseren Streuobstwiesen verarbeiten. Aus diesem Obst wird auch unser bekannter Most hergestellt und auch unser Saft. Das Obst wird von uns noch von Hand aufgelesen, damit nur die besten Fr\u00fcchte verwendet werden. Darauf legen wir gro\u00dfen Wert! Unsere Tiere schlachten wir direkt auf dem Hof in unserem neu modernisierten Schlachthaus, so erleiden die Tiere keinen Stress bei der Schlachtung. Die Wurstwaren, die verkauft werden, sind alle aus eigener Herstellung, es wird nichts zugekauft. Alle Tiere, au\u00dfer den Bullen, sind den Sommer \u00fcber auf der Weide. Im Hofladen, der freitags und samstags ge\u00f6ffnet hat, werden au\u00dfer den eigenen Produkten vorwiegend regionale Produkte verkauft, z.B. Joghurt aus Neckarrems, Gem\u00fcse aus den Berglen und dem Remstal, Linsen von Plochingen, Honig aus dem Welzheimer Wald. Dem Hofladen ist auch eine kleine Gastst\u00e4tte angeschlossen, in der man freitags in Nicht-Corona-Zeiten auch Mittagessen oder einen selbstgebackenen Kuchen genie\u00dfen kann. Es werden w\u00f6chentlich wechselnde Gerichte angeboten, die auch gerne abgeholt werden k\u00f6nnen. Ein Partyservice wird ebenfalls angeboten. Der Wochenmarkt in Stuttgart, der Ursprung unserer Direktvermarktung, wird bereits seit 50 Jahren beschickt. Das Sortiment hat sich seither \u00a0stark erweitert. Unser Angebot wird durch das Hobby von Tochter Sabrina Ziegler abgerundet. Sie bietet mit ihren vier Schwarzw\u00e4lder F\u00fcchsen Planwagenfahrten in der Umgebung an, die individuell gebucht werden k\u00f6nnen. Mehr dazu auf unserer <a href=\"https:\/\/www.hofladen-ziegler.de\/ueber-uns--69676224-de.html\">Homepage<\/a>.<\/p>\n<p><strong>Ist es ein Familienbetrieb? In welcher Generation wird die Landwirtschaft bereits gef\u00fchrt? <\/strong><\/p>\n<p>Die Landwirtschaft wird bereits in dritter Generation auf dieser Betriebsstelle gef\u00fchrt. Davor war in der Ortsmitte ebenfalls eine kleine Landwirtschaft vorhanden. Die drei Geschwister, die 2019 den Betrieb gemeinsam \u00fcbernommen haben, teilen sich die F\u00fchrung auf. Christoph Ziegler ist f\u00fcr die Metzgerei zust\u00e4ndig, Jochen f\u00fcr den Wochenmarkt und das Obst, Sabrina f\u00fcr den Hofladen und die B\u00fcroarbeiten. Die Tiere und die sonstigen landwirtschaftlichen T\u00e4tigkeiten werden gemeinsam ausgef\u00fchrt.<\/p>\n<p><strong>Sie haben einen gro\u00dfen Hofladen mit vielen verschiedenen Produkten, seit wann gibt es diesen? Mit welchen Produkten haben Sie gestartet und welche Produkte haben Sie jetzt? <\/strong><\/p>\n<p>2015 wurde unser Hofladen er\u00f6ffnet, der so gar nicht geplant war. Die Grundidee war eine Verkaufsm\u00f6glichkeit f\u00fcr unsere Destillate. Entstanden ist daraus ein Hofladen mit einem breiten Sortiment an Produkten. Zuerst wurden in einer kleinen Wursttheke verschiedene Wurstwaren, wie Rote W\u00fcrste, Portionsw\u00fcrste, Maultaschen angeboten. Frisches selbstgebackenes Brot haben wir auch in das Sortiment aufgenommen. Obst und Gem\u00fcse waren von Anfang an dabei, nat\u00fcrlich auch unsere Destillate.<\/p>\n<p>Durch den sehr guten Anklang bei unseren Kunden und der Nachfragen nach immer mehr Produkten aus der Metzgerei, wie z.B. Kochschinken, Wurstaufschnitt, Salami, sowie ein breiteres Sortiment an Fleischst\u00fccken, haben wir uns entschlossen nach kurzer Zeit bereits den Verkaufsbereich\u00a0auszubauen , damit das Angebot an unsere Kunden vergr\u00f6\u00dfert werden kann. Neu in unser Sortiment aufgenommen haben wir Joghurt und K\u00e4se.<\/p>\n<p><strong>Wie erleben landwirtschaftliche Direktvermarkter die derzeitige Corona-Krise? <\/strong><\/p>\n<p>Die Corona-Krise hat sich f\u00fcr uns im Bereich Hofladen positiv ausgewirkt, da das Interesse an regionalen Produkten gestiegen ist. Im Bereich Gastronomie und Partyservice ist nat\u00fcrlich ein starker R\u00fcckgang zu verzeichnen, wobei das Angebot zur Abholung von Mittagessen und Kuchen gerne angenommen wird.<\/p>\n<p>Weitere <a href=\"https:\/\/www.naturpark-sfw.de\/geniessen\/direktvermarkter\/\">Direktvermarkter<\/a> aus dem Naturparkgebiet finden Sie auf unserer <a href=\"https:\/\/www.naturpark-sfw.de\/geniessen\/direktvermarkter\/\">Naturpark-Homepage<\/a>.<\/p>\n<p>&nbsp;<\/p>\n","protected":false},"excerpt":{"rendered":"<p>Im Naturparkgebiet gibt es viele Direktvermarkter, die uns mit eigenen und regionalen Produkten versorgen. Exemplarisch m\u00f6chten wir Ihnen den Familienbetrieb Ziegler aus Streich \/ Berglen vorstellen. <\/p>\n","protected":false},"author":25,"featured_media":9954,"comment_status":"open","ping_status":"open","sticky":false,"template":"","format":"standard","meta":[],"categories":[7],"tags":[],"yoast_head":"<!-- This site is optimized with the Yoast SEO plugin v19.10 - https:\/\/yoast.com\/wordpress\/plugins\/seo\/ -->\n<title>Der Familienbetrieb Ziegler als Direktvermarkter stellt sich vor! - Naturpark Schw\u00e4bisch-Fr\u00e4nkischer Wald<\/title>\n<meta name=\"robots\" content=\"index, follow, max-snippet:-1, max-image-preview:large, max-video-preview:-1\" \/>\n<link rel=\"canonical\" href=\"https:\/\/www.naturparkmagazin.de\/schwaebisch-fraenkischer-wald\/der-familienbetrieb-ziegler-als-direktvermarkter-stellt-sich-vor\/\" \/>\n<meta property=\"og:locale\" content=\"de_DE\" \/>\n<meta property=\"og:type\" content=\"article\" \/>\n<meta property=\"og:title\" content=\"Der Familienbetrieb Ziegler als Direktvermarkter stellt sich vor! - Naturpark Schw\u00e4bisch-Fr\u00e4nkischer Wald\" \/>\n<meta property=\"og:description\" content=\"Im Naturparkgebiet gibt es viele Direktvermarkter, die uns mit eigenen und regionalen Produkten versorgen. Exemplarisch m\u00f6chten wir Ihnen den Familienbetrieb Ziegler aus Streich \/ Berglen vorstellen.\" \/>\n<meta property=\"og:url\" content=\"https:\/\/www.naturparkmagazin.de\/schwaebisch-fraenkischer-wald\/der-familienbetrieb-ziegler-als-direktvermarkter-stellt-sich-vor\/\" \/>\n<meta property=\"og:site_name\" content=\"Naturpark Schw\u00e4bisch-Fr\u00e4nkischer Wald\" \/>\n<meta property=\"article:author\" content=\"https:\/\/www.facebook.com\/naturparkSFW\" \/>\n<meta property=\"article:published_time\" content=\"2021-03-16T12:54:04+00:00\" \/>\n<meta property=\"article:modified_time\" content=\"2021-03-22T10:32:02+00:00\" \/>\n<meta property=\"og:image\" content=\"https:\/\/www.naturparkmagazin.de\/schwaebisch-fraenkischer-wald\/wp-content\/uploads\/sites\/34\/210316_FamilieZiegler_Newsletter_200.jpg\" \/>\n\t<meta property=\"og:image:width\" content=\"200\" \/>\n\t<meta property=\"og:image:height\" content=\"200\" \/>\n\t<meta property=\"og:image:type\" content=\"image\/jpeg\" \/>\n<meta name=\"author\" content=\"Naturpark-Team\" \/>\n<meta name=\"twitter:label1\" content=\"Verfasst von\" \/>\n\t<meta name=\"twitter:data1\" content=\"Naturpark-Team\" \/>\n\t<meta name=\"twitter:label2\" content=\"Gesch\u00e4tzte Lesezeit\" \/>\n\t<meta name=\"twitter:data2\" content=\"3\u00a0Minuten\" \/>\n<script type=\"application\/ld+json\" class=\"yoast-schema-graph\">{\"@context\":\"https:\/\/schema.org\",\"@graph\":[{\"@type\":\"WebPage\",\"@id\":\"https:\/\/www.naturparkmagazin.de\/schwaebisch-fraenkischer-wald\/der-familienbetrieb-ziegler-als-direktvermarkter-stellt-sich-vor\/\",\"url\":\"https:\/\/www.naturparkmagazin.de\/schwaebisch-fraenkischer-wald\/der-familienbetrieb-ziegler-als-direktvermarkter-stellt-sich-vor\/\",\"name\":\"Der Familienbetrieb Ziegler als Direktvermarkter stellt sich vor! - Naturpark Schw\u00e4bisch-Fr\u00e4nkischer Wald\",\"isPartOf\":{\"@id\":\"https:\/\/www.naturparkmagazin.de\/schwaebisch-fraenkischer-wald\/#website\"},\"datePublished\":\"2021-03-16T12:54:04+00:00\",\"dateModified\":\"2021-03-22T10:32:02+00:00\",\"author\":{\"@id\":\"https:\/\/www.naturparkmagazin.de\/schwaebisch-fraenkischer-wald\/#\/schema\/person\/f047a3702ae747fd7830cf8ac95e6066\"},\"breadcrumb\":{\"@id\":\"https:\/\/www.naturparkmagazin.de\/schwaebisch-fraenkischer-wald\/der-familienbetrieb-ziegler-als-direktvermarkter-stellt-sich-vor\/#breadcrumb\"},\"inLanguage\":\"de\",\"potentialAction\":[{\"@type\":\"ReadAction\",\"target\":[\"https:\/\/www.naturparkmagazin.de\/schwaebisch-fraenkischer-wald\/der-familienbetrieb-ziegler-als-direktvermarkter-stellt-sich-vor\/\"]}]},{\"@type\":\"BreadcrumbList\",\"@id\":\"https:\/\/www.naturparkmagazin.de\/schwaebisch-fraenkischer-wald\/der-familienbetrieb-ziegler-als-direktvermarkter-stellt-sich-vor\/#breadcrumb\",\"itemListElement\":[{\"@type\":\"ListItem\",\"position\":1,\"name\":\"Home\",\"item\":\"https:\/\/www.naturparkmagazin.de\/schwaebisch-fraenkischer-wald\/\"},{\"@type\":\"ListItem\",\"position\":2,\"name\":\"Der Familienbetrieb Ziegler als Direktvermarkter stellt sich vor!\"}]},{\"@type\":\"WebSite\",\"@id\":\"https:\/\/www.naturparkmagazin.de\/schwaebisch-fraenkischer-wald\/#website\",\"url\":\"https:\/\/www.naturparkmagazin.de\/schwaebisch-fraenkischer-wald\/\",\"name\":\"Naturpark Schw\u00e4bisch-Fr\u00e4nkischer Wald\",\"description\":\"\",\"potentialAction\":[{\"@type\":\"SearchAction\",\"target\":{\"@type\":\"EntryPoint\",\"urlTemplate\":\"https:\/\/www.naturparkmagazin.de\/schwaebisch-fraenkischer-wald\/?s={search_term_string}\"},\"query-input\":\"required name=search_term_string\"}],\"inLanguage\":\"de\"},{\"@type\":\"Person\",\"@id\":\"https:\/\/www.naturparkmagazin.de\/schwaebisch-fraenkischer-wald\/#\/schema\/person\/f047a3702ae747fd7830cf8ac95e6066\",\"name\":\"Naturpark-Team\",\"sameAs\":[\"http:\/\/www.naturpark-sfw.de\",\"https:\/\/www.facebook.com\/naturparkSFW\"],\"url\":\"https:\/\/www.naturparkmagazin.de\/schwaebisch-fraenkischer-wald\/author\/bernharddrixler\/\"}]}<\/script>\n<!-- \/ Yoast SEO plugin. -->","yoast_head_json":{"title":"Der Familienbetrieb Ziegler als Direktvermarkter stellt sich vor! - Naturpark Schw\u00e4bisch-Fr\u00e4nkischer Wald","robots":{"index":"index","follow":"follow","max-snippet":"max-snippet:-1","max-image-preview":"max-image-preview:large","max-video-preview":"max-video-preview:-1"},"canonical":"https:\/\/www.naturparkmagazin.de\/schwaebisch-fraenkischer-wald\/der-familienbetrieb-ziegler-als-direktvermarkter-stellt-sich-vor\/","og_locale":"de_DE","og_type":"article","og_title":"Der Familienbetrieb Ziegler als Direktvermarkter stellt sich vor! - Naturpark Schw\u00e4bisch-Fr\u00e4nkischer Wald","og_description":"Im Naturparkgebiet gibt es viele Direktvermarkter, die uns mit eigenen und regionalen Produkten versorgen. Exemplarisch m\u00f6chten wir Ihnen den Familienbetrieb Ziegler aus Streich \/ Berglen vorstellen.","og_url":"https:\/\/www.naturparkmagazin.de\/schwaebisch-fraenkischer-wald\/der-familienbetrieb-ziegler-als-direktvermarkter-stellt-sich-vor\/","og_site_name":"Naturpark Schw\u00e4bisch-Fr\u00e4nkischer Wald","article_author":"https:\/\/www.facebook.com\/naturparkSFW","article_published_time":"2021-03-16T12:54:04+00:00","article_modified_time":"2021-03-22T10:32:02+00:00","og_image":[{"width":200,"height":200,"url":"https:\/\/www.naturparkmagazin.de\/schwaebisch-fraenkischer-wald\/wp-content\/uploads\/sites\/34\/210316_FamilieZiegler_Newsletter_200.jpg","type":"image\/jpeg"}],"author":"Naturpark-Team","twitter_misc":{"Verfasst von":"Naturpark-Team","Gesch\u00e4tzte Lesezeit":"3\u00a0Minuten"},"schema":{"@context":"https:\/\/schema.org","@graph":[{"@type":"WebPage","@id":"https:\/\/www.naturparkmagazin.de\/schwaebisch-fraenkischer-wald\/der-familienbetrieb-ziegler-als-direktvermarkter-stellt-sich-vor\/","url":"https:\/\/www.naturparkmagazin.de\/schwaebisch-fraenkischer-wald\/der-familienbetrieb-ziegler-als-direktvermarkter-stellt-sich-vor\/","name":"Der Familienbetrieb Ziegler als Direktvermarkter stellt sich vor! - Naturpark Schw\u00e4bisch-Fr\u00e4nkischer Wald","isPartOf":{"@id":"https:\/\/www.naturparkmagazin.de\/schwaebisch-fraenkischer-wald\/#website"},"datePublished":"2021-03-16T12:54:04+00:00","dateModified":"2021-03-22T10:32:02+00:00","author":{"@id":"https:\/\/www.naturparkmagazin.de\/schwaebisch-fraenkischer-wald\/#\/schema\/person\/f047a3702ae747fd7830cf8ac95e6066"},"breadcrumb":{"@id":"https:\/\/www.naturparkmagazin.de\/schwaebisch-fraenkischer-wald\/der-familienbetrieb-ziegler-als-direktvermarkter-stellt-sich-vor\/#breadcrumb"},"inLanguage":"de","potentialAction":[{"@type":"ReadAction","target":["https:\/\/www.naturparkmagazin.de\/schwaebisch-fraenkischer-wald\/der-familienbetrieb-ziegler-als-direktvermarkter-stellt-sich-vor\/"]}]},{"@type":"BreadcrumbList","@id":"https:\/\/www.naturparkmagazin.de\/schwaebisch-fraenkischer-wald\/der-familienbetrieb-ziegler-als-direktvermarkter-stellt-sich-vor\/#breadcrumb","itemListElement":[{"@type":"ListItem","position":1,"name":"Home","item":"https:\/\/www.naturparkmagazin.de\/schwaebisch-fraenkischer-wald\/"},{"@type":"ListItem","position":2,"name":"Der Familienbetrieb Ziegler als Direktvermarkter stellt sich vor!"}]},{"@type":"WebSite","@id":"https:\/\/www.naturparkmagazin.de\/schwaebisch-fraenkischer-wald\/#website","url":"https:\/\/www.naturparkmagazin.de\/schwaebisch-fraenkischer-wald\/","name":"Naturpark Schw\u00e4bisch-Fr\u00e4nkischer Wald","description":"","potentialAction":[{"@type":"SearchAction","target":{"@type":"EntryPoint","urlTemplate":"https:\/\/www.naturparkmagazin.de\/schwaebisch-fraenkischer-wald\/?s={search_term_string}"},"query-input":"required name=search_term_string"}],"inLanguage":"de"},{"@type":"Person","@id":"https:\/\/www.naturparkmagazin.de\/schwaebisch-fraenkischer-wald\/#\/schema\/person\/f047a3702ae747fd7830cf8ac95e6066","name":"Naturpark-Team","sameAs":["http:\/\/www.naturpark-sfw.de","https:\/\/www.facebook.com\/naturparkSFW"],"url":"https:\/\/www.naturparkmagazin.de\/schwaebisch-fraenkischer-wald\/author\/bernharddrixler\/"}]}},"_links":{"self":[{"href":"https:\/\/www.naturparkmagazin.de\/schwaebisch-fraenkischer-wald\/wp-json\/wp\/v2\/posts\/9946"}],"collection":[{"href":"https:\/\/www.naturparkmagazin.de\/schwaebisch-fraenkischer-wald\/wp-json\/wp\/v2\/posts"}],"about":[{"href":"https:\/\/www.naturparkmagazin.de\/schwaebisch-fraenkischer-wald\/wp-json\/wp\/v2\/types\/post"}],"author":[{"embeddable":true,"href":"https:\/\/www.naturparkmagazin.de\/schwaebisch-fraenkischer-wald\/wp-json\/wp\/v2\/users\/25"}],"replies":[{"embeddable":true,"href":"https:\/\/www.naturparkmagazin.de\/schwaebisch-fraenkischer-wald\/wp-json\/wp\/v2\/comments?post=9946"}],"version-history":[{"count":3,"href":"https:\/\/www.naturparkmagazin.de\/schwaebisch-fraenkischer-wald\/wp-json\/wp\/v2\/posts\/9946\/revisions"}],"predecessor-version":[{"id":10008,"href":"https:\/\/www.naturparkmagazin.de\/schwaebisch-fraenkischer-wald\/wp-json\/wp\/v2\/posts\/9946\/revisions\/10008"}],"wp:featuredmedia":[{"embeddable":true,"href":"https:\/\/www.naturparkmagazin.de\/schwaebisch-fraenkischer-wald\/wp-json\/wp\/v2\/media\/9954"}],"wp:attachment":[{"href":"https:\/\/www.naturparkmagazin.de\/schwaebisch-fraenkischer-wald\/wp-json\/wp\/v2\/media?parent=9946"}],"wp:term":[{"taxonomy":"category","embeddable":true,"href":"https:\/\/www.naturparkmagazin.de\/schwaebisch-fraenkischer-wald\/wp-json\/wp\/v2\/categories?post=9946"},{"taxonomy":"post_tag","embeddable":true,"href":"https:\/\/www.naturparkmagazin.de\/schwaebisch-fraenkischer-wald\/wp-json\/wp\/v2\/tags?post=9946"}],"curies":[{"name":"wp","href":"https:\/\/api.w.org\/{rel}","templated":true}]}}