{"id":9957,"date":"2021-03-16T13:58:35","date_gmt":"2021-03-16T12:58:35","guid":{"rendered":"https:\/\/www.naturparkmagazin.de\/schwaebisch-fraenkischer-wald\/?p=9957"},"modified":"2021-03-22T11:47:50","modified_gmt":"2021-03-22T10:47:50","slug":"geschaeftsfuehrer-bernhard-drixler-geht-in-unruhestand","status":"publish","type":"post","link":"https:\/\/www.naturparkmagazin.de\/schwaebisch-fraenkischer-wald\/geschaeftsfuehrer-bernhard-drixler-geht-in-unruhestand\/","title":{"rendered":"Gesch\u00e4ftsf\u00fchrer Bernhard Drixler geht in (Un)Ruhestand"},"content":{"rendered":"<div id=\"attachment_9980\" style=\"width: 510px\" class=\"wp-caption aligncenter\"><a href=\"https:\/\/www.naturparkmagazin.de\/schwaebisch-fraenkischer-wald\/wp-content\/uploads\/sites\/34\/190920_VDN02_Freitag_Sanwald_Monika_Drixler_500.jpg\"><img aria-describedby=\"caption-attachment-9980\" decoding=\"async\" loading=\"lazy\" class=\"size-full wp-image-9980\" src=\"https:\/\/www.naturparkmagazin.de\/schwaebisch-fraenkischer-wald\/wp-content\/uploads\/sites\/34\/190920_VDN02_Freitag_Sanwald_Monika_Drixler_500.jpg\" alt=\"\u00a9 M. Sanwald\" width=\"500\" height=\"333\" srcset=\"https:\/\/www.naturparkmagazin.de\/schwaebisch-fraenkischer-wald\/wp-content\/uploads\/sites\/34\/190920_VDN02_Freitag_Sanwald_Monika_Drixler_500.jpg 500w, https:\/\/www.naturparkmagazin.de\/schwaebisch-fraenkischer-wald\/wp-content\/uploads\/sites\/34\/190920_VDN02_Freitag_Sanwald_Monika_Drixler_500-300x200.jpg 300w, https:\/\/www.naturparkmagazin.de\/schwaebisch-fraenkischer-wald\/wp-content\/uploads\/sites\/34\/190920_VDN02_Freitag_Sanwald_Monika_Drixler_500-200x133.jpg 200w\" sizes=\"(max-width: 500px) 100vw, 500px\" \/><\/a><p id=\"caption-attachment-9980\" class=\"wp-caption-text\">\u00a9 M. Sanwald<\/p><\/div>\n<p>Zum 1. April 2021 verabschieden wir unseren Gesch\u00e4ftsf\u00fchrer und Wegbegleiter Bernhard Drixler nach 26 Jahren erfolgreicher Naturparkarbeit. Zum 1. April 1995 trat er in Mainhardt-M\u00f6nchsberg als Gesch\u00e4ftsf\u00fchrer des Naturparkvereins an. Neun Jahre lang leitet und arbeitet er im alten Forsthaus alleine ohne Mitarbeiter*innen auf der Gesch\u00e4ftsstelle. Zu dieser Zeit war er haupts\u00e4chlich zust\u00e4ndig f\u00fcr die F\u00f6rderung regionaler Projekte, die Herausgabe von Imagebrosch\u00fcren des Naturparks sowie f\u00fcr die Erstellung des j\u00e4hrlichen Ma\u00dfnahmenprogramms. In den 26 Jahren Amtszeit vergr\u00f6\u00dferte sich das Naturparkgebiet von 900 km\u00b2 mit 37 Mitgliedsgemeinden auf 1.270 km\u00b2 und 48 Gemeinden in 6 Landkreisen. Nicht nur das Gebiet vergr\u00f6\u00dferte sich, auch die Aufgaben und Zust\u00e4ndigkeiten nahmen deutlich zu.<\/p>\n<p>Wer Bernhard Drixler kennt, wei\u00df, die Position als Gesch\u00e4ftsf\u00fchrer des Naturparks war f\u00fcr ihn nicht nur ein Beruf, sondern Berufung! Mit viel Herzblut begleitete und initiierte er langj\u00e4hrige Projekte und Veranstaltungen f\u00fcr den Naturpark. F\u00fcr dessen Erhalt, Schutz und Weiterentwicklung in den Bereichen Biodiversit\u00e4t, Regionalentwicklung, nachhaltige Umweltbildung und nachhaltiger Tourismus. Drixler ist heimisch im Gebiet und das merkt man, er setzt sich f\u00fcr die Belange der ca. 170.000 Menschen die im Naturpark leben und arbeiten ein. Sein Motto: \u201eDienstleister f\u00fcr die Menschen im Naturpark\u201c zu sein.<\/p>\n<p>Beeindruckend ist das gro\u00dfe Netzwerk mit vielen verschieden Akteuren, wie Mitglieder, Naturschutz-Verb\u00e4nden, Gastronomieanbietende, Direktvermarkter und vielen mehr. Dies gew\u00e4hrleistet eine gute und enge Zusammenarbeit innerhalb der Gebietskulisse, aber auch Baden-W\u00fcrttemberg weit mit den weiteren sechs Naturparken wird ein enger Austausch gepflegt. Dazu kommt die deutschlandweite Zusammenarbeit mit dem Verband Deutscher Naturparke, wo er als Mitglied im Vorstand und im Bundesbeirat 10 Jahre t\u00e4tig war. Kommunikation im Team und mit beteiligten Partnern ist f\u00fcr ihn der Schl\u00fcssel einer erfolgreichen Naturparkarbeit.\u00a0Er initiierte, begleitete und unterst\u00fctzte gro\u00dfe Veranstaltungen \u201ef\u00fcr ALLE\u201c Menschen im Naturpark. Teilhabe und Barrierefreiheit waren stets wichtige Themen f\u00fcr Bernhard Drixler. J\u00e4hrliche Veranstaltungen und Formate wie \u201eEbnisee f\u00fcr Alle\u201c, \u201eNaturerlebniscamp W\u00fcstenrot\u201c, \u201eGaildorf chillt\u201c oder \u201eInklusive Wanderbotschafter\u201c spiegeln sein Engagement in diesem Bereich. Sein Ziel war es immer, in allen 48 Naturpark-Gemeinden barrierefreie Routen zu erstellen.<\/p>\n<p>Die f\u00fcr\u00a0Bernhard Drixler gr\u00f6\u00dfte Errungenschaft ist wohl die Ausbildung und Zertifizierung der Naturparkf\u00fchrer (2007 und 2015), die das gesamte Jahr spannende und lehrreiche Veranstaltungen im gesamten Naturparkgebiet anbieten. Auf der Naturparkgesch\u00e4ftsstelle in Murrhardt begleitete er seit 2004 viele Mitarbeiter*innen und Praktikant*innen mit einem stets offenen Ohr. Sein langj\u00e4hrig angeeignetes Wissen gibt er an\u00a0das Team mit Ruhe und hoher Kompetenz weiter. Die erfolgreiche und zukunftsf\u00e4hige Entwicklung des Naturparks ist von Bernhard Drixler durch seine 26j\u00e4hrige Dienstzeit gepr\u00e4gt, daher ist und bleibt ein wichtiger Teil des Naturparks und geh\u00f6rt sozusagen zum Naturpark-Inventar!<\/p>\n<p>Wir bedanken uns im Namen des gesamten Naturparks bei ihm f\u00fcr seine langj\u00e4hrige und stets engagierte Einstellung und Arbeitsweise und w\u00fcnschen ihm f\u00fcr seinen (Un)Ruhestand alles Gute, eine gute Gesundheit und weiterhin viele einzigartige Naturpark-Erlebnisse.<\/p>\n","protected":false},"excerpt":{"rendered":"<p>Zum 1. April 2021 verabschieden wir unseren Gesch\u00e4ftsf\u00fchrer und Wegbegleiter Bernhard Drixler nach 26 Jahren erfolgreicher Naturparkarbeit. <\/p>\n","protected":false},"author":25,"featured_media":9979,"comment_status":"open","ping_status":"open","sticky":false,"template":"","format":"standard","meta":[],"categories":[8],"tags":[],"yoast_head":"<!-- This site is optimized with the Yoast SEO plugin v19.10 - https:\/\/yoast.com\/wordpress\/plugins\/seo\/ -->\n<title>Gesch\u00e4ftsf\u00fchrer Bernhard Drixler geht in (Un)Ruhestand - Naturpark Schw\u00e4bisch-Fr\u00e4nkischer Wald<\/title>\n<meta name=\"robots\" content=\"index, follow, max-snippet:-1, max-image-preview:large, max-video-preview:-1\" \/>\n<link rel=\"canonical\" href=\"https:\/\/www.naturparkmagazin.de\/schwaebisch-fraenkischer-wald\/geschaeftsfuehrer-bernhard-drixler-geht-in-unruhestand\/\" \/>\n<meta property=\"og:locale\" content=\"de_DE\" \/>\n<meta property=\"og:type\" content=\"article\" \/>\n<meta property=\"og:title\" content=\"Gesch\u00e4ftsf\u00fchrer Bernhard Drixler geht in (Un)Ruhestand - Naturpark Schw\u00e4bisch-Fr\u00e4nkischer Wald\" \/>\n<meta property=\"og:description\" content=\"Zum 1. April 2021 verabschieden wir unseren Gesch\u00e4ftsf\u00fchrer und Wegbegleiter Bernhard Drixler nach 26 Jahren erfolgreicher Naturparkarbeit.\" \/>\n<meta property=\"og:url\" content=\"https:\/\/www.naturparkmagazin.de\/schwaebisch-fraenkischer-wald\/geschaeftsfuehrer-bernhard-drixler-geht-in-unruhestand\/\" \/>\n<meta property=\"og:site_name\" content=\"Naturpark Schw\u00e4bisch-Fr\u00e4nkischer Wald\" \/>\n<meta property=\"article:author\" content=\"https:\/\/www.facebook.com\/naturparkSFW\" \/>\n<meta property=\"article:published_time\" content=\"2021-03-16T12:58:35+00:00\" \/>\n<meta property=\"article:modified_time\" content=\"2021-03-22T10:47:50+00:00\" \/>\n<meta property=\"og:image\" content=\"https:\/\/www.naturparkmagazin.de\/schwaebisch-fraenkischer-wald\/wp-content\/uploads\/sites\/34\/190920_Sanwald_Monilka_NaturparkarchivSFW_Drixlerk200.jpg\" \/>\n\t<meta property=\"og:image:width\" content=\"218\" \/>\n\t<meta property=\"og:image:height\" content=\"200\" \/>\n\t<meta property=\"og:image:type\" content=\"image\/jpeg\" \/>\n<meta name=\"author\" content=\"Naturpark-Team\" \/>\n<meta name=\"twitter:label1\" content=\"Verfasst von\" \/>\n\t<meta name=\"twitter:data1\" content=\"Naturpark-Team\" \/>\n\t<meta name=\"twitter:label2\" content=\"Gesch\u00e4tzte Lesezeit\" \/>\n\t<meta name=\"twitter:data2\" content=\"3\u00a0Minuten\" \/>\n<script type=\"application\/ld+json\" class=\"yoast-schema-graph\">{\"@context\":\"https:\/\/schema.org\",\"@graph\":[{\"@type\":\"WebPage\",\"@id\":\"https:\/\/www.naturparkmagazin.de\/schwaebisch-fraenkischer-wald\/geschaeftsfuehrer-bernhard-drixler-geht-in-unruhestand\/\",\"url\":\"https:\/\/www.naturparkmagazin.de\/schwaebisch-fraenkischer-wald\/geschaeftsfuehrer-bernhard-drixler-geht-in-unruhestand\/\",\"name\":\"Gesch\u00e4ftsf\u00fchrer Bernhard Drixler geht in (Un)Ruhestand - Naturpark Schw\u00e4bisch-Fr\u00e4nkischer Wald\",\"isPartOf\":{\"@id\":\"https:\/\/www.naturparkmagazin.de\/schwaebisch-fraenkischer-wald\/#website\"},\"datePublished\":\"2021-03-16T12:58:35+00:00\",\"dateModified\":\"2021-03-22T10:47:50+00:00\",\"author\":{\"@id\":\"https:\/\/www.naturparkmagazin.de\/schwaebisch-fraenkischer-wald\/#\/schema\/person\/f047a3702ae747fd7830cf8ac95e6066\"},\"breadcrumb\":{\"@id\":\"https:\/\/www.naturparkmagazin.de\/schwaebisch-fraenkischer-wald\/geschaeftsfuehrer-bernhard-drixler-geht-in-unruhestand\/#breadcrumb\"},\"inLanguage\":\"de\",\"potentialAction\":[{\"@type\":\"ReadAction\",\"target\":[\"https:\/\/www.naturparkmagazin.de\/schwaebisch-fraenkischer-wald\/geschaeftsfuehrer-bernhard-drixler-geht-in-unruhestand\/\"]}]},{\"@type\":\"BreadcrumbList\",\"@id\":\"https:\/\/www.naturparkmagazin.de\/schwaebisch-fraenkischer-wald\/geschaeftsfuehrer-bernhard-drixler-geht-in-unruhestand\/#breadcrumb\",\"itemListElement\":[{\"@type\":\"ListItem\",\"position\":1,\"name\":\"Home\",\"item\":\"https:\/\/www.naturparkmagazin.de\/schwaebisch-fraenkischer-wald\/\"},{\"@type\":\"ListItem\",\"position\":2,\"name\":\"Gesch\u00e4ftsf\u00fchrer Bernhard Drixler geht in (Un)Ruhestand\"}]},{\"@type\":\"WebSite\",\"@id\":\"https:\/\/www.naturparkmagazin.de\/schwaebisch-fraenkischer-wald\/#website\",\"url\":\"https:\/\/www.naturparkmagazin.de\/schwaebisch-fraenkischer-wald\/\",\"name\":\"Naturpark Schw\u00e4bisch-Fr\u00e4nkischer Wald\",\"description\":\"\",\"potentialAction\":[{\"@type\":\"SearchAction\",\"target\":{\"@type\":\"EntryPoint\",\"urlTemplate\":\"https:\/\/www.naturparkmagazin.de\/schwaebisch-fraenkischer-wald\/?s={search_term_string}\"},\"query-input\":\"required name=search_term_string\"}],\"inLanguage\":\"de\"},{\"@type\":\"Person\",\"@id\":\"https:\/\/www.naturparkmagazin.de\/schwaebisch-fraenkischer-wald\/#\/schema\/person\/f047a3702ae747fd7830cf8ac95e6066\",\"name\":\"Naturpark-Team\",\"sameAs\":[\"http:\/\/www.naturpark-sfw.de\",\"https:\/\/www.facebook.com\/naturparkSFW\"],\"url\":\"https:\/\/www.naturparkmagazin.de\/schwaebisch-fraenkischer-wald\/author\/bernharddrixler\/\"}]}<\/script>\n<!-- \/ Yoast SEO plugin. -->","yoast_head_json":{"title":"Gesch\u00e4ftsf\u00fchrer Bernhard Drixler geht in (Un)Ruhestand - Naturpark Schw\u00e4bisch-Fr\u00e4nkischer Wald","robots":{"index":"index","follow":"follow","max-snippet":"max-snippet:-1","max-image-preview":"max-image-preview:large","max-video-preview":"max-video-preview:-1"},"canonical":"https:\/\/www.naturparkmagazin.de\/schwaebisch-fraenkischer-wald\/geschaeftsfuehrer-bernhard-drixler-geht-in-unruhestand\/","og_locale":"de_DE","og_type":"article","og_title":"Gesch\u00e4ftsf\u00fchrer Bernhard Drixler geht in (Un)Ruhestand - Naturpark Schw\u00e4bisch-Fr\u00e4nkischer Wald","og_description":"Zum 1. April 2021 verabschieden wir unseren Gesch\u00e4ftsf\u00fchrer und Wegbegleiter Bernhard Drixler nach 26 Jahren erfolgreicher Naturparkarbeit.","og_url":"https:\/\/www.naturparkmagazin.de\/schwaebisch-fraenkischer-wald\/geschaeftsfuehrer-bernhard-drixler-geht-in-unruhestand\/","og_site_name":"Naturpark Schw\u00e4bisch-Fr\u00e4nkischer Wald","article_author":"https:\/\/www.facebook.com\/naturparkSFW","article_published_time":"2021-03-16T12:58:35+00:00","article_modified_time":"2021-03-22T10:47:50+00:00","og_image":[{"width":218,"height":200,"url":"https:\/\/www.naturparkmagazin.de\/schwaebisch-fraenkischer-wald\/wp-content\/uploads\/sites\/34\/190920_Sanwald_Monilka_NaturparkarchivSFW_Drixlerk200.jpg","type":"image\/jpeg"}],"author":"Naturpark-Team","twitter_misc":{"Verfasst von":"Naturpark-Team","Gesch\u00e4tzte Lesezeit":"3\u00a0Minuten"},"schema":{"@context":"https:\/\/schema.org","@graph":[{"@type":"WebPage","@id":"https:\/\/www.naturparkmagazin.de\/schwaebisch-fraenkischer-wald\/geschaeftsfuehrer-bernhard-drixler-geht-in-unruhestand\/","url":"https:\/\/www.naturparkmagazin.de\/schwaebisch-fraenkischer-wald\/geschaeftsfuehrer-bernhard-drixler-geht-in-unruhestand\/","name":"Gesch\u00e4ftsf\u00fchrer Bernhard Drixler geht in (Un)Ruhestand - Naturpark Schw\u00e4bisch-Fr\u00e4nkischer Wald","isPartOf":{"@id":"https:\/\/www.naturparkmagazin.de\/schwaebisch-fraenkischer-wald\/#website"},"datePublished":"2021-03-16T12:58:35+00:00","dateModified":"2021-03-22T10:47:50+00:00","author":{"@id":"https:\/\/www.naturparkmagazin.de\/schwaebisch-fraenkischer-wald\/#\/schema\/person\/f047a3702ae747fd7830cf8ac95e6066"},"breadcrumb":{"@id":"https:\/\/www.naturparkmagazin.de\/schwaebisch-fraenkischer-wald\/geschaeftsfuehrer-bernhard-drixler-geht-in-unruhestand\/#breadcrumb"},"inLanguage":"de","potentialAction":[{"@type":"ReadAction","target":["https:\/\/www.naturparkmagazin.de\/schwaebisch-fraenkischer-wald\/geschaeftsfuehrer-bernhard-drixler-geht-in-unruhestand\/"]}]},{"@type":"BreadcrumbList","@id":"https:\/\/www.naturparkmagazin.de\/schwaebisch-fraenkischer-wald\/geschaeftsfuehrer-bernhard-drixler-geht-in-unruhestand\/#breadcrumb","itemListElement":[{"@type":"ListItem","position":1,"name":"Home","item":"https:\/\/www.naturparkmagazin.de\/schwaebisch-fraenkischer-wald\/"},{"@type":"ListItem","position":2,"name":"Gesch\u00e4ftsf\u00fchrer Bernhard Drixler geht in (Un)Ruhestand"}]},{"@type":"WebSite","@id":"https:\/\/www.naturparkmagazin.de\/schwaebisch-fraenkischer-wald\/#website","url":"https:\/\/www.naturparkmagazin.de\/schwaebisch-fraenkischer-wald\/","name":"Naturpark Schw\u00e4bisch-Fr\u00e4nkischer Wald","description":"","potentialAction":[{"@type":"SearchAction","target":{"@type":"EntryPoint","urlTemplate":"https:\/\/www.naturparkmagazin.de\/schwaebisch-fraenkischer-wald\/?s={search_term_string}"},"query-input":"required name=search_term_string"}],"inLanguage":"de"},{"@type":"Person","@id":"https:\/\/www.naturparkmagazin.de\/schwaebisch-fraenkischer-wald\/#\/schema\/person\/f047a3702ae747fd7830cf8ac95e6066","name":"Naturpark-Team","sameAs":["http:\/\/www.naturpark-sfw.de","https:\/\/www.facebook.com\/naturparkSFW"],"url":"https:\/\/www.naturparkmagazin.de\/schwaebisch-fraenkischer-wald\/author\/bernharddrixler\/"}]}},"_links":{"self":[{"href":"https:\/\/www.naturparkmagazin.de\/schwaebisch-fraenkischer-wald\/wp-json\/wp\/v2\/posts\/9957"}],"collection":[{"href":"https:\/\/www.naturparkmagazin.de\/schwaebisch-fraenkischer-wald\/wp-json\/wp\/v2\/posts"}],"about":[{"href":"https:\/\/www.naturparkmagazin.de\/schwaebisch-fraenkischer-wald\/wp-json\/wp\/v2\/types\/post"}],"author":[{"embeddable":true,"href":"https:\/\/www.naturparkmagazin.de\/schwaebisch-fraenkischer-wald\/wp-json\/wp\/v2\/users\/25"}],"replies":[{"embeddable":true,"href":"https:\/\/www.naturparkmagazin.de\/schwaebisch-fraenkischer-wald\/wp-json\/wp\/v2\/comments?post=9957"}],"version-history":[{"count":5,"href":"https:\/\/www.naturparkmagazin.de\/schwaebisch-fraenkischer-wald\/wp-json\/wp\/v2\/posts\/9957\/revisions"}],"predecessor-version":[{"id":10012,"href":"https:\/\/www.naturparkmagazin.de\/schwaebisch-fraenkischer-wald\/wp-json\/wp\/v2\/posts\/9957\/revisions\/10012"}],"wp:featuredmedia":[{"embeddable":true,"href":"https:\/\/www.naturparkmagazin.de\/schwaebisch-fraenkischer-wald\/wp-json\/wp\/v2\/media\/9979"}],"wp:attachment":[{"href":"https:\/\/www.naturparkmagazin.de\/schwaebisch-fraenkischer-wald\/wp-json\/wp\/v2\/media?parent=9957"}],"wp:term":[{"taxonomy":"category","embeddable":true,"href":"https:\/\/www.naturparkmagazin.de\/schwaebisch-fraenkischer-wald\/wp-json\/wp\/v2\/categories?post=9957"},{"taxonomy":"post_tag","embeddable":true,"href":"https:\/\/www.naturparkmagazin.de\/schwaebisch-fraenkischer-wald\/wp-json\/wp\/v2\/tags?post=9957"}],"curies":[{"name":"wp","href":"https:\/\/api.w.org\/{rel}","templated":true}]}}