{"id":10004,"date":"2020-11-10T16:06:55","date_gmt":"2020-11-10T15:06:55","guid":{"rendered":"https:\/\/www.naturparkmagazin.de\/stechlin\/?p=10004"},"modified":"2020-11-20T16:26:00","modified_gmt":"2020-11-20T15:26:00","slug":"landschaftspflegeverband-ausgezeichnet-als-un-dekade-projekt","status":"publish","type":"post","link":"https:\/\/www.naturparkmagazin.de\/stechlin\/landschaftspflegeverband-ausgezeichnet-als-un-dekade-projekt\/","title":{"rendered":"Landschaftspflegeverband ausgezeichnet als UN-Dekade-Projekt"},"content":{"rendered":"<p>Das Projekt \u201eLand schafft Wandel\u201c wird als offizielles Projekt der UN-Dekade Biologische Vielfalt ausgezeichnet. Die Auszeichnung wird an Projekte verliehen, die sich in vorbildlicher Weise f\u00fcr die Erhaltung der biologischen Vielfalt einsetzen.\u00a0Die Jury w\u00fcrdigt mit diesem Qualit\u00e4tssiegel das vorbildliche Engagement zum Thema \u201eErhalt der biologischen Vielfalt\u201c.<\/p>\n<p>Rund um den Kalksee in Binenwalde beispielsweise werden im Rahmen eines Greenings konventionell bewirtschaftete \u00c4cker naturn\u00e4her bewirtschaftet. Wo bisher auf konventionelle Weise Mais angebaut wurde, w\u00e4chst nun \u00d6l-Leinen im biologischen Anbau. Das hat mehrere Vorteile. Im Maisacker wurden die meisten \u201eUnkr\u00e4uter\u201c mit chemischen Mitteln unterdr\u00fcckt. Der geerntete Mais wurde zu Silage verarbeitet. Der Ackerboden lag offen und frei, anf\u00e4llig f\u00fcr Erosion und wertlos f\u00fcr die Lebewesen rund um den Kalksee.<\/p>\n<p><a href=\"https:\/\/www.naturparkmagazin.de\/stechlin\/wp-content\/uploads\/sites\/38\/P7310022_k.jpg\"><img decoding=\"async\" loading=\"lazy\" class=\"aligncenter size-thumbnail wp-image-8739\" src=\"https:\/\/www.naturparkmagazin.de\/stechlin\/wp-content\/uploads\/sites\/38\/P7310022_k-300x180.jpg\" alt=\"NP SRL\" width=\"300\" height=\"180\" srcset=\"https:\/\/www.naturparkmagazin.de\/stechlin\/wp-content\/uploads\/sites\/38\/P7310022_k-300x180.jpg 300w, https:\/\/www.naturparkmagazin.de\/stechlin\/wp-content\/uploads\/sites\/38\/P7310022_k.jpg 500w, https:\/\/www.naturparkmagazin.de\/stechlin\/wp-content\/uploads\/sites\/38\/P7310022_k-200x120.jpg 200w\" sizes=\"(max-width: 300px) 100vw, 300px\" \/><\/a><\/p>\n<p>Im \u00d6lleinenfeld dagegen wachsen neben der eigentlichen Feldfrucht weitere Ackerkr\u00e4uter, wie Klatschmohn, Kornblume und Feld-Rittersporn. Seltene Ackerwildkr\u00e4uter wie z.B. L\u00e4mmersalat oder das Ferkelkraut <em>werden eigens nachgez\u00fcchtet. <\/em>Diese Pflanzen bieten wieder Lebensraum und Nahrung f\u00fcr Insekten und damit auch f\u00fcr V\u00f6gel. Das f\u00f6rdert die biologische Vielfalt. \u201eAlles zieht etwas nach\u201c, sagt der Vorsitzende des LPV Andreas Bergmann. Das aus den Pflanzen gewonnen \u00d6l wird in der \u00d6lm\u00fchle Katerbow gepresst und regional vermarktet.<\/p>\n<p>Das ist nur ein Beispiel aus der Arbeit des Landschaftspflegeverbandes Prignitz-Ruppiner Land. Der Verein, der sich f\u00fcr den Erhalt unserer Kulturlandschaft einsetzt, hat seit der Gr\u00fcndung 2017 bereits 40 Mitglieder und viele Kooperationspartner. Die 2 Mitarbeiter sind in einem Gebiet von rund 250\u2009000 Hektar von Perleberg bis F\u00fcrstenberg aktiv. Sie beraten Kirchgemeinden bei der Verpachtung von Land, f\u00f6rdern den Anbau von Eiwei\u00dfpflanzen und projektieren Greenings, wie am Binenwalder Kalksee. Die Auszeichnung \u201eUN-Dekade Projekt 2020 Biologische Vielfalt\u201c w\u00fcrdigt dieses lokale Engagement in einem weltumspannenden B\u00fcndnis.<\/p>\n<div id=\"attachment_9917\" style=\"width: 310px\" class=\"wp-caption aligncenter\"><a href=\"https:\/\/www.naturparkmagazin.de\/stechlin\/wp-content\/uploads\/sites\/38\/preistr\u00e4gerInnen.jpg\"><img aria-describedby=\"caption-attachment-9917\" decoding=\"async\" loading=\"lazy\" class=\"size-thumbnail wp-image-9917\" src=\"https:\/\/www.naturparkmagazin.de\/stechlin\/wp-content\/uploads\/sites\/38\/preistr\u00e4gerInnen-300x180.jpg\" alt=\"Die Preistr\u00e4ger*innen (vlnr: Herr Misch - 2.; Familie B\u00fcchner - 1.; Herr Lehmannn - 3.)\" width=\"300\" height=\"180\" srcset=\"https:\/\/www.naturparkmagazin.de\/stechlin\/wp-content\/uploads\/sites\/38\/preistr\u00e4gerInnen-300x180.jpg 300w, https:\/\/www.naturparkmagazin.de\/stechlin\/wp-content\/uploads\/sites\/38\/preistr\u00e4gerInnen.jpg 500w, https:\/\/www.naturparkmagazin.de\/stechlin\/wp-content\/uploads\/sites\/38\/preistr\u00e4gerInnen-200x120.jpg 200w\" sizes=\"(max-width: 300px) 100vw, 300px\" \/><\/a><p id=\"caption-attachment-9917\" class=\"wp-caption-text\">Auszeichnung im vom LPV ausgelobten Wettbewerb &#8222;Naturnaher Garten&#8220;<\/p><\/div>\n<p>Hintergrund ist ein kontinuierlicher R\u00fcckgang an Biodiversit\u00e4t in fast allen L\u00e4ndern der Erde. Die Vereinten Nationen haben die Jahre 2011 bis 2020 zur UN-Dekade f\u00fcr die biologische Vielfalt erkl\u00e4rt. Die Staatengemeinschaft ruft damit die Welt\u00f6ffentlichkeit auf, sich f\u00fcr die biologische Vielfalt einzusetzen.<\/p>\n<p>&nbsp;<\/p>\n<p><strong>Informationen zur UN-Dekade Biologische Vielfalt und dem Wettbewerb<\/strong><\/p>\n<p>Die Vereinten Nationen haben den Zeitraum von 2011 bis 2020 als UN-Dekade Biologische Vielfalt ausgerufen, um dem weltweiten R\u00fcckgang der Naturvielfalt entgegenzuwirken. Ein breit verankertes Bewusstsein in unserer Gesellschaft f\u00fcr den gro\u00dfen Wert der Biodiversit\u00e4t ist eine wichtige Voraussetzung. Die UN-Dekade Biologische Vielfalt in Deutschland lenkt mit der Auszeichnung vorbildlicher Projekte den Blick auf den Wert der Naturvielfalt und die Chancen, die sie uns bietet. Gleichzeitig zeigen diese Modellprojekte, wie konkrete Ma\u00dfnahmen zum Erhalt biologischer Vielfalt, ihrer nachhaltige Nutzung oder der Vermittlung praktisch aussehen k\u00f6nnen.<\/p>\n<p>Der Begriff \u201ebiologische Vielfalt\u201c umfasst die Vielzahl der Tier- und Pflanzenarten sowie die Vielfalt der Mikroorganismen und Pilze. Einbezogen wird auch die genetische Vielfalt innerhalb der Arten, die sich bei Pflanzen in den verschiedenen Sorten wiederspiegelt und sich bei Tieren mit den Rassen verbindet. Aber auch die verschiedenen Lebensr\u00e4ume und komplexe \u00f6kologische Wechselwirkungen sind Teil der biologischen Vielfalt. Die Biodiversit\u00e4t ist Voraussetzung f\u00fcr das Funktionieren der \u00d6kosysteme mit ihren verschiedenen \u00d6kosystemleistungen.<\/p>\n<p>&nbsp;<\/p>\n<div id=\"attachment_9490\" style=\"width: 310px\" class=\"wp-caption aligncenter\"><a href=\"https:\/\/www.naturparkmagazin.de\/stechlin\/wp-content\/uploads\/sites\/38\/Tom_P5090094.jpg\"><img aria-describedby=\"caption-attachment-9490\" decoding=\"async\" loading=\"lazy\" class=\"size-thumbnail wp-image-9490\" src=\"https:\/\/www.naturparkmagazin.de\/stechlin\/wp-content\/uploads\/sites\/38\/Tom_P5090094-300x180.jpg\" alt=\"OLYMPUS DIGITAL CAMERA\" width=\"300\" height=\"180\" srcset=\"https:\/\/www.naturparkmagazin.de\/stechlin\/wp-content\/uploads\/sites\/38\/Tom_P5090094-300x180.jpg 300w, https:\/\/www.naturparkmagazin.de\/stechlin\/wp-content\/uploads\/sites\/38\/Tom_P5090094.jpg 500w, https:\/\/www.naturparkmagazin.de\/stechlin\/wp-content\/uploads\/sites\/38\/Tom_P5090094-200x120.jpg 200w\" sizes=\"(max-width: 300px) 100vw, 300px\" \/><\/a><p id=\"caption-attachment-9490\" class=\"wp-caption-text\">Laubfrosch<\/p><\/div>\n<p>&nbsp;<\/p>\n<p>&nbsp;<\/p>\n<p>&nbsp;<\/p>\n","protected":false},"excerpt":{"rendered":"<p>Das Projekt \u201eLand schafft Wandel\u201c wird als offizielles Projekt der UN-Dekade Biologische Vielfalt ausgezeichnet.<\/p>\n","protected":false},"author":39,"featured_media":9910,"comment_status":"open","ping_status":"open","sticky":false,"template":"","format":"standard","meta":[],"categories":[7],"tags":[],"yoast_head":"<!-- This site is optimized with the Yoast SEO plugin v19.10 - https:\/\/yoast.com\/wordpress\/plugins\/seo\/ -->\n<title>Landschaftspflegeverband ausgezeichnet als UN-Dekade-Projekt - Naturpark Stechlin-Ruppiner Land<\/title>\n<meta name=\"robots\" content=\"index, follow, max-snippet:-1, max-image-preview:large, max-video-preview:-1\" \/>\n<link rel=\"canonical\" href=\"https:\/\/www.naturparkmagazin.de\/stechlin\/landschaftspflegeverband-ausgezeichnet-als-un-dekade-projekt\/\" \/>\n<meta property=\"og:locale\" content=\"de_DE\" \/>\n<meta property=\"og:type\" content=\"article\" \/>\n<meta property=\"og:title\" content=\"Landschaftspflegeverband ausgezeichnet als UN-Dekade-Projekt - Naturpark Stechlin-Ruppiner Land\" \/>\n<meta property=\"og:description\" content=\"Das Projekt \u201eLand schafft Wandel\u201c wird als offizielles Projekt der UN-Dekade Biologische Vielfalt ausgezeichnet.\" \/>\n<meta property=\"og:url\" content=\"https:\/\/www.naturparkmagazin.de\/stechlin\/landschaftspflegeverband-ausgezeichnet-als-un-dekade-projekt\/\" \/>\n<meta property=\"og:site_name\" content=\"Naturpark Stechlin-Ruppiner Land\" \/>\n<meta property=\"article:published_time\" content=\"2020-11-10T15:06:55+00:00\" \/>\n<meta property=\"article:modified_time\" content=\"2020-11-20T15:26:00+00:00\" \/>\n<meta property=\"og:image\" content=\"https:\/\/www.naturparkmagazin.de\/stechlin\/wp-content\/uploads\/sites\/38\/Beratung_Feld_Jakob_Schenk.jpg\" \/>\n\t<meta property=\"og:image:width\" content=\"200\" \/>\n\t<meta property=\"og:image:height\" content=\"200\" \/>\n\t<meta property=\"og:image:type\" content=\"image\/jpeg\" \/>\n<meta name=\"author\" content=\"marioschrumpf\" \/>\n<meta name=\"twitter:label1\" content=\"Verfasst von\" \/>\n\t<meta name=\"twitter:data1\" content=\"marioschrumpf\" \/>\n\t<meta name=\"twitter:label2\" content=\"Gesch\u00e4tzte Lesezeit\" \/>\n\t<meta name=\"twitter:data2\" content=\"3\u00a0Minuten\" \/>\n<script type=\"application\/ld+json\" class=\"yoast-schema-graph\">{\"@context\":\"https:\/\/schema.org\",\"@graph\":[{\"@type\":\"WebPage\",\"@id\":\"https:\/\/www.naturparkmagazin.de\/stechlin\/landschaftspflegeverband-ausgezeichnet-als-un-dekade-projekt\/\",\"url\":\"https:\/\/www.naturparkmagazin.de\/stechlin\/landschaftspflegeverband-ausgezeichnet-als-un-dekade-projekt\/\",\"name\":\"Landschaftspflegeverband ausgezeichnet als UN-Dekade-Projekt - Naturpark Stechlin-Ruppiner Land\",\"isPartOf\":{\"@id\":\"https:\/\/www.naturparkmagazin.de\/stechlin\/#website\"},\"datePublished\":\"2020-11-10T15:06:55+00:00\",\"dateModified\":\"2020-11-20T15:26:00+00:00\",\"author\":{\"@id\":\"https:\/\/www.naturparkmagazin.de\/stechlin\/#\/schema\/person\/3f0d93203df21c806dd63c76d9bb28bc\"},\"breadcrumb\":{\"@id\":\"https:\/\/www.naturparkmagazin.de\/stechlin\/landschaftspflegeverband-ausgezeichnet-als-un-dekade-projekt\/#breadcrumb\"},\"inLanguage\":\"de\",\"potentialAction\":[{\"@type\":\"ReadAction\",\"target\":[\"https:\/\/www.naturparkmagazin.de\/stechlin\/landschaftspflegeverband-ausgezeichnet-als-un-dekade-projekt\/\"]}]},{\"@type\":\"BreadcrumbList\",\"@id\":\"https:\/\/www.naturparkmagazin.de\/stechlin\/landschaftspflegeverband-ausgezeichnet-als-un-dekade-projekt\/#breadcrumb\",\"itemListElement\":[{\"@type\":\"ListItem\",\"position\":1,\"name\":\"Home\",\"item\":\"https:\/\/www.naturparkmagazin.de\/stechlin\/\"},{\"@type\":\"ListItem\",\"position\":2,\"name\":\"Landschaftspflegeverband ausgezeichnet als UN-Dekade-Projekt\"}]},{\"@type\":\"WebSite\",\"@id\":\"https:\/\/www.naturparkmagazin.de\/stechlin\/#website\",\"url\":\"https:\/\/www.naturparkmagazin.de\/stechlin\/\",\"name\":\"Naturpark Stechlin-Ruppiner Land\",\"description\":\"\",\"potentialAction\":[{\"@type\":\"SearchAction\",\"target\":{\"@type\":\"EntryPoint\",\"urlTemplate\":\"https:\/\/www.naturparkmagazin.de\/stechlin\/?s={search_term_string}\"},\"query-input\":\"required name=search_term_string\"}],\"inLanguage\":\"de\"},{\"@type\":\"Person\",\"@id\":\"https:\/\/www.naturparkmagazin.de\/stechlin\/#\/schema\/person\/3f0d93203df21c806dd63c76d9bb28bc\",\"name\":\"marioschrumpf\",\"url\":\"https:\/\/www.naturparkmagazin.de\/stechlin\/author\/marioschrumpf\/\"}]}<\/script>\n<!-- \/ Yoast SEO plugin. -->","yoast_head_json":{"title":"Landschaftspflegeverband ausgezeichnet als UN-Dekade-Projekt - Naturpark Stechlin-Ruppiner Land","robots":{"index":"index","follow":"follow","max-snippet":"max-snippet:-1","max-image-preview":"max-image-preview:large","max-video-preview":"max-video-preview:-1"},"canonical":"https:\/\/www.naturparkmagazin.de\/stechlin\/landschaftspflegeverband-ausgezeichnet-als-un-dekade-projekt\/","og_locale":"de_DE","og_type":"article","og_title":"Landschaftspflegeverband ausgezeichnet als UN-Dekade-Projekt - Naturpark Stechlin-Ruppiner Land","og_description":"Das Projekt \u201eLand schafft Wandel\u201c wird als offizielles Projekt der UN-Dekade Biologische Vielfalt ausgezeichnet.","og_url":"https:\/\/www.naturparkmagazin.de\/stechlin\/landschaftspflegeverband-ausgezeichnet-als-un-dekade-projekt\/","og_site_name":"Naturpark Stechlin-Ruppiner Land","article_published_time":"2020-11-10T15:06:55+00:00","article_modified_time":"2020-11-20T15:26:00+00:00","og_image":[{"width":200,"height":200,"url":"https:\/\/www.naturparkmagazin.de\/stechlin\/wp-content\/uploads\/sites\/38\/Beratung_Feld_Jakob_Schenk.jpg","type":"image\/jpeg"}],"author":"marioschrumpf","twitter_misc":{"Verfasst von":"marioschrumpf","Gesch\u00e4tzte Lesezeit":"3\u00a0Minuten"},"schema":{"@context":"https:\/\/schema.org","@graph":[{"@type":"WebPage","@id":"https:\/\/www.naturparkmagazin.de\/stechlin\/landschaftspflegeverband-ausgezeichnet-als-un-dekade-projekt\/","url":"https:\/\/www.naturparkmagazin.de\/stechlin\/landschaftspflegeverband-ausgezeichnet-als-un-dekade-projekt\/","name":"Landschaftspflegeverband ausgezeichnet als UN-Dekade-Projekt - Naturpark Stechlin-Ruppiner Land","isPartOf":{"@id":"https:\/\/www.naturparkmagazin.de\/stechlin\/#website"},"datePublished":"2020-11-10T15:06:55+00:00","dateModified":"2020-11-20T15:26:00+00:00","author":{"@id":"https:\/\/www.naturparkmagazin.de\/stechlin\/#\/schema\/person\/3f0d93203df21c806dd63c76d9bb28bc"},"breadcrumb":{"@id":"https:\/\/www.naturparkmagazin.de\/stechlin\/landschaftspflegeverband-ausgezeichnet-als-un-dekade-projekt\/#breadcrumb"},"inLanguage":"de","potentialAction":[{"@type":"ReadAction","target":["https:\/\/www.naturparkmagazin.de\/stechlin\/landschaftspflegeverband-ausgezeichnet-als-un-dekade-projekt\/"]}]},{"@type":"BreadcrumbList","@id":"https:\/\/www.naturparkmagazin.de\/stechlin\/landschaftspflegeverband-ausgezeichnet-als-un-dekade-projekt\/#breadcrumb","itemListElement":[{"@type":"ListItem","position":1,"name":"Home","item":"https:\/\/www.naturparkmagazin.de\/stechlin\/"},{"@type":"ListItem","position":2,"name":"Landschaftspflegeverband ausgezeichnet als UN-Dekade-Projekt"}]},{"@type":"WebSite","@id":"https:\/\/www.naturparkmagazin.de\/stechlin\/#website","url":"https:\/\/www.naturparkmagazin.de\/stechlin\/","name":"Naturpark Stechlin-Ruppiner Land","description":"","potentialAction":[{"@type":"SearchAction","target":{"@type":"EntryPoint","urlTemplate":"https:\/\/www.naturparkmagazin.de\/stechlin\/?s={search_term_string}"},"query-input":"required name=search_term_string"}],"inLanguage":"de"},{"@type":"Person","@id":"https:\/\/www.naturparkmagazin.de\/stechlin\/#\/schema\/person\/3f0d93203df21c806dd63c76d9bb28bc","name":"marioschrumpf","url":"https:\/\/www.naturparkmagazin.de\/stechlin\/author\/marioschrumpf\/"}]}},"_links":{"self":[{"href":"https:\/\/www.naturparkmagazin.de\/stechlin\/wp-json\/wp\/v2\/posts\/10004"}],"collection":[{"href":"https:\/\/www.naturparkmagazin.de\/stechlin\/wp-json\/wp\/v2\/posts"}],"about":[{"href":"https:\/\/www.naturparkmagazin.de\/stechlin\/wp-json\/wp\/v2\/types\/post"}],"author":[{"embeddable":true,"href":"https:\/\/www.naturparkmagazin.de\/stechlin\/wp-json\/wp\/v2\/users\/39"}],"replies":[{"embeddable":true,"href":"https:\/\/www.naturparkmagazin.de\/stechlin\/wp-json\/wp\/v2\/comments?post=10004"}],"version-history":[{"count":3,"href":"https:\/\/www.naturparkmagazin.de\/stechlin\/wp-json\/wp\/v2\/posts\/10004\/revisions"}],"predecessor-version":[{"id":10012,"href":"https:\/\/www.naturparkmagazin.de\/stechlin\/wp-json\/wp\/v2\/posts\/10004\/revisions\/10012"}],"wp:featuredmedia":[{"embeddable":true,"href":"https:\/\/www.naturparkmagazin.de\/stechlin\/wp-json\/wp\/v2\/media\/9910"}],"wp:attachment":[{"href":"https:\/\/www.naturparkmagazin.de\/stechlin\/wp-json\/wp\/v2\/media?parent=10004"}],"wp:term":[{"taxonomy":"category","embeddable":true,"href":"https:\/\/www.naturparkmagazin.de\/stechlin\/wp-json\/wp\/v2\/categories?post=10004"},{"taxonomy":"post_tag","embeddable":true,"href":"https:\/\/www.naturparkmagazin.de\/stechlin\/wp-json\/wp\/v2\/tags?post=10004"}],"curies":[{"name":"wp","href":"https:\/\/api.w.org\/{rel}","templated":true}]}}