{"id":10026,"date":"2020-11-10T08:51:21","date_gmt":"2020-11-10T07:51:21","guid":{"rendered":"https:\/\/www.naturparkmagazin.de\/stechlin\/?p=10026"},"modified":"2020-11-23T15:23:25","modified_gmt":"2020-11-23T14:23:25","slug":"aktion-einheitsbuddeln-in-katerbow","status":"publish","type":"post","link":"https:\/\/www.naturparkmagazin.de\/stechlin\/aktion-einheitsbuddeln-in-katerbow\/","title":{"rendered":"Aktion Einheitsbuddeln in Katerbow"},"content":{"rendered":"<p>Unter strenger Beachtung der Corona-Regeln haben in Katerbow am 21. November 30 Freiwillige 30 Apfelhochst\u00e4mme gepflanzt.<\/p>\n<p>Der Pflanzeinsatz fand im Rahmen der brandenburgweiten &#8222;<em>Aktion Einheitsbuddeln<\/em>&#8220; statt, \u00a0zu der die Landesregierung anl\u00e4sslich des 30. Jahrestages der Deutschen Einheit aufgerufen hatte. B\u00e4ume, Material und fachliche Anleitung wurden vom Naturpark bereitgestellt. Gepflanzt wurden 15 alte Apfelsorten mit je zwei B\u00e4umen aus dem Genressourcenprojekt des Naturparks. Die fachliche Anleitung zum Pflanzeinsatz erfolgte durch vier Mitarbeiter des Landschaftspflegeverbandes Norduckerm\u00e4rkische Seenlandschaft e.V.<\/p>\n<div id=\"attachment_10035\" style=\"width: 310px\" class=\"wp-caption aligncenter\"><a href=\"https:\/\/www.naturparkmagazin.de\/stechlin\/wp-content\/uploads\/sites\/38\/\u00fcberblick.jpg\"><img aria-describedby=\"caption-attachment-10035\" decoding=\"async\" loading=\"lazy\" class=\"size-thumbnail wp-image-10035\" src=\"https:\/\/www.naturparkmagazin.de\/stechlin\/wp-content\/uploads\/sites\/38\/\u00fcberblick-300x180.jpg\" alt=\"\u00dcbersichtsfoto vom Gallberg\" width=\"300\" height=\"180\" srcset=\"https:\/\/www.naturparkmagazin.de\/stechlin\/wp-content\/uploads\/sites\/38\/\u00fcberblick-300x180.jpg 300w, https:\/\/www.naturparkmagazin.de\/stechlin\/wp-content\/uploads\/sites\/38\/\u00fcberblick.jpg 500w, https:\/\/www.naturparkmagazin.de\/stechlin\/wp-content\/uploads\/sites\/38\/\u00fcberblick-200x120.jpg 200w\" sizes=\"(max-width: 300px) 100vw, 300px\" \/><\/a><p id=\"caption-attachment-10035\" class=\"wp-caption-text\">\u00dcbersichtsfoto vom Gallberg<\/p><\/div>\n<p>Vor einigen Monaten hat B\u00fcrgermeister Bernd M\u00fcller in der Naturparkverwaltung angerufen und um Unterst\u00fctzung gebeten. Seit vielen Jahren bem\u00fcht sich die Gemeinde den zwischenzeitlich \u00fcberackerten Ortsverbindungsweg von Katerbow nach Netzeband wieder entstehen zu lassen. Der Landschaftspflegeverband Prignitz-Ruppiner Land koordiniert das Projekt.\u00a0Die Pflanzung der Apfelhochst\u00e4mme ist ein erster Schritt auf diesem Weg. Schnell waren sich B\u00fcrgermeister und Naturparkleiter einig, dass das Projekt ideal zur &#8222;Aktion Einheitsbuddeln&#8220; passt.<\/p>\n<div id=\"attachment_10034\" style=\"width: 310px\" class=\"wp-caption aligncenter\"><a href=\"https:\/\/www.naturparkmagazin.de\/stechlin\/wp-content\/uploads\/sites\/38\/lokalpresse.jpg\"><img aria-describedby=\"caption-attachment-10034\" decoding=\"async\" loading=\"lazy\" class=\"size-thumbnail wp-image-10034\" src=\"https:\/\/www.naturparkmagazin.de\/stechlin\/wp-content\/uploads\/sites\/38\/lokalpresse-300x180.jpg\" alt=\"Die Lokalpresse im Interview mit Henrik Stamer vom Landschaftspflegeverband und B\u00fcrgermeister Bernd M\u00fcller.\" width=\"300\" height=\"180\" srcset=\"https:\/\/www.naturparkmagazin.de\/stechlin\/wp-content\/uploads\/sites\/38\/lokalpresse-300x180.jpg 300w, https:\/\/www.naturparkmagazin.de\/stechlin\/wp-content\/uploads\/sites\/38\/lokalpresse.jpg 500w, https:\/\/www.naturparkmagazin.de\/stechlin\/wp-content\/uploads\/sites\/38\/lokalpresse-200x120.jpg 200w\" sizes=\"(max-width: 300px) 100vw, 300px\" \/><\/a><p id=\"caption-attachment-10034\" class=\"wp-caption-text\">Die Lokalpresse im Interview mit Henrik Stamer vom Landschaftspflegeverband und B\u00fcrgermeister Bernd M\u00fcller (v.r.n.l.).<\/p><\/div>\n<p>Die Gemeinde hat sich verpflichtet, die B\u00e4ume auf ihrem Grundst\u00fcck mindestens 25 Jahre zu erhalten. Der LPV Prignitz-Ruppiner Land wird die dreij\u00e4hrige Anwachspflege \u00fcbernehmen.<\/p>\n<div id=\"attachment_10032\" style=\"width: 310px\" class=\"wp-caption aligncenter\"><a href=\"https:\/\/www.naturparkmagazin.de\/stechlin\/wp-content\/uploads\/sites\/38\/angegossen.jpg\"><img aria-describedby=\"caption-attachment-10032\" decoding=\"async\" loading=\"lazy\" class=\"size-thumbnail wp-image-10032\" src=\"https:\/\/www.naturparkmagazin.de\/stechlin\/wp-content\/uploads\/sites\/38\/angegossen-300x180.jpg\" alt=\"Am Ende wurden alle B\u00e4ume angegossen.\" width=\"300\" height=\"180\" srcset=\"https:\/\/www.naturparkmagazin.de\/stechlin\/wp-content\/uploads\/sites\/38\/angegossen-300x180.jpg 300w, https:\/\/www.naturparkmagazin.de\/stechlin\/wp-content\/uploads\/sites\/38\/angegossen.jpg 500w, https:\/\/www.naturparkmagazin.de\/stechlin\/wp-content\/uploads\/sites\/38\/angegossen-200x120.jpg 200w\" sizes=\"(max-width: 300px) 100vw, 300px\" \/><\/a><p id=\"caption-attachment-10032\" class=\"wp-caption-text\">Am Ende wurden alle B\u00e4ume angegossen.<\/p><\/div>\n<p>&nbsp;<\/p>\n<p>&nbsp;<\/p>\n","protected":false},"excerpt":{"rendered":"<p>Unter strenger Beachtung der Corona-Regeln haben in Katerbow am 21. November 30 Freiwillige 30 Apfelhochst\u00e4mme gepflanzt.<\/p>\n","protected":false},"author":39,"featured_media":10033,"comment_status":"open","ping_status":"open","sticky":false,"template":"","format":"standard","meta":[],"categories":[7],"tags":[],"yoast_head":"<!-- This site is optimized with the Yoast SEO plugin v19.10 - https:\/\/yoast.com\/wordpress\/plugins\/seo\/ -->\n<title>Aktion Einheitsbuddeln in Katerbow - Naturpark Stechlin-Ruppiner Land<\/title>\n<meta name=\"robots\" content=\"index, follow, max-snippet:-1, max-image-preview:large, max-video-preview:-1\" \/>\n<link rel=\"canonical\" href=\"https:\/\/www.naturparkmagazin.de\/stechlin\/aktion-einheitsbuddeln-in-katerbow\/\" \/>\n<meta property=\"og:locale\" content=\"de_DE\" \/>\n<meta property=\"og:type\" content=\"article\" \/>\n<meta property=\"og:title\" content=\"Aktion Einheitsbuddeln in Katerbow - Naturpark Stechlin-Ruppiner Land\" \/>\n<meta property=\"og:description\" content=\"Unter strenger Beachtung der Corona-Regeln haben in Katerbow am 21. November 30 Freiwillige 30 Apfelhochst\u00e4mme gepflanzt.\" \/>\n<meta property=\"og:url\" content=\"https:\/\/www.naturparkmagazin.de\/stechlin\/aktion-einheitsbuddeln-in-katerbow\/\" \/>\n<meta property=\"og:site_name\" content=\"Naturpark Stechlin-Ruppiner Land\" \/>\n<meta property=\"article:published_time\" content=\"2020-11-10T07:51:21+00:00\" \/>\n<meta property=\"article:modified_time\" content=\"2020-11-23T14:23:25+00:00\" \/>\n<meta property=\"og:image\" content=\"https:\/\/www.naturparkmagazin.de\/stechlin\/wp-content\/uploads\/sites\/38\/aufmacher4.jpg\" \/>\n\t<meta property=\"og:image:width\" content=\"200\" \/>\n\t<meta property=\"og:image:height\" content=\"200\" \/>\n\t<meta property=\"og:image:type\" content=\"image\/jpeg\" \/>\n<meta name=\"author\" content=\"marioschrumpf\" \/>\n<meta name=\"twitter:label1\" content=\"Verfasst von\" \/>\n\t<meta name=\"twitter:data1\" content=\"marioschrumpf\" \/>\n\t<meta name=\"twitter:label2\" content=\"Gesch\u00e4tzte Lesezeit\" \/>\n\t<meta name=\"twitter:data2\" content=\"1\u00a0Minute\" \/>\n<script type=\"application\/ld+json\" class=\"yoast-schema-graph\">{\"@context\":\"https:\/\/schema.org\",\"@graph\":[{\"@type\":\"WebPage\",\"@id\":\"https:\/\/www.naturparkmagazin.de\/stechlin\/aktion-einheitsbuddeln-in-katerbow\/\",\"url\":\"https:\/\/www.naturparkmagazin.de\/stechlin\/aktion-einheitsbuddeln-in-katerbow\/\",\"name\":\"Aktion Einheitsbuddeln in Katerbow - Naturpark Stechlin-Ruppiner Land\",\"isPartOf\":{\"@id\":\"https:\/\/www.naturparkmagazin.de\/stechlin\/#website\"},\"datePublished\":\"2020-11-10T07:51:21+00:00\",\"dateModified\":\"2020-11-23T14:23:25+00:00\",\"author\":{\"@id\":\"https:\/\/www.naturparkmagazin.de\/stechlin\/#\/schema\/person\/3f0d93203df21c806dd63c76d9bb28bc\"},\"breadcrumb\":{\"@id\":\"https:\/\/www.naturparkmagazin.de\/stechlin\/aktion-einheitsbuddeln-in-katerbow\/#breadcrumb\"},\"inLanguage\":\"de\",\"potentialAction\":[{\"@type\":\"ReadAction\",\"target\":[\"https:\/\/www.naturparkmagazin.de\/stechlin\/aktion-einheitsbuddeln-in-katerbow\/\"]}]},{\"@type\":\"BreadcrumbList\",\"@id\":\"https:\/\/www.naturparkmagazin.de\/stechlin\/aktion-einheitsbuddeln-in-katerbow\/#breadcrumb\",\"itemListElement\":[{\"@type\":\"ListItem\",\"position\":1,\"name\":\"Home\",\"item\":\"https:\/\/www.naturparkmagazin.de\/stechlin\/\"},{\"@type\":\"ListItem\",\"position\":2,\"name\":\"Aktion Einheitsbuddeln in Katerbow\"}]},{\"@type\":\"WebSite\",\"@id\":\"https:\/\/www.naturparkmagazin.de\/stechlin\/#website\",\"url\":\"https:\/\/www.naturparkmagazin.de\/stechlin\/\",\"name\":\"Naturpark Stechlin-Ruppiner Land\",\"description\":\"\",\"potentialAction\":[{\"@type\":\"SearchAction\",\"target\":{\"@type\":\"EntryPoint\",\"urlTemplate\":\"https:\/\/www.naturparkmagazin.de\/stechlin\/?s={search_term_string}\"},\"query-input\":\"required name=search_term_string\"}],\"inLanguage\":\"de\"},{\"@type\":\"Person\",\"@id\":\"https:\/\/www.naturparkmagazin.de\/stechlin\/#\/schema\/person\/3f0d93203df21c806dd63c76d9bb28bc\",\"name\":\"marioschrumpf\",\"url\":\"https:\/\/www.naturparkmagazin.de\/stechlin\/author\/marioschrumpf\/\"}]}<\/script>\n<!-- \/ Yoast SEO plugin. -->","yoast_head_json":{"title":"Aktion Einheitsbuddeln in Katerbow - Naturpark Stechlin-Ruppiner Land","robots":{"index":"index","follow":"follow","max-snippet":"max-snippet:-1","max-image-preview":"max-image-preview:large","max-video-preview":"max-video-preview:-1"},"canonical":"https:\/\/www.naturparkmagazin.de\/stechlin\/aktion-einheitsbuddeln-in-katerbow\/","og_locale":"de_DE","og_type":"article","og_title":"Aktion Einheitsbuddeln in Katerbow - Naturpark Stechlin-Ruppiner Land","og_description":"Unter strenger Beachtung der Corona-Regeln haben in Katerbow am 21. November 30 Freiwillige 30 Apfelhochst\u00e4mme gepflanzt.","og_url":"https:\/\/www.naturparkmagazin.de\/stechlin\/aktion-einheitsbuddeln-in-katerbow\/","og_site_name":"Naturpark Stechlin-Ruppiner Land","article_published_time":"2020-11-10T07:51:21+00:00","article_modified_time":"2020-11-23T14:23:25+00:00","og_image":[{"width":200,"height":200,"url":"https:\/\/www.naturparkmagazin.de\/stechlin\/wp-content\/uploads\/sites\/38\/aufmacher4.jpg","type":"image\/jpeg"}],"author":"marioschrumpf","twitter_misc":{"Verfasst von":"marioschrumpf","Gesch\u00e4tzte Lesezeit":"1\u00a0Minute"},"schema":{"@context":"https:\/\/schema.org","@graph":[{"@type":"WebPage","@id":"https:\/\/www.naturparkmagazin.de\/stechlin\/aktion-einheitsbuddeln-in-katerbow\/","url":"https:\/\/www.naturparkmagazin.de\/stechlin\/aktion-einheitsbuddeln-in-katerbow\/","name":"Aktion Einheitsbuddeln in Katerbow - Naturpark Stechlin-Ruppiner Land","isPartOf":{"@id":"https:\/\/www.naturparkmagazin.de\/stechlin\/#website"},"datePublished":"2020-11-10T07:51:21+00:00","dateModified":"2020-11-23T14:23:25+00:00","author":{"@id":"https:\/\/www.naturparkmagazin.de\/stechlin\/#\/schema\/person\/3f0d93203df21c806dd63c76d9bb28bc"},"breadcrumb":{"@id":"https:\/\/www.naturparkmagazin.de\/stechlin\/aktion-einheitsbuddeln-in-katerbow\/#breadcrumb"},"inLanguage":"de","potentialAction":[{"@type":"ReadAction","target":["https:\/\/www.naturparkmagazin.de\/stechlin\/aktion-einheitsbuddeln-in-katerbow\/"]}]},{"@type":"BreadcrumbList","@id":"https:\/\/www.naturparkmagazin.de\/stechlin\/aktion-einheitsbuddeln-in-katerbow\/#breadcrumb","itemListElement":[{"@type":"ListItem","position":1,"name":"Home","item":"https:\/\/www.naturparkmagazin.de\/stechlin\/"},{"@type":"ListItem","position":2,"name":"Aktion Einheitsbuddeln in Katerbow"}]},{"@type":"WebSite","@id":"https:\/\/www.naturparkmagazin.de\/stechlin\/#website","url":"https:\/\/www.naturparkmagazin.de\/stechlin\/","name":"Naturpark Stechlin-Ruppiner Land","description":"","potentialAction":[{"@type":"SearchAction","target":{"@type":"EntryPoint","urlTemplate":"https:\/\/www.naturparkmagazin.de\/stechlin\/?s={search_term_string}"},"query-input":"required name=search_term_string"}],"inLanguage":"de"},{"@type":"Person","@id":"https:\/\/www.naturparkmagazin.de\/stechlin\/#\/schema\/person\/3f0d93203df21c806dd63c76d9bb28bc","name":"marioschrumpf","url":"https:\/\/www.naturparkmagazin.de\/stechlin\/author\/marioschrumpf\/"}]}},"_links":{"self":[{"href":"https:\/\/www.naturparkmagazin.de\/stechlin\/wp-json\/wp\/v2\/posts\/10026"}],"collection":[{"href":"https:\/\/www.naturparkmagazin.de\/stechlin\/wp-json\/wp\/v2\/posts"}],"about":[{"href":"https:\/\/www.naturparkmagazin.de\/stechlin\/wp-json\/wp\/v2\/types\/post"}],"author":[{"embeddable":true,"href":"https:\/\/www.naturparkmagazin.de\/stechlin\/wp-json\/wp\/v2\/users\/39"}],"replies":[{"embeddable":true,"href":"https:\/\/www.naturparkmagazin.de\/stechlin\/wp-json\/wp\/v2\/comments?post=10026"}],"version-history":[{"count":4,"href":"https:\/\/www.naturparkmagazin.de\/stechlin\/wp-json\/wp\/v2\/posts\/10026\/revisions"}],"predecessor-version":[{"id":10038,"href":"https:\/\/www.naturparkmagazin.de\/stechlin\/wp-json\/wp\/v2\/posts\/10026\/revisions\/10038"}],"wp:featuredmedia":[{"embeddable":true,"href":"https:\/\/www.naturparkmagazin.de\/stechlin\/wp-json\/wp\/v2\/media\/10033"}],"wp:attachment":[{"href":"https:\/\/www.naturparkmagazin.de\/stechlin\/wp-json\/wp\/v2\/media?parent=10026"}],"wp:term":[{"taxonomy":"category","embeddable":true,"href":"https:\/\/www.naturparkmagazin.de\/stechlin\/wp-json\/wp\/v2\/categories?post=10026"},{"taxonomy":"post_tag","embeddable":true,"href":"https:\/\/www.naturparkmagazin.de\/stechlin\/wp-json\/wp\/v2\/tags?post=10026"}],"curies":[{"name":"wp","href":"https:\/\/api.w.org\/{rel}","templated":true}]}}