{"id":10052,"date":"2020-12-18T11:05:55","date_gmt":"2020-12-18T10:05:55","guid":{"rendered":"https:\/\/www.naturparkmagazin.de\/stechlin\/?p=10052"},"modified":"2020-12-22T12:32:22","modified_gmt":"2020-12-22T11:32:22","slug":"freiwilligeneinsatz-auf-der-streuobstwiese-gruenhof","status":"publish","type":"post","link":"https:\/\/www.naturparkmagazin.de\/stechlin\/freiwilligeneinsatz-auf-der-streuobstwiese-gruenhof\/","title":{"rendered":"Freiwilligeneinsatz auf der Streuobstwiese Gr\u00fcnhof"},"content":{"rendered":"<p>Am Samstag, den 17. Oktober, kamen bei sch\u00f6nem Wetter und guter Laune 13 Freiwillige auf der Streuobstwiese Gr\u00fcnhof zusammen, um gemeinsam die Naturwacht mit der Instandsetzung des Rastplatzes f\u00fcr Radfahrer und der Streuobstwiese zu unterst\u00fctzen.<\/p>\n<p>An diesem Ort war Ende des 19. Jahrhunderts ein Aussiedlerhof errichtet worden, doch gegen Ende des zweiten Weltkrieges fielen Teile der Nebengeb\u00e4ude durch Sprengungen im Munitionslager ein. Reste von Geb\u00e4uden und die Feldsteinmauer sind neben der Wiese heute noch zu finden.<\/p>\n<p>Die Streuobstwiese selbst war 2007 angelegt und mit Hochst\u00e4mmen alter Apfelsorten bepflanzt worden. Drei der Apfelb\u00e4ume sind abgestorben und sollten ersetzt werden.<\/p>\n<p>Doch zuerst wurden alle Helfer herzlichst begr\u00fc\u00dft und die verschiedenen Arbeiten vorgestellt. In kleinen Teams wurde sich dann an die Arbeit gemacht. Eine Gruppe k\u00fcmmerte sich darum einen geeigneten Standort f\u00fcr ein Schild zu finden, welches Radfahrer auf den Rastplatz am Fahrradweg zwischen Hindenberg und Dollgow hinweisen soll, damit dieser nicht so leicht \u00fcbersehen wird. Wenn Radfahrer nun auf den Platz aufmerksam werden, gelangen sie zu einer Informationstafel und zwei B\u00e4nken. Die B\u00e4nke haben wir als erstes abgehobelt, um die verwitterte Holzschicht abzutragen und wieder attraktiv zu machen. Das Ger\u00fcst der Informationstafel wurde wieder richtig befestigt, Teile erneuert und das ganze Holz zum Schluss auch noch gestrichen, um die Zeit bis zur kompletten Erneuerung zu \u00fcberstehen. Wibke Avenhaus von der Naturwacht sagte dazu, dass es sie freut, wenn der Platz f\u00fcr Radfahrer attraktiver wird.<\/p>\n<p><span style=\"line-height: 107%; font-family: 'Arial',sans-serif; font-size: 12pt;\"><span style=\"color: #000000;\"><span style=\"line-height: 107%; font-family: 'Arial',sans-serif; font-size: 12pt;\"><span style=\"color: #000000;\"><span style=\"line-height: 107%; font-family: 'Arial',sans-serif; font-size: 12pt;\"><span style=\"color: #000000;\"><a href=\"https:\/\/www.naturparkmagazin.de\/stechlin\/wp-content\/uploads\/sites\/38\/sitzbank-abhobeln.jpg\"><img decoding=\"async\" loading=\"lazy\" class=\"aligncenter size-thumbnail wp-image-10059\" src=\"https:\/\/www.naturparkmagazin.de\/stechlin\/wp-content\/uploads\/sites\/38\/sitzbank-abhobeln-300x180.jpg\" alt=\"Foto: Archiv NW SRL\" width=\"300\" height=\"180\" srcset=\"https:\/\/www.naturparkmagazin.de\/stechlin\/wp-content\/uploads\/sites\/38\/sitzbank-abhobeln-300x180.jpg 300w, https:\/\/www.naturparkmagazin.de\/stechlin\/wp-content\/uploads\/sites\/38\/sitzbank-abhobeln.jpg 500w, https:\/\/www.naturparkmagazin.de\/stechlin\/wp-content\/uploads\/sites\/38\/sitzbank-abhobeln-200x120.jpg 200w\" sizes=\"(max-width: 300px) 100vw, 300px\" \/><\/a><\/span><\/span><\/span><\/span><\/span><\/span><\/p>\n<p>Der zweite Schwerpunkt des Freiwilligeneinsatzes war die Instandsetzung der Streuobstwiese. Als erstes wurde ein Schafszaun um die Wiese gezogen, da in den n\u00e4chsten Tagen wieder Schafe auf die Fl\u00e4che kommen sollen, um die Wiese zu beweiden, freizuhalten und die urspr\u00fcngliche Nutzung solcher Fl\u00e4chen weiterzuf\u00fchren. Besonders interessiert und fachkundig ist Marc Maquardt, welcher als Freiwilliger den Einsatz unterst\u00fctzte. Er stellte nochmal die Bedeutung der Streuobstwiesen als besonderes Biotop f\u00fcr eine Vielzahl an Tieren, besonders Insekten heraus, genauso wie die Erhaltung von alten Obstsorten als wichtige Genressource. Deswegen wurden die drei ausgefallenen B\u00e4ume mit neuen ersetzt und bei den vorhandenen, falls erforderlich, Pf\u00e4hle ausgetauscht.<\/p>\n<p><span style=\"line-height: 107%; font-family: 'Arial',sans-serif; font-size: 12pt;\"><span style=\"color: #000000;\"><span style=\"line-height: 107%; font-family: 'Arial',sans-serif; font-size: 12pt;\"><span style=\"color: #000000;\"><span style=\"line-height: 107%; font-family: 'Arial',sans-serif; font-size: 12pt;\"><span style=\"color: #000000;\"><a href=\"https:\/\/www.naturparkmagazin.de\/stechlin\/wp-content\/uploads\/sites\/38\/nachpflanzung.jpg\"><img decoding=\"async\" loading=\"lazy\" class=\"aligncenter size-thumbnail wp-image-10058\" src=\"https:\/\/www.naturparkmagazin.de\/stechlin\/wp-content\/uploads\/sites\/38\/nachpflanzung-300x500.jpg\" alt=\"Foto: Archiv NW SRL\" width=\"300\" height=\"500\" srcset=\"https:\/\/www.naturparkmagazin.de\/stechlin\/wp-content\/uploads\/sites\/38\/nachpflanzung.jpg 300w, https:\/\/www.naturparkmagazin.de\/stechlin\/wp-content\/uploads\/sites\/38\/nachpflanzung-200x333.jpg 200w\" sizes=\"(max-width: 300px) 100vw, 300px\" \/><\/a><\/span><\/span><\/span><\/span><\/span><\/span><\/p>\n<p>Frank Ro\u00dfberg freute sich \u00fcber den Einsatz, da er gern die Naturwacht unterst\u00fctzt, wenn Eins\u00e4tze anstehen. Insgesamt war es in sehr sch\u00f6ner Einsatz, der noch gemeinsam mit Kaffee, Kuchen und Gespr\u00e4chen auslief.<\/p>\n","protected":false},"excerpt":{"rendered":"<p>Am Samstag, den 17. Oktober, kamen bei sch\u00f6nem Wetter und guter Laune 13 Freiwillige auf der Streuobstwiese Gr\u00fcnhof zusammen, um gemeinsam die Naturwacht mit der Instandsetzung des Rastplatzes f\u00fcr Radfahrer und der Streuobstwiese zu unterst\u00fctzen. <\/p>\n","protected":false},"author":39,"featured_media":10057,"comment_status":"open","ping_status":"open","sticky":false,"template":"","format":"standard","meta":[],"categories":[7],"tags":[],"yoast_head":"<!-- This site is optimized with the Yoast SEO plugin v19.10 - https:\/\/yoast.com\/wordpress\/plugins\/seo\/ -->\n<title>Freiwilligeneinsatz auf der Streuobstwiese Gr\u00fcnhof - Naturpark Stechlin-Ruppiner Land<\/title>\n<meta name=\"robots\" content=\"index, follow, max-snippet:-1, max-image-preview:large, max-video-preview:-1\" \/>\n<link rel=\"canonical\" href=\"https:\/\/www.naturparkmagazin.de\/stechlin\/freiwilligeneinsatz-auf-der-streuobstwiese-gruenhof\/\" \/>\n<meta property=\"og:locale\" content=\"de_DE\" \/>\n<meta property=\"og:type\" content=\"article\" \/>\n<meta property=\"og:title\" content=\"Freiwilligeneinsatz auf der Streuobstwiese Gr\u00fcnhof - Naturpark Stechlin-Ruppiner Land\" \/>\n<meta property=\"og:description\" content=\"Am Samstag, den 17. Oktober, kamen bei sch\u00f6nem Wetter und guter Laune 13 Freiwillige auf der Streuobstwiese Gr\u00fcnhof zusammen, um gemeinsam die Naturwacht mit der Instandsetzung des Rastplatzes f\u00fcr Radfahrer und der Streuobstwiese zu unterst\u00fctzen.\" \/>\n<meta property=\"og:url\" content=\"https:\/\/www.naturparkmagazin.de\/stechlin\/freiwilligeneinsatz-auf-der-streuobstwiese-gruenhof\/\" \/>\n<meta property=\"og:site_name\" content=\"Naturpark Stechlin-Ruppiner Land\" \/>\n<meta property=\"article:published_time\" content=\"2020-12-18T10:05:55+00:00\" \/>\n<meta property=\"article:modified_time\" content=\"2020-12-22T11:32:22+00:00\" \/>\n<meta property=\"og:image\" content=\"https:\/\/www.naturparkmagazin.de\/stechlin\/wp-content\/uploads\/sites\/38\/aufh\u00e4nger-hobelarbeiten.jpg\" \/>\n\t<meta property=\"og:image:width\" content=\"200\" \/>\n\t<meta property=\"og:image:height\" content=\"200\" \/>\n\t<meta property=\"og:image:type\" content=\"image\/jpeg\" \/>\n<meta name=\"author\" content=\"marioschrumpf\" \/>\n<meta name=\"twitter:label1\" content=\"Verfasst von\" \/>\n\t<meta name=\"twitter:data1\" content=\"marioschrumpf\" \/>\n\t<meta name=\"twitter:label2\" content=\"Gesch\u00e4tzte Lesezeit\" \/>\n\t<meta name=\"twitter:data2\" content=\"2\u00a0Minuten\" \/>\n<script type=\"application\/ld+json\" class=\"yoast-schema-graph\">{\"@context\":\"https:\/\/schema.org\",\"@graph\":[{\"@type\":\"WebPage\",\"@id\":\"https:\/\/www.naturparkmagazin.de\/stechlin\/freiwilligeneinsatz-auf-der-streuobstwiese-gruenhof\/\",\"url\":\"https:\/\/www.naturparkmagazin.de\/stechlin\/freiwilligeneinsatz-auf-der-streuobstwiese-gruenhof\/\",\"name\":\"Freiwilligeneinsatz auf der Streuobstwiese Gr\u00fcnhof - Naturpark Stechlin-Ruppiner Land\",\"isPartOf\":{\"@id\":\"https:\/\/www.naturparkmagazin.de\/stechlin\/#website\"},\"datePublished\":\"2020-12-18T10:05:55+00:00\",\"dateModified\":\"2020-12-22T11:32:22+00:00\",\"author\":{\"@id\":\"https:\/\/www.naturparkmagazin.de\/stechlin\/#\/schema\/person\/3f0d93203df21c806dd63c76d9bb28bc\"},\"breadcrumb\":{\"@id\":\"https:\/\/www.naturparkmagazin.de\/stechlin\/freiwilligeneinsatz-auf-der-streuobstwiese-gruenhof\/#breadcrumb\"},\"inLanguage\":\"de\",\"potentialAction\":[{\"@type\":\"ReadAction\",\"target\":[\"https:\/\/www.naturparkmagazin.de\/stechlin\/freiwilligeneinsatz-auf-der-streuobstwiese-gruenhof\/\"]}]},{\"@type\":\"BreadcrumbList\",\"@id\":\"https:\/\/www.naturparkmagazin.de\/stechlin\/freiwilligeneinsatz-auf-der-streuobstwiese-gruenhof\/#breadcrumb\",\"itemListElement\":[{\"@type\":\"ListItem\",\"position\":1,\"name\":\"Home\",\"item\":\"https:\/\/www.naturparkmagazin.de\/stechlin\/\"},{\"@type\":\"ListItem\",\"position\":2,\"name\":\"Freiwilligeneinsatz auf der Streuobstwiese Gr\u00fcnhof\"}]},{\"@type\":\"WebSite\",\"@id\":\"https:\/\/www.naturparkmagazin.de\/stechlin\/#website\",\"url\":\"https:\/\/www.naturparkmagazin.de\/stechlin\/\",\"name\":\"Naturpark Stechlin-Ruppiner Land\",\"description\":\"\",\"potentialAction\":[{\"@type\":\"SearchAction\",\"target\":{\"@type\":\"EntryPoint\",\"urlTemplate\":\"https:\/\/www.naturparkmagazin.de\/stechlin\/?s={search_term_string}\"},\"query-input\":\"required name=search_term_string\"}],\"inLanguage\":\"de\"},{\"@type\":\"Person\",\"@id\":\"https:\/\/www.naturparkmagazin.de\/stechlin\/#\/schema\/person\/3f0d93203df21c806dd63c76d9bb28bc\",\"name\":\"marioschrumpf\",\"url\":\"https:\/\/www.naturparkmagazin.de\/stechlin\/author\/marioschrumpf\/\"}]}<\/script>\n<!-- \/ Yoast SEO plugin. -->","yoast_head_json":{"title":"Freiwilligeneinsatz auf der Streuobstwiese Gr\u00fcnhof - Naturpark Stechlin-Ruppiner Land","robots":{"index":"index","follow":"follow","max-snippet":"max-snippet:-1","max-image-preview":"max-image-preview:large","max-video-preview":"max-video-preview:-1"},"canonical":"https:\/\/www.naturparkmagazin.de\/stechlin\/freiwilligeneinsatz-auf-der-streuobstwiese-gruenhof\/","og_locale":"de_DE","og_type":"article","og_title":"Freiwilligeneinsatz auf der Streuobstwiese Gr\u00fcnhof - Naturpark Stechlin-Ruppiner Land","og_description":"Am Samstag, den 17. Oktober, kamen bei sch\u00f6nem Wetter und guter Laune 13 Freiwillige auf der Streuobstwiese Gr\u00fcnhof zusammen, um gemeinsam die Naturwacht mit der Instandsetzung des Rastplatzes f\u00fcr Radfahrer und der Streuobstwiese zu unterst\u00fctzen.","og_url":"https:\/\/www.naturparkmagazin.de\/stechlin\/freiwilligeneinsatz-auf-der-streuobstwiese-gruenhof\/","og_site_name":"Naturpark Stechlin-Ruppiner Land","article_published_time":"2020-12-18T10:05:55+00:00","article_modified_time":"2020-12-22T11:32:22+00:00","og_image":[{"width":200,"height":200,"url":"https:\/\/www.naturparkmagazin.de\/stechlin\/wp-content\/uploads\/sites\/38\/aufh\u00e4nger-hobelarbeiten.jpg","type":"image\/jpeg"}],"author":"marioschrumpf","twitter_misc":{"Verfasst von":"marioschrumpf","Gesch\u00e4tzte Lesezeit":"2\u00a0Minuten"},"schema":{"@context":"https:\/\/schema.org","@graph":[{"@type":"WebPage","@id":"https:\/\/www.naturparkmagazin.de\/stechlin\/freiwilligeneinsatz-auf-der-streuobstwiese-gruenhof\/","url":"https:\/\/www.naturparkmagazin.de\/stechlin\/freiwilligeneinsatz-auf-der-streuobstwiese-gruenhof\/","name":"Freiwilligeneinsatz auf der Streuobstwiese Gr\u00fcnhof - Naturpark Stechlin-Ruppiner Land","isPartOf":{"@id":"https:\/\/www.naturparkmagazin.de\/stechlin\/#website"},"datePublished":"2020-12-18T10:05:55+00:00","dateModified":"2020-12-22T11:32:22+00:00","author":{"@id":"https:\/\/www.naturparkmagazin.de\/stechlin\/#\/schema\/person\/3f0d93203df21c806dd63c76d9bb28bc"},"breadcrumb":{"@id":"https:\/\/www.naturparkmagazin.de\/stechlin\/freiwilligeneinsatz-auf-der-streuobstwiese-gruenhof\/#breadcrumb"},"inLanguage":"de","potentialAction":[{"@type":"ReadAction","target":["https:\/\/www.naturparkmagazin.de\/stechlin\/freiwilligeneinsatz-auf-der-streuobstwiese-gruenhof\/"]}]},{"@type":"BreadcrumbList","@id":"https:\/\/www.naturparkmagazin.de\/stechlin\/freiwilligeneinsatz-auf-der-streuobstwiese-gruenhof\/#breadcrumb","itemListElement":[{"@type":"ListItem","position":1,"name":"Home","item":"https:\/\/www.naturparkmagazin.de\/stechlin\/"},{"@type":"ListItem","position":2,"name":"Freiwilligeneinsatz auf der Streuobstwiese Gr\u00fcnhof"}]},{"@type":"WebSite","@id":"https:\/\/www.naturparkmagazin.de\/stechlin\/#website","url":"https:\/\/www.naturparkmagazin.de\/stechlin\/","name":"Naturpark Stechlin-Ruppiner Land","description":"","potentialAction":[{"@type":"SearchAction","target":{"@type":"EntryPoint","urlTemplate":"https:\/\/www.naturparkmagazin.de\/stechlin\/?s={search_term_string}"},"query-input":"required name=search_term_string"}],"inLanguage":"de"},{"@type":"Person","@id":"https:\/\/www.naturparkmagazin.de\/stechlin\/#\/schema\/person\/3f0d93203df21c806dd63c76d9bb28bc","name":"marioschrumpf","url":"https:\/\/www.naturparkmagazin.de\/stechlin\/author\/marioschrumpf\/"}]}},"_links":{"self":[{"href":"https:\/\/www.naturparkmagazin.de\/stechlin\/wp-json\/wp\/v2\/posts\/10052"}],"collection":[{"href":"https:\/\/www.naturparkmagazin.de\/stechlin\/wp-json\/wp\/v2\/posts"}],"about":[{"href":"https:\/\/www.naturparkmagazin.de\/stechlin\/wp-json\/wp\/v2\/types\/post"}],"author":[{"embeddable":true,"href":"https:\/\/www.naturparkmagazin.de\/stechlin\/wp-json\/wp\/v2\/users\/39"}],"replies":[{"embeddable":true,"href":"https:\/\/www.naturparkmagazin.de\/stechlin\/wp-json\/wp\/v2\/comments?post=10052"}],"version-history":[{"count":4,"href":"https:\/\/www.naturparkmagazin.de\/stechlin\/wp-json\/wp\/v2\/posts\/10052\/revisions"}],"predecessor-version":[{"id":10100,"href":"https:\/\/www.naturparkmagazin.de\/stechlin\/wp-json\/wp\/v2\/posts\/10052\/revisions\/10100"}],"wp:featuredmedia":[{"embeddable":true,"href":"https:\/\/www.naturparkmagazin.de\/stechlin\/wp-json\/wp\/v2\/media\/10057"}],"wp:attachment":[{"href":"https:\/\/www.naturparkmagazin.de\/stechlin\/wp-json\/wp\/v2\/media?parent=10052"}],"wp:term":[{"taxonomy":"category","embeddable":true,"href":"https:\/\/www.naturparkmagazin.de\/stechlin\/wp-json\/wp\/v2\/categories?post=10052"},{"taxonomy":"post_tag","embeddable":true,"href":"https:\/\/www.naturparkmagazin.de\/stechlin\/wp-json\/wp\/v2\/tags?post=10052"}],"curies":[{"name":"wp","href":"https:\/\/api.w.org\/{rel}","templated":true}]}}