{"id":10055,"date":"2020-12-18T11:30:11","date_gmt":"2020-12-18T10:30:11","guid":{"rendered":"https:\/\/www.naturparkmagazin.de\/stechlin\/?p=10055"},"modified":"2020-12-18T14:41:28","modified_gmt":"2020-12-18T13:41:28","slug":"landschaftspflegeverband-als-un-dekade-projekt-ausgezeichnet","status":"publish","type":"post","link":"https:\/\/www.naturparkmagazin.de\/stechlin\/landschaftspflegeverband-als-un-dekade-projekt-ausgezeichnet\/","title":{"rendered":"Landschaftspflegeverband als UN-Dekade-Projekt ausgezeichnet"},"content":{"rendered":"<p>Am 8. Dezember wurde das Projekt &#8222;Land schafft Wandel&#8220; des Landschaftspflegeverbandes Prignitz-Ruppiner Land als UN-Dekade-Projekt Biologische Vielfalt ausgezeichnet. Die Auszeichnung wird an Projekte verliehen, die sich in vorbildlicher Weise f\u00fcr die Erhaltung der biologischen Vielfalt einsetzen.<\/p>\n<p>Die Auszeichnung wurde durch Naturparkleiter Dr. Mario Schrumpf verliehen. Der Naturpark Stechlin-Ruppiner Land geh\u00f6rt zu den Gr\u00fcndungsmitgliedern des Landschaftspflegeverbandes.<\/p>\n<div id=\"attachment_10077\" style=\"width: 310px\" class=\"wp-caption aligncenter\"><a href=\"https:\/\/www.naturparkmagazin.de\/stechlin\/wp-content\/uploads\/sites\/38\/\u00fcbergabe-preis.jpg\"><img aria-describedby=\"caption-attachment-10077\" decoding=\"async\" loading=\"lazy\" class=\"size-thumbnail wp-image-10077\" src=\"https:\/\/www.naturparkmagazin.de\/stechlin\/wp-content\/uploads\/sites\/38\/\u00fcbergabe-preis-300x180.jpg\" alt=\"Naturparkleiter Mario Schrumpf \u00fcbergibt die Auszeichnung an den Vorsitzenden des LPV, Andreas Bergmann.\" width=\"300\" height=\"180\" srcset=\"https:\/\/www.naturparkmagazin.de\/stechlin\/wp-content\/uploads\/sites\/38\/\u00fcbergabe-preis-300x180.jpg 300w, https:\/\/www.naturparkmagazin.de\/stechlin\/wp-content\/uploads\/sites\/38\/\u00fcbergabe-preis.jpg 500w, https:\/\/www.naturparkmagazin.de\/stechlin\/wp-content\/uploads\/sites\/38\/\u00fcbergabe-preis-200x120.jpg 200w\" sizes=\"(max-width: 300px) 100vw, 300px\" \/><\/a><p id=\"caption-attachment-10077\" class=\"wp-caption-text\">Naturparkleiter Mario Schrumpf \u00fcbergibt die Auszeichnung an den Vorsitzenden des LPV, Andreas Bergmann.<\/p><\/div>\n<p>Rund um den Kalksee in Binenwalde beispielsweise werden im Rahmen eines Greenings konventionell bewirtschaftete \u00c4cker naturn\u00e4her bewirtschaftet. Wo bisher auf konventionelle Weise Mais angebaut wurde, w\u00e4chst nun \u00d6l-Leinen im biologischen Anbau. Das hat mehrere Vorteile: Im Maisacker wurden die meisten \u201eUnkr\u00e4uter\u201c mit chemischen Mitteln unterdr\u00fcckt. Der geerntete Mais wurde zu Silage verarbeitet. Der Ackerboden lag offen und frei, anf\u00e4llig f\u00fcr Wind- und Wassererosion und wertlos f\u00fcr die Lebewesen rund um den Kalksee. Im \u00d6lleinenfeld dagegen wachsen neben der eigentlichen Feldfrucht weitere Ackerkr\u00e4uter, wie Klatschmohn, Kornblume und Feld-Rittersporn. Seltene Ackerwildkr\u00e4uter wie z.B. L\u00e4mmersalat oder das Ferkelkraut werden im Rahmen des Ackerwildkraut-projektes \u201e<em>Unkraut vergeht nicht \u2013 stimmt nicht!<\/em>\u201c der Stiftung Rheinische Kulturlandschaft auf dem Bio-Hof KEPOS in Altglobsow vermehrt und auf biologisch bewirtschafteten Ackerfl\u00e4chen wie dieser wieder angesiedelt. Diese Pflanzen bieten Nahrung und Lebensraum f\u00fcr Insekten und damit auch f\u00fcr V\u00f6gel. Das f\u00f6rdert die biologische Vielfalt. Das aus den Pflanzen gewonnen \u00d6l wird in der \u00d6lm\u00fchle Katerbow gepresst und regional vermarktet.<\/p>\n<p>Das ist nur ein Beispiel aus der Arbeit des Landschaftspflegeverbandes Prignitz-Ruppiner Land e.V. Der Verein, der sich f\u00fcr den Erhalt unserer Kulturlandschaft einsetzt, konnte seit seiner Gr\u00fcndung 2017 bereits 40 Mitglieder und viele Kooperationspartner gewinnen.<\/p>\n<p>Zwei hauptamtliche Mitarbeiter des Landschaftspflegeverbandes sind in einem Gebiet von rund 250.000 Hektar von Perleberg in der Prignitz bis F\u00fcrstenberg\/Havel in Oberhavel aktiv. Sie beraten u.a. Kirchgemeinden bei der nachhaltigen Verpachtung von Land, f\u00f6rdern den Anbau von Eiwei\u00dfpflanzen und projektieren Greenings, wie am Binenwalder Kalksee.<\/p>\n<p>Brandenburgs Umweltstaatssekret\u00e4rin Silvia Bender w\u00fcrdigt mit einer Video-Botschaft die Auszeichnung als \u201eUN-Dekade Projekt 2020 Biologische Vielfalt\u201c und begr\u00fc\u00dft das lokale Engagement des Landschaftspflegeverbandes in einem weltumspannenden B\u00fcndnis.<\/p>\n<div id=\"attachment_10076\" style=\"width: 310px\" class=\"wp-caption aligncenter\"><a href=\"https:\/\/www.naturparkmagazin.de\/stechlin\/wp-content\/uploads\/sites\/38\/h\u00f6lzerner-Baum.jpg\"><img aria-describedby=\"caption-attachment-10076\" decoding=\"async\" loading=\"lazy\" class=\"size-thumbnail wp-image-10076\" src=\"https:\/\/www.naturparkmagazin.de\/stechlin\/wp-content\/uploads\/sites\/38\/h\u00f6lzerner-Baum-300x429.jpg\" alt=\"Der h\u00f6lzerne Baum wurde als Preis weitergegeben.\" width=\"300\" height=\"429\" srcset=\"https:\/\/www.naturparkmagazin.de\/stechlin\/wp-content\/uploads\/sites\/38\/h\u00f6lzerner-Baum-300x429.jpg 300w, https:\/\/www.naturparkmagazin.de\/stechlin\/wp-content\/uploads\/sites\/38\/h\u00f6lzerner-Baum-200x286.jpg 200w, https:\/\/www.naturparkmagazin.de\/stechlin\/wp-content\/uploads\/sites\/38\/h\u00f6lzerner-Baum.jpg 350w\" sizes=\"(max-width: 300px) 100vw, 300px\" \/><\/a><p id=\"caption-attachment-10076\" class=\"wp-caption-text\">Der h\u00f6lzerne Baum wurde als Preis weitergegeben.<\/p><\/div>\n<p>&nbsp;<\/p>\n<p>&nbsp;<\/p>\n<p>&nbsp;<\/p>\n","protected":false},"excerpt":{"rendered":"<p>Am 8. Dezember wurde das Projekt &#8222;Land schafft Wandel&#8220; des Landschaftspflegeverbandes Prignitz-Ruppiner Land als UN-Dekade-Projekt Biologische Vielfalt ausgezeichnet.<\/p>\n","protected":false},"author":39,"featured_media":10075,"comment_status":"open","ping_status":"open","sticky":false,"template":"","format":"standard","meta":[],"categories":[7],"tags":[],"yoast_head":"<!-- This site is optimized with the Yoast SEO plugin v19.10 - https:\/\/yoast.com\/wordpress\/plugins\/seo\/ -->\n<title>Landschaftspflegeverband als UN-Dekade-Projekt ausgezeichnet - Naturpark Stechlin-Ruppiner Land<\/title>\n<meta name=\"robots\" content=\"index, follow, max-snippet:-1, max-image-preview:large, max-video-preview:-1\" \/>\n<link rel=\"canonical\" href=\"https:\/\/www.naturparkmagazin.de\/stechlin\/landschaftspflegeverband-als-un-dekade-projekt-ausgezeichnet\/\" \/>\n<meta property=\"og:locale\" content=\"de_DE\" \/>\n<meta property=\"og:type\" content=\"article\" \/>\n<meta property=\"og:title\" content=\"Landschaftspflegeverband als UN-Dekade-Projekt ausgezeichnet - Naturpark Stechlin-Ruppiner Land\" \/>\n<meta property=\"og:description\" content=\"Am 8. Dezember wurde das Projekt &quot;Land schafft Wandel&quot; des Landschaftspflegeverbandes Prignitz-Ruppiner Land als UN-Dekade-Projekt Biologische Vielfalt ausgezeichnet.\" \/>\n<meta property=\"og:url\" content=\"https:\/\/www.naturparkmagazin.de\/stechlin\/landschaftspflegeverband-als-un-dekade-projekt-ausgezeichnet\/\" \/>\n<meta property=\"og:site_name\" content=\"Naturpark Stechlin-Ruppiner Land\" \/>\n<meta property=\"article:published_time\" content=\"2020-12-18T10:30:11+00:00\" \/>\n<meta property=\"article:modified_time\" content=\"2020-12-18T13:41:28+00:00\" \/>\n<meta property=\"og:image\" content=\"https:\/\/www.naturparkmagazin.de\/stechlin\/wp-content\/uploads\/sites\/38\/aufmacher5.jpg\" \/>\n\t<meta property=\"og:image:width\" content=\"200\" \/>\n\t<meta property=\"og:image:height\" content=\"200\" \/>\n\t<meta property=\"og:image:type\" content=\"image\/jpeg\" \/>\n<meta name=\"author\" content=\"marioschrumpf\" \/>\n<meta name=\"twitter:label1\" content=\"Verfasst von\" \/>\n\t<meta name=\"twitter:data1\" content=\"marioschrumpf\" \/>\n\t<meta name=\"twitter:label2\" content=\"Gesch\u00e4tzte Lesezeit\" \/>\n\t<meta name=\"twitter:data2\" content=\"2\u00a0Minuten\" \/>\n<script type=\"application\/ld+json\" class=\"yoast-schema-graph\">{\"@context\":\"https:\/\/schema.org\",\"@graph\":[{\"@type\":\"WebPage\",\"@id\":\"https:\/\/www.naturparkmagazin.de\/stechlin\/landschaftspflegeverband-als-un-dekade-projekt-ausgezeichnet\/\",\"url\":\"https:\/\/www.naturparkmagazin.de\/stechlin\/landschaftspflegeverband-als-un-dekade-projekt-ausgezeichnet\/\",\"name\":\"Landschaftspflegeverband als UN-Dekade-Projekt ausgezeichnet - Naturpark Stechlin-Ruppiner Land\",\"isPartOf\":{\"@id\":\"https:\/\/www.naturparkmagazin.de\/stechlin\/#website\"},\"datePublished\":\"2020-12-18T10:30:11+00:00\",\"dateModified\":\"2020-12-18T13:41:28+00:00\",\"author\":{\"@id\":\"https:\/\/www.naturparkmagazin.de\/stechlin\/#\/schema\/person\/3f0d93203df21c806dd63c76d9bb28bc\"},\"breadcrumb\":{\"@id\":\"https:\/\/www.naturparkmagazin.de\/stechlin\/landschaftspflegeverband-als-un-dekade-projekt-ausgezeichnet\/#breadcrumb\"},\"inLanguage\":\"de\",\"potentialAction\":[{\"@type\":\"ReadAction\",\"target\":[\"https:\/\/www.naturparkmagazin.de\/stechlin\/landschaftspflegeverband-als-un-dekade-projekt-ausgezeichnet\/\"]}]},{\"@type\":\"BreadcrumbList\",\"@id\":\"https:\/\/www.naturparkmagazin.de\/stechlin\/landschaftspflegeverband-als-un-dekade-projekt-ausgezeichnet\/#breadcrumb\",\"itemListElement\":[{\"@type\":\"ListItem\",\"position\":1,\"name\":\"Home\",\"item\":\"https:\/\/www.naturparkmagazin.de\/stechlin\/\"},{\"@type\":\"ListItem\",\"position\":2,\"name\":\"Landschaftspflegeverband als UN-Dekade-Projekt ausgezeichnet\"}]},{\"@type\":\"WebSite\",\"@id\":\"https:\/\/www.naturparkmagazin.de\/stechlin\/#website\",\"url\":\"https:\/\/www.naturparkmagazin.de\/stechlin\/\",\"name\":\"Naturpark Stechlin-Ruppiner Land\",\"description\":\"\",\"potentialAction\":[{\"@type\":\"SearchAction\",\"target\":{\"@type\":\"EntryPoint\",\"urlTemplate\":\"https:\/\/www.naturparkmagazin.de\/stechlin\/?s={search_term_string}\"},\"query-input\":\"required name=search_term_string\"}],\"inLanguage\":\"de\"},{\"@type\":\"Person\",\"@id\":\"https:\/\/www.naturparkmagazin.de\/stechlin\/#\/schema\/person\/3f0d93203df21c806dd63c76d9bb28bc\",\"name\":\"marioschrumpf\",\"url\":\"https:\/\/www.naturparkmagazin.de\/stechlin\/author\/marioschrumpf\/\"}]}<\/script>\n<!-- \/ Yoast SEO plugin. -->","yoast_head_json":{"title":"Landschaftspflegeverband als UN-Dekade-Projekt ausgezeichnet - Naturpark Stechlin-Ruppiner Land","robots":{"index":"index","follow":"follow","max-snippet":"max-snippet:-1","max-image-preview":"max-image-preview:large","max-video-preview":"max-video-preview:-1"},"canonical":"https:\/\/www.naturparkmagazin.de\/stechlin\/landschaftspflegeverband-als-un-dekade-projekt-ausgezeichnet\/","og_locale":"de_DE","og_type":"article","og_title":"Landschaftspflegeverband als UN-Dekade-Projekt ausgezeichnet - Naturpark Stechlin-Ruppiner Land","og_description":"Am 8. Dezember wurde das Projekt \"Land schafft Wandel\" des Landschaftspflegeverbandes Prignitz-Ruppiner Land als UN-Dekade-Projekt Biologische Vielfalt ausgezeichnet.","og_url":"https:\/\/www.naturparkmagazin.de\/stechlin\/landschaftspflegeverband-als-un-dekade-projekt-ausgezeichnet\/","og_site_name":"Naturpark Stechlin-Ruppiner Land","article_published_time":"2020-12-18T10:30:11+00:00","article_modified_time":"2020-12-18T13:41:28+00:00","og_image":[{"width":200,"height":200,"url":"https:\/\/www.naturparkmagazin.de\/stechlin\/wp-content\/uploads\/sites\/38\/aufmacher5.jpg","type":"image\/jpeg"}],"author":"marioschrumpf","twitter_misc":{"Verfasst von":"marioschrumpf","Gesch\u00e4tzte Lesezeit":"2\u00a0Minuten"},"schema":{"@context":"https:\/\/schema.org","@graph":[{"@type":"WebPage","@id":"https:\/\/www.naturparkmagazin.de\/stechlin\/landschaftspflegeverband-als-un-dekade-projekt-ausgezeichnet\/","url":"https:\/\/www.naturparkmagazin.de\/stechlin\/landschaftspflegeverband-als-un-dekade-projekt-ausgezeichnet\/","name":"Landschaftspflegeverband als UN-Dekade-Projekt ausgezeichnet - Naturpark Stechlin-Ruppiner Land","isPartOf":{"@id":"https:\/\/www.naturparkmagazin.de\/stechlin\/#website"},"datePublished":"2020-12-18T10:30:11+00:00","dateModified":"2020-12-18T13:41:28+00:00","author":{"@id":"https:\/\/www.naturparkmagazin.de\/stechlin\/#\/schema\/person\/3f0d93203df21c806dd63c76d9bb28bc"},"breadcrumb":{"@id":"https:\/\/www.naturparkmagazin.de\/stechlin\/landschaftspflegeverband-als-un-dekade-projekt-ausgezeichnet\/#breadcrumb"},"inLanguage":"de","potentialAction":[{"@type":"ReadAction","target":["https:\/\/www.naturparkmagazin.de\/stechlin\/landschaftspflegeverband-als-un-dekade-projekt-ausgezeichnet\/"]}]},{"@type":"BreadcrumbList","@id":"https:\/\/www.naturparkmagazin.de\/stechlin\/landschaftspflegeverband-als-un-dekade-projekt-ausgezeichnet\/#breadcrumb","itemListElement":[{"@type":"ListItem","position":1,"name":"Home","item":"https:\/\/www.naturparkmagazin.de\/stechlin\/"},{"@type":"ListItem","position":2,"name":"Landschaftspflegeverband als UN-Dekade-Projekt ausgezeichnet"}]},{"@type":"WebSite","@id":"https:\/\/www.naturparkmagazin.de\/stechlin\/#website","url":"https:\/\/www.naturparkmagazin.de\/stechlin\/","name":"Naturpark Stechlin-Ruppiner Land","description":"","potentialAction":[{"@type":"SearchAction","target":{"@type":"EntryPoint","urlTemplate":"https:\/\/www.naturparkmagazin.de\/stechlin\/?s={search_term_string}"},"query-input":"required name=search_term_string"}],"inLanguage":"de"},{"@type":"Person","@id":"https:\/\/www.naturparkmagazin.de\/stechlin\/#\/schema\/person\/3f0d93203df21c806dd63c76d9bb28bc","name":"marioschrumpf","url":"https:\/\/www.naturparkmagazin.de\/stechlin\/author\/marioschrumpf\/"}]}},"_links":{"self":[{"href":"https:\/\/www.naturparkmagazin.de\/stechlin\/wp-json\/wp\/v2\/posts\/10055"}],"collection":[{"href":"https:\/\/www.naturparkmagazin.de\/stechlin\/wp-json\/wp\/v2\/posts"}],"about":[{"href":"https:\/\/www.naturparkmagazin.de\/stechlin\/wp-json\/wp\/v2\/types\/post"}],"author":[{"embeddable":true,"href":"https:\/\/www.naturparkmagazin.de\/stechlin\/wp-json\/wp\/v2\/users\/39"}],"replies":[{"embeddable":true,"href":"https:\/\/www.naturparkmagazin.de\/stechlin\/wp-json\/wp\/v2\/comments?post=10055"}],"version-history":[{"count":4,"href":"https:\/\/www.naturparkmagazin.de\/stechlin\/wp-json\/wp\/v2\/posts\/10055\/revisions"}],"predecessor-version":[{"id":10063,"href":"https:\/\/www.naturparkmagazin.de\/stechlin\/wp-json\/wp\/v2\/posts\/10055\/revisions\/10063"}],"wp:featuredmedia":[{"embeddable":true,"href":"https:\/\/www.naturparkmagazin.de\/stechlin\/wp-json\/wp\/v2\/media\/10075"}],"wp:attachment":[{"href":"https:\/\/www.naturparkmagazin.de\/stechlin\/wp-json\/wp\/v2\/media?parent=10055"}],"wp:term":[{"taxonomy":"category","embeddable":true,"href":"https:\/\/www.naturparkmagazin.de\/stechlin\/wp-json\/wp\/v2\/categories?post=10055"},{"taxonomy":"post_tag","embeddable":true,"href":"https:\/\/www.naturparkmagazin.de\/stechlin\/wp-json\/wp\/v2\/tags?post=10055"}],"curies":[{"name":"wp","href":"https:\/\/api.w.org\/{rel}","templated":true}]}}