{"id":10065,"date":"2020-12-18T11:57:42","date_gmt":"2020-12-18T10:57:42","guid":{"rendered":"https:\/\/www.naturparkmagazin.de\/stechlin\/?p=10065"},"modified":"2020-12-22T12:29:11","modified_gmt":"2020-12-22T11:29:11","slug":"365-tage-fuer-die-daenische-eintagsfliege","status":"publish","type":"post","link":"https:\/\/www.naturparkmagazin.de\/stechlin\/365-tage-fuer-die-daenische-eintagsfliege\/","title":{"rendered":"365 Tage f\u00fcr die d\u00e4nische Eintagsfliege"},"content":{"rendered":"<p>Die D\u00e4nische Eintagsfliege<em> (Ephemera danica) <\/em>ist \u201eInsekt des Jahres 2021&#8243; in Deutschland, \u00d6sterreich und der Schweiz.<\/p>\n<p>Das Kuratorium unter dem Vorsitz von Prof. Dr. Thomas Schmitt, Senckenberg Deutsches Entomologisches Institut in M\u00fcncheberg und dem Schirmherr Axel Vogel, Minister f\u00fcr Landwirtschaft, Umwelt und Klimaschutz des Landes Brandenburg, pr\u00e4mierte das Insekt aus einer Reihe von Vorschl\u00e4gen. Anders als der Name vermuten l\u00e4sst, umfasst der Lebenszyklus einer Eintagsfliege \u2013 von der im Wasser lebenden Larve bis zum Fluginsekt \u2013 im Schnitt zwei Jahre. Die erwachsenen Insekten leben dann jedoch nur noch zwei bis vier Tage.<\/p>\n<div id=\"attachment_10084\" style=\"width: 310px\" class=\"wp-caption aligncenter\"><a href=\"https:\/\/www.naturparkmagazin.de\/stechlin\/wp-content\/uploads\/sites\/38\/insekt-des-jahres.jpg\"><img aria-describedby=\"caption-attachment-10084\" decoding=\"async\" loading=\"lazy\" class=\"size-thumbnail wp-image-10084\" src=\"https:\/\/www.naturparkmagazin.de\/stechlin\/wp-content\/uploads\/sites\/38\/insekt-des-jahres-300x180.jpg\" alt=\"Das Insekt des Jahres 2021: Die D\u00e4nische Eintagsfliege Ephemera danica\" width=\"300\" height=\"180\" srcset=\"https:\/\/www.naturparkmagazin.de\/stechlin\/wp-content\/uploads\/sites\/38\/insekt-des-jahres-300x180.jpg 300w, https:\/\/www.naturparkmagazin.de\/stechlin\/wp-content\/uploads\/sites\/38\/insekt-des-jahres.jpg 500w, https:\/\/www.naturparkmagazin.de\/stechlin\/wp-content\/uploads\/sites\/38\/insekt-des-jahres-200x120.jpg 200w\" sizes=\"(max-width: 300px) 100vw, 300px\" \/><\/a><p id=\"caption-attachment-10084\" class=\"wp-caption-text\">Das Insekt des Jahres 2021:Die D\u00e4nische EintagsfliegeEphemera danica<\/p><\/div>\n<p>Es gibt sie schon seit etwa 355 Millionen Jahren: Eintagsfliegen. Heute leben in Mitteleuropa aber nur etwa 140 Arten. \u201e<em>Mit der D\u00e4nischen Eintagsfliege<\/em> <em>Ephemera danica wird ein Vertreter einer sehr alterst\u00fcmliche Gruppe zum \u201aInsekt des Jahres\u2019. Die zwischen einem und zwei Zentimer langen Tiere sind weit in Europa verbreitet und besiedeln ein breites Spektrum von Gew\u00e4ssern \u2013 von kleinsten B\u00e4chen bis hin zu gro\u00dfen Fl\u00fc\u00dfen. Einzigartig macht die Eintagsfliege ihr Lebenszyklus: vom im Wasser abgelegten Ei bis hin zum flug- und paarungsf\u00e4higem Insekt, das nach wenigen Tagen stirbt<\/em>&#8222;, begr\u00fcndet Prof. Dr. Thomas Schmitt, Direktor des Senckenberg Deutschen Entomologischen Institut in M\u00fcncheberg und Vorsitzender des Kuratoriums, die Wahl.<\/p>\n<p>Der Entwicklungszyklus des, mit auff\u00e4lligen schwarzen Flecken auf seinen etwa zwei Zentimeter langen Fl\u00fcgeln erkennbaren, Insekts beginnt mit der Eiablage im Gew\u00e4sser. Zwischen Mai und September fliegen die Weibchen der D\u00e4nischen Eintagsfliege im Zick-Zack-Kurs \u00fcber das Wasser und tauchen dabei immer wieder mit der Spitze ihres Hinterleibs ein. Auf diese Weise legen sie portionsweise insgesamt mehrere tausende Eier, die im Anschluss aus den Gew\u00e4ssergrund sinken, wo sie mit ihrer klebrigen Au\u00dfenh\u00fclle h\u00e4ngenbleiben.<\/p>\n<p>Nach einigen Tagen schl\u00fcpfen die Larven, die zun\u00e4chst durch die Haut atmen. W\u00e4hrend des Wachstums h\u00e4uten sie sich immer wieder und entwickeln dabei deutlich sichtbare Kiemen. Die Anzahl dieser H\u00e4utungen ist mit 20 bis 30 im Vergleich zu anderen Insektenordnungen sehr hoch. Eingegraben im feinkiesigen bis sandig-schlickigen Grund der Gew\u00e4ssersohle dauert die Entwicklung der Larve ein bis drei Jahre, in Abh\u00e4ngigkeit verschiedener Umweltfaktoren, wie der Wassertemperatur oder dem Nahrungsangebot.<\/p>\n<div id=\"attachment_10085\" style=\"width: 310px\" class=\"wp-caption aligncenter\"><a href=\"https:\/\/www.naturparkmagazin.de\/stechlin\/wp-content\/uploads\/sites\/38\/larve.jpg\"><img aria-describedby=\"caption-attachment-10085\" decoding=\"async\" loading=\"lazy\" class=\"size-thumbnail wp-image-10085\" src=\"https:\/\/www.naturparkmagazin.de\/stechlin\/wp-content\/uploads\/sites\/38\/larve-300x180.jpg\" alt=\"Die Larve der D\u00e4nischen Eintagsfliege entwickelt sich \u00fcber ein bis drei Jahre zum flugf\u00e4higen Insekt.\" width=\"300\" height=\"180\" srcset=\"https:\/\/www.naturparkmagazin.de\/stechlin\/wp-content\/uploads\/sites\/38\/larve-300x180.jpg 300w, https:\/\/www.naturparkmagazin.de\/stechlin\/wp-content\/uploads\/sites\/38\/larve.jpg 500w, https:\/\/www.naturparkmagazin.de\/stechlin\/wp-content\/uploads\/sites\/38\/larve-200x120.jpg 200w\" sizes=\"(max-width: 300px) 100vw, 300px\" \/><\/a><p id=\"caption-attachment-10085\" class=\"wp-caption-text\">Die Larve der D\u00e4nischen Eintagsfliege entwickelt sich \u00fcber ein bis drei Jahre zum flugf\u00e4higen Insekt.<\/p><\/div>\n<p>\u201eKurz vor dem \u00dcbergang vom Wasser- zum Landleben bildet sich bei der ausgewachsenen Larve zwischen der alten und der neuen Haut eine Luftschicht. Durch die Verringerung des spezifischen Gewichts steigt die Larve an die Wasseroberfl\u00e4che. Dort angekommen, platzt die Larvenhaut und innerhalb weniger Sekunden schl\u00fcpft eine flugf\u00e4hige Eintagsfliege&#8220;, erg\u00e4nzt Schmitt. Diese ist aber noch nicht fortpflanzungsf\u00e4hig, hierf\u00fcr ben\u00f6tigt das Insekt noch eine letzte H\u00e4utung. Die fertig entwickelte Eintagsfliege besitzt weder Mundwerkzeuge noch einen funktionsf\u00e4higen Darm. Daher dr\u00e4ngt die Zeit: F\u00fcr Paarung und Eiablage bleiben nur wenigen Tagen bevor die Tiere sterben.<\/p>\n<div id=\"attachment_10083\" style=\"width: 310px\" class=\"wp-caption aligncenter\"><a href=\"https:\/\/www.naturparkmagazin.de\/stechlin\/wp-content\/uploads\/sites\/38\/finale-h\u00e4utung.jpg\"><img aria-describedby=\"caption-attachment-10083\" decoding=\"async\" loading=\"lazy\" class=\"size-thumbnail wp-image-10083\" src=\"https:\/\/www.naturparkmagazin.de\/stechlin\/wp-content\/uploads\/sites\/38\/finale-h\u00e4utung-300x500.jpg\" alt=\"Nach der finalen H\u00e4utung bleiben dem Insekt nur wenige Tage f\u00fcr die Paarung und Eiablage.\" width=\"300\" height=\"500\" srcset=\"https:\/\/www.naturparkmagazin.de\/stechlin\/wp-content\/uploads\/sites\/38\/finale-h\u00e4utung.jpg 300w, https:\/\/www.naturparkmagazin.de\/stechlin\/wp-content\/uploads\/sites\/38\/finale-h\u00e4utung-200x333.jpg 200w\" sizes=\"(max-width: 300px) 100vw, 300px\" \/><\/a><p id=\"caption-attachment-10083\" class=\"wp-caption-text\">Nach der finalen H\u00e4utung bleiben dem Insekt nur wenige Tage f\u00fcr die Paarung und Eiablage.<\/p><\/div>\n<p>\u201e<em>F\u00fcr unser \u201aInsekt des Jahres 2021\u2019 existiert gl\u00fccklicherweise keine akute Gef\u00e4hrdung. Die D\u00e4nische Eintagsfliege ist aber aufgrund ihres speziellen Entwicklungszyklus auf \u00f6kologisch intakte Gew\u00e4sser mit ausreichendem Sauerstoffgehalt angewiesen<\/em>&#8222;, erkl\u00e4rt Axel Vogel, Minister f\u00fcr Landwirtschaft, Umwelt und Klimaschutz des Landes Brandenburg und diesj\u00e4hriger Schirmherr des \u201eInsekt des Jahres&#8220;, und f\u00e4hrt fort: <em>\u201eEin umfassender Gew\u00e4sserschutz unter F\u00f6rderung nat\u00fcrlicher Gew\u00e4sserstrukturen geh\u00f6rt daher zu unseren Zielen \u2013 nur so k\u00f6nnen wir die D\u00e4nische Eintagsfliege und viele weitere Organismen sch\u00fctzen!&#8220;<\/em><\/p>\n<p>Das Insekt des Jahres wird seit 1999 proklamiert. Die Idee hierzu stammte vom Prof. Dr. Holger Dathe, damaliger Leiter des Senckenberg Deutschen Entomologischen Instituts in M\u00fcncheberg. Ein Kuratorium, dem namhafte Insektenkundler*innen und Vertreter*innen wissenschaftlicher Gesellschaften und Einrichtungen angeh\u00f6ren, w\u00e4hlt jedes Jahr aus verschiedenen Vorschl\u00e4gen aus.<\/p>\n<p>&nbsp;<\/p>\n","protected":false},"excerpt":{"rendered":"<p>Die D\u00e4nische Eintagsfliege (Ephemera danica)  ist \u201eInsekt des Jahres 2021&#8243; in Deutschland, \u00d6sterreich und der Schweiz.<\/p>\n","protected":false},"author":39,"featured_media":10082,"comment_status":"open","ping_status":"open","sticky":false,"template":"","format":"standard","meta":[],"categories":[7],"tags":[],"yoast_head":"<!-- This site is optimized with the Yoast SEO plugin v19.10 - https:\/\/yoast.com\/wordpress\/plugins\/seo\/ -->\n<title>365 Tage f\u00fcr die d\u00e4nische Eintagsfliege - Naturpark Stechlin-Ruppiner Land<\/title>\n<meta name=\"robots\" content=\"index, follow, max-snippet:-1, max-image-preview:large, max-video-preview:-1\" \/>\n<link rel=\"canonical\" href=\"https:\/\/www.naturparkmagazin.de\/stechlin\/365-tage-fuer-die-daenische-eintagsfliege\/\" \/>\n<meta property=\"og:locale\" content=\"de_DE\" \/>\n<meta property=\"og:type\" content=\"article\" \/>\n<meta property=\"og:title\" content=\"365 Tage f\u00fcr die d\u00e4nische Eintagsfliege - Naturpark Stechlin-Ruppiner Land\" \/>\n<meta property=\"og:description\" content=\"Die D\u00e4nische Eintagsfliege (Ephemera danica) ist \u201eInsekt des Jahres 2021&quot; in Deutschland, \u00d6sterreich und der Schweiz.\" \/>\n<meta property=\"og:url\" content=\"https:\/\/www.naturparkmagazin.de\/stechlin\/365-tage-fuer-die-daenische-eintagsfliege\/\" \/>\n<meta property=\"og:site_name\" content=\"Naturpark Stechlin-Ruppiner Land\" \/>\n<meta property=\"article:published_time\" content=\"2020-12-18T10:57:42+00:00\" \/>\n<meta property=\"article:modified_time\" content=\"2020-12-22T11:29:11+00:00\" \/>\n<meta property=\"og:image\" content=\"https:\/\/www.naturparkmagazin.de\/stechlin\/wp-content\/uploads\/sites\/38\/Aufmacher.jpg\" \/>\n\t<meta property=\"og:image:width\" content=\"200\" \/>\n\t<meta property=\"og:image:height\" content=\"200\" \/>\n\t<meta property=\"og:image:type\" content=\"image\/jpeg\" \/>\n<meta name=\"author\" content=\"marioschrumpf\" \/>\n<meta name=\"twitter:label1\" content=\"Verfasst von\" \/>\n\t<meta name=\"twitter:data1\" content=\"marioschrumpf\" \/>\n\t<meta name=\"twitter:label2\" content=\"Gesch\u00e4tzte Lesezeit\" \/>\n\t<meta name=\"twitter:data2\" content=\"3\u00a0Minuten\" \/>\n<script type=\"application\/ld+json\" class=\"yoast-schema-graph\">{\"@context\":\"https:\/\/schema.org\",\"@graph\":[{\"@type\":\"WebPage\",\"@id\":\"https:\/\/www.naturparkmagazin.de\/stechlin\/365-tage-fuer-die-daenische-eintagsfliege\/\",\"url\":\"https:\/\/www.naturparkmagazin.de\/stechlin\/365-tage-fuer-die-daenische-eintagsfliege\/\",\"name\":\"365 Tage f\u00fcr die d\u00e4nische Eintagsfliege - Naturpark Stechlin-Ruppiner Land\",\"isPartOf\":{\"@id\":\"https:\/\/www.naturparkmagazin.de\/stechlin\/#website\"},\"datePublished\":\"2020-12-18T10:57:42+00:00\",\"dateModified\":\"2020-12-22T11:29:11+00:00\",\"author\":{\"@id\":\"https:\/\/www.naturparkmagazin.de\/stechlin\/#\/schema\/person\/3f0d93203df21c806dd63c76d9bb28bc\"},\"breadcrumb\":{\"@id\":\"https:\/\/www.naturparkmagazin.de\/stechlin\/365-tage-fuer-die-daenische-eintagsfliege\/#breadcrumb\"},\"inLanguage\":\"de\",\"potentialAction\":[{\"@type\":\"ReadAction\",\"target\":[\"https:\/\/www.naturparkmagazin.de\/stechlin\/365-tage-fuer-die-daenische-eintagsfliege\/\"]}]},{\"@type\":\"BreadcrumbList\",\"@id\":\"https:\/\/www.naturparkmagazin.de\/stechlin\/365-tage-fuer-die-daenische-eintagsfliege\/#breadcrumb\",\"itemListElement\":[{\"@type\":\"ListItem\",\"position\":1,\"name\":\"Home\",\"item\":\"https:\/\/www.naturparkmagazin.de\/stechlin\/\"},{\"@type\":\"ListItem\",\"position\":2,\"name\":\"365 Tage f\u00fcr die d\u00e4nische Eintagsfliege\"}]},{\"@type\":\"WebSite\",\"@id\":\"https:\/\/www.naturparkmagazin.de\/stechlin\/#website\",\"url\":\"https:\/\/www.naturparkmagazin.de\/stechlin\/\",\"name\":\"Naturpark Stechlin-Ruppiner Land\",\"description\":\"\",\"potentialAction\":[{\"@type\":\"SearchAction\",\"target\":{\"@type\":\"EntryPoint\",\"urlTemplate\":\"https:\/\/www.naturparkmagazin.de\/stechlin\/?s={search_term_string}\"},\"query-input\":\"required name=search_term_string\"}],\"inLanguage\":\"de\"},{\"@type\":\"Person\",\"@id\":\"https:\/\/www.naturparkmagazin.de\/stechlin\/#\/schema\/person\/3f0d93203df21c806dd63c76d9bb28bc\",\"name\":\"marioschrumpf\",\"url\":\"https:\/\/www.naturparkmagazin.de\/stechlin\/author\/marioschrumpf\/\"}]}<\/script>\n<!-- \/ Yoast SEO plugin. -->","yoast_head_json":{"title":"365 Tage f\u00fcr die d\u00e4nische Eintagsfliege - Naturpark Stechlin-Ruppiner Land","robots":{"index":"index","follow":"follow","max-snippet":"max-snippet:-1","max-image-preview":"max-image-preview:large","max-video-preview":"max-video-preview:-1"},"canonical":"https:\/\/www.naturparkmagazin.de\/stechlin\/365-tage-fuer-die-daenische-eintagsfliege\/","og_locale":"de_DE","og_type":"article","og_title":"365 Tage f\u00fcr die d\u00e4nische Eintagsfliege - Naturpark Stechlin-Ruppiner Land","og_description":"Die D\u00e4nische Eintagsfliege (Ephemera danica) ist \u201eInsekt des Jahres 2021\" in Deutschland, \u00d6sterreich und der Schweiz.","og_url":"https:\/\/www.naturparkmagazin.de\/stechlin\/365-tage-fuer-die-daenische-eintagsfliege\/","og_site_name":"Naturpark Stechlin-Ruppiner Land","article_published_time":"2020-12-18T10:57:42+00:00","article_modified_time":"2020-12-22T11:29:11+00:00","og_image":[{"width":200,"height":200,"url":"https:\/\/www.naturparkmagazin.de\/stechlin\/wp-content\/uploads\/sites\/38\/Aufmacher.jpg","type":"image\/jpeg"}],"author":"marioschrumpf","twitter_misc":{"Verfasst von":"marioschrumpf","Gesch\u00e4tzte Lesezeit":"3\u00a0Minuten"},"schema":{"@context":"https:\/\/schema.org","@graph":[{"@type":"WebPage","@id":"https:\/\/www.naturparkmagazin.de\/stechlin\/365-tage-fuer-die-daenische-eintagsfliege\/","url":"https:\/\/www.naturparkmagazin.de\/stechlin\/365-tage-fuer-die-daenische-eintagsfliege\/","name":"365 Tage f\u00fcr die d\u00e4nische Eintagsfliege - Naturpark Stechlin-Ruppiner Land","isPartOf":{"@id":"https:\/\/www.naturparkmagazin.de\/stechlin\/#website"},"datePublished":"2020-12-18T10:57:42+00:00","dateModified":"2020-12-22T11:29:11+00:00","author":{"@id":"https:\/\/www.naturparkmagazin.de\/stechlin\/#\/schema\/person\/3f0d93203df21c806dd63c76d9bb28bc"},"breadcrumb":{"@id":"https:\/\/www.naturparkmagazin.de\/stechlin\/365-tage-fuer-die-daenische-eintagsfliege\/#breadcrumb"},"inLanguage":"de","potentialAction":[{"@type":"ReadAction","target":["https:\/\/www.naturparkmagazin.de\/stechlin\/365-tage-fuer-die-daenische-eintagsfliege\/"]}]},{"@type":"BreadcrumbList","@id":"https:\/\/www.naturparkmagazin.de\/stechlin\/365-tage-fuer-die-daenische-eintagsfliege\/#breadcrumb","itemListElement":[{"@type":"ListItem","position":1,"name":"Home","item":"https:\/\/www.naturparkmagazin.de\/stechlin\/"},{"@type":"ListItem","position":2,"name":"365 Tage f\u00fcr die d\u00e4nische Eintagsfliege"}]},{"@type":"WebSite","@id":"https:\/\/www.naturparkmagazin.de\/stechlin\/#website","url":"https:\/\/www.naturparkmagazin.de\/stechlin\/","name":"Naturpark Stechlin-Ruppiner Land","description":"","potentialAction":[{"@type":"SearchAction","target":{"@type":"EntryPoint","urlTemplate":"https:\/\/www.naturparkmagazin.de\/stechlin\/?s={search_term_string}"},"query-input":"required name=search_term_string"}],"inLanguage":"de"},{"@type":"Person","@id":"https:\/\/www.naturparkmagazin.de\/stechlin\/#\/schema\/person\/3f0d93203df21c806dd63c76d9bb28bc","name":"marioschrumpf","url":"https:\/\/www.naturparkmagazin.de\/stechlin\/author\/marioschrumpf\/"}]}},"_links":{"self":[{"href":"https:\/\/www.naturparkmagazin.de\/stechlin\/wp-json\/wp\/v2\/posts\/10065"}],"collection":[{"href":"https:\/\/www.naturparkmagazin.de\/stechlin\/wp-json\/wp\/v2\/posts"}],"about":[{"href":"https:\/\/www.naturparkmagazin.de\/stechlin\/wp-json\/wp\/v2\/types\/post"}],"author":[{"embeddable":true,"href":"https:\/\/www.naturparkmagazin.de\/stechlin\/wp-json\/wp\/v2\/users\/39"}],"replies":[{"embeddable":true,"href":"https:\/\/www.naturparkmagazin.de\/stechlin\/wp-json\/wp\/v2\/comments?post=10065"}],"version-history":[{"count":5,"href":"https:\/\/www.naturparkmagazin.de\/stechlin\/wp-json\/wp\/v2\/posts\/10065\/revisions"}],"predecessor-version":[{"id":10098,"href":"https:\/\/www.naturparkmagazin.de\/stechlin\/wp-json\/wp\/v2\/posts\/10065\/revisions\/10098"}],"wp:featuredmedia":[{"embeddable":true,"href":"https:\/\/www.naturparkmagazin.de\/stechlin\/wp-json\/wp\/v2\/media\/10082"}],"wp:attachment":[{"href":"https:\/\/www.naturparkmagazin.de\/stechlin\/wp-json\/wp\/v2\/media?parent=10065"}],"wp:term":[{"taxonomy":"category","embeddable":true,"href":"https:\/\/www.naturparkmagazin.de\/stechlin\/wp-json\/wp\/v2\/categories?post=10065"},{"taxonomy":"post_tag","embeddable":true,"href":"https:\/\/www.naturparkmagazin.de\/stechlin\/wp-json\/wp\/v2\/tags?post=10065"}],"curies":[{"name":"wp","href":"https:\/\/api.w.org\/{rel}","templated":true}]}}