{"id":10072,"date":"2020-12-18T13:22:27","date_gmt":"2020-12-18T12:22:27","guid":{"rendered":"https:\/\/www.naturparkmagazin.de\/stechlin\/?p=10072"},"modified":"2020-12-18T13:22:27","modified_gmt":"2020-12-18T12:22:27","slug":"itta-olaj","status":"publish","type":"post","link":"https:\/\/www.naturparkmagazin.de\/stechlin\/itta-olaj\/","title":{"rendered":"Itta Olaj"},"content":{"rendered":"<p>Auf der j\u00fcngsten Mitgliederversammlung des Tourismusverbandes Ruppiner Seenland in Neuglobsow wurde Itta Olaj den Mitgliedern als neue Gesch\u00e4ftsf\u00fchrerin vorgestellt. Sie wurde vom Vorstand f\u00fcr die n\u00e4chsten f\u00fcnf Jahre als Gesch\u00e4ftsf\u00fchrerin bestellt. Seit dem Weggang von Peter Krause hatte sie bereits diese Funktion\u00a0kommissarisch inne.\u00a0Der bisherige Gesch\u00e4ftsf\u00fchrer Peter Krause und Vorsitzender des Kuratoriums unseres Naturparks hatte den Verband Anfang August verlassen, um Gesch\u00e4ftsf\u00fchrer bei der Landesgartenschaugesellschaft in Beelitz werden zu k\u00f6nnen.<\/p>\n<div id=\"attachment_9811\" style=\"width: 310px\" class=\"wp-caption aligncenter\"><a href=\"https:\/\/www.naturparkmagazin.de\/stechlin\/wp-content\/uploads\/sites\/38\/Itta-Olaj2.jpg\"><img aria-describedby=\"caption-attachment-9811\" decoding=\"async\" loading=\"lazy\" class=\"size-thumbnail wp-image-9811\" src=\"https:\/\/www.naturparkmagazin.de\/stechlin\/wp-content\/uploads\/sites\/38\/Itta-Olaj2-300x180.jpg\" alt=\"Itta Olaj\" width=\"300\" height=\"180\" srcset=\"https:\/\/www.naturparkmagazin.de\/stechlin\/wp-content\/uploads\/sites\/38\/Itta-Olaj2-300x180.jpg 300w, https:\/\/www.naturparkmagazin.de\/stechlin\/wp-content\/uploads\/sites\/38\/Itta-Olaj2.jpg 500w, https:\/\/www.naturparkmagazin.de\/stechlin\/wp-content\/uploads\/sites\/38\/Itta-Olaj2-200x120.jpg 200w\" sizes=\"(max-width: 300px) 100vw, 300px\" \/><\/a><p id=\"caption-attachment-9811\" class=\"wp-caption-text\">Itta Olaj<\/p><\/div>\n<p>Die 52-J\u00e4hrige geb\u00fcrtige \u00d6sterreicherin hat einen Universit\u00e4tslehrgang f\u00fcr Kultur- und Medienmanagement absolviert und verf\u00fcgt \u00fcber Berufserfahrung im Marketing und Projektmanagement. Seit 2015 lebt sie im Ruppiner Seenland. Seit Januar 2020 k\u00fcmmerte sie sich um das Marketing im Tourismusverband. Olaj arbeitet seit 2008 in Deutschland und ist seit 2015 im Ruppiner Seenland zu Hause. Sie war u.a. nebenberuflich als Schlossf\u00fchrerin in Rheinsberg und als Guide in der Fontane-Ausstellung Neuruppin t\u00e4tig. In ihrer Freizeit ist sie in Laufschuhen, im Kajak oder auf dem Rad in der Region unterwegs.<\/p>\n<p>Neben den Landkreisen Ostprignitz-Ruppin und Oberhavel geh\u00f6ren dem Verband auch die Kommunen Neuruppin, Fehrbellin, Temnitz, Lindow sowie Vereine, Verb\u00e4nde, die Stadtwerke Neuruppin, die RegioNord, der Tourismusservice B\u00fcrgerbahnhof und\u00a0unser Naturpark an.<\/p>\n<p><em>&#8222;Ich freue mich auf eine weiterhin gute Zusammenarbeit!&#8220;<\/em> begr\u00fc\u00dft Naturparkleiter Dr. Mario Schrumpf die Entscheidung.<\/p>\n","protected":false},"excerpt":{"rendered":"<p>Auf der j\u00fcngsten Mitgliederversammlung des Tourismusverbandes Ruppiner Seenland in Neuglobsow wurde Itta Olaj den Mitgliedern als neue Gesch\u00e4ftsf\u00fchrerin vorgestellt. <\/p>\n","protected":false},"author":39,"featured_media":9810,"comment_status":"open","ping_status":"open","sticky":false,"template":"","format":"standard","meta":[],"categories":[8],"tags":[],"yoast_head":"<!-- This site is optimized with the Yoast SEO plugin v19.10 - https:\/\/yoast.com\/wordpress\/plugins\/seo\/ -->\n<title>Itta Olaj - Naturpark Stechlin-Ruppiner Land<\/title>\n<meta name=\"robots\" content=\"index, follow, max-snippet:-1, max-image-preview:large, max-video-preview:-1\" \/>\n<link rel=\"canonical\" href=\"https:\/\/www.naturparkmagazin.de\/stechlin\/itta-olaj\/\" \/>\n<meta property=\"og:locale\" content=\"de_DE\" \/>\n<meta property=\"og:type\" content=\"article\" \/>\n<meta property=\"og:title\" content=\"Itta Olaj - Naturpark Stechlin-Ruppiner Land\" \/>\n<meta property=\"og:description\" content=\"Auf der j\u00fcngsten Mitgliederversammlung des Tourismusverbandes Ruppiner Seenland in Neuglobsow wurde Itta Olaj den Mitgliedern als neue Gesch\u00e4ftsf\u00fchrerin vorgestellt.\" \/>\n<meta property=\"og:url\" content=\"https:\/\/www.naturparkmagazin.de\/stechlin\/itta-olaj\/\" \/>\n<meta property=\"og:site_name\" content=\"Naturpark Stechlin-Ruppiner Land\" \/>\n<meta property=\"article:published_time\" content=\"2020-12-18T12:22:27+00:00\" \/>\n<meta property=\"og:image\" content=\"https:\/\/www.naturparkmagazin.de\/stechlin\/wp-content\/uploads\/sites\/38\/Itta-Olaj1.jpg\" \/>\n\t<meta property=\"og:image:width\" content=\"200\" \/>\n\t<meta property=\"og:image:height\" content=\"200\" \/>\n\t<meta property=\"og:image:type\" content=\"image\/jpeg\" \/>\n<meta name=\"author\" content=\"marioschrumpf\" \/>\n<meta name=\"twitter:label1\" content=\"Verfasst von\" \/>\n\t<meta name=\"twitter:data1\" content=\"marioschrumpf\" \/>\n\t<meta name=\"twitter:label2\" content=\"Gesch\u00e4tzte Lesezeit\" \/>\n\t<meta name=\"twitter:data2\" content=\"1\u00a0Minute\" \/>\n<script type=\"application\/ld+json\" class=\"yoast-schema-graph\">{\"@context\":\"https:\/\/schema.org\",\"@graph\":[{\"@type\":\"WebPage\",\"@id\":\"https:\/\/www.naturparkmagazin.de\/stechlin\/itta-olaj\/\",\"url\":\"https:\/\/www.naturparkmagazin.de\/stechlin\/itta-olaj\/\",\"name\":\"Itta Olaj - Naturpark Stechlin-Ruppiner Land\",\"isPartOf\":{\"@id\":\"https:\/\/www.naturparkmagazin.de\/stechlin\/#website\"},\"datePublished\":\"2020-12-18T12:22:27+00:00\",\"dateModified\":\"2020-12-18T12:22:27+00:00\",\"author\":{\"@id\":\"https:\/\/www.naturparkmagazin.de\/stechlin\/#\/schema\/person\/3f0d93203df21c806dd63c76d9bb28bc\"},\"breadcrumb\":{\"@id\":\"https:\/\/www.naturparkmagazin.de\/stechlin\/itta-olaj\/#breadcrumb\"},\"inLanguage\":\"de\",\"potentialAction\":[{\"@type\":\"ReadAction\",\"target\":[\"https:\/\/www.naturparkmagazin.de\/stechlin\/itta-olaj\/\"]}]},{\"@type\":\"BreadcrumbList\",\"@id\":\"https:\/\/www.naturparkmagazin.de\/stechlin\/itta-olaj\/#breadcrumb\",\"itemListElement\":[{\"@type\":\"ListItem\",\"position\":1,\"name\":\"Home\",\"item\":\"https:\/\/www.naturparkmagazin.de\/stechlin\/\"},{\"@type\":\"ListItem\",\"position\":2,\"name\":\"Itta Olaj\"}]},{\"@type\":\"WebSite\",\"@id\":\"https:\/\/www.naturparkmagazin.de\/stechlin\/#website\",\"url\":\"https:\/\/www.naturparkmagazin.de\/stechlin\/\",\"name\":\"Naturpark Stechlin-Ruppiner Land\",\"description\":\"\",\"potentialAction\":[{\"@type\":\"SearchAction\",\"target\":{\"@type\":\"EntryPoint\",\"urlTemplate\":\"https:\/\/www.naturparkmagazin.de\/stechlin\/?s={search_term_string}\"},\"query-input\":\"required name=search_term_string\"}],\"inLanguage\":\"de\"},{\"@type\":\"Person\",\"@id\":\"https:\/\/www.naturparkmagazin.de\/stechlin\/#\/schema\/person\/3f0d93203df21c806dd63c76d9bb28bc\",\"name\":\"marioschrumpf\",\"url\":\"https:\/\/www.naturparkmagazin.de\/stechlin\/author\/marioschrumpf\/\"}]}<\/script>\n<!-- \/ Yoast SEO plugin. -->","yoast_head_json":{"title":"Itta Olaj - Naturpark Stechlin-Ruppiner Land","robots":{"index":"index","follow":"follow","max-snippet":"max-snippet:-1","max-image-preview":"max-image-preview:large","max-video-preview":"max-video-preview:-1"},"canonical":"https:\/\/www.naturparkmagazin.de\/stechlin\/itta-olaj\/","og_locale":"de_DE","og_type":"article","og_title":"Itta Olaj - Naturpark Stechlin-Ruppiner Land","og_description":"Auf der j\u00fcngsten Mitgliederversammlung des Tourismusverbandes Ruppiner Seenland in Neuglobsow wurde Itta Olaj den Mitgliedern als neue Gesch\u00e4ftsf\u00fchrerin vorgestellt.","og_url":"https:\/\/www.naturparkmagazin.de\/stechlin\/itta-olaj\/","og_site_name":"Naturpark Stechlin-Ruppiner Land","article_published_time":"2020-12-18T12:22:27+00:00","og_image":[{"width":200,"height":200,"url":"https:\/\/www.naturparkmagazin.de\/stechlin\/wp-content\/uploads\/sites\/38\/Itta-Olaj1.jpg","type":"image\/jpeg"}],"author":"marioschrumpf","twitter_misc":{"Verfasst von":"marioschrumpf","Gesch\u00e4tzte Lesezeit":"1\u00a0Minute"},"schema":{"@context":"https:\/\/schema.org","@graph":[{"@type":"WebPage","@id":"https:\/\/www.naturparkmagazin.de\/stechlin\/itta-olaj\/","url":"https:\/\/www.naturparkmagazin.de\/stechlin\/itta-olaj\/","name":"Itta Olaj - Naturpark Stechlin-Ruppiner Land","isPartOf":{"@id":"https:\/\/www.naturparkmagazin.de\/stechlin\/#website"},"datePublished":"2020-12-18T12:22:27+00:00","dateModified":"2020-12-18T12:22:27+00:00","author":{"@id":"https:\/\/www.naturparkmagazin.de\/stechlin\/#\/schema\/person\/3f0d93203df21c806dd63c76d9bb28bc"},"breadcrumb":{"@id":"https:\/\/www.naturparkmagazin.de\/stechlin\/itta-olaj\/#breadcrumb"},"inLanguage":"de","potentialAction":[{"@type":"ReadAction","target":["https:\/\/www.naturparkmagazin.de\/stechlin\/itta-olaj\/"]}]},{"@type":"BreadcrumbList","@id":"https:\/\/www.naturparkmagazin.de\/stechlin\/itta-olaj\/#breadcrumb","itemListElement":[{"@type":"ListItem","position":1,"name":"Home","item":"https:\/\/www.naturparkmagazin.de\/stechlin\/"},{"@type":"ListItem","position":2,"name":"Itta Olaj"}]},{"@type":"WebSite","@id":"https:\/\/www.naturparkmagazin.de\/stechlin\/#website","url":"https:\/\/www.naturparkmagazin.de\/stechlin\/","name":"Naturpark Stechlin-Ruppiner Land","description":"","potentialAction":[{"@type":"SearchAction","target":{"@type":"EntryPoint","urlTemplate":"https:\/\/www.naturparkmagazin.de\/stechlin\/?s={search_term_string}"},"query-input":"required name=search_term_string"}],"inLanguage":"de"},{"@type":"Person","@id":"https:\/\/www.naturparkmagazin.de\/stechlin\/#\/schema\/person\/3f0d93203df21c806dd63c76d9bb28bc","name":"marioschrumpf","url":"https:\/\/www.naturparkmagazin.de\/stechlin\/author\/marioschrumpf\/"}]}},"_links":{"self":[{"href":"https:\/\/www.naturparkmagazin.de\/stechlin\/wp-json\/wp\/v2\/posts\/10072"}],"collection":[{"href":"https:\/\/www.naturparkmagazin.de\/stechlin\/wp-json\/wp\/v2\/posts"}],"about":[{"href":"https:\/\/www.naturparkmagazin.de\/stechlin\/wp-json\/wp\/v2\/types\/post"}],"author":[{"embeddable":true,"href":"https:\/\/www.naturparkmagazin.de\/stechlin\/wp-json\/wp\/v2\/users\/39"}],"replies":[{"embeddable":true,"href":"https:\/\/www.naturparkmagazin.de\/stechlin\/wp-json\/wp\/v2\/comments?post=10072"}],"version-history":[{"count":2,"href":"https:\/\/www.naturparkmagazin.de\/stechlin\/wp-json\/wp\/v2\/posts\/10072\/revisions"}],"predecessor-version":[{"id":10090,"href":"https:\/\/www.naturparkmagazin.de\/stechlin\/wp-json\/wp\/v2\/posts\/10072\/revisions\/10090"}],"wp:featuredmedia":[{"embeddable":true,"href":"https:\/\/www.naturparkmagazin.de\/stechlin\/wp-json\/wp\/v2\/media\/9810"}],"wp:attachment":[{"href":"https:\/\/www.naturparkmagazin.de\/stechlin\/wp-json\/wp\/v2\/media?parent=10072"}],"wp:term":[{"taxonomy":"category","embeddable":true,"href":"https:\/\/www.naturparkmagazin.de\/stechlin\/wp-json\/wp\/v2\/categories?post=10072"},{"taxonomy":"post_tag","embeddable":true,"href":"https:\/\/www.naturparkmagazin.de\/stechlin\/wp-json\/wp\/v2\/tags?post=10072"}],"curies":[{"name":"wp","href":"https:\/\/api.w.org\/{rel}","templated":true}]}}