{"id":10114,"date":"2021-03-15T14:00:55","date_gmt":"2021-03-15T13:00:55","guid":{"rendered":"https:\/\/www.naturparkmagazin.de\/stechlin\/?p=10114"},"modified":"2021-03-30T09:29:03","modified_gmt":"2021-03-30T07:29:03","slug":"schnell-noch-einen-der-letzten-startplaetze-fuer-den-fontane-wandermarathon-sichern","status":"publish","type":"post","link":"https:\/\/www.naturparkmagazin.de\/stechlin\/schnell-noch-einen-der-letzten-startplaetze-fuer-den-fontane-wandermarathon-sichern\/","title":{"rendered":"2. Fontane-Wandermarathon verschoben auf 9. Oktober 2021"},"content":{"rendered":"<p>Aufgrund der aktuellen COVID-19-Situation m\u00fcssen wir unseren 2. Fontane-Wandermarathon leider erneut verschieben.<\/p>\n<div id=\"attachment_8590\" style=\"width: 343px\" class=\"wp-caption aligncenter\"><a href=\"https:\/\/www.naturparkmagazin.de\/stechlin\/wp-content\/uploads\/sites\/38\/Fontane-Wandermarathon_11.jpg\"><img aria-describedby=\"caption-attachment-8590\" decoding=\"async\" loading=\"lazy\" class=\"wp-image-8590 \" src=\"https:\/\/www.naturparkmagazin.de\/stechlin\/wp-content\/uploads\/sites\/38\/Fontane-Wandermarathon_11-300x180.jpg\" alt=\"Wanderer auf dem Wald- und Wassererlebnispfad \u00a9Daniel Marienfeld\" width=\"333\" height=\"200\" srcset=\"https:\/\/www.naturparkmagazin.de\/stechlin\/wp-content\/uploads\/sites\/38\/Fontane-Wandermarathon_11-300x180.jpg 300w, https:\/\/www.naturparkmagazin.de\/stechlin\/wp-content\/uploads\/sites\/38\/Fontane-Wandermarathon_11.jpg 500w, https:\/\/www.naturparkmagazin.de\/stechlin\/wp-content\/uploads\/sites\/38\/Fontane-Wandermarathon_11-200x120.jpg 200w\" sizes=\"(max-width: 333px) 100vw, 333px\" \/><\/a><p id=\"caption-attachment-8590\" class=\"wp-caption-text\">Wanderer beim 1. Fontane-Wandermarathon 2019 \u00a9Daniel Marienfeld<\/p><\/div>\n<p>&nbsp;<\/p>\n<p>Bis zuletzt hatten wir gehofft und uns tausende Gedanken gemacht: \u00fcber Hygienekonzepte, r\u00e4umliche Erweiterungen und sogar \u00fcber Schnelltests. Doch aufgrund der aktuellen Entwicklungen haben wir absolut keine Rechts- und Planungssicherheit mehr &#8211; nicht f\u00fcr euch, und auch nicht f\u00fcr uns und unsere Partner.<\/p>\n<div id=\"attachment_9171\" style=\"width: 310px\" class=\"wp-caption aligncenter\"><a href=\"https:\/\/www.naturparkmagazin.de\/stechlin\/wp-content\/uploads\/sites\/38\/VAK_Autor-Daniel-Marienfeld.jpg\"><img aria-describedby=\"caption-attachment-9171\" decoding=\"async\" loading=\"lazy\" class=\"size-thumbnail wp-image-9171\" src=\"https:\/\/www.naturparkmagazin.de\/stechlin\/wp-content\/uploads\/sites\/38\/VAK_Autor-Daniel-Marienfeld-300x180.jpg\" alt=\"Endlich wieder gemeinsam auf Tour gehen\" width=\"300\" height=\"180\" srcset=\"https:\/\/www.naturparkmagazin.de\/stechlin\/wp-content\/uploads\/sites\/38\/VAK_Autor-Daniel-Marienfeld-300x180.jpg 300w, https:\/\/www.naturparkmagazin.de\/stechlin\/wp-content\/uploads\/sites\/38\/VAK_Autor-Daniel-Marienfeld.jpg 500w, https:\/\/www.naturparkmagazin.de\/stechlin\/wp-content\/uploads\/sites\/38\/VAK_Autor-Daniel-Marienfeld-200x120.jpg 200w\" sizes=\"(max-width: 300px) 100vw, 300px\" \/><\/a><p id=\"caption-attachment-9171\" class=\"wp-caption-text\">Endlich wieder gemeinsam auf Tour gehen \u00a9Daniel Marienfeld<\/p><\/div>\n<p>&nbsp;<\/p>\n<p><strong>Somit kann der 2. Fontane-Wandermarathon leider <span style=\"text-decoration: underline\">nicht am 1. Mai 2021<\/span> stattfinden.<\/strong><\/p>\n<p>Aber wir sind zuversichtlich, dass wir euch noch in diesem Jahr die reizvolle Strecke &#8222;Der Stechlin&#8220; mit Start und Ziel in F\u00fcrstenberg\/Havel pr\u00e4sentieren d\u00fcrfen:<\/p>\n<p><strong>Der <span style=\"text-decoration: underline\">neue Termin<\/span> f\u00fcr unseren Wandermarathon wird also Samstag, der <span style=\"text-decoration: underline\">9. Oktober 2021<\/span>, sein.<\/strong><\/p>\n<p><strong>Wichtig f\u00fcr euch, die ihr bereits gemeldet seid:<\/strong><\/p>\n<p>&#8211; Eure Startpl\u00e4tze bleiben euch f\u00fcr die jeweilige Distanz (&#8222;Marathon&#8220; bzw. &#8222;Halbmarathon&#8220;) erhalten und werden automatisch auf den 9. Oktober 2021 \u00fcbertragen. Wenn ihr also am 9. Oktober 2021 dabei sein m\u00f6chtet, braucht ihr gar nichts weiter zu tun.<\/p>\n<p>&#8211; M\u00f6chtet oder k\u00f6nnt ihr am 9. Oktober 2021 nicht teilnehmen, bekommt ihr selbstverst\u00e4ndlich euer Startgeld zur\u00fcck. Gebt uns in diesem Fall bitte bis sp\u00e4testens 15. Mai 2021 per E-Mail an <a href=\"mailto:info@ruppiner-seenland.de\">info@ruppiner-seenland.de<\/a> Bescheid. F\u00fcr die Erstattung sendet uns bitte eure Meldebest\u00e4tigung und eure Kontodaten.<\/p>\n<p>N\u00e4here Infos findet ihr dann wie gewohnt unter: <a href=\"http:\/\/www.fontane-wandermarathon.de\">www.fontane-wandermarathon.de<\/a><\/p>\n<p>&nbsp;<\/p>\n<p><a href=\"https:\/\/www.naturparkmagazin.de\/stechlin\/wp-content\/uploads\/sites\/38\/Logo_Fontane-Wandermarathon_Entwurf_1.jpg\"><img decoding=\"async\" loading=\"lazy\" class=\"aligncenter size-full wp-image-8363\" src=\"https:\/\/www.naturparkmagazin.de\/stechlin\/wp-content\/uploads\/sites\/38\/Logo_Fontane-Wandermarathon_Entwurf_1.jpg\" alt=\"NP SRL\/Wolfgang Pagel\" width=\"200\" height=\"200\" srcset=\"https:\/\/www.naturparkmagazin.de\/stechlin\/wp-content\/uploads\/sites\/38\/Logo_Fontane-Wandermarathon_Entwurf_1.jpg 200w, https:\/\/www.naturparkmagazin.de\/stechlin\/wp-content\/uploads\/sites\/38\/Logo_Fontane-Wandermarathon_Entwurf_1-30x30.jpg 30w\" sizes=\"(max-width: 200px) 100vw, 200px\" \/><\/a><\/p>\n","protected":false},"excerpt":{"rendered":"<p>Unsere Entt\u00e4uschung ist sicherlich genauso gro\u00df wie eure: Aufgrund der aktuellen COVID-19-Situation m\u00fcssen wir unseren 2. Fontane-Wandermarathon leider erneut verschieben.<\/p>\n","protected":false},"author":39,"featured_media":8587,"comment_status":"open","ping_status":"open","sticky":false,"template":"","format":"standard","meta":[],"categories":[11],"tags":[],"yoast_head":"<!-- This site is optimized with the Yoast SEO plugin v19.10 - https:\/\/yoast.com\/wordpress\/plugins\/seo\/ -->\n<title>2. Fontane-Wandermarathon verschoben auf 9. Oktober 2021 - Naturpark Stechlin-Ruppiner Land<\/title>\n<meta name=\"robots\" content=\"index, follow, max-snippet:-1, max-image-preview:large, max-video-preview:-1\" \/>\n<link rel=\"canonical\" href=\"https:\/\/www.naturparkmagazin.de\/stechlin\/schnell-noch-einen-der-letzten-startplaetze-fuer-den-fontane-wandermarathon-sichern\/\" \/>\n<meta property=\"og:locale\" content=\"de_DE\" \/>\n<meta property=\"og:type\" content=\"article\" \/>\n<meta property=\"og:title\" content=\"2. Fontane-Wandermarathon verschoben auf 9. Oktober 2021 - Naturpark Stechlin-Ruppiner Land\" \/>\n<meta property=\"og:description\" content=\"Unsere Entt\u00e4uschung ist sicherlich genauso gro\u00df wie eure: Aufgrund der aktuellen COVID-19-Situation m\u00fcssen wir unseren 2. Fontane-Wandermarathon leider erneut verschieben.\" \/>\n<meta property=\"og:url\" content=\"https:\/\/www.naturparkmagazin.de\/stechlin\/schnell-noch-einen-der-letzten-startplaetze-fuer-den-fontane-wandermarathon-sichern\/\" \/>\n<meta property=\"og:site_name\" content=\"Naturpark Stechlin-Ruppiner Land\" \/>\n<meta property=\"article:published_time\" content=\"2021-03-15T13:00:55+00:00\" \/>\n<meta property=\"article:modified_time\" content=\"2021-03-30T07:29:03+00:00\" \/>\n<meta property=\"og:image\" content=\"https:\/\/www.naturparkmagazin.de\/stechlin\/wp-content\/uploads\/sites\/38\/Fontane-Wandermarathon_09.jpg\" \/>\n\t<meta property=\"og:image:width\" content=\"200\" \/>\n\t<meta property=\"og:image:height\" content=\"200\" \/>\n\t<meta property=\"og:image:type\" content=\"image\/jpeg\" \/>\n<meta name=\"author\" content=\"marioschrumpf\" \/>\n<meta name=\"twitter:label1\" content=\"Verfasst von\" \/>\n\t<meta name=\"twitter:data1\" content=\"marioschrumpf\" \/>\n\t<meta name=\"twitter:label2\" content=\"Gesch\u00e4tzte Lesezeit\" \/>\n\t<meta name=\"twitter:data2\" content=\"1\u00a0Minute\" \/>\n<script type=\"application\/ld+json\" class=\"yoast-schema-graph\">{\"@context\":\"https:\/\/schema.org\",\"@graph\":[{\"@type\":\"WebPage\",\"@id\":\"https:\/\/www.naturparkmagazin.de\/stechlin\/schnell-noch-einen-der-letzten-startplaetze-fuer-den-fontane-wandermarathon-sichern\/\",\"url\":\"https:\/\/www.naturparkmagazin.de\/stechlin\/schnell-noch-einen-der-letzten-startplaetze-fuer-den-fontane-wandermarathon-sichern\/\",\"name\":\"2. Fontane-Wandermarathon verschoben auf 9. Oktober 2021 - Naturpark Stechlin-Ruppiner Land\",\"isPartOf\":{\"@id\":\"https:\/\/www.naturparkmagazin.de\/stechlin\/#website\"},\"datePublished\":\"2021-03-15T13:00:55+00:00\",\"dateModified\":\"2021-03-30T07:29:03+00:00\",\"author\":{\"@id\":\"https:\/\/www.naturparkmagazin.de\/stechlin\/#\/schema\/person\/3f0d93203df21c806dd63c76d9bb28bc\"},\"breadcrumb\":{\"@id\":\"https:\/\/www.naturparkmagazin.de\/stechlin\/schnell-noch-einen-der-letzten-startplaetze-fuer-den-fontane-wandermarathon-sichern\/#breadcrumb\"},\"inLanguage\":\"de\",\"potentialAction\":[{\"@type\":\"ReadAction\",\"target\":[\"https:\/\/www.naturparkmagazin.de\/stechlin\/schnell-noch-einen-der-letzten-startplaetze-fuer-den-fontane-wandermarathon-sichern\/\"]}]},{\"@type\":\"BreadcrumbList\",\"@id\":\"https:\/\/www.naturparkmagazin.de\/stechlin\/schnell-noch-einen-der-letzten-startplaetze-fuer-den-fontane-wandermarathon-sichern\/#breadcrumb\",\"itemListElement\":[{\"@type\":\"ListItem\",\"position\":1,\"name\":\"Home\",\"item\":\"https:\/\/www.naturparkmagazin.de\/stechlin\/\"},{\"@type\":\"ListItem\",\"position\":2,\"name\":\"2. Fontane-Wandermarathon verschoben auf 9. Oktober 2021\"}]},{\"@type\":\"WebSite\",\"@id\":\"https:\/\/www.naturparkmagazin.de\/stechlin\/#website\",\"url\":\"https:\/\/www.naturparkmagazin.de\/stechlin\/\",\"name\":\"Naturpark Stechlin-Ruppiner Land\",\"description\":\"\",\"potentialAction\":[{\"@type\":\"SearchAction\",\"target\":{\"@type\":\"EntryPoint\",\"urlTemplate\":\"https:\/\/www.naturparkmagazin.de\/stechlin\/?s={search_term_string}\"},\"query-input\":\"required name=search_term_string\"}],\"inLanguage\":\"de\"},{\"@type\":\"Person\",\"@id\":\"https:\/\/www.naturparkmagazin.de\/stechlin\/#\/schema\/person\/3f0d93203df21c806dd63c76d9bb28bc\",\"name\":\"marioschrumpf\",\"url\":\"https:\/\/www.naturparkmagazin.de\/stechlin\/author\/marioschrumpf\/\"}]}<\/script>\n<!-- \/ Yoast SEO plugin. -->","yoast_head_json":{"title":"2. Fontane-Wandermarathon verschoben auf 9. Oktober 2021 - Naturpark Stechlin-Ruppiner Land","robots":{"index":"index","follow":"follow","max-snippet":"max-snippet:-1","max-image-preview":"max-image-preview:large","max-video-preview":"max-video-preview:-1"},"canonical":"https:\/\/www.naturparkmagazin.de\/stechlin\/schnell-noch-einen-der-letzten-startplaetze-fuer-den-fontane-wandermarathon-sichern\/","og_locale":"de_DE","og_type":"article","og_title":"2. Fontane-Wandermarathon verschoben auf 9. Oktober 2021 - Naturpark Stechlin-Ruppiner Land","og_description":"Unsere Entt\u00e4uschung ist sicherlich genauso gro\u00df wie eure: Aufgrund der aktuellen COVID-19-Situation m\u00fcssen wir unseren 2. Fontane-Wandermarathon leider erneut verschieben.","og_url":"https:\/\/www.naturparkmagazin.de\/stechlin\/schnell-noch-einen-der-letzten-startplaetze-fuer-den-fontane-wandermarathon-sichern\/","og_site_name":"Naturpark Stechlin-Ruppiner Land","article_published_time":"2021-03-15T13:00:55+00:00","article_modified_time":"2021-03-30T07:29:03+00:00","og_image":[{"width":200,"height":200,"url":"https:\/\/www.naturparkmagazin.de\/stechlin\/wp-content\/uploads\/sites\/38\/Fontane-Wandermarathon_09.jpg","type":"image\/jpeg"}],"author":"marioschrumpf","twitter_misc":{"Verfasst von":"marioschrumpf","Gesch\u00e4tzte Lesezeit":"1\u00a0Minute"},"schema":{"@context":"https:\/\/schema.org","@graph":[{"@type":"WebPage","@id":"https:\/\/www.naturparkmagazin.de\/stechlin\/schnell-noch-einen-der-letzten-startplaetze-fuer-den-fontane-wandermarathon-sichern\/","url":"https:\/\/www.naturparkmagazin.de\/stechlin\/schnell-noch-einen-der-letzten-startplaetze-fuer-den-fontane-wandermarathon-sichern\/","name":"2. Fontane-Wandermarathon verschoben auf 9. Oktober 2021 - Naturpark Stechlin-Ruppiner Land","isPartOf":{"@id":"https:\/\/www.naturparkmagazin.de\/stechlin\/#website"},"datePublished":"2021-03-15T13:00:55+00:00","dateModified":"2021-03-30T07:29:03+00:00","author":{"@id":"https:\/\/www.naturparkmagazin.de\/stechlin\/#\/schema\/person\/3f0d93203df21c806dd63c76d9bb28bc"},"breadcrumb":{"@id":"https:\/\/www.naturparkmagazin.de\/stechlin\/schnell-noch-einen-der-letzten-startplaetze-fuer-den-fontane-wandermarathon-sichern\/#breadcrumb"},"inLanguage":"de","potentialAction":[{"@type":"ReadAction","target":["https:\/\/www.naturparkmagazin.de\/stechlin\/schnell-noch-einen-der-letzten-startplaetze-fuer-den-fontane-wandermarathon-sichern\/"]}]},{"@type":"BreadcrumbList","@id":"https:\/\/www.naturparkmagazin.de\/stechlin\/schnell-noch-einen-der-letzten-startplaetze-fuer-den-fontane-wandermarathon-sichern\/#breadcrumb","itemListElement":[{"@type":"ListItem","position":1,"name":"Home","item":"https:\/\/www.naturparkmagazin.de\/stechlin\/"},{"@type":"ListItem","position":2,"name":"2. Fontane-Wandermarathon verschoben auf 9. Oktober 2021"}]},{"@type":"WebSite","@id":"https:\/\/www.naturparkmagazin.de\/stechlin\/#website","url":"https:\/\/www.naturparkmagazin.de\/stechlin\/","name":"Naturpark Stechlin-Ruppiner Land","description":"","potentialAction":[{"@type":"SearchAction","target":{"@type":"EntryPoint","urlTemplate":"https:\/\/www.naturparkmagazin.de\/stechlin\/?s={search_term_string}"},"query-input":"required name=search_term_string"}],"inLanguage":"de"},{"@type":"Person","@id":"https:\/\/www.naturparkmagazin.de\/stechlin\/#\/schema\/person\/3f0d93203df21c806dd63c76d9bb28bc","name":"marioschrumpf","url":"https:\/\/www.naturparkmagazin.de\/stechlin\/author\/marioschrumpf\/"}]}},"_links":{"self":[{"href":"https:\/\/www.naturparkmagazin.de\/stechlin\/wp-json\/wp\/v2\/posts\/10114"}],"collection":[{"href":"https:\/\/www.naturparkmagazin.de\/stechlin\/wp-json\/wp\/v2\/posts"}],"about":[{"href":"https:\/\/www.naturparkmagazin.de\/stechlin\/wp-json\/wp\/v2\/types\/post"}],"author":[{"embeddable":true,"href":"https:\/\/www.naturparkmagazin.de\/stechlin\/wp-json\/wp\/v2\/users\/39"}],"replies":[{"embeddable":true,"href":"https:\/\/www.naturparkmagazin.de\/stechlin\/wp-json\/wp\/v2\/comments?post=10114"}],"version-history":[{"count":12,"href":"https:\/\/www.naturparkmagazin.de\/stechlin\/wp-json\/wp\/v2\/posts\/10114\/revisions"}],"predecessor-version":[{"id":10418,"href":"https:\/\/www.naturparkmagazin.de\/stechlin\/wp-json\/wp\/v2\/posts\/10114\/revisions\/10418"}],"wp:featuredmedia":[{"embeddable":true,"href":"https:\/\/www.naturparkmagazin.de\/stechlin\/wp-json\/wp\/v2\/media\/8587"}],"wp:attachment":[{"href":"https:\/\/www.naturparkmagazin.de\/stechlin\/wp-json\/wp\/v2\/media?parent=10114"}],"wp:term":[{"taxonomy":"category","embeddable":true,"href":"https:\/\/www.naturparkmagazin.de\/stechlin\/wp-json\/wp\/v2\/categories?post=10114"},{"taxonomy":"post_tag","embeddable":true,"href":"https:\/\/www.naturparkmagazin.de\/stechlin\/wp-json\/wp\/v2\/tags?post=10114"}],"curies":[{"name":"wp","href":"https:\/\/api.w.org\/{rel}","templated":true}]}}