{"id":10123,"date":"2021-05-14T08:00:35","date_gmt":"2021-05-14T06:00:35","guid":{"rendered":"https:\/\/www.naturparkmagazin.de\/stechlin\/?p=10123"},"modified":"2021-05-26T11:37:48","modified_gmt":"2021-05-26T09:37:48","slug":"fuss-e-v-engagiert-sich-fuer-1-h-takt-am-bahnhof-dannenwalde","status":"publish","type":"post","link":"https:\/\/www.naturparkmagazin.de\/stechlin\/fuss-e-v-engagiert-sich-fuer-1-h-takt-am-bahnhof-dannenwalde\/","title":{"rendered":"25 Jahre Wiederer\u00f6ffnung des Bahnhofes Dannenwalde"},"content":{"rendered":"<p>Die Einwohner von Dannenwalder begehen in K\u00fcrze das <strong>Jubil\u00e4umsjahr \u201e25 Jahre Wiederer\u00f6ffnung des Bahnhofes Dannenwalde\u201c<\/strong>. Ja, das ist kaum zu fassen, wir haben nicht nur den Bahnhof gerettet, sondern trotz sehr vieler Widrigkeiten durchgehalten. Am <strong>5. Juni, Samstag, dem Internationalen \u201eTag der Umwelt\u201c<\/strong> <strong>ab 14:00 Uhr<\/strong> k\u00f6nnen alle Interessierten das gut erhaltene Bahnhofsensemble bestaunen und mit uns auf das Jubil\u00e4um \u201eansto\u00dfen\u201c. Am g\u00fcnstigsten w\u00e4re der Zug, der um 12:42 Uhr im Hauptbahnhof Berlin abf\u00e4hrt und um 13:35 Uhr in Dannenwalde eintrifft.<\/p>\n<p><strong>Wir alle freuen uns, wenn wir uns wieder einmal leibhaftig sehen k\u00f6nnen! <\/strong>Wir w\u00fcrden uns zus\u00e4tzlich \u00fcber kulinarische Beitr\u00e4ge freuen. F\u00fcr Getr\u00e4nke ist gesorgt.<\/p>\n<p><strong>Anmeldung per Mail \u00fcber unsere neue Website<\/strong><\/p>\n<p><strong><a href=\"http:\/\/www.umweltbahnhof-dannenwalde.de\/anfrage.html%20oder%20telefonisch%200160%20\/\">www.umweltbahnhof-dannenwalde.de\/anfrage.html <span style=\"color: #000000\">oder Tel. 0160<\/span> \/<\/a> 660 11 33. <\/strong><\/p>\n<div id=\"attachment_9824\" style=\"width: 310px\" class=\"wp-caption aligncenter\"><a href=\"https:\/\/www.naturparkmagazin.de\/stechlin\/wp-content\/uploads\/sites\/38\/Eulenschild-Fahrrad_494.jpg\"><img aria-describedby=\"caption-attachment-9824\" decoding=\"async\" loading=\"lazy\" class=\"size-thumbnail wp-image-9824\" src=\"https:\/\/www.naturparkmagazin.de\/stechlin\/wp-content\/uploads\/sites\/38\/Eulenschild-Fahrrad_494-300x180.jpg\" alt=\"Der Bahnhof Dannenwalde ist das s\u00fcdliche Eingangstor zweier Naturparke.\" width=\"300\" height=\"180\" srcset=\"https:\/\/www.naturparkmagazin.de\/stechlin\/wp-content\/uploads\/sites\/38\/Eulenschild-Fahrrad_494-300x180.jpg 300w, https:\/\/www.naturparkmagazin.de\/stechlin\/wp-content\/uploads\/sites\/38\/Eulenschild-Fahrrad_494.jpg 500w, https:\/\/www.naturparkmagazin.de\/stechlin\/wp-content\/uploads\/sites\/38\/Eulenschild-Fahrrad_494-200x120.jpg 200w\" sizes=\"(max-width: 300px) 100vw, 300px\" \/><\/a><p id=\"caption-attachment-9824\" class=\"wp-caption-text\">Der Bahnhof Dannenwalde ist das s\u00fcdliche Eingangstor zweier Naturparke. \u00a9 Mario Schrumpf<\/p><\/div>\n<p>Wegen der bisherigen Unklarheiten war eine umfassendere Veranstaltungsvorbereitung kaum m\u00f6glich und so sollten sich alle auf ein paar \u00dcberraschungen freuen und gemeinsam auch unser <strong>Motto: \u201eEin-Stunden-Takt auch f\u00fcr den Bahnhof Dannenwalde (Gransee)\u201c<\/strong> in die \u00d6ffentlichkeit tragen. Nach den Coronaregeln sind dann maximal 100 G\u00e4ste zugelassen &#8211; angemeldet, vor Ort registriert, mit einem 24-Stunden-Test oder Impfpass und Maske im \u00f6ffentlichen Raum. Wir werden den Platz einnehmen und bei ung\u00fcnstiger Witterung den Schutz eines Zeltes in Anspruch nehmen k\u00f6nnen.<\/p>\n<p>Wir haben nicht nur tausende ehrenamtliche Arbeitsstunden eingebracht und unseren Spa\u00df dabei gehabt, sondern auch noch sehr viel Geld investiert. Und wir m\u00fcssen zugeben, dass wir in diesem Jahr, wegen der \u00fcber Monate fehlenden spontanen Spenden bei Veranstaltungen, eine Haushaltsl\u00fccke zu beklagen haben. Deshalb freuen wir uns auch \u00fcber jede Spende auf unser Konto<\/p>\n<p>Umweltbahnhof Dannenwalde e.V. DE95 1009 0000 1113 5300 02,<\/p>\n<p>f\u00fcr die wir selbstverst\u00e4ndlich eine Zuwendungsbest\u00e4tigung zuschicken, wenn die Anschrift angegeben ist.<\/p>\n<div id=\"attachment_9657\" style=\"width: 210px\" class=\"wp-caption aligncenter\"><a href=\"https:\/\/www.naturparkmagazin.de\/stechlin\/wp-content\/uploads\/sites\/38\/Cafe-Bric-a-Brac_49.jpg\"><img aria-describedby=\"caption-attachment-9657\" decoding=\"async\" loading=\"lazy\" class=\"size-full wp-image-9657\" src=\"https:\/\/www.naturparkmagazin.de\/stechlin\/wp-content\/uploads\/sites\/38\/Cafe-Bric-a-Brac_49.jpg\" alt=\"Cafe Bric a Brac\" width=\"200\" height=\"200\" srcset=\"https:\/\/www.naturparkmagazin.de\/stechlin\/wp-content\/uploads\/sites\/38\/Cafe-Bric-a-Brac_49.jpg 200w, https:\/\/www.naturparkmagazin.de\/stechlin\/wp-content\/uploads\/sites\/38\/Cafe-Bric-a-Brac_49-30x30.jpg 30w\" sizes=\"(max-width: 200px) 100vw, 200px\" \/><\/a><p id=\"caption-attachment-9657\" class=\"wp-caption-text\">Regional Anbieter wie das Cafe Bric a Brac in Zernikow sind per pedes oder mit dem Rad erreichbar.<\/p><\/div>\n<p>Vom <strong>17. Juli bis zum 22. August<\/strong> findet in Dannenwalde vor dem Schloss, in der Kirche und im und am Bahnhof der 6. Kunstsalon von KuNO e.V. mit dem Titel \u201eHalt auf freier Strecke\u201c statt. Neben den Aktivit\u00e4ten zur Er\u00f6ffnung am 17. Juli von 11:00 bis 21:00 Uhr ist der Bahnhof dann jeweils Samstag und Sonntag zwischen 13 und 17 Uhr zu besichtigen. Das ist insgesamt ein wirklicher H\u00f6hepunkt f\u00fcr Nord-Brandenburg, an dem wir intensiv beteiligt sind.<\/p>\n<p><strong>Wir ben\u00f6tigen personelle Unterst\u00fctzung an diesen Wochenenden. Gemeinsam mit den K\u00fcnstlerinnen und K\u00fcnstlern geht es um die Ausstellungsbetreuung, selbstverst\u00e4ndlich kann man sich in der Zeit (4 Stunden) auch die Ausstellung ansehen. Bei Interesse und Zeit bitte bei Christiane Herzog-Schlagk melden: 0160 \/ 660 11 33.<\/strong><\/p>\n<p>Wir w\u00fcnschen allen einen angenehmen Sommer und Gesundheit!<\/p>\n<p>Herzliche Gr\u00fc\u00dfe von Thomas St\u00e4hler, Christoph Rudel, Christiane und Bernd Herzog-Schlagk<\/p>\n<div id=\"attachment_8618\" style=\"width: 210px\" class=\"wp-caption aligncenter\"><a href=\"https:\/\/www.naturparkmagazin.de\/stechlin\/wp-content\/uploads\/sites\/38\/Botanisches-Monitoring_146.jpg\"><img aria-describedby=\"caption-attachment-8618\" decoding=\"async\" loading=\"lazy\" class=\"size-full wp-image-8618\" src=\"https:\/\/www.naturparkmagazin.de\/stechlin\/wp-content\/uploads\/sites\/38\/Botanisches-Monitoring_146.jpg\" alt=\"Unmittelbar am Bahnhof beginnt der Wentowsee-Rundwanderweg.\" width=\"200\" height=\"250\" \/><\/a><p id=\"caption-attachment-8618\" class=\"wp-caption-text\">Unmittelbar am Bahnhof Dannenwalde beginnt der Wentowsee-Rundwanderweg, auch in den Europ\u00e4ischen Fernwanderweg E 10 kann von hier aus eingestiegen werden.<\/p><\/div>\n<p>&nbsp;<\/p>\n","protected":false},"excerpt":{"rendered":"<p>Am 5. Juni, Samstag, dem Internationalen \u201eTag der Umwelt\u201c ab 14:00 Uhr k\u00f6nnen alle Interessierten das gut erhaltene Bahnhofsensemble bestaunen und mit uns auf das Jubil\u00e4um \u201eansto\u00dfen\u201c.<\/p>\n","protected":false},"author":39,"featured_media":7749,"comment_status":"open","ping_status":"open","sticky":false,"template":"","format":"standard","meta":[],"categories":[11],"tags":[],"yoast_head":"<!-- This site is optimized with the Yoast SEO plugin v19.10 - https:\/\/yoast.com\/wordpress\/plugins\/seo\/ -->\n<title>25 Jahre Wiederer\u00f6ffnung des Bahnhofes Dannenwalde - Naturpark Stechlin-Ruppiner Land<\/title>\n<meta name=\"robots\" content=\"index, follow, max-snippet:-1, max-image-preview:large, max-video-preview:-1\" \/>\n<link rel=\"canonical\" href=\"https:\/\/www.naturparkmagazin.de\/stechlin\/fuss-e-v-engagiert-sich-fuer-1-h-takt-am-bahnhof-dannenwalde\/\" \/>\n<meta property=\"og:locale\" content=\"de_DE\" \/>\n<meta property=\"og:type\" content=\"article\" \/>\n<meta property=\"og:title\" content=\"25 Jahre Wiederer\u00f6ffnung des Bahnhofes Dannenwalde - Naturpark Stechlin-Ruppiner Land\" \/>\n<meta property=\"og:description\" content=\"Am 5. Juni, Samstag, dem Internationalen \u201eTag der Umwelt\u201c ab 14:00 Uhr k\u00f6nnen alle Interessierten das gut erhaltene Bahnhofsensemble bestaunen und mit uns auf das Jubil\u00e4um \u201eansto\u00dfen\u201c.\" \/>\n<meta property=\"og:url\" content=\"https:\/\/www.naturparkmagazin.de\/stechlin\/fuss-e-v-engagiert-sich-fuer-1-h-takt-am-bahnhof-dannenwalde\/\" \/>\n<meta property=\"og:site_name\" content=\"Naturpark Stechlin-Ruppiner Land\" \/>\n<meta property=\"article:published_time\" content=\"2021-05-14T06:00:35+00:00\" \/>\n<meta property=\"article:modified_time\" content=\"2021-05-26T09:37:48+00:00\" \/>\n<meta property=\"og:image\" content=\"https:\/\/www.naturparkmagazin.de\/stechlin\/wp-content\/uploads\/sites\/38\/NEB2.jpg\" \/>\n\t<meta property=\"og:image:width\" content=\"200\" \/>\n\t<meta property=\"og:image:height\" content=\"200\" \/>\n\t<meta property=\"og:image:type\" content=\"image\/jpeg\" \/>\n<meta name=\"author\" content=\"marioschrumpf\" \/>\n<meta name=\"twitter:label1\" content=\"Verfasst von\" \/>\n\t<meta name=\"twitter:data1\" content=\"marioschrumpf\" \/>\n\t<meta name=\"twitter:label2\" content=\"Gesch\u00e4tzte Lesezeit\" \/>\n\t<meta name=\"twitter:data2\" content=\"2\u00a0Minuten\" \/>\n<script type=\"application\/ld+json\" class=\"yoast-schema-graph\">{\"@context\":\"https:\/\/schema.org\",\"@graph\":[{\"@type\":\"WebPage\",\"@id\":\"https:\/\/www.naturparkmagazin.de\/stechlin\/fuss-e-v-engagiert-sich-fuer-1-h-takt-am-bahnhof-dannenwalde\/\",\"url\":\"https:\/\/www.naturparkmagazin.de\/stechlin\/fuss-e-v-engagiert-sich-fuer-1-h-takt-am-bahnhof-dannenwalde\/\",\"name\":\"25 Jahre Wiederer\u00f6ffnung des Bahnhofes Dannenwalde - Naturpark Stechlin-Ruppiner Land\",\"isPartOf\":{\"@id\":\"https:\/\/www.naturparkmagazin.de\/stechlin\/#website\"},\"datePublished\":\"2021-05-14T06:00:35+00:00\",\"dateModified\":\"2021-05-26T09:37:48+00:00\",\"author\":{\"@id\":\"https:\/\/www.naturparkmagazin.de\/stechlin\/#\/schema\/person\/3f0d93203df21c806dd63c76d9bb28bc\"},\"breadcrumb\":{\"@id\":\"https:\/\/www.naturparkmagazin.de\/stechlin\/fuss-e-v-engagiert-sich-fuer-1-h-takt-am-bahnhof-dannenwalde\/#breadcrumb\"},\"inLanguage\":\"de\",\"potentialAction\":[{\"@type\":\"ReadAction\",\"target\":[\"https:\/\/www.naturparkmagazin.de\/stechlin\/fuss-e-v-engagiert-sich-fuer-1-h-takt-am-bahnhof-dannenwalde\/\"]}]},{\"@type\":\"BreadcrumbList\",\"@id\":\"https:\/\/www.naturparkmagazin.de\/stechlin\/fuss-e-v-engagiert-sich-fuer-1-h-takt-am-bahnhof-dannenwalde\/#breadcrumb\",\"itemListElement\":[{\"@type\":\"ListItem\",\"position\":1,\"name\":\"Home\",\"item\":\"https:\/\/www.naturparkmagazin.de\/stechlin\/\"},{\"@type\":\"ListItem\",\"position\":2,\"name\":\"25 Jahre Wiederer\u00f6ffnung des Bahnhofes Dannenwalde\"}]},{\"@type\":\"WebSite\",\"@id\":\"https:\/\/www.naturparkmagazin.de\/stechlin\/#website\",\"url\":\"https:\/\/www.naturparkmagazin.de\/stechlin\/\",\"name\":\"Naturpark Stechlin-Ruppiner Land\",\"description\":\"\",\"potentialAction\":[{\"@type\":\"SearchAction\",\"target\":{\"@type\":\"EntryPoint\",\"urlTemplate\":\"https:\/\/www.naturparkmagazin.de\/stechlin\/?s={search_term_string}\"},\"query-input\":\"required name=search_term_string\"}],\"inLanguage\":\"de\"},{\"@type\":\"Person\",\"@id\":\"https:\/\/www.naturparkmagazin.de\/stechlin\/#\/schema\/person\/3f0d93203df21c806dd63c76d9bb28bc\",\"name\":\"marioschrumpf\",\"url\":\"https:\/\/www.naturparkmagazin.de\/stechlin\/author\/marioschrumpf\/\"}]}<\/script>\n<!-- \/ Yoast SEO plugin. -->","yoast_head_json":{"title":"25 Jahre Wiederer\u00f6ffnung des Bahnhofes Dannenwalde - Naturpark Stechlin-Ruppiner Land","robots":{"index":"index","follow":"follow","max-snippet":"max-snippet:-1","max-image-preview":"max-image-preview:large","max-video-preview":"max-video-preview:-1"},"canonical":"https:\/\/www.naturparkmagazin.de\/stechlin\/fuss-e-v-engagiert-sich-fuer-1-h-takt-am-bahnhof-dannenwalde\/","og_locale":"de_DE","og_type":"article","og_title":"25 Jahre Wiederer\u00f6ffnung des Bahnhofes Dannenwalde - Naturpark Stechlin-Ruppiner Land","og_description":"Am 5. Juni, Samstag, dem Internationalen \u201eTag der Umwelt\u201c ab 14:00 Uhr k\u00f6nnen alle Interessierten das gut erhaltene Bahnhofsensemble bestaunen und mit uns auf das Jubil\u00e4um \u201eansto\u00dfen\u201c.","og_url":"https:\/\/www.naturparkmagazin.de\/stechlin\/fuss-e-v-engagiert-sich-fuer-1-h-takt-am-bahnhof-dannenwalde\/","og_site_name":"Naturpark Stechlin-Ruppiner Land","article_published_time":"2021-05-14T06:00:35+00:00","article_modified_time":"2021-05-26T09:37:48+00:00","og_image":[{"width":200,"height":200,"url":"https:\/\/www.naturparkmagazin.de\/stechlin\/wp-content\/uploads\/sites\/38\/NEB2.jpg","type":"image\/jpeg"}],"author":"marioschrumpf","twitter_misc":{"Verfasst von":"marioschrumpf","Gesch\u00e4tzte Lesezeit":"2\u00a0Minuten"},"schema":{"@context":"https:\/\/schema.org","@graph":[{"@type":"WebPage","@id":"https:\/\/www.naturparkmagazin.de\/stechlin\/fuss-e-v-engagiert-sich-fuer-1-h-takt-am-bahnhof-dannenwalde\/","url":"https:\/\/www.naturparkmagazin.de\/stechlin\/fuss-e-v-engagiert-sich-fuer-1-h-takt-am-bahnhof-dannenwalde\/","name":"25 Jahre Wiederer\u00f6ffnung des Bahnhofes Dannenwalde - Naturpark Stechlin-Ruppiner Land","isPartOf":{"@id":"https:\/\/www.naturparkmagazin.de\/stechlin\/#website"},"datePublished":"2021-05-14T06:00:35+00:00","dateModified":"2021-05-26T09:37:48+00:00","author":{"@id":"https:\/\/www.naturparkmagazin.de\/stechlin\/#\/schema\/person\/3f0d93203df21c806dd63c76d9bb28bc"},"breadcrumb":{"@id":"https:\/\/www.naturparkmagazin.de\/stechlin\/fuss-e-v-engagiert-sich-fuer-1-h-takt-am-bahnhof-dannenwalde\/#breadcrumb"},"inLanguage":"de","potentialAction":[{"@type":"ReadAction","target":["https:\/\/www.naturparkmagazin.de\/stechlin\/fuss-e-v-engagiert-sich-fuer-1-h-takt-am-bahnhof-dannenwalde\/"]}]},{"@type":"BreadcrumbList","@id":"https:\/\/www.naturparkmagazin.de\/stechlin\/fuss-e-v-engagiert-sich-fuer-1-h-takt-am-bahnhof-dannenwalde\/#breadcrumb","itemListElement":[{"@type":"ListItem","position":1,"name":"Home","item":"https:\/\/www.naturparkmagazin.de\/stechlin\/"},{"@type":"ListItem","position":2,"name":"25 Jahre Wiederer\u00f6ffnung des Bahnhofes Dannenwalde"}]},{"@type":"WebSite","@id":"https:\/\/www.naturparkmagazin.de\/stechlin\/#website","url":"https:\/\/www.naturparkmagazin.de\/stechlin\/","name":"Naturpark Stechlin-Ruppiner Land","description":"","potentialAction":[{"@type":"SearchAction","target":{"@type":"EntryPoint","urlTemplate":"https:\/\/www.naturparkmagazin.de\/stechlin\/?s={search_term_string}"},"query-input":"required name=search_term_string"}],"inLanguage":"de"},{"@type":"Person","@id":"https:\/\/www.naturparkmagazin.de\/stechlin\/#\/schema\/person\/3f0d93203df21c806dd63c76d9bb28bc","name":"marioschrumpf","url":"https:\/\/www.naturparkmagazin.de\/stechlin\/author\/marioschrumpf\/"}]}},"_links":{"self":[{"href":"https:\/\/www.naturparkmagazin.de\/stechlin\/wp-json\/wp\/v2\/posts\/10123"}],"collection":[{"href":"https:\/\/www.naturparkmagazin.de\/stechlin\/wp-json\/wp\/v2\/posts"}],"about":[{"href":"https:\/\/www.naturparkmagazin.de\/stechlin\/wp-json\/wp\/v2\/types\/post"}],"author":[{"embeddable":true,"href":"https:\/\/www.naturparkmagazin.de\/stechlin\/wp-json\/wp\/v2\/users\/39"}],"replies":[{"embeddable":true,"href":"https:\/\/www.naturparkmagazin.de\/stechlin\/wp-json\/wp\/v2\/comments?post=10123"}],"version-history":[{"count":5,"href":"https:\/\/www.naturparkmagazin.de\/stechlin\/wp-json\/wp\/v2\/posts\/10123\/revisions"}],"predecessor-version":[{"id":10156,"href":"https:\/\/www.naturparkmagazin.de\/stechlin\/wp-json\/wp\/v2\/posts\/10123\/revisions\/10156"}],"wp:featuredmedia":[{"embeddable":true,"href":"https:\/\/www.naturparkmagazin.de\/stechlin\/wp-json\/wp\/v2\/media\/7749"}],"wp:attachment":[{"href":"https:\/\/www.naturparkmagazin.de\/stechlin\/wp-json\/wp\/v2\/media?parent=10123"}],"wp:term":[{"taxonomy":"category","embeddable":true,"href":"https:\/\/www.naturparkmagazin.de\/stechlin\/wp-json\/wp\/v2\/categories?post=10123"},{"taxonomy":"post_tag","embeddable":true,"href":"https:\/\/www.naturparkmagazin.de\/stechlin\/wp-json\/wp\/v2\/tags?post=10123"}],"curies":[{"name":"wp","href":"https:\/\/api.w.org\/{rel}","templated":true}]}}