{"id":10176,"date":"2021-02-12T09:54:13","date_gmt":"2021-02-12T08:54:13","guid":{"rendered":"https:\/\/www.naturparkmagazin.de\/stechlin\/?p=10176"},"modified":"2021-02-25T10:43:17","modified_gmt":"2021-02-25T09:43:17","slug":"jetzt-fuer-brandenburger-naturschutzpreis-bewerben","status":"publish","type":"post","link":"https:\/\/www.naturparkmagazin.de\/stechlin\/jetzt-fuer-brandenburger-naturschutzpreis-bewerben\/","title":{"rendered":"Jetzt f\u00fcr Brandenburger Naturschutzpreis bewerben!"},"content":{"rendered":"<div id=\"attachment_10179\" style=\"width: 310px\" class=\"wp-caption aligncenter\"><a href=\"https:\/\/www.naturparkmagazin.de\/stechlin\/wp-content\/uploads\/sites\/38\/DSC_0028_500x300.jpg\"><img aria-describedby=\"caption-attachment-10179\" decoding=\"async\" loading=\"lazy\" class=\"wp-image-10179 size-thumbnail\" src=\"https:\/\/www.naturparkmagazin.de\/stechlin\/wp-content\/uploads\/sites\/38\/DSC_0028_500x300-300x180.jpg\" alt=\"Auf von Ehrenamtlichen angebotenen Exkursionen werden Bewohner und G\u00e4ste des Naturparks f\u00fcr die Sch\u00f6nheut der Natur sensibilisier.\" width=\"300\" height=\"180\" srcset=\"https:\/\/www.naturparkmagazin.de\/stechlin\/wp-content\/uploads\/sites\/38\/DSC_0028_500x300-300x180.jpg 300w, https:\/\/www.naturparkmagazin.de\/stechlin\/wp-content\/uploads\/sites\/38\/DSC_0028_500x300.jpg 500w, https:\/\/www.naturparkmagazin.de\/stechlin\/wp-content\/uploads\/sites\/38\/DSC_0028_500x300-200x120.jpg 200w\" sizes=\"(max-width: 300px) 100vw, 300px\" \/><\/a><p id=\"caption-attachment-10179\" class=\"wp-caption-text\">Auf von Ehrenamtlichen angebotenen Exkursionen werden Bewohner und G\u00e4ste des Naturparks f\u00fcr die Sch\u00f6nheit der Natur sensibilisiert. \u00a9Mario Schrumpf<\/p><\/div>\n<p>Die Stiftung NaturSchutzFonds Brandenburg lobt auch in diesem Jahr den Brandenburger Naturschutzpreis aus. Bis zum 30. April 2021 k\u00f6nnen Vorschl\u00e4ge oder Bewerbungen bei der Gesch\u00e4ftsstelle der Stiftung eingereicht werden. Die Auszeichnung ist mit einem Preisgeld in H\u00f6he von insgesamt 4.000 Euro dotiert und kann geteilt werden.\nMit dem Naturschutzpreis ehrt die Stiftung NaturSchutzFonds Brandenburg jedes Jahr richtungsweisende Leistungen im Bereich des aktiven, praktischen Naturschutzes, der nachhaltigen Landnutzung oder auch eine vorbildliche \u00d6ffentlichkeitsarbeit und Umweltbildung. Dar\u00fcber hinaus pr\u00e4miert die Stiftung wissenschaftliche, planerische oder wirtschaftliche Leistungen.<\/p>\n<p>&nbsp;<\/p>\n<div id=\"attachment_10181\" style=\"width: 310px\" class=\"wp-caption aligncenter\"><a href=\"https:\/\/www.naturparkmagazin.de\/stechlin\/wp-content\/uploads\/sites\/38\/DSC_0001_500x300.jpg\"><img aria-describedby=\"caption-attachment-10181\" decoding=\"async\" loading=\"lazy\" class=\"wp-image-10181 size-thumbnail\" src=\"https:\/\/www.naturparkmagazin.de\/stechlin\/wp-content\/uploads\/sites\/38\/DSC_0001_500x300-300x180.jpg\" alt=\"Regelm\u00e4\u00dfig lassen sich Freiwillige zum zertifizierten Natur- und Landschaftsf\u00fchrer des Naturparks ausbilden.\" width=\"300\" height=\"180\" srcset=\"https:\/\/www.naturparkmagazin.de\/stechlin\/wp-content\/uploads\/sites\/38\/DSC_0001_500x300-300x180.jpg 300w, https:\/\/www.naturparkmagazin.de\/stechlin\/wp-content\/uploads\/sites\/38\/DSC_0001_500x300.jpg 500w, https:\/\/www.naturparkmagazin.de\/stechlin\/wp-content\/uploads\/sites\/38\/DSC_0001_500x300-200x120.jpg 200w\" sizes=\"(max-width: 300px) 100vw, 300px\" \/><\/a><p id=\"caption-attachment-10181\" class=\"wp-caption-text\">Regelm\u00e4\u00dfig lassen sich Freiwillige zum zertifizierten Natur- und Landschaftsf\u00fchrer des Naturparks ausbilden. \u00a9Mario Schrumpf<\/p><\/div>\n<p>\u201e<em>Es ist jedes Jahr aufs Neue spannend zu sehen, wie leidenschaftlich sich Menschen in Brandenburg f\u00fcr den Erhalt von Natur und Umwelt einsetzen und welch vielf\u00e4ltige Naturschutzprojekte es in unserem Land gibt, die es verdienen, mehr in die \u00d6ffentlichkeit zu r\u00fccken. Auch deshalb ermutige ich alle Natursch\u00fctzerinnen und Natursch\u00fctzer, eine Bewerbung f\u00fcr den Naturschutzpreis einzureichen, somit Werbung f\u00fcr das Projekt und den Naturschutz zu machen und dadurch mehr Menschen zu motivieren<\/em>\u201c, so Brandenburgs Umweltstaatssekret\u00e4rin und Stiftungsratsvorsitzende Silvia Bender. Auch Projektvorschl\u00e4ge k\u00f6nnen f\u00fcr den Wettbewerb eingesendet werden.\nIm vergangenen Jahr wurden der Gr\u00fcne Bildungscampus der \u201e<em>Internationaler Bund gGmbH Berlin-Brandenburg<\/em>\u201c, auf dem Kinder und Jugendliche in einem inklusiven Ansatz ganz besondere Naturerfahrungen sammeln, ausgezeichnet sowie die Fachgruppe Ornithologie des NABU Kreisverbandes Prignitz. Sie setzt sich seit 50 Jahren f\u00fcr den Wei\u00dfstorchschutz in der Prignitz ein und leistet mit ihrem umfangreichen und langfristigen Datenschatz der Storchenpopulation einen wichtigen Beitrag f\u00fcr Forschung und Storchenschutz.<\/p>\n<p>&nbsp;<\/p>\n<div id=\"attachment_10180\" style=\"width: 310px\" class=\"wp-caption aligncenter\"><a href=\"https:\/\/www.naturparkmagazin.de\/stechlin\/wp-content\/uploads\/sites\/38\/DSC_0009_500x300.jpg\"><img aria-describedby=\"caption-attachment-10180\" decoding=\"async\" loading=\"lazy\" class=\"wp-image-10180 size-thumbnail\" src=\"https:\/\/www.naturparkmagazin.de\/stechlin\/wp-content\/uploads\/sites\/38\/DSC_0009_500x300-300x180.jpg\" alt=\"Die positive Bestandsermittlung des Fischadlers in Maturpark ist auch dem Engagement der Horstbetreuer zu verdanken.\" width=\"300\" height=\"180\" srcset=\"https:\/\/www.naturparkmagazin.de\/stechlin\/wp-content\/uploads\/sites\/38\/DSC_0009_500x300-300x180.jpg 300w, https:\/\/www.naturparkmagazin.de\/stechlin\/wp-content\/uploads\/sites\/38\/DSC_0009_500x300.jpg 500w, https:\/\/www.naturparkmagazin.de\/stechlin\/wp-content\/uploads\/sites\/38\/DSC_0009_500x300-200x120.jpg 200w\" sizes=\"(max-width: 300px) 100vw, 300px\" \/><\/a><p id=\"caption-attachment-10180\" class=\"wp-caption-text\">Die positive Bestandsentwicklung des Fischadlers im Naturpark ist dem Engagement der ehrenamtlichen Horstbetreuer zu verdanken. \u00a9Mario Schrumpf<\/p><\/div>\n<p>F\u00fcr den Brandenburger Naturschutzpreis k\u00f6nnen einzelne Personen, Verb\u00e4nde, Vereine, oder Unternehmen sowie Schulklassen, Kindergruppen oder Arbeitsgemeinschaften vorgeschlagen werden oder sich selbst bewerben. Der Preis richtet sich auch an Menschen, die nicht in Brandenburg leben, sich aber in besonderem Ma\u00dfe um den Schutz von Natur und Landschaft zwischen Elbe und Oder verdient gemacht haben.\nBewerbungsformular, Auswahlkriterien und weitere Informationen unter: <a href=\"https:\/\/www.naturschutzfonds.de\/ueber-uns\/naturschutzpreis\/\">https:\/\/www.naturschutzfonds.de\/ueber-uns\/naturschutzpreis\/<\/a><\/p>\n<div id=\"attachment_10196\" style=\"width: 260px\" class=\"wp-caption aligncenter\"><a href=\"https:\/\/www.naturparkmagazin.de\/stechlin\/wp-content\/uploads\/sites\/38\/Plakat_Naturschutzpreis_2021_A3.jpg\"><img aria-describedby=\"caption-attachment-10196\" decoding=\"async\" loading=\"lazy\" class=\"wp-image-10196 size-full\" src=\"https:\/\/www.naturparkmagazin.de\/stechlin\/wp-content\/uploads\/sites\/38\/Plakat_Naturschutzpreis_2021_A3.jpg\" alt=\"NP SRL\/NSF Sandowski\" width=\"250\" height=\"350\" srcset=\"https:\/\/www.naturparkmagazin.de\/stechlin\/wp-content\/uploads\/sites\/38\/Plakat_Naturschutzpreis_2021_A3.jpg 250w, https:\/\/www.naturparkmagazin.de\/stechlin\/wp-content\/uploads\/sites\/38\/Plakat_Naturschutzpreis_2021_A3-200x280.jpg 200w\" sizes=\"(max-width: 250px) 100vw, 250px\" \/><\/a><p id=\"caption-attachment-10196\" class=\"wp-caption-text\">\u00a9NSF Sandowski<\/p><\/div>\n","protected":false},"excerpt":{"rendered":"<p>Die Stiftung NaturSchutzFonds Brandenburg lobt auch in diesem Jahr den Brandenburger Naturschutzpreis aus.<\/p>\n","protected":false},"author":39,"featured_media":10177,"comment_status":"open","ping_status":"open","sticky":false,"template":"","format":"standard","meta":[],"categories":[7],"tags":[],"yoast_head":"<!-- This site is optimized with the Yoast SEO plugin v19.10 - https:\/\/yoast.com\/wordpress\/plugins\/seo\/ -->\n<title>Jetzt f\u00fcr Brandenburger Naturschutzpreis bewerben! - Naturpark Stechlin-Ruppiner Land<\/title>\n<meta name=\"robots\" content=\"index, follow, max-snippet:-1, max-image-preview:large, max-video-preview:-1\" \/>\n<link rel=\"canonical\" href=\"https:\/\/www.naturparkmagazin.de\/stechlin\/jetzt-fuer-brandenburger-naturschutzpreis-bewerben\/\" \/>\n<meta property=\"og:locale\" content=\"de_DE\" \/>\n<meta property=\"og:type\" content=\"article\" \/>\n<meta property=\"og:title\" content=\"Jetzt f\u00fcr Brandenburger Naturschutzpreis bewerben! - Naturpark Stechlin-Ruppiner Land\" \/>\n<meta property=\"og:description\" content=\"Die Stiftung NaturSchutzFonds Brandenburg lobt auch in diesem Jahr den Brandenburger Naturschutzpreis aus.\" \/>\n<meta property=\"og:url\" content=\"https:\/\/www.naturparkmagazin.de\/stechlin\/jetzt-fuer-brandenburger-naturschutzpreis-bewerben\/\" \/>\n<meta property=\"og:site_name\" content=\"Naturpark Stechlin-Ruppiner Land\" \/>\n<meta property=\"article:published_time\" content=\"2021-02-12T08:54:13+00:00\" \/>\n<meta property=\"article:modified_time\" content=\"2021-02-25T09:43:17+00:00\" \/>\n<meta property=\"og:image\" content=\"https:\/\/www.naturparkmagazin.de\/stechlin\/wp-content\/uploads\/sites\/38\/DSC_0149_200x200.jpg\" \/>\n\t<meta property=\"og:image:width\" content=\"200\" \/>\n\t<meta property=\"og:image:height\" content=\"200\" \/>\n\t<meta property=\"og:image:type\" content=\"image\/jpeg\" \/>\n<meta name=\"author\" content=\"marioschrumpf\" \/>\n<meta name=\"twitter:label1\" content=\"Verfasst von\" \/>\n\t<meta name=\"twitter:data1\" content=\"marioschrumpf\" \/>\n\t<meta name=\"twitter:label2\" content=\"Gesch\u00e4tzte Lesezeit\" \/>\n\t<meta name=\"twitter:data2\" content=\"2\u00a0Minuten\" \/>\n<script type=\"application\/ld+json\" class=\"yoast-schema-graph\">{\"@context\":\"https:\/\/schema.org\",\"@graph\":[{\"@type\":\"WebPage\",\"@id\":\"https:\/\/www.naturparkmagazin.de\/stechlin\/jetzt-fuer-brandenburger-naturschutzpreis-bewerben\/\",\"url\":\"https:\/\/www.naturparkmagazin.de\/stechlin\/jetzt-fuer-brandenburger-naturschutzpreis-bewerben\/\",\"name\":\"Jetzt f\u00fcr Brandenburger Naturschutzpreis bewerben! - Naturpark Stechlin-Ruppiner Land\",\"isPartOf\":{\"@id\":\"https:\/\/www.naturparkmagazin.de\/stechlin\/#website\"},\"datePublished\":\"2021-02-12T08:54:13+00:00\",\"dateModified\":\"2021-02-25T09:43:17+00:00\",\"author\":{\"@id\":\"https:\/\/www.naturparkmagazin.de\/stechlin\/#\/schema\/person\/3f0d93203df21c806dd63c76d9bb28bc\"},\"breadcrumb\":{\"@id\":\"https:\/\/www.naturparkmagazin.de\/stechlin\/jetzt-fuer-brandenburger-naturschutzpreis-bewerben\/#breadcrumb\"},\"inLanguage\":\"de\",\"potentialAction\":[{\"@type\":\"ReadAction\",\"target\":[\"https:\/\/www.naturparkmagazin.de\/stechlin\/jetzt-fuer-brandenburger-naturschutzpreis-bewerben\/\"]}]},{\"@type\":\"BreadcrumbList\",\"@id\":\"https:\/\/www.naturparkmagazin.de\/stechlin\/jetzt-fuer-brandenburger-naturschutzpreis-bewerben\/#breadcrumb\",\"itemListElement\":[{\"@type\":\"ListItem\",\"position\":1,\"name\":\"Home\",\"item\":\"https:\/\/www.naturparkmagazin.de\/stechlin\/\"},{\"@type\":\"ListItem\",\"position\":2,\"name\":\"Jetzt f\u00fcr Brandenburger Naturschutzpreis bewerben!\"}]},{\"@type\":\"WebSite\",\"@id\":\"https:\/\/www.naturparkmagazin.de\/stechlin\/#website\",\"url\":\"https:\/\/www.naturparkmagazin.de\/stechlin\/\",\"name\":\"Naturpark Stechlin-Ruppiner Land\",\"description\":\"\",\"potentialAction\":[{\"@type\":\"SearchAction\",\"target\":{\"@type\":\"EntryPoint\",\"urlTemplate\":\"https:\/\/www.naturparkmagazin.de\/stechlin\/?s={search_term_string}\"},\"query-input\":\"required name=search_term_string\"}],\"inLanguage\":\"de\"},{\"@type\":\"Person\",\"@id\":\"https:\/\/www.naturparkmagazin.de\/stechlin\/#\/schema\/person\/3f0d93203df21c806dd63c76d9bb28bc\",\"name\":\"marioschrumpf\",\"url\":\"https:\/\/www.naturparkmagazin.de\/stechlin\/author\/marioschrumpf\/\"}]}<\/script>\n<!-- \/ Yoast SEO plugin. -->","yoast_head_json":{"title":"Jetzt f\u00fcr Brandenburger Naturschutzpreis bewerben! - Naturpark Stechlin-Ruppiner Land","robots":{"index":"index","follow":"follow","max-snippet":"max-snippet:-1","max-image-preview":"max-image-preview:large","max-video-preview":"max-video-preview:-1"},"canonical":"https:\/\/www.naturparkmagazin.de\/stechlin\/jetzt-fuer-brandenburger-naturschutzpreis-bewerben\/","og_locale":"de_DE","og_type":"article","og_title":"Jetzt f\u00fcr Brandenburger Naturschutzpreis bewerben! - Naturpark Stechlin-Ruppiner Land","og_description":"Die Stiftung NaturSchutzFonds Brandenburg lobt auch in diesem Jahr den Brandenburger Naturschutzpreis aus.","og_url":"https:\/\/www.naturparkmagazin.de\/stechlin\/jetzt-fuer-brandenburger-naturschutzpreis-bewerben\/","og_site_name":"Naturpark Stechlin-Ruppiner Land","article_published_time":"2021-02-12T08:54:13+00:00","article_modified_time":"2021-02-25T09:43:17+00:00","og_image":[{"width":200,"height":200,"url":"https:\/\/www.naturparkmagazin.de\/stechlin\/wp-content\/uploads\/sites\/38\/DSC_0149_200x200.jpg","type":"image\/jpeg"}],"author":"marioschrumpf","twitter_misc":{"Verfasst von":"marioschrumpf","Gesch\u00e4tzte Lesezeit":"2\u00a0Minuten"},"schema":{"@context":"https:\/\/schema.org","@graph":[{"@type":"WebPage","@id":"https:\/\/www.naturparkmagazin.de\/stechlin\/jetzt-fuer-brandenburger-naturschutzpreis-bewerben\/","url":"https:\/\/www.naturparkmagazin.de\/stechlin\/jetzt-fuer-brandenburger-naturschutzpreis-bewerben\/","name":"Jetzt f\u00fcr Brandenburger Naturschutzpreis bewerben! - Naturpark Stechlin-Ruppiner Land","isPartOf":{"@id":"https:\/\/www.naturparkmagazin.de\/stechlin\/#website"},"datePublished":"2021-02-12T08:54:13+00:00","dateModified":"2021-02-25T09:43:17+00:00","author":{"@id":"https:\/\/www.naturparkmagazin.de\/stechlin\/#\/schema\/person\/3f0d93203df21c806dd63c76d9bb28bc"},"breadcrumb":{"@id":"https:\/\/www.naturparkmagazin.de\/stechlin\/jetzt-fuer-brandenburger-naturschutzpreis-bewerben\/#breadcrumb"},"inLanguage":"de","potentialAction":[{"@type":"ReadAction","target":["https:\/\/www.naturparkmagazin.de\/stechlin\/jetzt-fuer-brandenburger-naturschutzpreis-bewerben\/"]}]},{"@type":"BreadcrumbList","@id":"https:\/\/www.naturparkmagazin.de\/stechlin\/jetzt-fuer-brandenburger-naturschutzpreis-bewerben\/#breadcrumb","itemListElement":[{"@type":"ListItem","position":1,"name":"Home","item":"https:\/\/www.naturparkmagazin.de\/stechlin\/"},{"@type":"ListItem","position":2,"name":"Jetzt f\u00fcr Brandenburger Naturschutzpreis bewerben!"}]},{"@type":"WebSite","@id":"https:\/\/www.naturparkmagazin.de\/stechlin\/#website","url":"https:\/\/www.naturparkmagazin.de\/stechlin\/","name":"Naturpark Stechlin-Ruppiner Land","description":"","potentialAction":[{"@type":"SearchAction","target":{"@type":"EntryPoint","urlTemplate":"https:\/\/www.naturparkmagazin.de\/stechlin\/?s={search_term_string}"},"query-input":"required name=search_term_string"}],"inLanguage":"de"},{"@type":"Person","@id":"https:\/\/www.naturparkmagazin.de\/stechlin\/#\/schema\/person\/3f0d93203df21c806dd63c76d9bb28bc","name":"marioschrumpf","url":"https:\/\/www.naturparkmagazin.de\/stechlin\/author\/marioschrumpf\/"}]}},"_links":{"self":[{"href":"https:\/\/www.naturparkmagazin.de\/stechlin\/wp-json\/wp\/v2\/posts\/10176"}],"collection":[{"href":"https:\/\/www.naturparkmagazin.de\/stechlin\/wp-json\/wp\/v2\/posts"}],"about":[{"href":"https:\/\/www.naturparkmagazin.de\/stechlin\/wp-json\/wp\/v2\/types\/post"}],"author":[{"embeddable":true,"href":"https:\/\/www.naturparkmagazin.de\/stechlin\/wp-json\/wp\/v2\/users\/39"}],"replies":[{"embeddable":true,"href":"https:\/\/www.naturparkmagazin.de\/stechlin\/wp-json\/wp\/v2\/comments?post=10176"}],"version-history":[{"count":8,"href":"https:\/\/www.naturparkmagazin.de\/stechlin\/wp-json\/wp\/v2\/posts\/10176\/revisions"}],"predecessor-version":[{"id":10283,"href":"https:\/\/www.naturparkmagazin.de\/stechlin\/wp-json\/wp\/v2\/posts\/10176\/revisions\/10283"}],"wp:featuredmedia":[{"embeddable":true,"href":"https:\/\/www.naturparkmagazin.de\/stechlin\/wp-json\/wp\/v2\/media\/10177"}],"wp:attachment":[{"href":"https:\/\/www.naturparkmagazin.de\/stechlin\/wp-json\/wp\/v2\/media?parent=10176"}],"wp:term":[{"taxonomy":"category","embeddable":true,"href":"https:\/\/www.naturparkmagazin.de\/stechlin\/wp-json\/wp\/v2\/categories?post=10176"},{"taxonomy":"post_tag","embeddable":true,"href":"https:\/\/www.naturparkmagazin.de\/stechlin\/wp-json\/wp\/v2\/tags?post=10176"}],"curies":[{"name":"wp","href":"https:\/\/api.w.org\/{rel}","templated":true}]}}