{"id":10198,"date":"2021-02-12T08:52:01","date_gmt":"2021-02-12T07:52:01","guid":{"rendered":"https:\/\/www.naturparkmagazin.de\/stechlin\/?p=10198"},"modified":"2021-02-25T12:48:52","modified_gmt":"2021-02-25T11:48:52","slug":"kurt-lehmann-geht-in-den-wohlverdienten-ruhestand","status":"publish","type":"post","link":"https:\/\/www.naturparkmagazin.de\/stechlin\/kurt-lehmann-geht-in-den-wohlverdienten-ruhestand\/","title":{"rendered":"Kurt Lehmann geht in den wohlverdienten Ruhestand"},"content":{"rendered":"<p>Wenn Kurt Lehmann durch die Uckermark und unseren Naturpark f\u00e4hrt, sieht er \u00fcberall die Spuren seiner Arbeit. In den vielen Jahren seit der Wende hat er als Gesch\u00e4ftsf\u00fchrer des Landschaftpflegevereins Norduckerm\u00e4rkische Seenlandschaft e. V. mit unz\u00e4hligen Pflanzprojekten und Landschaftspflegeaktionen Zeichen gesetzt.<\/p>\n<div id=\"attachment_10201\" style=\"width: 210px\" class=\"wp-caption aligncenter\"><a href=\"https:\/\/www.naturparkmagazin.de\/stechlin\/wp-content\/uploads\/sites\/38\/DSC_0066.jpg\"><img aria-describedby=\"caption-attachment-10201\" decoding=\"async\" loading=\"lazy\" class=\"wp-image-10201 size-full\" src=\"https:\/\/www.naturparkmagazin.de\/stechlin\/wp-content\/uploads\/sites\/38\/DSC_0066.jpg\" alt=\"Kurt Lehmann in Aktion\" width=\"200\" height=\"300\" \/><\/a><p id=\"caption-attachment-10201\" class=\"wp-caption-text\">Kurt Lehmann in Aktion. \u00a9 Fotos: NP SRL\/Mario Schrumpf<\/p><\/div>\n<p>Egal ob Hecken, Feldgeh\u00f6lze oder Streuobstwiesen, mit seinem Team hat er zur Strukturanreicherung unserer doch in weiten Teilen ausger\u00e4umten Offenlandschaft und damit auch zur Aufwertung des Landschaftsbildes sowie zur Verbesserung der Erholungseignung beigetragen.<\/p>\n<div id=\"attachment_10200\" style=\"width: 310px\" class=\"wp-caption aligncenter\"><a href=\"https:\/\/www.naturparkmagazin.de\/stechlin\/wp-content\/uploads\/sites\/38\/DSC_0007.jpg\"><img aria-describedby=\"caption-attachment-10200\" decoding=\"async\" loading=\"lazy\" class=\"size-thumbnail wp-image-10200\" src=\"https:\/\/www.naturparkmagazin.de\/stechlin\/wp-content\/uploads\/sites\/38\/DSC_0007-300x180.jpg\" alt=\"Schwere Eichenpf\u00e4hle sind f\u00fcr Kurt Lehmann kein Problem.\" width=\"300\" height=\"180\" srcset=\"https:\/\/www.naturparkmagazin.de\/stechlin\/wp-content\/uploads\/sites\/38\/DSC_0007-300x180.jpg 300w, https:\/\/www.naturparkmagazin.de\/stechlin\/wp-content\/uploads\/sites\/38\/DSC_0007.jpg 500w, https:\/\/www.naturparkmagazin.de\/stechlin\/wp-content\/uploads\/sites\/38\/DSC_0007-200x120.jpg 200w\" sizes=\"(max-width: 300px) 100vw, 300px\" \/><\/a><p id=\"caption-attachment-10200\" class=\"wp-caption-text\">Schwere Eichenpf\u00e4hle sind f\u00fcr Kurt Lehmann kein Problem.<\/p><\/div>\n<p>Kurt hat mit seiner Arbeit die Drittelparit\u00e4t des klassischen Landschaftspflegeverbandes mit Akteuren aus Landwirtschaft, Kommunalpolitik und Naturschutz mit Leben erf\u00fcllt. Immer wieder hat er es geschafft, f\u00fcr einen ausgewogenen Ausgleich der unterschiedlichen Interessen zu sorgen.<\/p>\n<p>Am 1. Februar endete seine aktive Zeit als Gesch\u00e4ftsf\u00fchrer. <em>&#8222;Der Abschied f\u00e4llt mit nicht leicht. Ich blicke zur\u00fcck auf tolle Stunden, Tage, Jahre und gemeinsame Projekte, die mir viele wunderbare Erfahrungen und viel Energie gegeben haben. Nun erwarten mich neue Aufgaben und ich stelle mich neuen Herausforderungen: Das Leben als Rentner. Einfach wird das nicht. Schon gar nicht, wenn einem die vielen spannenden Projekte, Gesch\u00e4ftspartner, Mitstreiter und Kollegen fehlen. Ich werde es trotzdem versuchen.&#8220; <\/em><\/p>\n<p>Rechtzeitig hat er einen jungen Nachfolger eingearbeitet. Mathias R\u00f6sner (Tel.: 0173\/6334798) tr\u00e4gt ab sofort die Verantwortung als neuer Gesch\u00e4ftsf\u00fchrer. Auf eine gute Zusammenarbeit!<\/p>\n<div id=\"attachment_10202\" style=\"width: 210px\" class=\"wp-caption aligncenter\"><a href=\"https:\/\/www.naturparkmagazin.de\/stechlin\/wp-content\/uploads\/sites\/38\/DSC_0046.jpg\"><img aria-describedby=\"caption-attachment-10202\" decoding=\"async\" loading=\"lazy\" class=\"size-full wp-image-10202\" src=\"https:\/\/www.naturparkmagazin.de\/stechlin\/wp-content\/uploads\/sites\/38\/DSC_0046.jpg\" alt=\"Mathias R\u00f6sler - neuer Gesch\u00e4ftsf\u00fchrer des Landschaftspflegeverbandes\" width=\"200\" height=\"300\" \/><\/a><p id=\"caption-attachment-10202\" class=\"wp-caption-text\">Mathias R\u00f6sler &#8211; neuer Gesch\u00e4ftsf\u00fchrer des Landschaftspflegeverbandes<\/p><\/div>\n<p>Ich w\u00fcnsche mir, dass Kurt Lehmann uns mit seinem Erfahrungsschatz noch lange Zeit als &#8222;<em>Seniorberater<\/em>&#8220; erhalten bleibt. F\u00fcr den neuen Lebensabschnitt w\u00fcnschen wir Dir, lieber Kurt, alles Gute und vorallem Gesundheit!<\/p>\n<p>Das Team der Naturparkverwaltung<\/p>\n","protected":false},"excerpt":{"rendered":"<p>Wenn Kurt Lehmann durch die Uckermark und unseren Naturpark f\u00e4hrt, sieht er \u00fcberall die Spuren seiner Arbeit.<\/p>\n","protected":false},"author":39,"featured_media":10199,"comment_status":"open","ping_status":"open","sticky":false,"template":"","format":"standard","meta":[],"categories":[8],"tags":[],"yoast_head":"<!-- This site is optimized with the Yoast SEO plugin v19.10 - https:\/\/yoast.com\/wordpress\/plugins\/seo\/ -->\n<title>Kurt Lehmann geht in den wohlverdienten Ruhestand - Naturpark Stechlin-Ruppiner Land<\/title>\n<meta name=\"robots\" content=\"index, follow, max-snippet:-1, max-image-preview:large, max-video-preview:-1\" \/>\n<link rel=\"canonical\" href=\"https:\/\/www.naturparkmagazin.de\/stechlin\/kurt-lehmann-geht-in-den-wohlverdienten-ruhestand\/\" \/>\n<meta property=\"og:locale\" content=\"de_DE\" \/>\n<meta property=\"og:type\" content=\"article\" \/>\n<meta property=\"og:title\" content=\"Kurt Lehmann geht in den wohlverdienten Ruhestand - Naturpark Stechlin-Ruppiner Land\" \/>\n<meta property=\"og:description\" content=\"Wenn Kurt Lehmann durch die Uckermark und unseren Naturpark f\u00e4hrt, sieht er \u00fcberall die Spuren seiner Arbeit.\" \/>\n<meta property=\"og:url\" content=\"https:\/\/www.naturparkmagazin.de\/stechlin\/kurt-lehmann-geht-in-den-wohlverdienten-ruhestand\/\" \/>\n<meta property=\"og:site_name\" content=\"Naturpark Stechlin-Ruppiner Land\" \/>\n<meta property=\"article:published_time\" content=\"2021-02-12T07:52:01+00:00\" \/>\n<meta property=\"article:modified_time\" content=\"2021-02-25T11:48:52+00:00\" \/>\n<meta property=\"og:image\" content=\"https:\/\/www.naturparkmagazin.de\/stechlin\/wp-content\/uploads\/sites\/38\/Kurt-Lehmann.jpg\" \/>\n\t<meta property=\"og:image:width\" content=\"200\" \/>\n\t<meta property=\"og:image:height\" content=\"200\" \/>\n\t<meta property=\"og:image:type\" content=\"image\/jpeg\" \/>\n<meta name=\"author\" content=\"marioschrumpf\" \/>\n<meta name=\"twitter:label1\" content=\"Verfasst von\" \/>\n\t<meta name=\"twitter:data1\" content=\"marioschrumpf\" \/>\n\t<meta name=\"twitter:label2\" content=\"Gesch\u00e4tzte Lesezeit\" \/>\n\t<meta name=\"twitter:data2\" content=\"2\u00a0Minuten\" \/>\n<script type=\"application\/ld+json\" class=\"yoast-schema-graph\">{\"@context\":\"https:\/\/schema.org\",\"@graph\":[{\"@type\":\"WebPage\",\"@id\":\"https:\/\/www.naturparkmagazin.de\/stechlin\/kurt-lehmann-geht-in-den-wohlverdienten-ruhestand\/\",\"url\":\"https:\/\/www.naturparkmagazin.de\/stechlin\/kurt-lehmann-geht-in-den-wohlverdienten-ruhestand\/\",\"name\":\"Kurt Lehmann geht in den wohlverdienten Ruhestand - Naturpark Stechlin-Ruppiner Land\",\"isPartOf\":{\"@id\":\"https:\/\/www.naturparkmagazin.de\/stechlin\/#website\"},\"datePublished\":\"2021-02-12T07:52:01+00:00\",\"dateModified\":\"2021-02-25T11:48:52+00:00\",\"author\":{\"@id\":\"https:\/\/www.naturparkmagazin.de\/stechlin\/#\/schema\/person\/3f0d93203df21c806dd63c76d9bb28bc\"},\"breadcrumb\":{\"@id\":\"https:\/\/www.naturparkmagazin.de\/stechlin\/kurt-lehmann-geht-in-den-wohlverdienten-ruhestand\/#breadcrumb\"},\"inLanguage\":\"de\",\"potentialAction\":[{\"@type\":\"ReadAction\",\"target\":[\"https:\/\/www.naturparkmagazin.de\/stechlin\/kurt-lehmann-geht-in-den-wohlverdienten-ruhestand\/\"]}]},{\"@type\":\"BreadcrumbList\",\"@id\":\"https:\/\/www.naturparkmagazin.de\/stechlin\/kurt-lehmann-geht-in-den-wohlverdienten-ruhestand\/#breadcrumb\",\"itemListElement\":[{\"@type\":\"ListItem\",\"position\":1,\"name\":\"Home\",\"item\":\"https:\/\/www.naturparkmagazin.de\/stechlin\/\"},{\"@type\":\"ListItem\",\"position\":2,\"name\":\"Kurt Lehmann geht in den wohlverdienten Ruhestand\"}]},{\"@type\":\"WebSite\",\"@id\":\"https:\/\/www.naturparkmagazin.de\/stechlin\/#website\",\"url\":\"https:\/\/www.naturparkmagazin.de\/stechlin\/\",\"name\":\"Naturpark Stechlin-Ruppiner Land\",\"description\":\"\",\"potentialAction\":[{\"@type\":\"SearchAction\",\"target\":{\"@type\":\"EntryPoint\",\"urlTemplate\":\"https:\/\/www.naturparkmagazin.de\/stechlin\/?s={search_term_string}\"},\"query-input\":\"required name=search_term_string\"}],\"inLanguage\":\"de\"},{\"@type\":\"Person\",\"@id\":\"https:\/\/www.naturparkmagazin.de\/stechlin\/#\/schema\/person\/3f0d93203df21c806dd63c76d9bb28bc\",\"name\":\"marioschrumpf\",\"url\":\"https:\/\/www.naturparkmagazin.de\/stechlin\/author\/marioschrumpf\/\"}]}<\/script>\n<!-- \/ Yoast SEO plugin. -->","yoast_head_json":{"title":"Kurt Lehmann geht in den wohlverdienten Ruhestand - Naturpark Stechlin-Ruppiner Land","robots":{"index":"index","follow":"follow","max-snippet":"max-snippet:-1","max-image-preview":"max-image-preview:large","max-video-preview":"max-video-preview:-1"},"canonical":"https:\/\/www.naturparkmagazin.de\/stechlin\/kurt-lehmann-geht-in-den-wohlverdienten-ruhestand\/","og_locale":"de_DE","og_type":"article","og_title":"Kurt Lehmann geht in den wohlverdienten Ruhestand - Naturpark Stechlin-Ruppiner Land","og_description":"Wenn Kurt Lehmann durch die Uckermark und unseren Naturpark f\u00e4hrt, sieht er \u00fcberall die Spuren seiner Arbeit.","og_url":"https:\/\/www.naturparkmagazin.de\/stechlin\/kurt-lehmann-geht-in-den-wohlverdienten-ruhestand\/","og_site_name":"Naturpark Stechlin-Ruppiner Land","article_published_time":"2021-02-12T07:52:01+00:00","article_modified_time":"2021-02-25T11:48:52+00:00","og_image":[{"width":200,"height":200,"url":"https:\/\/www.naturparkmagazin.de\/stechlin\/wp-content\/uploads\/sites\/38\/Kurt-Lehmann.jpg","type":"image\/jpeg"}],"author":"marioschrumpf","twitter_misc":{"Verfasst von":"marioschrumpf","Gesch\u00e4tzte Lesezeit":"2\u00a0Minuten"},"schema":{"@context":"https:\/\/schema.org","@graph":[{"@type":"WebPage","@id":"https:\/\/www.naturparkmagazin.de\/stechlin\/kurt-lehmann-geht-in-den-wohlverdienten-ruhestand\/","url":"https:\/\/www.naturparkmagazin.de\/stechlin\/kurt-lehmann-geht-in-den-wohlverdienten-ruhestand\/","name":"Kurt Lehmann geht in den wohlverdienten Ruhestand - Naturpark Stechlin-Ruppiner Land","isPartOf":{"@id":"https:\/\/www.naturparkmagazin.de\/stechlin\/#website"},"datePublished":"2021-02-12T07:52:01+00:00","dateModified":"2021-02-25T11:48:52+00:00","author":{"@id":"https:\/\/www.naturparkmagazin.de\/stechlin\/#\/schema\/person\/3f0d93203df21c806dd63c76d9bb28bc"},"breadcrumb":{"@id":"https:\/\/www.naturparkmagazin.de\/stechlin\/kurt-lehmann-geht-in-den-wohlverdienten-ruhestand\/#breadcrumb"},"inLanguage":"de","potentialAction":[{"@type":"ReadAction","target":["https:\/\/www.naturparkmagazin.de\/stechlin\/kurt-lehmann-geht-in-den-wohlverdienten-ruhestand\/"]}]},{"@type":"BreadcrumbList","@id":"https:\/\/www.naturparkmagazin.de\/stechlin\/kurt-lehmann-geht-in-den-wohlverdienten-ruhestand\/#breadcrumb","itemListElement":[{"@type":"ListItem","position":1,"name":"Home","item":"https:\/\/www.naturparkmagazin.de\/stechlin\/"},{"@type":"ListItem","position":2,"name":"Kurt Lehmann geht in den wohlverdienten Ruhestand"}]},{"@type":"WebSite","@id":"https:\/\/www.naturparkmagazin.de\/stechlin\/#website","url":"https:\/\/www.naturparkmagazin.de\/stechlin\/","name":"Naturpark Stechlin-Ruppiner Land","description":"","potentialAction":[{"@type":"SearchAction","target":{"@type":"EntryPoint","urlTemplate":"https:\/\/www.naturparkmagazin.de\/stechlin\/?s={search_term_string}"},"query-input":"required name=search_term_string"}],"inLanguage":"de"},{"@type":"Person","@id":"https:\/\/www.naturparkmagazin.de\/stechlin\/#\/schema\/person\/3f0d93203df21c806dd63c76d9bb28bc","name":"marioschrumpf","url":"https:\/\/www.naturparkmagazin.de\/stechlin\/author\/marioschrumpf\/"}]}},"_links":{"self":[{"href":"https:\/\/www.naturparkmagazin.de\/stechlin\/wp-json\/wp\/v2\/posts\/10198"}],"collection":[{"href":"https:\/\/www.naturparkmagazin.de\/stechlin\/wp-json\/wp\/v2\/posts"}],"about":[{"href":"https:\/\/www.naturparkmagazin.de\/stechlin\/wp-json\/wp\/v2\/types\/post"}],"author":[{"embeddable":true,"href":"https:\/\/www.naturparkmagazin.de\/stechlin\/wp-json\/wp\/v2\/users\/39"}],"replies":[{"embeddable":true,"href":"https:\/\/www.naturparkmagazin.de\/stechlin\/wp-json\/wp\/v2\/comments?post=10198"}],"version-history":[{"count":7,"href":"https:\/\/www.naturparkmagazin.de\/stechlin\/wp-json\/wp\/v2\/posts\/10198\/revisions"}],"predecessor-version":[{"id":10285,"href":"https:\/\/www.naturparkmagazin.de\/stechlin\/wp-json\/wp\/v2\/posts\/10198\/revisions\/10285"}],"wp:featuredmedia":[{"embeddable":true,"href":"https:\/\/www.naturparkmagazin.de\/stechlin\/wp-json\/wp\/v2\/media\/10199"}],"wp:attachment":[{"href":"https:\/\/www.naturparkmagazin.de\/stechlin\/wp-json\/wp\/v2\/media?parent=10198"}],"wp:term":[{"taxonomy":"category","embeddable":true,"href":"https:\/\/www.naturparkmagazin.de\/stechlin\/wp-json\/wp\/v2\/categories?post=10198"},{"taxonomy":"post_tag","embeddable":true,"href":"https:\/\/www.naturparkmagazin.de\/stechlin\/wp-json\/wp\/v2\/tags?post=10198"}],"curies":[{"name":"wp","href":"https:\/\/api.w.org\/{rel}","templated":true}]}}