{"id":10207,"date":"2021-03-22T17:00:39","date_gmt":"2021-03-22T16:00:39","guid":{"rendered":"https:\/\/www.naturparkmagazin.de\/stechlin\/?p=10207"},"modified":"2021-03-29T13:47:19","modified_gmt":"2021-03-29T11:47:19","slug":"save-the-date-4-landwirtschaftstag-am-22-4-im-digitalformat","status":"publish","type":"post","link":"https:\/\/www.naturparkmagazin.de\/stechlin\/save-the-date-4-landwirtschaftstag-am-22-4-im-digitalformat\/","title":{"rendered":"Der 4. Landwirtschaftstag wird am 22.4. im Digitalformat stattfinden"},"content":{"rendered":"<p>Die b\u00e4uerlichen Betriebe in Brandenburg stehen vor gewaltigen Aufgaben. Ertragsschwache B\u00f6den, Hitzesommer, sinkende Grundwasserspiegel oder neue Verordnungen sind nur einige der Herausforderungen, die gemeistert werden m\u00fcssen. Besonders in Sachen Klimawandel wird die konventionelle Landwirtschaft in der \u00d6ffentlichkeit als Teil des Problems dargestellt und oft nur <strong><u>\u00fcber<\/u><\/strong> Landwirte gesprochen.<\/p>\n<p>\u201e<em>Hohe Nitratwerte, Pestizid- und Antibiotika-R\u00fcckst\u00e4nde im Grundwasser: wenn es um Wasserschutz geht, wird die Landwirtschaft meist als Teil des Problems wahrgenommen<\/em>\u201c, erkl\u00e4rt Frank Stieldorf, Gesch\u00e4ftsf\u00fchrer der Preussenquelle aus Rheinsberg. \u201e<em>Die Landwirte, die jetzt noch konventionell wirtschaften, k\u00f6nnen aber Teil der L\u00f6sung sein. Denn der \u00f6kologische Landbau kommt ohne chemisch-synthetische Pestizide aus und sorgt zudem f\u00fcr gesunden Boden, der Wasser speichert, statt es ungenutzt durchzulassen.<\/em>\u201c<\/p>\n<p>Wir wollen <strong><u>mit<\/u><\/strong> den B\u00e4uerinnen und Bauern Brandenburgs ins Gespr\u00e4ch kommen und gemeinsam mit Expertinnen und Experten Wege aufzeigen, wie nachhaltige Landwirtschaft, Klimaschutz und ein ausk\u00f6mmliches Einkommen in Einklang gebracht werden k\u00f6nnen.<\/p>\n<p>Wir, das sind der Landschaftspflegeverband Prignitz-Ruppiner Land e.V., der Naturpark Stechlin-Ruppiner Land und die Rheinsberger Preussenquelle.<\/p>\n<div id=\"attachment_10247\" style=\"width: 310px\" class=\"wp-caption aligncenter\"><a href=\"https:\/\/www.naturparkmagazin.de\/stechlin\/wp-content\/uploads\/sites\/38\/2019-01-03-HERRMANN_Haareis500x300.jpg\"><img aria-describedby=\"caption-attachment-10247\" decoding=\"async\" loading=\"lazy\" class=\"size-thumbnail wp-image-10247\" src=\"https:\/\/www.naturparkmagazin.de\/stechlin\/wp-content\/uploads\/sites\/38\/2019-01-03-HERRMANN_Haareis500x300-300x180.jpg\" alt=\"\u00a9Hilmar Hilgert\" width=\"300\" height=\"180\" srcset=\"https:\/\/www.naturparkmagazin.de\/stechlin\/wp-content\/uploads\/sites\/38\/2019-01-03-HERRMANN_Haareis500x300-300x180.jpg 300w, https:\/\/www.naturparkmagazin.de\/stechlin\/wp-content\/uploads\/sites\/38\/2019-01-03-HERRMANN_Haareis500x300.jpg 500w, https:\/\/www.naturparkmagazin.de\/stechlin\/wp-content\/uploads\/sites\/38\/2019-01-03-HERRMANN_Haareis500x300-200x120.jpg 200w\" sizes=\"(max-width: 300px) 100vw, 300px\" \/><\/a><p id=\"caption-attachment-10247\" class=\"wp-caption-text\">\u00a9Hilmar Hilger<\/p><\/div>\n<p>Waren die ersten drei Veranstaltungen noch lokal begrenzt gewesen, wollen die B\u00fcndnispartner nun das gesamte Bundesland erreichen. Unterst\u00fctzt werden sie in ihrem Anliegen durch die brandenburgische Staatsekret\u00e4rin im Ministerium f\u00fcr Landwirtschaft, Umwelt und Klimaschutz Silvia Bender. In ihrem filmischen Gru\u00dfwort unterstreicht sie das Potential des \u00d6kolandbaus: \u201e<em>Seine [\u00d6kolandbau] Leistungen sind in einer Vielzahl von Studien belegt. Und gerade bei uns in Brandenburg, mit den ertragsschwachen B\u00f6den und den starken klimatischen Ver\u00e4nderungen einerseits und dem gro\u00dfen Berliner Markt als Pull-Faktor andererseits, kann der \u00f6kologische Landbau eine Zukunftsperspektive f\u00fcr viele Betriebe bieten<\/em>\u201c, so Staatssekret\u00e4rin Silvia Bender.<\/p>\n<p>W\u00e4hrend des Landwirtschaftstages k\u00f6nnen Landwirt*innen in insgesamt <strong>drei Panels<\/strong> ihre <strong>Fragen und Anliegen an insgesamt 14 Expert*innen<\/strong> aus Verwaltung, Bio-Verb\u00e4nden und Politik stellen. Mit dabei sind unter anderem Dr. Kirsten Tackmann, agrarpolitische Sprecherin der Linksfraktion im Bundestag und Dr. Rudolf V\u00f6gel vom Landesamt f\u00fcr Umwelt Brandenburg.<\/p>\n<p>\u201e<em>B\u00e4uerinnen und Bauern haben das Potential, zu echten Boden- und Wasser-W\u00e4chtern zu werden. Durch die aktive Kaufentscheidung f\u00fcr Bio-Lebensmittel versetzen wir landwirtschaftliche Betriebe in die Lage, nicht nur gesunde Lebensmittel zu erzeugen, sondern auch Natur und Umwelt langfristig zu bewahren. Diese Chance sollten wir alle nutzen<\/em>\u201c, so Frank Stieldorf.<\/p>\n<p>Das Format st\u00f6\u00dft stets auf gro\u00dfes Interesse und wird vor allem f\u00fcr den Themen-Mix aus Information, Praxis-Beispielen und pers\u00f6nlichem Austausch gesch\u00e4tzt. Da die Pandemiebedingten Einschr\u00e4nkungen eine Pr\u00e4senzveranstaltung ausschlie\u00dfen, wird der <strong>Landwirtschaftstag in diesem Jahr <span style=\"text-decoration: underline\">digital<\/span><\/strong> \u2013 aber mit der M\u00f6glichkeit zum pers\u00f6nlichen Gespr\u00e4ch \u2013 realisiert.<\/p>\n<div id=\"attachment_9910\" style=\"width: 210px\" class=\"wp-caption aligncenter\"><a href=\"https:\/\/www.naturparkmagazin.de\/stechlin\/wp-content\/uploads\/sites\/38\/Beratung_Feld_Jakob_Schenk.jpg\"><img aria-describedby=\"caption-attachment-9910\" decoding=\"async\" loading=\"lazy\" class=\"wp-image-9910 size-full\" src=\"https:\/\/www.naturparkmagazin.de\/stechlin\/wp-content\/uploads\/sites\/38\/Beratung_Feld_Jakob_Schenk.jpg\" alt=\"Praktischer Wissenstransfer beim Feldtag des Netzwerkprojektes des Landschaftspflegeverbandes\" width=\"200\" height=\"200\" srcset=\"https:\/\/www.naturparkmagazin.de\/stechlin\/wp-content\/uploads\/sites\/38\/Beratung_Feld_Jakob_Schenk.jpg 200w, https:\/\/www.naturparkmagazin.de\/stechlin\/wp-content\/uploads\/sites\/38\/Beratung_Feld_Jakob_Schenk-30x30.jpg 30w\" sizes=\"(max-width: 200px) 100vw, 200px\" \/><\/a><p id=\"caption-attachment-9910\" class=\"wp-caption-text\">Praktischer Wissenstransfer beim Feldtag des Netzwerkprojektes des Landschaftspflegeverbandes. \u00a9LPV Jacob Schenk<\/p><\/div>\n<p><strong>Konzept 2021:<\/strong><\/p>\n<p>Der <strong>4. Landwirtschaftstag<\/strong> findet <strong>am 22.04.<\/strong> (Earth Day) statt. Der Vormittag wird digital in Form einer zentralen Auftakt-Videokonferenz, an der alle Referent*innen teilnehmen und anschlie\u00dfend in drei parallelen Online-Panels umgesetzt.<\/p>\n<p>Panel-Themen:<\/p>\n<ol>\n<li>Umstellung auf \u00d6ko-Landbau,<\/li>\n<li>Vertragsnaturschutz und<\/li>\n<li>Agrarf\u00f6rderung\/Agrarpolitik<\/li>\n<\/ol>\n<p>Nachmittags k\u00f6nnen die Teilnehmer*innen in direkten pers\u00f6nlichen Kontakt (Telefon, Video-Chat) mit den Referent*innen der drei Panels gehen, da die individuellen Fragen oft die wichtigsten sind und in einem Online-Format zuweilen untergehen.<\/p>\n<p>Durch diese Zweiteilung wollen wir den Anspr\u00fcchen der Zielgruppe noch besser gerecht werden und die nachhaltige Landwirtschaft in Brandenburg weiter voranbringen.<\/p>\n<div id=\"attachment_9675\" style=\"width: 310px\" class=\"wp-caption aligncenter\"><a href=\"https:\/\/www.naturparkmagazin.de\/stechlin\/wp-content\/uploads\/sites\/38\/Isabell-Hiekel_47.jpg\"><img aria-describedby=\"caption-attachment-9675\" decoding=\"async\" loading=\"lazy\" class=\"wp-image-9675 size-thumbnail\" src=\"https:\/\/www.naturparkmagazin.de\/stechlin\/wp-content\/uploads\/sites\/38\/Isabell-Hiekel_47-300x180.jpg\" alt=\"Biolandwirt Frank Rumpe hat Bl\u00fchstreifen im Rahmen einer Vertragsnaturschutzvereinbarung mit dem Naturpark angelegt\" width=\"300\" height=\"180\" srcset=\"https:\/\/www.naturparkmagazin.de\/stechlin\/wp-content\/uploads\/sites\/38\/Isabell-Hiekel_47-300x180.jpg 300w, https:\/\/www.naturparkmagazin.de\/stechlin\/wp-content\/uploads\/sites\/38\/Isabell-Hiekel_47.jpg 500w, https:\/\/www.naturparkmagazin.de\/stechlin\/wp-content\/uploads\/sites\/38\/Isabell-Hiekel_47-200x120.jpg 200w\" sizes=\"(max-width: 300px) 100vw, 300px\" \/><\/a><p id=\"caption-attachment-9675\" class=\"wp-caption-text\">Biolandwirt Frank Rumpe hat Bl\u00fchstreifen im Rahmen einer Vertragsnaturschutzvereinbarung mit dem Naturpark angelegt. \u00a9Mario Schrumpf<\/p><\/div>\n<p>Am <strong>22. M\u00e4rz<\/strong> (Welt-Wasser-Tag) wurde die <strong>Landing-Page<\/strong> auf <a href=\"http:\/\/www.landwirtschaftstag.bio\" target=\"_blank\">www.landwirtschaftstag.bio<\/a> schon <strong>online<\/strong> geschaltet. Hier finden Interessent*innen alle Informationen zum 4. Landwirtschaftstag und alle Ansprechpartner*innen, die am 22.04. in den Panels und nachmittags pers\u00f6nlich zur Verf\u00fcgung stehen.<\/p>\n<p>Mehr zu den Zielen des Landwirtschaftages erfahren Sie auch im <a href=\"https:\/\/www.bleibt-natuerlich.de\/wasser\/boden-gut-machen\/\" target=\"_blank\">Blog <\/a>der Rheinsberger Preussenquelle.<\/p>\n<p>Teil der Website ist neben dem zentralen Video-Player auch eine Auflistung aller Ansprechpartner*innen.<\/p>\n<div id=\"attachment_9747\" style=\"width: 310px\" class=\"wp-caption aligncenter\"><a href=\"https:\/\/www.naturparkmagazin.de\/stechlin\/wp-content\/uploads\/sites\/38\/Umweltstaatssekret\u00e4rin_27.jpg\"><img aria-describedby=\"caption-attachment-9747\" decoding=\"async\" loading=\"lazy\" class=\"wp-image-9747 size-thumbnail\" src=\"https:\/\/www.naturparkmagazin.de\/stechlin\/wp-content\/uploads\/sites\/38\/Umweltstaatssekret\u00e4rin_27-300x180.jpg\" alt=\"Agrar- und Umwelt-Staatssekret\u00e4rin Sivia Bender zu Gast im Naturpark\" width=\"300\" height=\"180\" srcset=\"https:\/\/www.naturparkmagazin.de\/stechlin\/wp-content\/uploads\/sites\/38\/Umweltstaatssekret\u00e4rin_27-300x180.jpg 300w, https:\/\/www.naturparkmagazin.de\/stechlin\/wp-content\/uploads\/sites\/38\/Umweltstaatssekret\u00e4rin_27.jpg 500w, https:\/\/www.naturparkmagazin.de\/stechlin\/wp-content\/uploads\/sites\/38\/Umweltstaatssekret\u00e4rin_27-200x120.jpg 200w\" sizes=\"(max-width: 300px) 100vw, 300px\" \/><\/a><p id=\"caption-attachment-9747\" class=\"wp-caption-text\">Agrar- und Umwelt-Staatssekret\u00e4rin Sivia Bender zu Gast im Naturpark \u00a9Mario Schrumpf<\/p><\/div>\n<p>Brandenburgs <strong>Agrar- und Umweltstaatssekret\u00e4rin Silvia Bender<\/strong> hat sich bereit erkl\u00e4rt, das Video-Gru\u00dfwort zum 4. Landwirtschaftstag beizusteuern. Dieses ist ebenfalls <strong>seit dem 22.03. auf der Landing-Page<\/strong> zu sehen, ehe am 22.04. die eigentliche Veranstaltung von dort gestreamt wird.<\/p>\n<p>G\u00e4ste, die in der Auftakt-Veranstaltung und\/oder den anschlie\u00dfenden Panels Fragen stellen m\u00f6chten, k\u00f6nnen sich einloggen. Wer den Landwirtschaftstag 2021 lediglich verfolgen m\u00f6chte, kann dies \u00fcber den Player auf <a href=\"http:\/\/www.landwirtschaftstag.bio\" target=\"_blank\">www.landwirtschaftstag.bio<\/a> tun.<\/p>\n","protected":false},"excerpt":{"rendered":"<p>Der Landschaftspflegeverband Prignitz-Ruppiner Land e.V., der Naturpark Stechlin-Ruppiner Land und die Rheinsberger Preussenquelle richten zum vierten Mal gemeinsam den Landwirtschaftstag im Naturpark aus. <\/p>\n","protected":false},"author":39,"featured_media":10240,"comment_status":"open","ping_status":"open","sticky":false,"template":"","format":"standard","meta":[],"categories":[11],"tags":[],"yoast_head":"<!-- This site is optimized with the Yoast SEO plugin v19.10 - https:\/\/yoast.com\/wordpress\/plugins\/seo\/ -->\n<title>Der 4. Landwirtschaftstag wird am 22.4. im Digitalformat stattfinden - Naturpark Stechlin-Ruppiner Land<\/title>\n<meta name=\"robots\" content=\"index, follow, max-snippet:-1, max-image-preview:large, max-video-preview:-1\" \/>\n<link rel=\"canonical\" href=\"https:\/\/www.naturparkmagazin.de\/stechlin\/save-the-date-4-landwirtschaftstag-am-22-4-im-digitalformat\/\" \/>\n<meta property=\"og:locale\" content=\"de_DE\" \/>\n<meta property=\"og:type\" content=\"article\" \/>\n<meta property=\"og:title\" content=\"Der 4. Landwirtschaftstag wird am 22.4. im Digitalformat stattfinden - Naturpark Stechlin-Ruppiner Land\" \/>\n<meta property=\"og:description\" content=\"Der Landschaftspflegeverband Prignitz-Ruppiner Land e.V., der Naturpark Stechlin-Ruppiner Land und die Rheinsberger Preussenquelle richten zum vierten Mal gemeinsam den Landwirtschaftstag im Naturpark aus.\" \/>\n<meta property=\"og:url\" content=\"https:\/\/www.naturparkmagazin.de\/stechlin\/save-the-date-4-landwirtschaftstag-am-22-4-im-digitalformat\/\" \/>\n<meta property=\"og:site_name\" content=\"Naturpark Stechlin-Ruppiner Land\" \/>\n<meta property=\"article:published_time\" content=\"2021-03-22T16:00:39+00:00\" \/>\n<meta property=\"article:modified_time\" content=\"2021-03-29T11:47:19+00:00\" \/>\n<meta property=\"og:image\" content=\"https:\/\/www.naturparkmagazin.de\/stechlin\/wp-content\/uploads\/sites\/38\/Key-Visual_LW-Tag-2021.jpg\" \/>\n\t<meta property=\"og:image:width\" content=\"200\" \/>\n\t<meta property=\"og:image:height\" content=\"200\" \/>\n\t<meta property=\"og:image:type\" content=\"image\/jpeg\" \/>\n<meta name=\"author\" content=\"marioschrumpf\" \/>\n<meta name=\"twitter:label1\" content=\"Verfasst von\" \/>\n\t<meta name=\"twitter:data1\" content=\"marioschrumpf\" \/>\n\t<meta name=\"twitter:label2\" content=\"Gesch\u00e4tzte Lesezeit\" \/>\n\t<meta name=\"twitter:data2\" content=\"4\u00a0Minuten\" \/>\n<script type=\"application\/ld+json\" class=\"yoast-schema-graph\">{\"@context\":\"https:\/\/schema.org\",\"@graph\":[{\"@type\":\"WebPage\",\"@id\":\"https:\/\/www.naturparkmagazin.de\/stechlin\/save-the-date-4-landwirtschaftstag-am-22-4-im-digitalformat\/\",\"url\":\"https:\/\/www.naturparkmagazin.de\/stechlin\/save-the-date-4-landwirtschaftstag-am-22-4-im-digitalformat\/\",\"name\":\"Der 4. Landwirtschaftstag wird am 22.4. im Digitalformat stattfinden - Naturpark Stechlin-Ruppiner Land\",\"isPartOf\":{\"@id\":\"https:\/\/www.naturparkmagazin.de\/stechlin\/#website\"},\"datePublished\":\"2021-03-22T16:00:39+00:00\",\"dateModified\":\"2021-03-29T11:47:19+00:00\",\"author\":{\"@id\":\"https:\/\/www.naturparkmagazin.de\/stechlin\/#\/schema\/person\/3f0d93203df21c806dd63c76d9bb28bc\"},\"breadcrumb\":{\"@id\":\"https:\/\/www.naturparkmagazin.de\/stechlin\/save-the-date-4-landwirtschaftstag-am-22-4-im-digitalformat\/#breadcrumb\"},\"inLanguage\":\"de\",\"potentialAction\":[{\"@type\":\"ReadAction\",\"target\":[\"https:\/\/www.naturparkmagazin.de\/stechlin\/save-the-date-4-landwirtschaftstag-am-22-4-im-digitalformat\/\"]}]},{\"@type\":\"BreadcrumbList\",\"@id\":\"https:\/\/www.naturparkmagazin.de\/stechlin\/save-the-date-4-landwirtschaftstag-am-22-4-im-digitalformat\/#breadcrumb\",\"itemListElement\":[{\"@type\":\"ListItem\",\"position\":1,\"name\":\"Home\",\"item\":\"https:\/\/www.naturparkmagazin.de\/stechlin\/\"},{\"@type\":\"ListItem\",\"position\":2,\"name\":\"Der 4. Landwirtschaftstag wird am 22.4. im Digitalformat stattfinden\"}]},{\"@type\":\"WebSite\",\"@id\":\"https:\/\/www.naturparkmagazin.de\/stechlin\/#website\",\"url\":\"https:\/\/www.naturparkmagazin.de\/stechlin\/\",\"name\":\"Naturpark Stechlin-Ruppiner Land\",\"description\":\"\",\"potentialAction\":[{\"@type\":\"SearchAction\",\"target\":{\"@type\":\"EntryPoint\",\"urlTemplate\":\"https:\/\/www.naturparkmagazin.de\/stechlin\/?s={search_term_string}\"},\"query-input\":\"required name=search_term_string\"}],\"inLanguage\":\"de\"},{\"@type\":\"Person\",\"@id\":\"https:\/\/www.naturparkmagazin.de\/stechlin\/#\/schema\/person\/3f0d93203df21c806dd63c76d9bb28bc\",\"name\":\"marioschrumpf\",\"url\":\"https:\/\/www.naturparkmagazin.de\/stechlin\/author\/marioschrumpf\/\"}]}<\/script>\n<!-- \/ Yoast SEO plugin. -->","yoast_head_json":{"title":"Der 4. Landwirtschaftstag wird am 22.4. im Digitalformat stattfinden - Naturpark Stechlin-Ruppiner Land","robots":{"index":"index","follow":"follow","max-snippet":"max-snippet:-1","max-image-preview":"max-image-preview:large","max-video-preview":"max-video-preview:-1"},"canonical":"https:\/\/www.naturparkmagazin.de\/stechlin\/save-the-date-4-landwirtschaftstag-am-22-4-im-digitalformat\/","og_locale":"de_DE","og_type":"article","og_title":"Der 4. Landwirtschaftstag wird am 22.4. im Digitalformat stattfinden - Naturpark Stechlin-Ruppiner Land","og_description":"Der Landschaftspflegeverband Prignitz-Ruppiner Land e.V., der Naturpark Stechlin-Ruppiner Land und die Rheinsberger Preussenquelle richten zum vierten Mal gemeinsam den Landwirtschaftstag im Naturpark aus.","og_url":"https:\/\/www.naturparkmagazin.de\/stechlin\/save-the-date-4-landwirtschaftstag-am-22-4-im-digitalformat\/","og_site_name":"Naturpark Stechlin-Ruppiner Land","article_published_time":"2021-03-22T16:00:39+00:00","article_modified_time":"2021-03-29T11:47:19+00:00","og_image":[{"width":200,"height":200,"url":"https:\/\/www.naturparkmagazin.de\/stechlin\/wp-content\/uploads\/sites\/38\/Key-Visual_LW-Tag-2021.jpg","type":"image\/jpeg"}],"author":"marioschrumpf","twitter_misc":{"Verfasst von":"marioschrumpf","Gesch\u00e4tzte Lesezeit":"4\u00a0Minuten"},"schema":{"@context":"https:\/\/schema.org","@graph":[{"@type":"WebPage","@id":"https:\/\/www.naturparkmagazin.de\/stechlin\/save-the-date-4-landwirtschaftstag-am-22-4-im-digitalformat\/","url":"https:\/\/www.naturparkmagazin.de\/stechlin\/save-the-date-4-landwirtschaftstag-am-22-4-im-digitalformat\/","name":"Der 4. Landwirtschaftstag wird am 22.4. im Digitalformat stattfinden - Naturpark Stechlin-Ruppiner Land","isPartOf":{"@id":"https:\/\/www.naturparkmagazin.de\/stechlin\/#website"},"datePublished":"2021-03-22T16:00:39+00:00","dateModified":"2021-03-29T11:47:19+00:00","author":{"@id":"https:\/\/www.naturparkmagazin.de\/stechlin\/#\/schema\/person\/3f0d93203df21c806dd63c76d9bb28bc"},"breadcrumb":{"@id":"https:\/\/www.naturparkmagazin.de\/stechlin\/save-the-date-4-landwirtschaftstag-am-22-4-im-digitalformat\/#breadcrumb"},"inLanguage":"de","potentialAction":[{"@type":"ReadAction","target":["https:\/\/www.naturparkmagazin.de\/stechlin\/save-the-date-4-landwirtschaftstag-am-22-4-im-digitalformat\/"]}]},{"@type":"BreadcrumbList","@id":"https:\/\/www.naturparkmagazin.de\/stechlin\/save-the-date-4-landwirtschaftstag-am-22-4-im-digitalformat\/#breadcrumb","itemListElement":[{"@type":"ListItem","position":1,"name":"Home","item":"https:\/\/www.naturparkmagazin.de\/stechlin\/"},{"@type":"ListItem","position":2,"name":"Der 4. Landwirtschaftstag wird am 22.4. im Digitalformat stattfinden"}]},{"@type":"WebSite","@id":"https:\/\/www.naturparkmagazin.de\/stechlin\/#website","url":"https:\/\/www.naturparkmagazin.de\/stechlin\/","name":"Naturpark Stechlin-Ruppiner Land","description":"","potentialAction":[{"@type":"SearchAction","target":{"@type":"EntryPoint","urlTemplate":"https:\/\/www.naturparkmagazin.de\/stechlin\/?s={search_term_string}"},"query-input":"required name=search_term_string"}],"inLanguage":"de"},{"@type":"Person","@id":"https:\/\/www.naturparkmagazin.de\/stechlin\/#\/schema\/person\/3f0d93203df21c806dd63c76d9bb28bc","name":"marioschrumpf","url":"https:\/\/www.naturparkmagazin.de\/stechlin\/author\/marioschrumpf\/"}]}},"_links":{"self":[{"href":"https:\/\/www.naturparkmagazin.de\/stechlin\/wp-json\/wp\/v2\/posts\/10207"}],"collection":[{"href":"https:\/\/www.naturparkmagazin.de\/stechlin\/wp-json\/wp\/v2\/posts"}],"about":[{"href":"https:\/\/www.naturparkmagazin.de\/stechlin\/wp-json\/wp\/v2\/types\/post"}],"author":[{"embeddable":true,"href":"https:\/\/www.naturparkmagazin.de\/stechlin\/wp-json\/wp\/v2\/users\/39"}],"replies":[{"embeddable":true,"href":"https:\/\/www.naturparkmagazin.de\/stechlin\/wp-json\/wp\/v2\/comments?post=10207"}],"version-history":[{"count":9,"href":"https:\/\/www.naturparkmagazin.de\/stechlin\/wp-json\/wp\/v2\/posts\/10207\/revisions"}],"predecessor-version":[{"id":10398,"href":"https:\/\/www.naturparkmagazin.de\/stechlin\/wp-json\/wp\/v2\/posts\/10207\/revisions\/10398"}],"wp:featuredmedia":[{"embeddable":true,"href":"https:\/\/www.naturparkmagazin.de\/stechlin\/wp-json\/wp\/v2\/media\/10240"}],"wp:attachment":[{"href":"https:\/\/www.naturparkmagazin.de\/stechlin\/wp-json\/wp\/v2\/media?parent=10207"}],"wp:term":[{"taxonomy":"category","embeddable":true,"href":"https:\/\/www.naturparkmagazin.de\/stechlin\/wp-json\/wp\/v2\/categories?post=10207"},{"taxonomy":"post_tag","embeddable":true,"href":"https:\/\/www.naturparkmagazin.de\/stechlin\/wp-json\/wp\/v2\/tags?post=10207"}],"curies":[{"name":"wp","href":"https:\/\/api.w.org\/{rel}","templated":true}]}}