{"id":10232,"date":"2021-06-15T10:00:02","date_gmt":"2021-06-15T08:00:02","guid":{"rendered":"https:\/\/www.naturparkmagazin.de\/stechlin\/?p=10232"},"modified":"2021-06-24T12:26:39","modified_gmt":"2021-06-24T10:26:39","slug":"wettbewerb-garten-der-vielfalt-startet-in-die-3-runde","status":"publish","type":"post","link":"https:\/\/www.naturparkmagazin.de\/stechlin\/wettbewerb-garten-der-vielfalt-startet-in-die-3-runde\/","title":{"rendered":"Teilnahme am Wettbewerb \u201eGarten der Vielfalt\u201c noch bis 11. Juli m\u00f6glich"},"content":{"rendered":"<div id=\"attachment_10235\" style=\"width: 310px\" class=\"wp-caption aligncenter\"><a href=\"https:\/\/www.naturparkmagazin.de\/stechlin\/wp-content\/uploads\/sites\/38\/garten-der-vielfalt_copyr-lpv-prignitz-ruppiner-land-e.v..jpg\"><img aria-describedby=\"caption-attachment-10235\" decoding=\"async\" loading=\"lazy\" class=\"wp-image-10235 size-thumbnail\" src=\"https:\/\/www.naturparkmagazin.de\/stechlin\/wp-content\/uploads\/sites\/38\/garten-der-vielfalt_copyr-lpv-prignitz-ruppiner-land-e.v.-300x180.jpg\" alt=\"garten derNP SRL\/LPV Prignitz-Ruppiner Land e. V.\" width=\"300\" height=\"180\" srcset=\"https:\/\/www.naturparkmagazin.de\/stechlin\/wp-content\/uploads\/sites\/38\/garten-der-vielfalt_copyr-lpv-prignitz-ruppiner-land-e.v.-300x180.jpg 300w, https:\/\/www.naturparkmagazin.de\/stechlin\/wp-content\/uploads\/sites\/38\/garten-der-vielfalt_copyr-lpv-prignitz-ruppiner-land-e.v..jpg 500w, https:\/\/www.naturparkmagazin.de\/stechlin\/wp-content\/uploads\/sites\/38\/garten-der-vielfalt_copyr-lpv-prignitz-ruppiner-land-e.v.-200x120.jpg 200w\" sizes=\"(max-width: 300px) 100vw, 300px\" \/><\/a><p id=\"caption-attachment-10235\" class=\"wp-caption-text\">\u00a9LPV Prignitz-Ruppiner Land e. V.<\/p><\/div>\n<p>Unter dem Motto \u201eAufbl\u00fchen\u201c sucht der Landschaftspflegeverband Prignitz-Ruppiner Land e.V. den \u201eGarten der Vielfalt\u201c 2021.<\/p>\n<p>Der Landschaftspflegeverband Prignitz-Ruppiner Land e.V. ruft mittlerweile zum 3. Mal den Wettbewerb \u201eGarten der Vielfalt\u201c aus. Die Aktion erfolgt in Kooperation mit dem Naturpark Stechlin-Ruppiner Land, dem Naturschutzbund Neuruppin (NABU) und der Volkssolidarit\u00e4t (Betreiber des Schul- und Gemeinschaftsgartens \u201eDossegarten\u201c in Wittstock). Ab 2021 wird der Wettbewerb zus\u00e4tzlich durch die Naturwacht unterst\u00fctzt.<\/p>\n<p>Der R\u00fcckgang der Tier- und Pflanzenarten ist in aller Munde, dabei kann jeder mit einfachen Mitteln zuhause, vor der eigenen Haust\u00fcr damit beginnen, etwas f\u00fcr die Artenvielfalt zu tun. Der Landschaftspflegeverband m\u00f6chte auf das Thema Artenvielfalt in privaten G\u00e4rten aufmerksam machen. Aus diesem Grund gibt es diesen Wettbewerb, der besonders wertvolle G\u00e4rten pr\u00e4miert.<\/p>\n<p>Schon kleine Ma\u00dfnahmen wie ungem\u00e4hte Bereiche auf einer Wiese oder die Anlage einer Bl\u00fchfl\u00e4che k\u00f6nnen f\u00fcr Insekten hilfreich sein. Dabei sollte darauf geachtet werden, dass Bl\u00fchmischungen regional angepasst sind. Das sind nur zwei Beispiele, die zeigen: Es ist einfach, sich im eigenen Garten f\u00fcr die Vielfalt einzusetzen.<\/p>\n<p>&nbsp;<\/p>\n<div id=\"attachment_10234\" style=\"width: 310px\" class=\"wp-caption aligncenter\"><a href=\"https:\/\/www.naturparkmagazin.de\/stechlin\/wp-content\/uploads\/sites\/38\/gewinnergarten-2020_copyr-lpv-prignitz-ruppiner-land-e.v..jpg\"><img aria-describedby=\"caption-attachment-10234\" decoding=\"async\" loading=\"lazy\" class=\"wp-image-10234 size-thumbnail\" src=\"https:\/\/www.naturparkmagazin.de\/stechlin\/wp-content\/uploads\/sites\/38\/gewinnergarten-2020_copyr-lpv-prignitz-ruppiner-land-e.v.-300x180.jpg\" alt=\"Siegergarten 2020\" width=\"300\" height=\"180\" srcset=\"https:\/\/www.naturparkmagazin.de\/stechlin\/wp-content\/uploads\/sites\/38\/gewinnergarten-2020_copyr-lpv-prignitz-ruppiner-land-e.v.-300x180.jpg 300w, https:\/\/www.naturparkmagazin.de\/stechlin\/wp-content\/uploads\/sites\/38\/gewinnergarten-2020_copyr-lpv-prignitz-ruppiner-land-e.v..jpg 500w, https:\/\/www.naturparkmagazin.de\/stechlin\/wp-content\/uploads\/sites\/38\/gewinnergarten-2020_copyr-lpv-prignitz-ruppiner-land-e.v.-200x120.jpg 200w\" sizes=\"(max-width: 300px) 100vw, 300px\" \/><\/a><p id=\"caption-attachment-10234\" class=\"wp-caption-text\">\u00a9LPV Prignitz-Ruppiner Land e. V.<\/p><\/div>\n<p>Der Landschaftspflegeverband Prignitz-Ruppiner Land e.V. sucht Gartenfreunde, die sich mit viel Engagement und Einf\u00fchlungsverm\u00f6gen f\u00fcr die Erhaltung der Artenvielfalt vor ihrer Haust\u00fcr einsetzen. Alle mit einem eigenen Garten (Eigentum\/Besitz\/Pacht) innerhalb der Grenzen des Landschaftspflegeverbandes, k\u00f6nnen teilnehmen (vgl. Karte: <a href=\"http:\/\/www.lpv-prignitz-ruppin.de\">www.lpv-prignitz-ruppin.de<\/a>).<\/p>\n<p>Ein ein kurzes Bewerbungsschreiben mit den Kontaktdaten sowie 2 bis 4 aussagekr\u00e4ftige Fotos reichen aus. Die Einsendung ist als E-Mail (<a href=\"mailto:kontakt@lpv-prignitz-ruppin.de\">kontakt@lpv-prignitz-ruppin.de<\/a>) oder per Post (LPV Prignitz-Ruppiner Land e.V., Kirchplatz 12, 16909 Wittstock\/Dosse) m\u00f6glich.<\/p>\n<p><strong>Einsendeschluss ist der 11. Juli 2021.<\/strong> Anschlie\u00dfend wird die Jury eine Auswahl der Bewerber besuchen und die G\u00e4rten begutachten. Die Gewinner werden zum \u201eTag des Apfels\u201c in Menz am 23. Oktober 2021 ausgezeichnet.<\/p>\n<p><a href=\"http:\/\/neu.lpv-prignitz-ruppin.de\/gartenwettbewerb.html?file=files\/theme\/Redaktion\/Projekte\/Gartenwettbewerb\/Anh%C3%A4nge\/Teilnahmebedingungen_Gartenwettbewerb.pdf\">Hier geht\u00b4s zu den Teilnahmebedingungen!<\/a><\/p>\n<p><a href=\"http:\/\/neu.lpv-prignitz-ruppin.de\/gartenwettbewerb.html\">Hier geht\u00b4s zur Wettbewerbsseite des LPV Prignitz-Ruppiner Land e.V.!<\/a><\/p>\n","protected":false},"excerpt":{"rendered":"<p>Der Landschaftspflegeverband Prignitz-Ruppiner Land e.V. sucht noch bis 11. Juli unter dem Motto \u201eAufbl\u00fchen\u201c den \u201eGarten der Vielfalt\u201c 2021.<\/p>\n","protected":false},"author":39,"featured_media":10233,"comment_status":"open","ping_status":"open","sticky":false,"template":"","format":"standard","meta":[],"categories":[11],"tags":[],"yoast_head":"<!-- This site is optimized with the Yoast SEO plugin v19.10 - https:\/\/yoast.com\/wordpress\/plugins\/seo\/ -->\n<title>Teilnahme am Wettbewerb \u201eGarten der Vielfalt\u201c noch bis 11. Juli m\u00f6glich - Naturpark Stechlin-Ruppiner Land<\/title>\n<meta name=\"robots\" content=\"index, follow, max-snippet:-1, max-image-preview:large, max-video-preview:-1\" \/>\n<link rel=\"canonical\" href=\"https:\/\/www.naturparkmagazin.de\/stechlin\/wettbewerb-garten-der-vielfalt-startet-in-die-3-runde\/\" \/>\n<meta property=\"og:locale\" content=\"de_DE\" \/>\n<meta property=\"og:type\" content=\"article\" \/>\n<meta property=\"og:title\" content=\"Teilnahme am Wettbewerb \u201eGarten der Vielfalt\u201c noch bis 11. Juli m\u00f6glich - Naturpark Stechlin-Ruppiner Land\" \/>\n<meta property=\"og:description\" content=\"Der Landschaftspflegeverband Prignitz-Ruppiner Land e.V. sucht noch bis 11. Juli unter dem Motto \u201eAufbl\u00fchen\u201c den \u201eGarten der Vielfalt\u201c 2021.\" \/>\n<meta property=\"og:url\" content=\"https:\/\/www.naturparkmagazin.de\/stechlin\/wettbewerb-garten-der-vielfalt-startet-in-die-3-runde\/\" \/>\n<meta property=\"og:site_name\" content=\"Naturpark Stechlin-Ruppiner Land\" \/>\n<meta property=\"article:published_time\" content=\"2021-06-15T08:00:02+00:00\" \/>\n<meta property=\"article:modified_time\" content=\"2021-06-24T10:26:39+00:00\" \/>\n<meta property=\"og:image\" content=\"https:\/\/www.naturparkmagazin.de\/stechlin\/wp-content\/uploads\/sites\/38\/Aufh\u00e4nger_Gartenwettbewerb.png\" \/>\n\t<meta property=\"og:image:width\" content=\"200\" \/>\n\t<meta property=\"og:image:height\" content=\"200\" \/>\n\t<meta property=\"og:image:type\" content=\"image\/png\" \/>\n<meta name=\"author\" content=\"marioschrumpf\" \/>\n<meta name=\"twitter:label1\" content=\"Verfasst von\" \/>\n\t<meta name=\"twitter:data1\" content=\"marioschrumpf\" \/>\n\t<meta name=\"twitter:label2\" content=\"Gesch\u00e4tzte Lesezeit\" \/>\n\t<meta name=\"twitter:data2\" content=\"2\u00a0Minuten\" \/>\n<script type=\"application\/ld+json\" class=\"yoast-schema-graph\">{\"@context\":\"https:\/\/schema.org\",\"@graph\":[{\"@type\":\"WebPage\",\"@id\":\"https:\/\/www.naturparkmagazin.de\/stechlin\/wettbewerb-garten-der-vielfalt-startet-in-die-3-runde\/\",\"url\":\"https:\/\/www.naturparkmagazin.de\/stechlin\/wettbewerb-garten-der-vielfalt-startet-in-die-3-runde\/\",\"name\":\"Teilnahme am Wettbewerb \u201eGarten der Vielfalt\u201c noch bis 11. Juli m\u00f6glich - Naturpark Stechlin-Ruppiner Land\",\"isPartOf\":{\"@id\":\"https:\/\/www.naturparkmagazin.de\/stechlin\/#website\"},\"datePublished\":\"2021-06-15T08:00:02+00:00\",\"dateModified\":\"2021-06-24T10:26:39+00:00\",\"author\":{\"@id\":\"https:\/\/www.naturparkmagazin.de\/stechlin\/#\/schema\/person\/3f0d93203df21c806dd63c76d9bb28bc\"},\"breadcrumb\":{\"@id\":\"https:\/\/www.naturparkmagazin.de\/stechlin\/wettbewerb-garten-der-vielfalt-startet-in-die-3-runde\/#breadcrumb\"},\"inLanguage\":\"de\",\"potentialAction\":[{\"@type\":\"ReadAction\",\"target\":[\"https:\/\/www.naturparkmagazin.de\/stechlin\/wettbewerb-garten-der-vielfalt-startet-in-die-3-runde\/\"]}]},{\"@type\":\"BreadcrumbList\",\"@id\":\"https:\/\/www.naturparkmagazin.de\/stechlin\/wettbewerb-garten-der-vielfalt-startet-in-die-3-runde\/#breadcrumb\",\"itemListElement\":[{\"@type\":\"ListItem\",\"position\":1,\"name\":\"Home\",\"item\":\"https:\/\/www.naturparkmagazin.de\/stechlin\/\"},{\"@type\":\"ListItem\",\"position\":2,\"name\":\"Teilnahme am Wettbewerb \u201eGarten der Vielfalt\u201c noch bis 11. Juli m\u00f6glich\"}]},{\"@type\":\"WebSite\",\"@id\":\"https:\/\/www.naturparkmagazin.de\/stechlin\/#website\",\"url\":\"https:\/\/www.naturparkmagazin.de\/stechlin\/\",\"name\":\"Naturpark Stechlin-Ruppiner Land\",\"description\":\"\",\"potentialAction\":[{\"@type\":\"SearchAction\",\"target\":{\"@type\":\"EntryPoint\",\"urlTemplate\":\"https:\/\/www.naturparkmagazin.de\/stechlin\/?s={search_term_string}\"},\"query-input\":\"required name=search_term_string\"}],\"inLanguage\":\"de\"},{\"@type\":\"Person\",\"@id\":\"https:\/\/www.naturparkmagazin.de\/stechlin\/#\/schema\/person\/3f0d93203df21c806dd63c76d9bb28bc\",\"name\":\"marioschrumpf\",\"url\":\"https:\/\/www.naturparkmagazin.de\/stechlin\/author\/marioschrumpf\/\"}]}<\/script>\n<!-- \/ Yoast SEO plugin. -->","yoast_head_json":{"title":"Teilnahme am Wettbewerb \u201eGarten der Vielfalt\u201c noch bis 11. Juli m\u00f6glich - Naturpark Stechlin-Ruppiner Land","robots":{"index":"index","follow":"follow","max-snippet":"max-snippet:-1","max-image-preview":"max-image-preview:large","max-video-preview":"max-video-preview:-1"},"canonical":"https:\/\/www.naturparkmagazin.de\/stechlin\/wettbewerb-garten-der-vielfalt-startet-in-die-3-runde\/","og_locale":"de_DE","og_type":"article","og_title":"Teilnahme am Wettbewerb \u201eGarten der Vielfalt\u201c noch bis 11. Juli m\u00f6glich - Naturpark Stechlin-Ruppiner Land","og_description":"Der Landschaftspflegeverband Prignitz-Ruppiner Land e.V. sucht noch bis 11. Juli unter dem Motto \u201eAufbl\u00fchen\u201c den \u201eGarten der Vielfalt\u201c 2021.","og_url":"https:\/\/www.naturparkmagazin.de\/stechlin\/wettbewerb-garten-der-vielfalt-startet-in-die-3-runde\/","og_site_name":"Naturpark Stechlin-Ruppiner Land","article_published_time":"2021-06-15T08:00:02+00:00","article_modified_time":"2021-06-24T10:26:39+00:00","og_image":[{"width":200,"height":200,"url":"https:\/\/www.naturparkmagazin.de\/stechlin\/wp-content\/uploads\/sites\/38\/Aufh\u00e4nger_Gartenwettbewerb.png","type":"image\/png"}],"author":"marioschrumpf","twitter_misc":{"Verfasst von":"marioschrumpf","Gesch\u00e4tzte Lesezeit":"2\u00a0Minuten"},"schema":{"@context":"https:\/\/schema.org","@graph":[{"@type":"WebPage","@id":"https:\/\/www.naturparkmagazin.de\/stechlin\/wettbewerb-garten-der-vielfalt-startet-in-die-3-runde\/","url":"https:\/\/www.naturparkmagazin.de\/stechlin\/wettbewerb-garten-der-vielfalt-startet-in-die-3-runde\/","name":"Teilnahme am Wettbewerb \u201eGarten der Vielfalt\u201c noch bis 11. Juli m\u00f6glich - Naturpark Stechlin-Ruppiner Land","isPartOf":{"@id":"https:\/\/www.naturparkmagazin.de\/stechlin\/#website"},"datePublished":"2021-06-15T08:00:02+00:00","dateModified":"2021-06-24T10:26:39+00:00","author":{"@id":"https:\/\/www.naturparkmagazin.de\/stechlin\/#\/schema\/person\/3f0d93203df21c806dd63c76d9bb28bc"},"breadcrumb":{"@id":"https:\/\/www.naturparkmagazin.de\/stechlin\/wettbewerb-garten-der-vielfalt-startet-in-die-3-runde\/#breadcrumb"},"inLanguage":"de","potentialAction":[{"@type":"ReadAction","target":["https:\/\/www.naturparkmagazin.de\/stechlin\/wettbewerb-garten-der-vielfalt-startet-in-die-3-runde\/"]}]},{"@type":"BreadcrumbList","@id":"https:\/\/www.naturparkmagazin.de\/stechlin\/wettbewerb-garten-der-vielfalt-startet-in-die-3-runde\/#breadcrumb","itemListElement":[{"@type":"ListItem","position":1,"name":"Home","item":"https:\/\/www.naturparkmagazin.de\/stechlin\/"},{"@type":"ListItem","position":2,"name":"Teilnahme am Wettbewerb \u201eGarten der Vielfalt\u201c noch bis 11. Juli m\u00f6glich"}]},{"@type":"WebSite","@id":"https:\/\/www.naturparkmagazin.de\/stechlin\/#website","url":"https:\/\/www.naturparkmagazin.de\/stechlin\/","name":"Naturpark Stechlin-Ruppiner Land","description":"","potentialAction":[{"@type":"SearchAction","target":{"@type":"EntryPoint","urlTemplate":"https:\/\/www.naturparkmagazin.de\/stechlin\/?s={search_term_string}"},"query-input":"required name=search_term_string"}],"inLanguage":"de"},{"@type":"Person","@id":"https:\/\/www.naturparkmagazin.de\/stechlin\/#\/schema\/person\/3f0d93203df21c806dd63c76d9bb28bc","name":"marioschrumpf","url":"https:\/\/www.naturparkmagazin.de\/stechlin\/author\/marioschrumpf\/"}]}},"_links":{"self":[{"href":"https:\/\/www.naturparkmagazin.de\/stechlin\/wp-json\/wp\/v2\/posts\/10232"}],"collection":[{"href":"https:\/\/www.naturparkmagazin.de\/stechlin\/wp-json\/wp\/v2\/posts"}],"about":[{"href":"https:\/\/www.naturparkmagazin.de\/stechlin\/wp-json\/wp\/v2\/types\/post"}],"author":[{"embeddable":true,"href":"https:\/\/www.naturparkmagazin.de\/stechlin\/wp-json\/wp\/v2\/users\/39"}],"replies":[{"embeddable":true,"href":"https:\/\/www.naturparkmagazin.de\/stechlin\/wp-json\/wp\/v2\/comments?post=10232"}],"version-history":[{"count":6,"href":"https:\/\/www.naturparkmagazin.de\/stechlin\/wp-json\/wp\/v2\/posts\/10232\/revisions"}],"predecessor-version":[{"id":10729,"href":"https:\/\/www.naturparkmagazin.de\/stechlin\/wp-json\/wp\/v2\/posts\/10232\/revisions\/10729"}],"wp:featuredmedia":[{"embeddable":true,"href":"https:\/\/www.naturparkmagazin.de\/stechlin\/wp-json\/wp\/v2\/media\/10233"}],"wp:attachment":[{"href":"https:\/\/www.naturparkmagazin.de\/stechlin\/wp-json\/wp\/v2\/media?parent=10232"}],"wp:term":[{"taxonomy":"category","embeddable":true,"href":"https:\/\/www.naturparkmagazin.de\/stechlin\/wp-json\/wp\/v2\/categories?post=10232"},{"taxonomy":"post_tag","embeddable":true,"href":"https:\/\/www.naturparkmagazin.de\/stechlin\/wp-json\/wp\/v2\/tags?post=10232"}],"curies":[{"name":"wp","href":"https:\/\/api.w.org\/{rel}","templated":true}]}}