{"id":10237,"date":"2021-02-19T09:57:29","date_gmt":"2021-02-19T08:57:29","guid":{"rendered":"https:\/\/www.naturparkmagazin.de\/stechlin\/?p=10237"},"modified":"2021-02-25T10:30:28","modified_gmt":"2021-02-25T09:30:28","slug":"informationen-aus-dem-foerderverein-naturlandschaft-stechlin-und-menzer-heide-e-v","status":"publish","type":"post","link":"https:\/\/www.naturparkmagazin.de\/stechlin\/informationen-aus-dem-foerderverein-naturlandschaft-stechlin-und-menzer-heide-e-v\/","title":{"rendered":"Sinnesgarten am NaturParkHaus \u00f6ffnet wieder ab 1. M\u00e4rz"},"content":{"rendered":"<div id=\"attachment_8428\" style=\"width: 310px\" class=\"wp-caption aligncenter\"><a href=\"https:\/\/www.naturparkmagazin.de\/stechlin\/wp-content\/uploads\/sites\/38\/Schmetterling_Karin.jpg\"><img aria-describedby=\"caption-attachment-8428\" decoding=\"async\" loading=\"lazy\" class=\"wp-image-8428 size-thumbnail\" src=\"https:\/\/www.naturparkmagazin.de\/stechlin\/wp-content\/uploads\/sites\/38\/Schmetterling_Karin-300x180.jpg\" alt=\"NP SRL\/Karin Schl\u00f6sser\" width=\"300\" height=\"180\" srcset=\"https:\/\/www.naturparkmagazin.de\/stechlin\/wp-content\/uploads\/sites\/38\/Schmetterling_Karin-300x180.jpg 300w, https:\/\/www.naturparkmagazin.de\/stechlin\/wp-content\/uploads\/sites\/38\/Schmetterling_Karin.jpg 500w, https:\/\/www.naturparkmagazin.de\/stechlin\/wp-content\/uploads\/sites\/38\/Schmetterling_Karin-200x120.jpg 200w\" sizes=\"(max-width: 300px) 100vw, 300px\" \/><\/a><p id=\"caption-attachment-8428\" class=\"wp-caption-text\">\u00a9Karin Schl\u00f6sser<\/p><\/div>\n<p>\u201e<em>Nun will der Lenz uns gr\u00fc\u00dfen, von Mittag weht es lau; aus allen Ecken sprie\u00dfen die Blumen rot und blau\u201c\u2026<\/em><\/p>\n<p>Mit diesen hoffnungsvollen Zeilen des Fr\u00fchlingsliedes, (von Karl Str\u00f6se \u00fcberarbeitet, erstmalig 1878 in einer Gedichtsammlung ver\u00f6ffentlicht), erwarten wir sehns\u00fcchtig den Fr\u00fchling.<\/p>\n<p>Nach der coronabedingten, monatelangen Schlie\u00dfung unseres Besucherzentrums gibt es einen ersten Lichtblick! Ab 1. M\u00e4rz \u00f6ffnet der Sinnesgarten am NaturParkHaus seine Pforten. Auch die Ausstellung in der Regionalwerkstatt wird wieder zug\u00e4nglich sein. Eine kleine Spende hilft ein wenig \u00fcber diese ungew\u00f6hnliche Zeit und w\u00fcrde uns sehr freuen!<\/p>\n<p>Das Besucherzentrum NaturParkHaus Stechlin bleibt leider noch bis zur Bekanntgabe von Lockerungen geschlossen. Hinter den Kulissen geht jedoch die Arbeit in gewohnter Weise mit Reparaturen im und um das Besucher- und Informationszentrum, im Sinnesgarten und an der Wegweisung unserer Erlebnispfade weiter.<\/p>\n<p>Konnten bisher die V\u00f6gel und Eichh\u00f6rnchen an den Futterstellen im Sinnesgarten von den Besuchern beobachtet werden, so gesellen sich jetzt bestimmt muntere Insekten dazu. Denn wir boten ihnen mit Laub und den Resten der Pflanzenpracht aus dem vergangenem Sommer Winterquartiere. Mitunter gab der so unordentlich wirkende Garten Anlass zur Verwunderung und Fragen, die wir gern beantworten. Wir freuen uns nun auf das \u201eAufr\u00e4umen\u201c und weiter anstehenden Gartenarbeiten f\u00fcr einen Saisonstart 2021.<\/p>\n<p>Unsere zwei Teilnehmer im Freiwilligen \u00d6kologischen Jahr haben sich &#8211; trotz au\u00dfergew\u00f6hnlicher Umst\u00e4nde durch die Pandemie &#8211; gut eingelebt. Sie verst\u00e4rken das Team im NaturParkHaus. In den Wintermonaten eigneten sie sich au\u00dferdem viel Wissen rund um den Naturpark, die Umweltbildung an und arbeiteten an ihren Jahresprojekten.<\/p>\n<p>Wir hoffen im Fr\u00fchjahr einige Veranstaltungen durchf\u00fchren zu k\u00f6nnen:<\/p>\n<p>&nbsp;<\/p>\n<div id=\"attachment_9954\" style=\"width: 210px\" class=\"wp-caption aligncenter\"><a href=\"https:\/\/www.naturparkmagazin.de\/stechlin\/wp-content\/uploads\/sites\/38\/Karte-Stechlinseebahn_011.jpg\"><img aria-describedby=\"caption-attachment-9954\" decoding=\"async\" loading=\"lazy\" class=\"wp-image-9954 size-full\" src=\"https:\/\/www.naturparkmagazin.de\/stechlin\/wp-content\/uploads\/sites\/38\/Karte-Stechlinseebahn_011.jpg\" alt=\"Das ehemalige Streckennetz der Stechlinseebahn.\" width=\"200\" height=\"350\" \/><\/a><p id=\"caption-attachment-9954\" class=\"wp-caption-text\">Das ehemalige Streckennetz der Stechlinseebahn. \u00a9Manfred Dumjan<\/p><\/div>\n<p><strong>Im Saal der Regionalwerkstatt wird noch bis zum 30. April die Fotoausstellung &#8222;Kleinbahn Gransee \u2013 Neuglobsow (Stechlinseebahn)\u201c, Montag \u2013 Freitag von 10.00 \u2013 15.00 Uhr ge\u00f6ffnet sein.<\/strong><\/p>\n<p>Sobald es die Situation erlaubt, erwartet dann auch die Ausstellung im NaturParkHaus zahlreiche G\u00e4ste. Im April steht die \u201eAlte Sorten Fragestunde\u201c mit dem VERN e.V. auf dem Plan. Ebenfalls geplant haben wir gef\u00fchrte Wanderungen, die nun im Fr\u00fchling zu einem spannenden Naturerleben einladen.<\/p>\n<p>Informationen, wie Brosch\u00fcren und auch den Begleitrucksack f\u00fcr eigene Erkundungen des Wald- &amp; Wassererlebnis- oder des Moor-Erlebnispfades, kann man dann wieder bei uns im NaturParkHaus erhalten.<\/p>\n<p>Gern laden wir Sie auch zu dem einen oder anderen Vortrag ein. Jedoch l\u00e4sst sich das mit der derzeitigen Corona-Situation nicht fest planen.<\/p>\n<p>\u00dcber unsere Angebote und aktuelle Ver\u00e4nderungen informiert Sie unsere Internetseite <a href=\"https:\/\/www.naturparkhaus.de\/\">www.naturparkhaus.de<\/a>.<\/p>\n<p>In diesem Sinne freuen Sie sich mit uns, wenn aus allen Ecken sprie\u00dfen die Blumen&#8230;<\/p>\n<p>und bleiben Sie gesund!<\/p>\n<p>&nbsp;<\/p>\n<p>J\u00f6rg R. Brinkmann und Ihr Team NaturParkHaus!<\/p>\n<p>&nbsp;<\/p>\n","protected":false},"excerpt":{"rendered":"<p>\u201eNun will der Lenz uns gr\u00fc\u00dfen, von Mittag weht es lau; aus allen Ecken sprie\u00dfen die Blumen rot und blau\u201c\u2026<\/p>\n","protected":false},"author":39,"featured_media":8427,"comment_status":"open","ping_status":"open","sticky":false,"template":"","format":"standard","meta":[],"categories":[11],"tags":[],"yoast_head":"<!-- This site is optimized with the Yoast SEO plugin v19.10 - https:\/\/yoast.com\/wordpress\/plugins\/seo\/ -->\n<title>Sinnesgarten am NaturParkHaus \u00f6ffnet wieder ab 1. M\u00e4rz - Naturpark Stechlin-Ruppiner Land<\/title>\n<meta name=\"robots\" content=\"index, follow, max-snippet:-1, max-image-preview:large, max-video-preview:-1\" \/>\n<link rel=\"canonical\" href=\"https:\/\/www.naturparkmagazin.de\/stechlin\/informationen-aus-dem-foerderverein-naturlandschaft-stechlin-und-menzer-heide-e-v\/\" \/>\n<meta property=\"og:locale\" content=\"de_DE\" \/>\n<meta property=\"og:type\" content=\"article\" \/>\n<meta property=\"og:title\" content=\"Sinnesgarten am NaturParkHaus \u00f6ffnet wieder ab 1. M\u00e4rz - Naturpark Stechlin-Ruppiner Land\" \/>\n<meta property=\"og:description\" content=\"\u201eNun will der Lenz uns gr\u00fc\u00dfen, von Mittag weht es lau; aus allen Ecken sprie\u00dfen die Blumen rot und blau\u201c\u2026\" \/>\n<meta property=\"og:url\" content=\"https:\/\/www.naturparkmagazin.de\/stechlin\/informationen-aus-dem-foerderverein-naturlandschaft-stechlin-und-menzer-heide-e-v\/\" \/>\n<meta property=\"og:site_name\" content=\"Naturpark Stechlin-Ruppiner Land\" \/>\n<meta property=\"article:published_time\" content=\"2021-02-19T08:57:29+00:00\" \/>\n<meta property=\"article:modified_time\" content=\"2021-02-25T09:30:28+00:00\" \/>\n<meta property=\"og:image\" content=\"https:\/\/www.naturparkmagazin.de\/stechlin\/wp-content\/uploads\/sites\/38\/Mohnblume_Karin.jpg\" \/>\n\t<meta property=\"og:image:width\" content=\"200\" \/>\n\t<meta property=\"og:image:height\" content=\"200\" \/>\n\t<meta property=\"og:image:type\" content=\"image\/jpeg\" \/>\n<meta name=\"author\" content=\"marioschrumpf\" \/>\n<meta name=\"twitter:label1\" content=\"Verfasst von\" \/>\n\t<meta name=\"twitter:data1\" content=\"marioschrumpf\" \/>\n\t<meta name=\"twitter:label2\" content=\"Gesch\u00e4tzte Lesezeit\" \/>\n\t<meta name=\"twitter:data2\" content=\"2\u00a0Minuten\" \/>\n<script type=\"application\/ld+json\" class=\"yoast-schema-graph\">{\"@context\":\"https:\/\/schema.org\",\"@graph\":[{\"@type\":\"WebPage\",\"@id\":\"https:\/\/www.naturparkmagazin.de\/stechlin\/informationen-aus-dem-foerderverein-naturlandschaft-stechlin-und-menzer-heide-e-v\/\",\"url\":\"https:\/\/www.naturparkmagazin.de\/stechlin\/informationen-aus-dem-foerderverein-naturlandschaft-stechlin-und-menzer-heide-e-v\/\",\"name\":\"Sinnesgarten am NaturParkHaus \u00f6ffnet wieder ab 1. M\u00e4rz - Naturpark Stechlin-Ruppiner Land\",\"isPartOf\":{\"@id\":\"https:\/\/www.naturparkmagazin.de\/stechlin\/#website\"},\"datePublished\":\"2021-02-19T08:57:29+00:00\",\"dateModified\":\"2021-02-25T09:30:28+00:00\",\"author\":{\"@id\":\"https:\/\/www.naturparkmagazin.de\/stechlin\/#\/schema\/person\/3f0d93203df21c806dd63c76d9bb28bc\"},\"breadcrumb\":{\"@id\":\"https:\/\/www.naturparkmagazin.de\/stechlin\/informationen-aus-dem-foerderverein-naturlandschaft-stechlin-und-menzer-heide-e-v\/#breadcrumb\"},\"inLanguage\":\"de\",\"potentialAction\":[{\"@type\":\"ReadAction\",\"target\":[\"https:\/\/www.naturparkmagazin.de\/stechlin\/informationen-aus-dem-foerderverein-naturlandschaft-stechlin-und-menzer-heide-e-v\/\"]}]},{\"@type\":\"BreadcrumbList\",\"@id\":\"https:\/\/www.naturparkmagazin.de\/stechlin\/informationen-aus-dem-foerderverein-naturlandschaft-stechlin-und-menzer-heide-e-v\/#breadcrumb\",\"itemListElement\":[{\"@type\":\"ListItem\",\"position\":1,\"name\":\"Home\",\"item\":\"https:\/\/www.naturparkmagazin.de\/stechlin\/\"},{\"@type\":\"ListItem\",\"position\":2,\"name\":\"Sinnesgarten am NaturParkHaus \u00f6ffnet wieder ab 1. M\u00e4rz\"}]},{\"@type\":\"WebSite\",\"@id\":\"https:\/\/www.naturparkmagazin.de\/stechlin\/#website\",\"url\":\"https:\/\/www.naturparkmagazin.de\/stechlin\/\",\"name\":\"Naturpark Stechlin-Ruppiner Land\",\"description\":\"\",\"potentialAction\":[{\"@type\":\"SearchAction\",\"target\":{\"@type\":\"EntryPoint\",\"urlTemplate\":\"https:\/\/www.naturparkmagazin.de\/stechlin\/?s={search_term_string}\"},\"query-input\":\"required name=search_term_string\"}],\"inLanguage\":\"de\"},{\"@type\":\"Person\",\"@id\":\"https:\/\/www.naturparkmagazin.de\/stechlin\/#\/schema\/person\/3f0d93203df21c806dd63c76d9bb28bc\",\"name\":\"marioschrumpf\",\"url\":\"https:\/\/www.naturparkmagazin.de\/stechlin\/author\/marioschrumpf\/\"}]}<\/script>\n<!-- \/ Yoast SEO plugin. -->","yoast_head_json":{"title":"Sinnesgarten am NaturParkHaus \u00f6ffnet wieder ab 1. M\u00e4rz - Naturpark Stechlin-Ruppiner Land","robots":{"index":"index","follow":"follow","max-snippet":"max-snippet:-1","max-image-preview":"max-image-preview:large","max-video-preview":"max-video-preview:-1"},"canonical":"https:\/\/www.naturparkmagazin.de\/stechlin\/informationen-aus-dem-foerderverein-naturlandschaft-stechlin-und-menzer-heide-e-v\/","og_locale":"de_DE","og_type":"article","og_title":"Sinnesgarten am NaturParkHaus \u00f6ffnet wieder ab 1. M\u00e4rz - Naturpark Stechlin-Ruppiner Land","og_description":"\u201eNun will der Lenz uns gr\u00fc\u00dfen, von Mittag weht es lau; aus allen Ecken sprie\u00dfen die Blumen rot und blau\u201c\u2026","og_url":"https:\/\/www.naturparkmagazin.de\/stechlin\/informationen-aus-dem-foerderverein-naturlandschaft-stechlin-und-menzer-heide-e-v\/","og_site_name":"Naturpark Stechlin-Ruppiner Land","article_published_time":"2021-02-19T08:57:29+00:00","article_modified_time":"2021-02-25T09:30:28+00:00","og_image":[{"width":200,"height":200,"url":"https:\/\/www.naturparkmagazin.de\/stechlin\/wp-content\/uploads\/sites\/38\/Mohnblume_Karin.jpg","type":"image\/jpeg"}],"author":"marioschrumpf","twitter_misc":{"Verfasst von":"marioschrumpf","Gesch\u00e4tzte Lesezeit":"2\u00a0Minuten"},"schema":{"@context":"https:\/\/schema.org","@graph":[{"@type":"WebPage","@id":"https:\/\/www.naturparkmagazin.de\/stechlin\/informationen-aus-dem-foerderverein-naturlandschaft-stechlin-und-menzer-heide-e-v\/","url":"https:\/\/www.naturparkmagazin.de\/stechlin\/informationen-aus-dem-foerderverein-naturlandschaft-stechlin-und-menzer-heide-e-v\/","name":"Sinnesgarten am NaturParkHaus \u00f6ffnet wieder ab 1. M\u00e4rz - Naturpark Stechlin-Ruppiner Land","isPartOf":{"@id":"https:\/\/www.naturparkmagazin.de\/stechlin\/#website"},"datePublished":"2021-02-19T08:57:29+00:00","dateModified":"2021-02-25T09:30:28+00:00","author":{"@id":"https:\/\/www.naturparkmagazin.de\/stechlin\/#\/schema\/person\/3f0d93203df21c806dd63c76d9bb28bc"},"breadcrumb":{"@id":"https:\/\/www.naturparkmagazin.de\/stechlin\/informationen-aus-dem-foerderverein-naturlandschaft-stechlin-und-menzer-heide-e-v\/#breadcrumb"},"inLanguage":"de","potentialAction":[{"@type":"ReadAction","target":["https:\/\/www.naturparkmagazin.de\/stechlin\/informationen-aus-dem-foerderverein-naturlandschaft-stechlin-und-menzer-heide-e-v\/"]}]},{"@type":"BreadcrumbList","@id":"https:\/\/www.naturparkmagazin.de\/stechlin\/informationen-aus-dem-foerderverein-naturlandschaft-stechlin-und-menzer-heide-e-v\/#breadcrumb","itemListElement":[{"@type":"ListItem","position":1,"name":"Home","item":"https:\/\/www.naturparkmagazin.de\/stechlin\/"},{"@type":"ListItem","position":2,"name":"Sinnesgarten am NaturParkHaus \u00f6ffnet wieder ab 1. M\u00e4rz"}]},{"@type":"WebSite","@id":"https:\/\/www.naturparkmagazin.de\/stechlin\/#website","url":"https:\/\/www.naturparkmagazin.de\/stechlin\/","name":"Naturpark Stechlin-Ruppiner Land","description":"","potentialAction":[{"@type":"SearchAction","target":{"@type":"EntryPoint","urlTemplate":"https:\/\/www.naturparkmagazin.de\/stechlin\/?s={search_term_string}"},"query-input":"required name=search_term_string"}],"inLanguage":"de"},{"@type":"Person","@id":"https:\/\/www.naturparkmagazin.de\/stechlin\/#\/schema\/person\/3f0d93203df21c806dd63c76d9bb28bc","name":"marioschrumpf","url":"https:\/\/www.naturparkmagazin.de\/stechlin\/author\/marioschrumpf\/"}]}},"_links":{"self":[{"href":"https:\/\/www.naturparkmagazin.de\/stechlin\/wp-json\/wp\/v2\/posts\/10237"}],"collection":[{"href":"https:\/\/www.naturparkmagazin.de\/stechlin\/wp-json\/wp\/v2\/posts"}],"about":[{"href":"https:\/\/www.naturparkmagazin.de\/stechlin\/wp-json\/wp\/v2\/types\/post"}],"author":[{"embeddable":true,"href":"https:\/\/www.naturparkmagazin.de\/stechlin\/wp-json\/wp\/v2\/users\/39"}],"replies":[{"embeddable":true,"href":"https:\/\/www.naturparkmagazin.de\/stechlin\/wp-json\/wp\/v2\/comments?post=10237"}],"version-history":[{"count":7,"href":"https:\/\/www.naturparkmagazin.de\/stechlin\/wp-json\/wp\/v2\/posts\/10237\/revisions"}],"predecessor-version":[{"id":10276,"href":"https:\/\/www.naturparkmagazin.de\/stechlin\/wp-json\/wp\/v2\/posts\/10237\/revisions\/10276"}],"wp:featuredmedia":[{"embeddable":true,"href":"https:\/\/www.naturparkmagazin.de\/stechlin\/wp-json\/wp\/v2\/media\/8427"}],"wp:attachment":[{"href":"https:\/\/www.naturparkmagazin.de\/stechlin\/wp-json\/wp\/v2\/media?parent=10237"}],"wp:term":[{"taxonomy":"category","embeddable":true,"href":"https:\/\/www.naturparkmagazin.de\/stechlin\/wp-json\/wp\/v2\/categories?post=10237"},{"taxonomy":"post_tag","embeddable":true,"href":"https:\/\/www.naturparkmagazin.de\/stechlin\/wp-json\/wp\/v2\/tags?post=10237"}],"curies":[{"name":"wp","href":"https:\/\/api.w.org\/{rel}","templated":true}]}}