{"id":10251,"date":"2021-02-22T15:38:00","date_gmt":"2021-02-22T14:38:00","guid":{"rendered":"https:\/\/www.naturparkmagazin.de\/stechlin\/?p=10251"},"modified":"2021-02-25T10:21:49","modified_gmt":"2021-02-25T09:21:49","slug":"tierpark-kunsterspring-ab-sofort-wieder-geoeffnet","status":"publish","type":"post","link":"https:\/\/www.naturparkmagazin.de\/stechlin\/tierpark-kunsterspring-ab-sofort-wieder-geoeffnet\/","title":{"rendered":"Tierpark Kunsterspring ist ab sofort wieder ge\u00f6ffnet"},"content":{"rendered":"<p>Endlich ist es wieder soweit! Der Tierpark Kunsterspring hat seine Pforten wieder f\u00fcr Besucher ge\u00f6ffnet.<\/p>\n<div id=\"attachment_7956\" style=\"width: 310px\" class=\"wp-caption aligncenter\"><a href=\"https:\/\/www.naturparkmagazin.de\/stechlin\/wp-content\/uploads\/sites\/38\/Biber-in-der-J\u00e4glitz_Andree-Kienast.jpg\"><img aria-describedby=\"caption-attachment-7956\" decoding=\"async\" loading=\"lazy\" class=\"wp-image-7956 size-thumbnail\" src=\"https:\/\/www.naturparkmagazin.de\/stechlin\/wp-content\/uploads\/sites\/38\/Biber-in-der-J\u00e4glitz_Andree-Kienast-300x180.jpg\" alt=\"Der Biber geh\u00f6rt zu den nachtaktiven Tieren an der Kunster im Tierpark.\" width=\"300\" height=\"180\" srcset=\"https:\/\/www.naturparkmagazin.de\/stechlin\/wp-content\/uploads\/sites\/38\/Biber-in-der-J\u00e4glitz_Andree-Kienast-300x180.jpg 300w, https:\/\/www.naturparkmagazin.de\/stechlin\/wp-content\/uploads\/sites\/38\/Biber-in-der-J\u00e4glitz_Andree-Kienast.jpg 500w, https:\/\/www.naturparkmagazin.de\/stechlin\/wp-content\/uploads\/sites\/38\/Biber-in-der-J\u00e4glitz_Andree-Kienast-200x120.jpg 200w\" sizes=\"(max-width: 300px) 100vw, 300px\" \/><\/a><p id=\"caption-attachment-7956\" class=\"wp-caption-text\">Der Biber geh\u00f6rt zu den nachtaktiven Tieren an der Kunster im Tierpark. \u00a9Andree Kienast<\/p><\/div>\n<p style=\"text-align: left\" align=\"center\">Im Zusammenhang mit der Lockerung der CORONA-Schutzma\u00dfnahmen durfte der Tierpark der Fontanestadt Neuruppin ab dem <strong>16. Februar 2021<\/strong> wieder ans Netz. Bitte beachten, dass das Terrarium, die Schwarzstorchanlage und der Eulenwald weiterhin geschlossen bleiben.<\/p>\n<div id=\"attachment_10051\" style=\"width: 210px\" class=\"wp-caption aligncenter\"><a href=\"https:\/\/www.naturparkmagazin.de\/stechlin\/wp-content\/uploads\/sites\/38\/schwarzstorch.jpg\"><img aria-describedby=\"caption-attachment-10051\" decoding=\"async\" loading=\"lazy\" class=\"wp-image-10051 size-full\" src=\"https:\/\/www.naturparkmagazin.de\/stechlin\/wp-content\/uploads\/sites\/38\/schwarzstorch.jpg\" alt=\"Die Schwarzstorchanlage muss leider weiterhin geschlossen bleiben.\" width=\"200\" height=\"200\" srcset=\"https:\/\/www.naturparkmagazin.de\/stechlin\/wp-content\/uploads\/sites\/38\/schwarzstorch.jpg 200w, https:\/\/www.naturparkmagazin.de\/stechlin\/wp-content\/uploads\/sites\/38\/schwarzstorch-30x30.jpg 30w\" sizes=\"(max-width: 200px) 100vw, 200px\" \/><\/a><p id=\"caption-attachment-10051\" class=\"wp-caption-text\">Die Schwarzstorchanlage muss leider weiterhin geschlossen bleiben. \u00a9Robert Franck<\/p><\/div>\n<p style=\"text-align: left\" align=\"center\">Bitte achten Sie auf Hinweise bez\u00fcglich Abstandsregelungen und Maskenpflicht!<\/p>\n<div class=\"wrapper\"><\/div>\n","protected":false},"excerpt":{"rendered":"<p>Endlich ist es wieder soweit! Der Tierpark Kunsterspring hat seine Pforten wieder f\u00fcr Besucher ge\u00f6ffnet.<\/p>\n","protected":false},"author":39,"featured_media":10051,"comment_status":"open","ping_status":"open","sticky":false,"template":"","format":"standard","meta":[],"categories":[11],"tags":[],"yoast_head":"<!-- This site is optimized with the Yoast SEO plugin v19.10 - https:\/\/yoast.com\/wordpress\/plugins\/seo\/ -->\n<title>Tierpark Kunsterspring ist ab sofort wieder ge\u00f6ffnet - Naturpark Stechlin-Ruppiner Land<\/title>\n<meta name=\"robots\" content=\"index, follow, max-snippet:-1, max-image-preview:large, max-video-preview:-1\" \/>\n<link rel=\"canonical\" href=\"https:\/\/www.naturparkmagazin.de\/stechlin\/tierpark-kunsterspring-ab-sofort-wieder-geoeffnet\/\" \/>\n<meta property=\"og:locale\" content=\"de_DE\" \/>\n<meta property=\"og:type\" content=\"article\" \/>\n<meta property=\"og:title\" content=\"Tierpark Kunsterspring ist ab sofort wieder ge\u00f6ffnet - Naturpark Stechlin-Ruppiner Land\" \/>\n<meta property=\"og:description\" content=\"Endlich ist es wieder soweit! Der Tierpark Kunsterspring hat seine Pforten wieder f\u00fcr Besucher ge\u00f6ffnet.\" \/>\n<meta property=\"og:url\" content=\"https:\/\/www.naturparkmagazin.de\/stechlin\/tierpark-kunsterspring-ab-sofort-wieder-geoeffnet\/\" \/>\n<meta property=\"og:site_name\" content=\"Naturpark Stechlin-Ruppiner Land\" \/>\n<meta property=\"article:published_time\" content=\"2021-02-22T14:38:00+00:00\" \/>\n<meta property=\"article:modified_time\" content=\"2021-02-25T09:21:49+00:00\" \/>\n<meta property=\"og:image\" content=\"https:\/\/www.naturparkmagazin.de\/stechlin\/wp-content\/uploads\/sites\/38\/schwarzstorch.jpg\" \/>\n\t<meta property=\"og:image:width\" content=\"200\" \/>\n\t<meta property=\"og:image:height\" content=\"200\" \/>\n\t<meta property=\"og:image:type\" content=\"image\/jpeg\" \/>\n<meta name=\"author\" content=\"marioschrumpf\" \/>\n<meta name=\"twitter:label1\" content=\"Verfasst von\" \/>\n\t<meta name=\"twitter:data1\" content=\"marioschrumpf\" \/>\n<script type=\"application\/ld+json\" class=\"yoast-schema-graph\">{\"@context\":\"https:\/\/schema.org\",\"@graph\":[{\"@type\":\"WebPage\",\"@id\":\"https:\/\/www.naturparkmagazin.de\/stechlin\/tierpark-kunsterspring-ab-sofort-wieder-geoeffnet\/\",\"url\":\"https:\/\/www.naturparkmagazin.de\/stechlin\/tierpark-kunsterspring-ab-sofort-wieder-geoeffnet\/\",\"name\":\"Tierpark Kunsterspring ist ab sofort wieder ge\u00f6ffnet - Naturpark Stechlin-Ruppiner Land\",\"isPartOf\":{\"@id\":\"https:\/\/www.naturparkmagazin.de\/stechlin\/#website\"},\"datePublished\":\"2021-02-22T14:38:00+00:00\",\"dateModified\":\"2021-02-25T09:21:49+00:00\",\"author\":{\"@id\":\"https:\/\/www.naturparkmagazin.de\/stechlin\/#\/schema\/person\/3f0d93203df21c806dd63c76d9bb28bc\"},\"breadcrumb\":{\"@id\":\"https:\/\/www.naturparkmagazin.de\/stechlin\/tierpark-kunsterspring-ab-sofort-wieder-geoeffnet\/#breadcrumb\"},\"inLanguage\":\"de\",\"potentialAction\":[{\"@type\":\"ReadAction\",\"target\":[\"https:\/\/www.naturparkmagazin.de\/stechlin\/tierpark-kunsterspring-ab-sofort-wieder-geoeffnet\/\"]}]},{\"@type\":\"BreadcrumbList\",\"@id\":\"https:\/\/www.naturparkmagazin.de\/stechlin\/tierpark-kunsterspring-ab-sofort-wieder-geoeffnet\/#breadcrumb\",\"itemListElement\":[{\"@type\":\"ListItem\",\"position\":1,\"name\":\"Home\",\"item\":\"https:\/\/www.naturparkmagazin.de\/stechlin\/\"},{\"@type\":\"ListItem\",\"position\":2,\"name\":\"Tierpark Kunsterspring ist ab sofort wieder ge\u00f6ffnet\"}]},{\"@type\":\"WebSite\",\"@id\":\"https:\/\/www.naturparkmagazin.de\/stechlin\/#website\",\"url\":\"https:\/\/www.naturparkmagazin.de\/stechlin\/\",\"name\":\"Naturpark Stechlin-Ruppiner Land\",\"description\":\"\",\"potentialAction\":[{\"@type\":\"SearchAction\",\"target\":{\"@type\":\"EntryPoint\",\"urlTemplate\":\"https:\/\/www.naturparkmagazin.de\/stechlin\/?s={search_term_string}\"},\"query-input\":\"required name=search_term_string\"}],\"inLanguage\":\"de\"},{\"@type\":\"Person\",\"@id\":\"https:\/\/www.naturparkmagazin.de\/stechlin\/#\/schema\/person\/3f0d93203df21c806dd63c76d9bb28bc\",\"name\":\"marioschrumpf\",\"url\":\"https:\/\/www.naturparkmagazin.de\/stechlin\/author\/marioschrumpf\/\"}]}<\/script>\n<!-- \/ Yoast SEO plugin. -->","yoast_head_json":{"title":"Tierpark Kunsterspring ist ab sofort wieder ge\u00f6ffnet - Naturpark Stechlin-Ruppiner Land","robots":{"index":"index","follow":"follow","max-snippet":"max-snippet:-1","max-image-preview":"max-image-preview:large","max-video-preview":"max-video-preview:-1"},"canonical":"https:\/\/www.naturparkmagazin.de\/stechlin\/tierpark-kunsterspring-ab-sofort-wieder-geoeffnet\/","og_locale":"de_DE","og_type":"article","og_title":"Tierpark Kunsterspring ist ab sofort wieder ge\u00f6ffnet - Naturpark Stechlin-Ruppiner Land","og_description":"Endlich ist es wieder soweit! Der Tierpark Kunsterspring hat seine Pforten wieder f\u00fcr Besucher ge\u00f6ffnet.","og_url":"https:\/\/www.naturparkmagazin.de\/stechlin\/tierpark-kunsterspring-ab-sofort-wieder-geoeffnet\/","og_site_name":"Naturpark Stechlin-Ruppiner Land","article_published_time":"2021-02-22T14:38:00+00:00","article_modified_time":"2021-02-25T09:21:49+00:00","og_image":[{"width":200,"height":200,"url":"https:\/\/www.naturparkmagazin.de\/stechlin\/wp-content\/uploads\/sites\/38\/schwarzstorch.jpg","type":"image\/jpeg"}],"author":"marioschrumpf","twitter_misc":{"Verfasst von":"marioschrumpf"},"schema":{"@context":"https:\/\/schema.org","@graph":[{"@type":"WebPage","@id":"https:\/\/www.naturparkmagazin.de\/stechlin\/tierpark-kunsterspring-ab-sofort-wieder-geoeffnet\/","url":"https:\/\/www.naturparkmagazin.de\/stechlin\/tierpark-kunsterspring-ab-sofort-wieder-geoeffnet\/","name":"Tierpark Kunsterspring ist ab sofort wieder ge\u00f6ffnet - Naturpark Stechlin-Ruppiner Land","isPartOf":{"@id":"https:\/\/www.naturparkmagazin.de\/stechlin\/#website"},"datePublished":"2021-02-22T14:38:00+00:00","dateModified":"2021-02-25T09:21:49+00:00","author":{"@id":"https:\/\/www.naturparkmagazin.de\/stechlin\/#\/schema\/person\/3f0d93203df21c806dd63c76d9bb28bc"},"breadcrumb":{"@id":"https:\/\/www.naturparkmagazin.de\/stechlin\/tierpark-kunsterspring-ab-sofort-wieder-geoeffnet\/#breadcrumb"},"inLanguage":"de","potentialAction":[{"@type":"ReadAction","target":["https:\/\/www.naturparkmagazin.de\/stechlin\/tierpark-kunsterspring-ab-sofort-wieder-geoeffnet\/"]}]},{"@type":"BreadcrumbList","@id":"https:\/\/www.naturparkmagazin.de\/stechlin\/tierpark-kunsterspring-ab-sofort-wieder-geoeffnet\/#breadcrumb","itemListElement":[{"@type":"ListItem","position":1,"name":"Home","item":"https:\/\/www.naturparkmagazin.de\/stechlin\/"},{"@type":"ListItem","position":2,"name":"Tierpark Kunsterspring ist ab sofort wieder ge\u00f6ffnet"}]},{"@type":"WebSite","@id":"https:\/\/www.naturparkmagazin.de\/stechlin\/#website","url":"https:\/\/www.naturparkmagazin.de\/stechlin\/","name":"Naturpark Stechlin-Ruppiner Land","description":"","potentialAction":[{"@type":"SearchAction","target":{"@type":"EntryPoint","urlTemplate":"https:\/\/www.naturparkmagazin.de\/stechlin\/?s={search_term_string}"},"query-input":"required name=search_term_string"}],"inLanguage":"de"},{"@type":"Person","@id":"https:\/\/www.naturparkmagazin.de\/stechlin\/#\/schema\/person\/3f0d93203df21c806dd63c76d9bb28bc","name":"marioschrumpf","url":"https:\/\/www.naturparkmagazin.de\/stechlin\/author\/marioschrumpf\/"}]}},"_links":{"self":[{"href":"https:\/\/www.naturparkmagazin.de\/stechlin\/wp-json\/wp\/v2\/posts\/10251"}],"collection":[{"href":"https:\/\/www.naturparkmagazin.de\/stechlin\/wp-json\/wp\/v2\/posts"}],"about":[{"href":"https:\/\/www.naturparkmagazin.de\/stechlin\/wp-json\/wp\/v2\/types\/post"}],"author":[{"embeddable":true,"href":"https:\/\/www.naturparkmagazin.de\/stechlin\/wp-json\/wp\/v2\/users\/39"}],"replies":[{"embeddable":true,"href":"https:\/\/www.naturparkmagazin.de\/stechlin\/wp-json\/wp\/v2\/comments?post=10251"}],"version-history":[{"count":11,"href":"https:\/\/www.naturparkmagazin.de\/stechlin\/wp-json\/wp\/v2\/posts\/10251\/revisions"}],"predecessor-version":[{"id":10272,"href":"https:\/\/www.naturparkmagazin.de\/stechlin\/wp-json\/wp\/v2\/posts\/10251\/revisions\/10272"}],"wp:featuredmedia":[{"embeddable":true,"href":"https:\/\/www.naturparkmagazin.de\/stechlin\/wp-json\/wp\/v2\/media\/10051"}],"wp:attachment":[{"href":"https:\/\/www.naturparkmagazin.de\/stechlin\/wp-json\/wp\/v2\/media?parent=10251"}],"wp:term":[{"taxonomy":"category","embeddable":true,"href":"https:\/\/www.naturparkmagazin.de\/stechlin\/wp-json\/wp\/v2\/categories?post=10251"},{"taxonomy":"post_tag","embeddable":true,"href":"https:\/\/www.naturparkmagazin.de\/stechlin\/wp-json\/wp\/v2\/tags?post=10251"}],"curies":[{"name":"wp","href":"https:\/\/api.w.org\/{rel}","templated":true}]}}