{"id":1026,"date":"2014-05-20T11:27:52","date_gmt":"2014-05-20T09:27:52","guid":{"rendered":"http:\/\/www.naturparkmagazin.de\/stechlin\/?p=1026"},"modified":"2014-05-22T11:35:15","modified_gmt":"2014-05-22T09:35:15","slug":"eichenstele-vor-naturparkhaus-saniert","status":"publish","type":"post","link":"https:\/\/www.naturparkmagazin.de\/stechlin\/eichenstele-vor-naturparkhaus-saniert\/","title":{"rendered":"Eichenstele vor NaturParkHaus saniert"},"content":{"rendered":"<div id=\"attachment_1027\" style=\"width: 140px\" class=\"wp-caption alignnone\"><a href=\"https:\/\/www.naturparkmagazin.de\/stechlin\/wp-content\/uploads\/sites\/38\/Lomas-Eichenstele.jpg\"><img aria-describedby=\"caption-attachment-1027\" decoding=\"async\" loading=\"lazy\" class=\"size-full wp-image-1027\" alt=\"Eichenstele\" src=\"https:\/\/www.naturparkmagazin.de\/stechlin\/wp-content\/uploads\/sites\/38\/Lomas-Eichenstele.jpg\" width=\"130\" height=\"180\" \/><\/a><p id=\"caption-attachment-1027\" class=\"wp-caption-text\">Eichenstele<\/p><\/div>\n<p>Seit 2003 ist sie zum Symbol der Internationalen Kunstsymposien im Naturpark geworden. Jetzt wurde sie durch Gudrun + Kuno Lomas aus Klein Mutz saniert. Seit mehr als 10 Jahren steht ihr aus massiver Eiche gefertigtes Kunstwerk vor dem Besucherzentrum des Naturparks in Menz. Im letzten Winter faulte der Fu\u00df \u00fcber dem Erdboden durch. Die Stele mu\u00dfte umgelegt werden. Die Zehdenicker Schlosserei NIBO hat nunmehr eine Konstruktion aus Edelstahl, eingegossen in ein Betonfundament, gefertigt und die Stele neu aufgestellt.<\/p>\n","protected":false},"excerpt":{"rendered":"<p>Seit 2003 ist sie zum Symbol der Internationalen Kunstsymposien im Naturpark geworden.<\/p>\n","protected":false},"author":39,"featured_media":1027,"comment_status":"open","ping_status":"open","sticky":false,"template":"","format":"standard","meta":[],"categories":[7],"tags":[],"yoast_head":"<!-- This site is optimized with the Yoast SEO plugin v19.10 - https:\/\/yoast.com\/wordpress\/plugins\/seo\/ -->\n<title>Eichenstele vor NaturParkHaus saniert - Naturpark Stechlin-Ruppiner Land<\/title>\n<meta name=\"robots\" content=\"index, follow, max-snippet:-1, max-image-preview:large, max-video-preview:-1\" \/>\n<link rel=\"canonical\" href=\"https:\/\/www.naturparkmagazin.de\/stechlin\/eichenstele-vor-naturparkhaus-saniert\/\" \/>\n<meta property=\"og:locale\" content=\"de_DE\" \/>\n<meta property=\"og:type\" content=\"article\" \/>\n<meta property=\"og:title\" content=\"Eichenstele vor NaturParkHaus saniert - Naturpark Stechlin-Ruppiner Land\" \/>\n<meta property=\"og:description\" content=\"Seit 2003 ist sie zum Symbol der Internationalen Kunstsymposien im Naturpark geworden.\" \/>\n<meta property=\"og:url\" content=\"https:\/\/www.naturparkmagazin.de\/stechlin\/eichenstele-vor-naturparkhaus-saniert\/\" \/>\n<meta property=\"og:site_name\" content=\"Naturpark Stechlin-Ruppiner Land\" \/>\n<meta property=\"article:published_time\" content=\"2014-05-20T09:27:52+00:00\" \/>\n<meta property=\"article:modified_time\" content=\"2014-05-22T09:35:15+00:00\" \/>\n<meta property=\"og:image\" content=\"https:\/\/www.naturparkmagazin.de\/stechlin\/wp-content\/uploads\/sites\/38\/Lomas-Eichenstele-e1400762201634.jpg\" \/>\n\t<meta property=\"og:image:width\" content=\"123\" \/>\n\t<meta property=\"og:image:height\" content=\"170\" \/>\n\t<meta property=\"og:image:type\" content=\"image\/jpeg\" \/>\n<meta name=\"author\" content=\"marioschrumpf\" \/>\n<meta name=\"twitter:label1\" content=\"Verfasst von\" \/>\n\t<meta name=\"twitter:data1\" content=\"marioschrumpf\" \/>\n<script type=\"application\/ld+json\" class=\"yoast-schema-graph\">{\"@context\":\"https:\/\/schema.org\",\"@graph\":[{\"@type\":\"WebPage\",\"@id\":\"https:\/\/www.naturparkmagazin.de\/stechlin\/eichenstele-vor-naturparkhaus-saniert\/\",\"url\":\"https:\/\/www.naturparkmagazin.de\/stechlin\/eichenstele-vor-naturparkhaus-saniert\/\",\"name\":\"Eichenstele vor NaturParkHaus saniert - Naturpark Stechlin-Ruppiner Land\",\"isPartOf\":{\"@id\":\"https:\/\/www.naturparkmagazin.de\/stechlin\/#website\"},\"datePublished\":\"2014-05-20T09:27:52+00:00\",\"dateModified\":\"2014-05-22T09:35:15+00:00\",\"author\":{\"@id\":\"https:\/\/www.naturparkmagazin.de\/stechlin\/#\/schema\/person\/3f0d93203df21c806dd63c76d9bb28bc\"},\"breadcrumb\":{\"@id\":\"https:\/\/www.naturparkmagazin.de\/stechlin\/eichenstele-vor-naturparkhaus-saniert\/#breadcrumb\"},\"inLanguage\":\"de\",\"potentialAction\":[{\"@type\":\"ReadAction\",\"target\":[\"https:\/\/www.naturparkmagazin.de\/stechlin\/eichenstele-vor-naturparkhaus-saniert\/\"]}]},{\"@type\":\"BreadcrumbList\",\"@id\":\"https:\/\/www.naturparkmagazin.de\/stechlin\/eichenstele-vor-naturparkhaus-saniert\/#breadcrumb\",\"itemListElement\":[{\"@type\":\"ListItem\",\"position\":1,\"name\":\"Home\",\"item\":\"https:\/\/www.naturparkmagazin.de\/stechlin\/\"},{\"@type\":\"ListItem\",\"position\":2,\"name\":\"Eichenstele vor NaturParkHaus saniert\"}]},{\"@type\":\"WebSite\",\"@id\":\"https:\/\/www.naturparkmagazin.de\/stechlin\/#website\",\"url\":\"https:\/\/www.naturparkmagazin.de\/stechlin\/\",\"name\":\"Naturpark Stechlin-Ruppiner Land\",\"description\":\"\",\"potentialAction\":[{\"@type\":\"SearchAction\",\"target\":{\"@type\":\"EntryPoint\",\"urlTemplate\":\"https:\/\/www.naturparkmagazin.de\/stechlin\/?s={search_term_string}\"},\"query-input\":\"required name=search_term_string\"}],\"inLanguage\":\"de\"},{\"@type\":\"Person\",\"@id\":\"https:\/\/www.naturparkmagazin.de\/stechlin\/#\/schema\/person\/3f0d93203df21c806dd63c76d9bb28bc\",\"name\":\"marioschrumpf\",\"url\":\"https:\/\/www.naturparkmagazin.de\/stechlin\/author\/marioschrumpf\/\"}]}<\/script>\n<!-- \/ Yoast SEO plugin. -->","yoast_head_json":{"title":"Eichenstele vor NaturParkHaus saniert - Naturpark Stechlin-Ruppiner Land","robots":{"index":"index","follow":"follow","max-snippet":"max-snippet:-1","max-image-preview":"max-image-preview:large","max-video-preview":"max-video-preview:-1"},"canonical":"https:\/\/www.naturparkmagazin.de\/stechlin\/eichenstele-vor-naturparkhaus-saniert\/","og_locale":"de_DE","og_type":"article","og_title":"Eichenstele vor NaturParkHaus saniert - Naturpark Stechlin-Ruppiner Land","og_description":"Seit 2003 ist sie zum Symbol der Internationalen Kunstsymposien im Naturpark geworden.","og_url":"https:\/\/www.naturparkmagazin.de\/stechlin\/eichenstele-vor-naturparkhaus-saniert\/","og_site_name":"Naturpark Stechlin-Ruppiner Land","article_published_time":"2014-05-20T09:27:52+00:00","article_modified_time":"2014-05-22T09:35:15+00:00","og_image":[{"width":123,"height":170,"url":"https:\/\/www.naturparkmagazin.de\/stechlin\/wp-content\/uploads\/sites\/38\/Lomas-Eichenstele-e1400762201634.jpg","type":"image\/jpeg"}],"author":"marioschrumpf","twitter_misc":{"Verfasst von":"marioschrumpf"},"schema":{"@context":"https:\/\/schema.org","@graph":[{"@type":"WebPage","@id":"https:\/\/www.naturparkmagazin.de\/stechlin\/eichenstele-vor-naturparkhaus-saniert\/","url":"https:\/\/www.naturparkmagazin.de\/stechlin\/eichenstele-vor-naturparkhaus-saniert\/","name":"Eichenstele vor NaturParkHaus saniert - Naturpark Stechlin-Ruppiner Land","isPartOf":{"@id":"https:\/\/www.naturparkmagazin.de\/stechlin\/#website"},"datePublished":"2014-05-20T09:27:52+00:00","dateModified":"2014-05-22T09:35:15+00:00","author":{"@id":"https:\/\/www.naturparkmagazin.de\/stechlin\/#\/schema\/person\/3f0d93203df21c806dd63c76d9bb28bc"},"breadcrumb":{"@id":"https:\/\/www.naturparkmagazin.de\/stechlin\/eichenstele-vor-naturparkhaus-saniert\/#breadcrumb"},"inLanguage":"de","potentialAction":[{"@type":"ReadAction","target":["https:\/\/www.naturparkmagazin.de\/stechlin\/eichenstele-vor-naturparkhaus-saniert\/"]}]},{"@type":"BreadcrumbList","@id":"https:\/\/www.naturparkmagazin.de\/stechlin\/eichenstele-vor-naturparkhaus-saniert\/#breadcrumb","itemListElement":[{"@type":"ListItem","position":1,"name":"Home","item":"https:\/\/www.naturparkmagazin.de\/stechlin\/"},{"@type":"ListItem","position":2,"name":"Eichenstele vor NaturParkHaus saniert"}]},{"@type":"WebSite","@id":"https:\/\/www.naturparkmagazin.de\/stechlin\/#website","url":"https:\/\/www.naturparkmagazin.de\/stechlin\/","name":"Naturpark Stechlin-Ruppiner Land","description":"","potentialAction":[{"@type":"SearchAction","target":{"@type":"EntryPoint","urlTemplate":"https:\/\/www.naturparkmagazin.de\/stechlin\/?s={search_term_string}"},"query-input":"required name=search_term_string"}],"inLanguage":"de"},{"@type":"Person","@id":"https:\/\/www.naturparkmagazin.de\/stechlin\/#\/schema\/person\/3f0d93203df21c806dd63c76d9bb28bc","name":"marioschrumpf","url":"https:\/\/www.naturparkmagazin.de\/stechlin\/author\/marioschrumpf\/"}]}},"_links":{"self":[{"href":"https:\/\/www.naturparkmagazin.de\/stechlin\/wp-json\/wp\/v2\/posts\/1026"}],"collection":[{"href":"https:\/\/www.naturparkmagazin.de\/stechlin\/wp-json\/wp\/v2\/posts"}],"about":[{"href":"https:\/\/www.naturparkmagazin.de\/stechlin\/wp-json\/wp\/v2\/types\/post"}],"author":[{"embeddable":true,"href":"https:\/\/www.naturparkmagazin.de\/stechlin\/wp-json\/wp\/v2\/users\/39"}],"replies":[{"embeddable":true,"href":"https:\/\/www.naturparkmagazin.de\/stechlin\/wp-json\/wp\/v2\/comments?post=1026"}],"version-history":[{"count":3,"href":"https:\/\/www.naturparkmagazin.de\/stechlin\/wp-json\/wp\/v2\/posts\/1026\/revisions"}],"predecessor-version":[{"id":1033,"href":"https:\/\/www.naturparkmagazin.de\/stechlin\/wp-json\/wp\/v2\/posts\/1026\/revisions\/1033"}],"wp:featuredmedia":[{"embeddable":true,"href":"https:\/\/www.naturparkmagazin.de\/stechlin\/wp-json\/wp\/v2\/media\/1027"}],"wp:attachment":[{"href":"https:\/\/www.naturparkmagazin.de\/stechlin\/wp-json\/wp\/v2\/media?parent=1026"}],"wp:term":[{"taxonomy":"category","embeddable":true,"href":"https:\/\/www.naturparkmagazin.de\/stechlin\/wp-json\/wp\/v2\/categories?post=1026"},{"taxonomy":"post_tag","embeddable":true,"href":"https:\/\/www.naturparkmagazin.de\/stechlin\/wp-json\/wp\/v2\/tags?post=1026"}],"curies":[{"name":"wp","href":"https:\/\/api.w.org\/{rel}","templated":true}]}}