{"id":1030,"date":"2014-05-20T16:00:00","date_gmt":"2014-05-20T14:00:00","guid":{"rendered":"http:\/\/www.naturparkmagazin.de\/stechlin\/?p=1030"},"modified":"2014-05-22T11:37:18","modified_gmt":"2014-05-22T09:37:18","slug":"miteinandertag-in-und-um-das-naturparkhaus-stechlin-in-menz","status":"publish","type":"post","link":"https:\/\/www.naturparkmagazin.de\/stechlin\/miteinandertag-in-und-um-das-naturparkhaus-stechlin-in-menz\/","title":{"rendered":"Miteinandertag in und um das NaturParkHaus Stechlin in Menz"},"content":{"rendered":"<p><a href=\"https:\/\/www.naturparkmagazin.de\/stechlin\/wp-content\/uploads\/sites\/38\/k-DSC_0142.jpg\"><img decoding=\"async\" loading=\"lazy\" class=\"alignnone size-medium wp-image-1034\" alt=\"NP SRL\/Dr. Mario Schrumpf\" src=\"https:\/\/www.naturparkmagazin.de\/stechlin\/wp-content\/uploads\/sites\/38\/k-DSC_0142-620x415.jpg\" width=\"620\" height=\"415\" srcset=\"https:\/\/www.naturparkmagazin.de\/stechlin\/wp-content\/uploads\/sites\/38\/k-DSC_0142-620x415.jpg 620w, https:\/\/www.naturparkmagazin.de\/stechlin\/wp-content\/uploads\/sites\/38\/k-DSC_0142-300x201.jpg 300w, https:\/\/www.naturparkmagazin.de\/stechlin\/wp-content\/uploads\/sites\/38\/k-DSC_0142-940x629.jpg 940w, https:\/\/www.naturparkmagazin.de\/stechlin\/wp-content\/uploads\/sites\/38\/k-DSC_0142-670x449.jpg 670w, https:\/\/www.naturparkmagazin.de\/stechlin\/wp-content\/uploads\/sites\/38\/k-DSC_0142-200x134.jpg 200w, https:\/\/www.naturparkmagazin.de\/stechlin\/wp-content\/uploads\/sites\/38\/k-DSC_0142.jpg 1936w\" sizes=\"(max-width: 620px) 100vw, 620px\" \/><\/a><\/p>\n<p>Miteinander &#8211; f\u00fcr einen barrierefreien Naturpark ist das Motto des Miteinandertages am 4. Juni in Menz. Zwischen 10 und 15 Uhr laden der F\u00f6rderverein Naturlandschaft Stechlin und Menzer Heide e. V., Naturwacht und Naturparkverwaltung zu der integrativen Veranstaltung d\u00fcr Menschen mit und ohne Behinderung ein.<\/p>\n<p>Ein buntes Programm rund um alle Sinne, gestaltet von Kindern der Theodor Fontane-Schule Menz, der Kita Henriettes Schneckenh\u00e4uschen, der Gentz-Schule Neuruppin\u00a0und vielen flei\u00dfigen Helfern erwartetdie G\u00e4ste. Mitmachen, Staunen, Sport und Spiel f\u00fcr alle sowie der Tag der offenen T\u00fcr in und um das Besucherzentrum NaturParkHaus Stechlin stehen auf dem Programm.<\/p>\n","protected":false},"excerpt":{"rendered":"<p>Miteinander &#8211; f\u00fcr einen barrierefreien Naturpark ist das Motto des Miteinandertages am 4. Juni in Menz.<\/p>\n","protected":false},"author":39,"featured_media":1037,"comment_status":"open","ping_status":"open","sticky":false,"template":"","format":"standard","meta":[],"categories":[11],"tags":[],"yoast_head":"<!-- This site is optimized with the Yoast SEO plugin v19.10 - https:\/\/yoast.com\/wordpress\/plugins\/seo\/ -->\n<title>Miteinandertag in und um das NaturParkHaus Stechlin in Menz - Naturpark Stechlin-Ruppiner Land<\/title>\n<meta name=\"robots\" content=\"index, follow, max-snippet:-1, max-image-preview:large, max-video-preview:-1\" \/>\n<link rel=\"canonical\" href=\"https:\/\/www.naturparkmagazin.de\/stechlin\/miteinandertag-in-und-um-das-naturparkhaus-stechlin-in-menz\/\" \/>\n<meta property=\"og:locale\" content=\"de_DE\" \/>\n<meta property=\"og:type\" content=\"article\" \/>\n<meta property=\"og:title\" content=\"Miteinandertag in und um das NaturParkHaus Stechlin in Menz - Naturpark Stechlin-Ruppiner Land\" \/>\n<meta property=\"og:description\" content=\"Miteinander - f\u00fcr einen barrierefreien Naturpark ist das Motto des Miteinandertages am 4. Juni in Menz.\" \/>\n<meta property=\"og:url\" content=\"https:\/\/www.naturparkmagazin.de\/stechlin\/miteinandertag-in-und-um-das-naturparkhaus-stechlin-in-menz\/\" \/>\n<meta property=\"og:site_name\" content=\"Naturpark Stechlin-Ruppiner Land\" \/>\n<meta property=\"article:published_time\" content=\"2014-05-20T14:00:00+00:00\" \/>\n<meta property=\"article:modified_time\" content=\"2014-05-22T09:37:18+00:00\" \/>\n<meta property=\"og:image\" content=\"https:\/\/www.naturparkmagazin.de\/stechlin\/wp-content\/uploads\/sites\/38\/k-DSC_0168.jpg\" \/>\n\t<meta property=\"og:image:width\" content=\"1936\" \/>\n\t<meta property=\"og:image:height\" content=\"1296\" \/>\n\t<meta property=\"og:image:type\" content=\"image\/jpeg\" \/>\n<meta name=\"author\" content=\"marioschrumpf\" \/>\n<meta name=\"twitter:label1\" content=\"Verfasst von\" \/>\n\t<meta name=\"twitter:data1\" content=\"marioschrumpf\" \/>\n\t<meta name=\"twitter:label2\" content=\"Gesch\u00e4tzte Lesezeit\" \/>\n\t<meta name=\"twitter:data2\" content=\"1\u00a0Minute\" \/>\n<script type=\"application\/ld+json\" class=\"yoast-schema-graph\">{\"@context\":\"https:\/\/schema.org\",\"@graph\":[{\"@type\":\"WebPage\",\"@id\":\"https:\/\/www.naturparkmagazin.de\/stechlin\/miteinandertag-in-und-um-das-naturparkhaus-stechlin-in-menz\/\",\"url\":\"https:\/\/www.naturparkmagazin.de\/stechlin\/miteinandertag-in-und-um-das-naturparkhaus-stechlin-in-menz\/\",\"name\":\"Miteinandertag in und um das NaturParkHaus Stechlin in Menz - Naturpark Stechlin-Ruppiner Land\",\"isPartOf\":{\"@id\":\"https:\/\/www.naturparkmagazin.de\/stechlin\/#website\"},\"datePublished\":\"2014-05-20T14:00:00+00:00\",\"dateModified\":\"2014-05-22T09:37:18+00:00\",\"author\":{\"@id\":\"https:\/\/www.naturparkmagazin.de\/stechlin\/#\/schema\/person\/3f0d93203df21c806dd63c76d9bb28bc\"},\"breadcrumb\":{\"@id\":\"https:\/\/www.naturparkmagazin.de\/stechlin\/miteinandertag-in-und-um-das-naturparkhaus-stechlin-in-menz\/#breadcrumb\"},\"inLanguage\":\"de\",\"potentialAction\":[{\"@type\":\"ReadAction\",\"target\":[\"https:\/\/www.naturparkmagazin.de\/stechlin\/miteinandertag-in-und-um-das-naturparkhaus-stechlin-in-menz\/\"]}]},{\"@type\":\"BreadcrumbList\",\"@id\":\"https:\/\/www.naturparkmagazin.de\/stechlin\/miteinandertag-in-und-um-das-naturparkhaus-stechlin-in-menz\/#breadcrumb\",\"itemListElement\":[{\"@type\":\"ListItem\",\"position\":1,\"name\":\"Home\",\"item\":\"https:\/\/www.naturparkmagazin.de\/stechlin\/\"},{\"@type\":\"ListItem\",\"position\":2,\"name\":\"Miteinandertag in und um das NaturParkHaus Stechlin in Menz\"}]},{\"@type\":\"WebSite\",\"@id\":\"https:\/\/www.naturparkmagazin.de\/stechlin\/#website\",\"url\":\"https:\/\/www.naturparkmagazin.de\/stechlin\/\",\"name\":\"Naturpark Stechlin-Ruppiner Land\",\"description\":\"\",\"potentialAction\":[{\"@type\":\"SearchAction\",\"target\":{\"@type\":\"EntryPoint\",\"urlTemplate\":\"https:\/\/www.naturparkmagazin.de\/stechlin\/?s={search_term_string}\"},\"query-input\":\"required name=search_term_string\"}],\"inLanguage\":\"de\"},{\"@type\":\"Person\",\"@id\":\"https:\/\/www.naturparkmagazin.de\/stechlin\/#\/schema\/person\/3f0d93203df21c806dd63c76d9bb28bc\",\"name\":\"marioschrumpf\",\"url\":\"https:\/\/www.naturparkmagazin.de\/stechlin\/author\/marioschrumpf\/\"}]}<\/script>\n<!-- \/ Yoast SEO plugin. -->","yoast_head_json":{"title":"Miteinandertag in und um das NaturParkHaus Stechlin in Menz - Naturpark Stechlin-Ruppiner Land","robots":{"index":"index","follow":"follow","max-snippet":"max-snippet:-1","max-image-preview":"max-image-preview:large","max-video-preview":"max-video-preview:-1"},"canonical":"https:\/\/www.naturparkmagazin.de\/stechlin\/miteinandertag-in-und-um-das-naturparkhaus-stechlin-in-menz\/","og_locale":"de_DE","og_type":"article","og_title":"Miteinandertag in und um das NaturParkHaus Stechlin in Menz - Naturpark Stechlin-Ruppiner Land","og_description":"Miteinander - f\u00fcr einen barrierefreien Naturpark ist das Motto des Miteinandertages am 4. Juni in Menz.","og_url":"https:\/\/www.naturparkmagazin.de\/stechlin\/miteinandertag-in-und-um-das-naturparkhaus-stechlin-in-menz\/","og_site_name":"Naturpark Stechlin-Ruppiner Land","article_published_time":"2014-05-20T14:00:00+00:00","article_modified_time":"2014-05-22T09:37:18+00:00","og_image":[{"width":1936,"height":1296,"url":"https:\/\/www.naturparkmagazin.de\/stechlin\/wp-content\/uploads\/sites\/38\/k-DSC_0168.jpg","type":"image\/jpeg"}],"author":"marioschrumpf","twitter_misc":{"Verfasst von":"marioschrumpf","Gesch\u00e4tzte Lesezeit":"1\u00a0Minute"},"schema":{"@context":"https:\/\/schema.org","@graph":[{"@type":"WebPage","@id":"https:\/\/www.naturparkmagazin.de\/stechlin\/miteinandertag-in-und-um-das-naturparkhaus-stechlin-in-menz\/","url":"https:\/\/www.naturparkmagazin.de\/stechlin\/miteinandertag-in-und-um-das-naturparkhaus-stechlin-in-menz\/","name":"Miteinandertag in und um das NaturParkHaus Stechlin in Menz - Naturpark Stechlin-Ruppiner Land","isPartOf":{"@id":"https:\/\/www.naturparkmagazin.de\/stechlin\/#website"},"datePublished":"2014-05-20T14:00:00+00:00","dateModified":"2014-05-22T09:37:18+00:00","author":{"@id":"https:\/\/www.naturparkmagazin.de\/stechlin\/#\/schema\/person\/3f0d93203df21c806dd63c76d9bb28bc"},"breadcrumb":{"@id":"https:\/\/www.naturparkmagazin.de\/stechlin\/miteinandertag-in-und-um-das-naturparkhaus-stechlin-in-menz\/#breadcrumb"},"inLanguage":"de","potentialAction":[{"@type":"ReadAction","target":["https:\/\/www.naturparkmagazin.de\/stechlin\/miteinandertag-in-und-um-das-naturparkhaus-stechlin-in-menz\/"]}]},{"@type":"BreadcrumbList","@id":"https:\/\/www.naturparkmagazin.de\/stechlin\/miteinandertag-in-und-um-das-naturparkhaus-stechlin-in-menz\/#breadcrumb","itemListElement":[{"@type":"ListItem","position":1,"name":"Home","item":"https:\/\/www.naturparkmagazin.de\/stechlin\/"},{"@type":"ListItem","position":2,"name":"Miteinandertag in und um das NaturParkHaus Stechlin in Menz"}]},{"@type":"WebSite","@id":"https:\/\/www.naturparkmagazin.de\/stechlin\/#website","url":"https:\/\/www.naturparkmagazin.de\/stechlin\/","name":"Naturpark Stechlin-Ruppiner Land","description":"","potentialAction":[{"@type":"SearchAction","target":{"@type":"EntryPoint","urlTemplate":"https:\/\/www.naturparkmagazin.de\/stechlin\/?s={search_term_string}"},"query-input":"required name=search_term_string"}],"inLanguage":"de"},{"@type":"Person","@id":"https:\/\/www.naturparkmagazin.de\/stechlin\/#\/schema\/person\/3f0d93203df21c806dd63c76d9bb28bc","name":"marioschrumpf","url":"https:\/\/www.naturparkmagazin.de\/stechlin\/author\/marioschrumpf\/"}]}},"_links":{"self":[{"href":"https:\/\/www.naturparkmagazin.de\/stechlin\/wp-json\/wp\/v2\/posts\/1030"}],"collection":[{"href":"https:\/\/www.naturparkmagazin.de\/stechlin\/wp-json\/wp\/v2\/posts"}],"about":[{"href":"https:\/\/www.naturparkmagazin.de\/stechlin\/wp-json\/wp\/v2\/types\/post"}],"author":[{"embeddable":true,"href":"https:\/\/www.naturparkmagazin.de\/stechlin\/wp-json\/wp\/v2\/users\/39"}],"replies":[{"embeddable":true,"href":"https:\/\/www.naturparkmagazin.de\/stechlin\/wp-json\/wp\/v2\/comments?post=1030"}],"version-history":[{"count":2,"href":"https:\/\/www.naturparkmagazin.de\/stechlin\/wp-json\/wp\/v2\/posts\/1030\/revisions"}],"predecessor-version":[{"id":1064,"href":"https:\/\/www.naturparkmagazin.de\/stechlin\/wp-json\/wp\/v2\/posts\/1030\/revisions\/1064"}],"wp:featuredmedia":[{"embeddable":true,"href":"https:\/\/www.naturparkmagazin.de\/stechlin\/wp-json\/wp\/v2\/media\/1037"}],"wp:attachment":[{"href":"https:\/\/www.naturparkmagazin.de\/stechlin\/wp-json\/wp\/v2\/media?parent=1030"}],"wp:term":[{"taxonomy":"category","embeddable":true,"href":"https:\/\/www.naturparkmagazin.de\/stechlin\/wp-json\/wp\/v2\/categories?post=1030"},{"taxonomy":"post_tag","embeddable":true,"href":"https:\/\/www.naturparkmagazin.de\/stechlin\/wp-json\/wp\/v2\/tags?post=1030"}],"curies":[{"name":"wp","href":"https:\/\/api.w.org\/{rel}","templated":true}]}}