{"id":10307,"date":"2021-03-15T10:15:24","date_gmt":"2021-03-15T09:15:24","guid":{"rendered":"https:\/\/www.naturparkmagazin.de\/stechlin\/?p=10307"},"modified":"2021-03-29T14:17:25","modified_gmt":"2021-03-29T12:17:25","slug":"gemeinsame-heckenpflanzaktion","status":"publish","type":"post","link":"https:\/\/www.naturparkmagazin.de\/stechlin\/gemeinsame-heckenpflanzaktion\/","title":{"rendered":"Gemeinsame Heckenpflanzaktion in Katerbow"},"content":{"rendered":"<p>Wahnsinn &#8211; mehr als 50 Helferinnen und Helfer kamen am 6. M\u00e4rz zum coronakonformen Arbeitseinsatz in Katerbow. So dauerte es nur gut drei Stunden und die 250 m lange Hecke war gepflanzt.<\/p>\n<div id=\"attachment_10311\" style=\"width: 310px\" class=\"wp-caption aligncenter\"><a href=\"https:\/\/www.naturparkmagazin.de\/stechlin\/wp-content\/uploads\/sites\/38\/Katerbow_16.jpg\"><img aria-describedby=\"caption-attachment-10311\" decoding=\"async\" loading=\"lazy\" class=\"size-thumbnail wp-image-10311\" src=\"https:\/\/www.naturparkmagazin.de\/stechlin\/wp-content\/uploads\/sites\/38\/Katerbow_16-300x180.jpg\" alt=\"Unter Einhaltung des Corona-Abstandes wurden die Pflanzl\u00f6cher ausgehoben \u00a9Mario Schrumpf\" width=\"300\" height=\"180\" srcset=\"https:\/\/www.naturparkmagazin.de\/stechlin\/wp-content\/uploads\/sites\/38\/Katerbow_16-300x180.jpg 300w, https:\/\/www.naturparkmagazin.de\/stechlin\/wp-content\/uploads\/sites\/38\/Katerbow_16.jpg 500w, https:\/\/www.naturparkmagazin.de\/stechlin\/wp-content\/uploads\/sites\/38\/Katerbow_16-200x120.jpg 200w\" sizes=\"(max-width: 300px) 100vw, 300px\" \/><\/a><p id=\"caption-attachment-10311\" class=\"wp-caption-text\">Unter Einhaltung des Corona-Abstandes wurden die Pflanzl\u00f6cher ausgehoben \u00a9Mario Schrumpf<\/p><\/div>\n<p>Ca. 500 Pflanzen (Schwarzer Holunder, Wei\u00dfdorn, Haselnuss, Schlehe, Hagebutte, Roter Hartriegel und Vogelbeere) wurden in den Boden gebracht.<\/p>\n<p>Nachdem im Herbst bereits 30 Apfelhochst\u00e4mme alter Sorten gepflanzt wurden, war das bereits der zweite gemeinsame Arbeitseinsatz. Henrik Stamer hatte vor Ort f\u00fcr den Landschaftspflegeverband Prignitz-Ruppiner Land die F\u00e4den in der Hand. Die fachliche Anleitung und der Zaunbau erfolgte durch den befreundeten Landschaftspflegeverband Norduckerm\u00e4rkische Seenlandschaft. Finanziert wurde die Pflanzaktion durch eine Zuwendung \u00fcber die Richtlinie Lokale Agenda 21 des Brandenburgischen Umweltministeriums und durch den Naturpark Stechlin-Ruppiner Land.<\/p>\n<div id=\"attachment_10310\" style=\"width: 310px\" class=\"wp-caption aligncenter\"><a href=\"https:\/\/www.naturparkmagazin.de\/stechlin\/wp-content\/uploads\/sites\/38\/Katerbow_41.jpg\"><img aria-describedby=\"caption-attachment-10310\" decoding=\"async\" loading=\"lazy\" class=\"size-thumbnail wp-image-10310\" src=\"https:\/\/www.naturparkmagazin.de\/stechlin\/wp-content\/uploads\/sites\/38\/Katerbow_41-300x180.jpg\" alt=\"Selbst die j\u00fcngsten pckten flei\u00dfig mit an \u00a9Mario Schrumpf\" width=\"300\" height=\"180\" srcset=\"https:\/\/www.naturparkmagazin.de\/stechlin\/wp-content\/uploads\/sites\/38\/Katerbow_41-300x180.jpg 300w, https:\/\/www.naturparkmagazin.de\/stechlin\/wp-content\/uploads\/sites\/38\/Katerbow_41.jpg 500w, https:\/\/www.naturparkmagazin.de\/stechlin\/wp-content\/uploads\/sites\/38\/Katerbow_41-200x120.jpg 200w\" sizes=\"(max-width: 300px) 100vw, 300px\" \/><\/a><p id=\"caption-attachment-10310\" class=\"wp-caption-text\">Selbst die j\u00fcngsten packten flei\u00dfig mit an \u00a9Mario Schrumpf<\/p><\/div>\n<p>Nach getaner Arbeit war noch Zeit f\u00fcr einen Kaffee oder Gl\u00fchwein sowie Kuchen und Schnittchen am Lagerfeuer.<\/p>\n<p>Herzlichen Dank an die Katerbower Frauen, die f\u00fcr das tolle Catering sorgten. Alle Teilnehmer*innen waren sich einig, dass im Herbst die n\u00e4chste Pflanzaktion startet. Entlang des fast 2,5 km langen wiederentstandenen Weges nach Netzeband, ist noch viel Platz!<\/p>\n<div id=\"attachment_10309\" style=\"width: 310px\" class=\"wp-caption aligncenter\"><a href=\"https:\/\/www.naturparkmagazin.de\/stechlin\/wp-content\/uploads\/sites\/38\/Katerbow_56.jpg\"><img aria-describedby=\"caption-attachment-10309\" decoding=\"async\" loading=\"lazy\" class=\"size-thumbnail wp-image-10309\" src=\"https:\/\/www.naturparkmagazin.de\/stechlin\/wp-content\/uploads\/sites\/38\/Katerbow_56-300x180.jpg\" alt=\"Naturparkleiter Mario Schrumpf, R\u00e4gelins B\u00fcrgermeister Bernd M\u00fcller und Frank Matthus, K\u00fcnstler aus Netzeband \u00a9Mario Schrumpf\" width=\"300\" height=\"180\" srcset=\"https:\/\/www.naturparkmagazin.de\/stechlin\/wp-content\/uploads\/sites\/38\/Katerbow_56-300x180.jpg 300w, https:\/\/www.naturparkmagazin.de\/stechlin\/wp-content\/uploads\/sites\/38\/Katerbow_56.jpg 500w, https:\/\/www.naturparkmagazin.de\/stechlin\/wp-content\/uploads\/sites\/38\/Katerbow_56-200x120.jpg 200w\" sizes=\"(max-width: 300px) 100vw, 300px\" \/><\/a><p id=\"caption-attachment-10309\" class=\"wp-caption-text\">Naturparkleiter Mario Schrumpf, R\u00e4gelins B\u00fcrgermeister Bernd M\u00fcller und Frank Matthus, K\u00fcnstler aus Netzeband \u00a9Mario Schrumpf<\/p><\/div>\n","protected":false},"excerpt":{"rendered":"<p>Wahnsinn &#8211; mehr als 50 Helferinnen und Helfer kamen am 6. M\u00e4rz zum coronakonformen Arbeitseinsatz in Katerbow.<\/p>\n","protected":false},"author":39,"featured_media":10308,"comment_status":"open","ping_status":"open","sticky":false,"template":"","format":"standard","meta":[],"categories":[7],"tags":[],"yoast_head":"<!-- This site is optimized with the Yoast SEO plugin v19.10 - https:\/\/yoast.com\/wordpress\/plugins\/seo\/ -->\n<title>Gemeinsame Heckenpflanzaktion in Katerbow - Naturpark Stechlin-Ruppiner Land<\/title>\n<meta name=\"robots\" content=\"index, follow, max-snippet:-1, max-image-preview:large, max-video-preview:-1\" \/>\n<link rel=\"canonical\" href=\"https:\/\/www.naturparkmagazin.de\/stechlin\/gemeinsame-heckenpflanzaktion\/\" \/>\n<meta property=\"og:locale\" content=\"de_DE\" \/>\n<meta property=\"og:type\" content=\"article\" \/>\n<meta property=\"og:title\" content=\"Gemeinsame Heckenpflanzaktion in Katerbow - Naturpark Stechlin-Ruppiner Land\" \/>\n<meta property=\"og:description\" content=\"Wahnsinn - mehr als 50 Helferinnen und Helfer kamen am 6. M\u00e4rz zum coronakonformen Arbeitseinsatz in Katerbow.\" \/>\n<meta property=\"og:url\" content=\"https:\/\/www.naturparkmagazin.de\/stechlin\/gemeinsame-heckenpflanzaktion\/\" \/>\n<meta property=\"og:site_name\" content=\"Naturpark Stechlin-Ruppiner Land\" \/>\n<meta property=\"article:published_time\" content=\"2021-03-15T09:15:24+00:00\" \/>\n<meta property=\"article:modified_time\" content=\"2021-03-29T12:17:25+00:00\" \/>\n<meta property=\"og:image\" content=\"https:\/\/www.naturparkmagazin.de\/stechlin\/wp-content\/uploads\/sites\/38\/Katerbow_34.jpg\" \/>\n\t<meta property=\"og:image:width\" content=\"200\" \/>\n\t<meta property=\"og:image:height\" content=\"200\" \/>\n\t<meta property=\"og:image:type\" content=\"image\/jpeg\" \/>\n<meta name=\"author\" content=\"marioschrumpf\" \/>\n<meta name=\"twitter:label1\" content=\"Verfasst von\" \/>\n\t<meta name=\"twitter:data1\" content=\"marioschrumpf\" \/>\n\t<meta name=\"twitter:label2\" content=\"Gesch\u00e4tzte Lesezeit\" \/>\n\t<meta name=\"twitter:data2\" content=\"1\u00a0Minute\" \/>\n<script type=\"application\/ld+json\" class=\"yoast-schema-graph\">{\"@context\":\"https:\/\/schema.org\",\"@graph\":[{\"@type\":\"WebPage\",\"@id\":\"https:\/\/www.naturparkmagazin.de\/stechlin\/gemeinsame-heckenpflanzaktion\/\",\"url\":\"https:\/\/www.naturparkmagazin.de\/stechlin\/gemeinsame-heckenpflanzaktion\/\",\"name\":\"Gemeinsame Heckenpflanzaktion in Katerbow - Naturpark Stechlin-Ruppiner Land\",\"isPartOf\":{\"@id\":\"https:\/\/www.naturparkmagazin.de\/stechlin\/#website\"},\"datePublished\":\"2021-03-15T09:15:24+00:00\",\"dateModified\":\"2021-03-29T12:17:25+00:00\",\"author\":{\"@id\":\"https:\/\/www.naturparkmagazin.de\/stechlin\/#\/schema\/person\/3f0d93203df21c806dd63c76d9bb28bc\"},\"breadcrumb\":{\"@id\":\"https:\/\/www.naturparkmagazin.de\/stechlin\/gemeinsame-heckenpflanzaktion\/#breadcrumb\"},\"inLanguage\":\"de\",\"potentialAction\":[{\"@type\":\"ReadAction\",\"target\":[\"https:\/\/www.naturparkmagazin.de\/stechlin\/gemeinsame-heckenpflanzaktion\/\"]}]},{\"@type\":\"BreadcrumbList\",\"@id\":\"https:\/\/www.naturparkmagazin.de\/stechlin\/gemeinsame-heckenpflanzaktion\/#breadcrumb\",\"itemListElement\":[{\"@type\":\"ListItem\",\"position\":1,\"name\":\"Home\",\"item\":\"https:\/\/www.naturparkmagazin.de\/stechlin\/\"},{\"@type\":\"ListItem\",\"position\":2,\"name\":\"Gemeinsame Heckenpflanzaktion in Katerbow\"}]},{\"@type\":\"WebSite\",\"@id\":\"https:\/\/www.naturparkmagazin.de\/stechlin\/#website\",\"url\":\"https:\/\/www.naturparkmagazin.de\/stechlin\/\",\"name\":\"Naturpark Stechlin-Ruppiner Land\",\"description\":\"\",\"potentialAction\":[{\"@type\":\"SearchAction\",\"target\":{\"@type\":\"EntryPoint\",\"urlTemplate\":\"https:\/\/www.naturparkmagazin.de\/stechlin\/?s={search_term_string}\"},\"query-input\":\"required name=search_term_string\"}],\"inLanguage\":\"de\"},{\"@type\":\"Person\",\"@id\":\"https:\/\/www.naturparkmagazin.de\/stechlin\/#\/schema\/person\/3f0d93203df21c806dd63c76d9bb28bc\",\"name\":\"marioschrumpf\",\"url\":\"https:\/\/www.naturparkmagazin.de\/stechlin\/author\/marioschrumpf\/\"}]}<\/script>\n<!-- \/ Yoast SEO plugin. -->","yoast_head_json":{"title":"Gemeinsame Heckenpflanzaktion in Katerbow - Naturpark Stechlin-Ruppiner Land","robots":{"index":"index","follow":"follow","max-snippet":"max-snippet:-1","max-image-preview":"max-image-preview:large","max-video-preview":"max-video-preview:-1"},"canonical":"https:\/\/www.naturparkmagazin.de\/stechlin\/gemeinsame-heckenpflanzaktion\/","og_locale":"de_DE","og_type":"article","og_title":"Gemeinsame Heckenpflanzaktion in Katerbow - Naturpark Stechlin-Ruppiner Land","og_description":"Wahnsinn - mehr als 50 Helferinnen und Helfer kamen am 6. M\u00e4rz zum coronakonformen Arbeitseinsatz in Katerbow.","og_url":"https:\/\/www.naturparkmagazin.de\/stechlin\/gemeinsame-heckenpflanzaktion\/","og_site_name":"Naturpark Stechlin-Ruppiner Land","article_published_time":"2021-03-15T09:15:24+00:00","article_modified_time":"2021-03-29T12:17:25+00:00","og_image":[{"width":200,"height":200,"url":"https:\/\/www.naturparkmagazin.de\/stechlin\/wp-content\/uploads\/sites\/38\/Katerbow_34.jpg","type":"image\/jpeg"}],"author":"marioschrumpf","twitter_misc":{"Verfasst von":"marioschrumpf","Gesch\u00e4tzte Lesezeit":"1\u00a0Minute"},"schema":{"@context":"https:\/\/schema.org","@graph":[{"@type":"WebPage","@id":"https:\/\/www.naturparkmagazin.de\/stechlin\/gemeinsame-heckenpflanzaktion\/","url":"https:\/\/www.naturparkmagazin.de\/stechlin\/gemeinsame-heckenpflanzaktion\/","name":"Gemeinsame Heckenpflanzaktion in Katerbow - Naturpark Stechlin-Ruppiner Land","isPartOf":{"@id":"https:\/\/www.naturparkmagazin.de\/stechlin\/#website"},"datePublished":"2021-03-15T09:15:24+00:00","dateModified":"2021-03-29T12:17:25+00:00","author":{"@id":"https:\/\/www.naturparkmagazin.de\/stechlin\/#\/schema\/person\/3f0d93203df21c806dd63c76d9bb28bc"},"breadcrumb":{"@id":"https:\/\/www.naturparkmagazin.de\/stechlin\/gemeinsame-heckenpflanzaktion\/#breadcrumb"},"inLanguage":"de","potentialAction":[{"@type":"ReadAction","target":["https:\/\/www.naturparkmagazin.de\/stechlin\/gemeinsame-heckenpflanzaktion\/"]}]},{"@type":"BreadcrumbList","@id":"https:\/\/www.naturparkmagazin.de\/stechlin\/gemeinsame-heckenpflanzaktion\/#breadcrumb","itemListElement":[{"@type":"ListItem","position":1,"name":"Home","item":"https:\/\/www.naturparkmagazin.de\/stechlin\/"},{"@type":"ListItem","position":2,"name":"Gemeinsame Heckenpflanzaktion in Katerbow"}]},{"@type":"WebSite","@id":"https:\/\/www.naturparkmagazin.de\/stechlin\/#website","url":"https:\/\/www.naturparkmagazin.de\/stechlin\/","name":"Naturpark Stechlin-Ruppiner Land","description":"","potentialAction":[{"@type":"SearchAction","target":{"@type":"EntryPoint","urlTemplate":"https:\/\/www.naturparkmagazin.de\/stechlin\/?s={search_term_string}"},"query-input":"required name=search_term_string"}],"inLanguage":"de"},{"@type":"Person","@id":"https:\/\/www.naturparkmagazin.de\/stechlin\/#\/schema\/person\/3f0d93203df21c806dd63c76d9bb28bc","name":"marioschrumpf","url":"https:\/\/www.naturparkmagazin.de\/stechlin\/author\/marioschrumpf\/"}]}},"_links":{"self":[{"href":"https:\/\/www.naturparkmagazin.de\/stechlin\/wp-json\/wp\/v2\/posts\/10307"}],"collection":[{"href":"https:\/\/www.naturparkmagazin.de\/stechlin\/wp-json\/wp\/v2\/posts"}],"about":[{"href":"https:\/\/www.naturparkmagazin.de\/stechlin\/wp-json\/wp\/v2\/types\/post"}],"author":[{"embeddable":true,"href":"https:\/\/www.naturparkmagazin.de\/stechlin\/wp-json\/wp\/v2\/users\/39"}],"replies":[{"embeddable":true,"href":"https:\/\/www.naturparkmagazin.de\/stechlin\/wp-json\/wp\/v2\/comments?post=10307"}],"version-history":[{"count":4,"href":"https:\/\/www.naturparkmagazin.de\/stechlin\/wp-json\/wp\/v2\/posts\/10307\/revisions"}],"predecessor-version":[{"id":10408,"href":"https:\/\/www.naturparkmagazin.de\/stechlin\/wp-json\/wp\/v2\/posts\/10307\/revisions\/10408"}],"wp:featuredmedia":[{"embeddable":true,"href":"https:\/\/www.naturparkmagazin.de\/stechlin\/wp-json\/wp\/v2\/media\/10308"}],"wp:attachment":[{"href":"https:\/\/www.naturparkmagazin.de\/stechlin\/wp-json\/wp\/v2\/media?parent=10307"}],"wp:term":[{"taxonomy":"category","embeddable":true,"href":"https:\/\/www.naturparkmagazin.de\/stechlin\/wp-json\/wp\/v2\/categories?post=10307"},{"taxonomy":"post_tag","embeddable":true,"href":"https:\/\/www.naturparkmagazin.de\/stechlin\/wp-json\/wp\/v2\/tags?post=10307"}],"curies":[{"name":"wp","href":"https:\/\/api.w.org\/{rel}","templated":true}]}}