{"id":10347,"date":"2021-03-16T16:32:32","date_gmt":"2021-03-16T15:32:32","guid":{"rendered":"https:\/\/www.naturparkmagazin.de\/stechlin\/?p=10347"},"modified":"2021-03-29T14:29:04","modified_gmt":"2021-03-29T12:29:04","slug":"kleingewaesser-am-buergersee-revitalisiert","status":"publish","type":"post","link":"https:\/\/www.naturparkmagazin.de\/stechlin\/kleingewaesser-am-buergersee-revitalisiert\/","title":{"rendered":"Kleingew\u00e4sser am B\u00fcrgersee revitalisiert"},"content":{"rendered":"<div id=\"attachment_10354\" style=\"width: 310px\" class=\"wp-caption aligncenter\"><a href=\"https:\/\/www.naturparkmagazin.de\/stechlin\/wp-content\/uploads\/sites\/38\/20210311_132733.jpg\"><img aria-describedby=\"caption-attachment-10354\" decoding=\"async\" loading=\"lazy\" class=\"size-thumbnail wp-image-10354\" src=\"https:\/\/www.naturparkmagazin.de\/stechlin\/wp-content\/uploads\/sites\/38\/20210311_132733-300x180.jpg\" alt=\"Heiko Strobel vom Naturpark und Arne Taudte bei der Abnahme. \u00a9Mario Schrumpf\" width=\"300\" height=\"180\" srcset=\"https:\/\/www.naturparkmagazin.de\/stechlin\/wp-content\/uploads\/sites\/38\/20210311_132733-300x180.jpg 300w, https:\/\/www.naturparkmagazin.de\/stechlin\/wp-content\/uploads\/sites\/38\/20210311_132733.jpg 500w, https:\/\/www.naturparkmagazin.de\/stechlin\/wp-content\/uploads\/sites\/38\/20210311_132733-200x120.jpg 200w\" sizes=\"(max-width: 300px) 100vw, 300px\" \/><\/a><p id=\"caption-attachment-10354\" class=\"wp-caption-text\">Heiko Strobel vom Naturpark und Arne Taudte bei der Abnahme. \u00a9Mario Schrumpf<\/p><\/div>\n<p>Die Fr\u00f6sche, Molche und Kr\u00f6ten am F\u00fcrstenberger Stadtrand k\u00f6nnen sich freuen! F\u00fcr sie wurde in der N\u00e4he des B\u00fcrgersees bereits das dritte Kleingew\u00e4sser revitalisiert.<\/p>\n<p>Die Firma Biotop- und Landschaftsbau Henry Wengler aus F\u00fcrstenwerder in der Uckermark hat in den zur\u00fcckliegenden Wochen aus der vollst\u00e4ndig verlandeten Senke am Waldrand wieder zwei ganzj\u00e4hrig wasserf\u00fchrende Kleingew\u00e4sser gezaubert.<\/p>\n<div id=\"attachment_10355\" style=\"width: 310px\" class=\"wp-caption aligncenter\"><a href=\"https:\/\/www.naturparkmagazin.de\/stechlin\/wp-content\/uploads\/sites\/38\/20210311_131917.jpg\"><img aria-describedby=\"caption-attachment-10355\" decoding=\"async\" loading=\"lazy\" class=\"size-thumbnail wp-image-10355\" src=\"https:\/\/www.naturparkmagazin.de\/stechlin\/wp-content\/uploads\/sites\/38\/20210311_131917-300x180.jpg\" alt=\"Das kleinere Kleingew\u00e4sser im vorderen Bereich. \u00a9Mario Schrumpf\" width=\"300\" height=\"180\" srcset=\"https:\/\/www.naturparkmagazin.de\/stechlin\/wp-content\/uploads\/sites\/38\/20210311_131917-300x180.jpg 300w, https:\/\/www.naturparkmagazin.de\/stechlin\/wp-content\/uploads\/sites\/38\/20210311_131917.jpg 500w, https:\/\/www.naturparkmagazin.de\/stechlin\/wp-content\/uploads\/sites\/38\/20210311_131917-200x120.jpg 200w\" sizes=\"(max-width: 300px) 100vw, 300px\" \/><\/a><p id=\"caption-attachment-10355\" class=\"wp-caption-text\">Das kleinere Kleingew\u00e4sser im vorderen Bereich. \u00a9Mario Schrumpf<\/p><\/div>\n<p>Angeregt hat das Projekt Eigent\u00fcmer Arne Taudt aus F\u00fcrstenberg\/Havel. Begeistert vom vor 4 Jahren wiederentstandenen Kleingew\u00e4sser in der vermoorten Senke unterhalb der Alten Kirschallee hat er sich bei der Naturparkverwaltung gemeldet. Dort wurde seine Idee aufgegriffen und eine Finanzierung \u00fcber das Programm &#8222;Vertragsnaturschutz im Wald&#8220; auf den Weg gebracht. Ein herzliches Dankesch\u00f6n auch an Familie von Knesebeck aus Wustrau, die als weiterer Eigent\u00fcmer der Revitalisierung sofort zugestimmt hat.<\/p>\n<div id=\"attachment_10356\" style=\"width: 310px\" class=\"wp-caption aligncenter\"><a href=\"https:\/\/www.naturparkmagazin.de\/stechlin\/wp-content\/uploads\/sites\/38\/20210311_131825.jpg\"><img aria-describedby=\"caption-attachment-10356\" decoding=\"async\" loading=\"lazy\" class=\"size-thumbnail wp-image-10356\" src=\"https:\/\/www.naturparkmagazin.de\/stechlin\/wp-content\/uploads\/sites\/38\/20210311_131825-300x180.jpg\" alt=\"Das gro\u00dfe Gew\u00e4sser im hinteren Bereich. \u00a9Mario Schrumpf\" width=\"300\" height=\"180\" srcset=\"https:\/\/www.naturparkmagazin.de\/stechlin\/wp-content\/uploads\/sites\/38\/20210311_131825-300x180.jpg 300w, https:\/\/www.naturparkmagazin.de\/stechlin\/wp-content\/uploads\/sites\/38\/20210311_131825.jpg 500w, https:\/\/www.naturparkmagazin.de\/stechlin\/wp-content\/uploads\/sites\/38\/20210311_131825-200x120.jpg 200w\" sizes=\"(max-width: 300px) 100vw, 300px\" \/><\/a><p id=\"caption-attachment-10356\" class=\"wp-caption-text\">Das gro\u00dfe Gew\u00e4sser im hinteren Bereich. \u00a9Mario Schrumpf<\/p><\/div>\n<p>Nachdem die Bagger abgezogen sind, k\u00f6nnen die Amphibien die wiederentstandenen Gew\u00e4sser jetzt erkunden. Damit sich diese im Fr\u00fchjahr schnell erw\u00e4rmen, wurden auch die angrenzenden Geh\u00f6lze auf Stock gesetzt. Denn Kr\u00f6te, Frosch &amp; Co. lieben besonnte Wasserfl\u00e4chen f\u00fcr ihr Laichgesch\u00e4ft.<\/p>\n<p>&nbsp;<\/p>\n","protected":false},"excerpt":{"rendered":"<p>Die Fr\u00f6sche, Molche und Kr\u00f6ten am F\u00fcrstenberger Stadtrand k\u00f6nnen sich freuen! F\u00fcr sie wurde in der N\u00e4he des B\u00fcrgersees bereits das dritte Kleingew\u00e4sser revitalisiert.<\/p>\n","protected":false},"author":39,"featured_media":10351,"comment_status":"open","ping_status":"open","sticky":false,"template":"","format":"standard","meta":[],"categories":[7],"tags":[],"yoast_head":"<!-- This site is optimized with the Yoast SEO plugin v19.10 - https:\/\/yoast.com\/wordpress\/plugins\/seo\/ -->\n<title>Kleingew\u00e4sser am B\u00fcrgersee revitalisiert - Naturpark Stechlin-Ruppiner Land<\/title>\n<meta name=\"robots\" content=\"index, follow, max-snippet:-1, max-image-preview:large, max-video-preview:-1\" \/>\n<link rel=\"canonical\" href=\"https:\/\/www.naturparkmagazin.de\/stechlin\/kleingewaesser-am-buergersee-revitalisiert\/\" \/>\n<meta property=\"og:locale\" content=\"de_DE\" \/>\n<meta property=\"og:type\" content=\"article\" \/>\n<meta property=\"og:title\" content=\"Kleingew\u00e4sser am B\u00fcrgersee revitalisiert - Naturpark Stechlin-Ruppiner Land\" \/>\n<meta property=\"og:description\" content=\"Die Fr\u00f6sche, Molche und Kr\u00f6ten am F\u00fcrstenberger Stadtrand k\u00f6nnen sich freuen! F\u00fcr sie wurde in der N\u00e4he des B\u00fcrgersees bereits das dritte Kleingew\u00e4sser revitalisiert.\" \/>\n<meta property=\"og:url\" content=\"https:\/\/www.naturparkmagazin.de\/stechlin\/kleingewaesser-am-buergersee-revitalisiert\/\" \/>\n<meta property=\"og:site_name\" content=\"Naturpark Stechlin-Ruppiner Land\" \/>\n<meta property=\"article:published_time\" content=\"2021-03-16T15:32:32+00:00\" \/>\n<meta property=\"article:modified_time\" content=\"2021-03-29T12:29:04+00:00\" \/>\n<meta property=\"og:image\" content=\"https:\/\/www.naturparkmagazin.de\/stechlin\/wp-content\/uploads\/sites\/38\/DSC_0002_1.jpg\" \/>\n\t<meta property=\"og:image:width\" content=\"200\" \/>\n\t<meta property=\"og:image:height\" content=\"200\" \/>\n\t<meta property=\"og:image:type\" content=\"image\/jpeg\" \/>\n<meta name=\"author\" content=\"marioschrumpf\" \/>\n<meta name=\"twitter:label1\" content=\"Verfasst von\" \/>\n\t<meta name=\"twitter:data1\" content=\"marioschrumpf\" \/>\n\t<meta name=\"twitter:label2\" content=\"Gesch\u00e4tzte Lesezeit\" \/>\n\t<meta name=\"twitter:data2\" content=\"1\u00a0Minute\" \/>\n<script type=\"application\/ld+json\" class=\"yoast-schema-graph\">{\"@context\":\"https:\/\/schema.org\",\"@graph\":[{\"@type\":\"WebPage\",\"@id\":\"https:\/\/www.naturparkmagazin.de\/stechlin\/kleingewaesser-am-buergersee-revitalisiert\/\",\"url\":\"https:\/\/www.naturparkmagazin.de\/stechlin\/kleingewaesser-am-buergersee-revitalisiert\/\",\"name\":\"Kleingew\u00e4sser am B\u00fcrgersee revitalisiert - Naturpark Stechlin-Ruppiner Land\",\"isPartOf\":{\"@id\":\"https:\/\/www.naturparkmagazin.de\/stechlin\/#website\"},\"datePublished\":\"2021-03-16T15:32:32+00:00\",\"dateModified\":\"2021-03-29T12:29:04+00:00\",\"author\":{\"@id\":\"https:\/\/www.naturparkmagazin.de\/stechlin\/#\/schema\/person\/3f0d93203df21c806dd63c76d9bb28bc\"},\"breadcrumb\":{\"@id\":\"https:\/\/www.naturparkmagazin.de\/stechlin\/kleingewaesser-am-buergersee-revitalisiert\/#breadcrumb\"},\"inLanguage\":\"de\",\"potentialAction\":[{\"@type\":\"ReadAction\",\"target\":[\"https:\/\/www.naturparkmagazin.de\/stechlin\/kleingewaesser-am-buergersee-revitalisiert\/\"]}]},{\"@type\":\"BreadcrumbList\",\"@id\":\"https:\/\/www.naturparkmagazin.de\/stechlin\/kleingewaesser-am-buergersee-revitalisiert\/#breadcrumb\",\"itemListElement\":[{\"@type\":\"ListItem\",\"position\":1,\"name\":\"Home\",\"item\":\"https:\/\/www.naturparkmagazin.de\/stechlin\/\"},{\"@type\":\"ListItem\",\"position\":2,\"name\":\"Kleingew\u00e4sser am B\u00fcrgersee revitalisiert\"}]},{\"@type\":\"WebSite\",\"@id\":\"https:\/\/www.naturparkmagazin.de\/stechlin\/#website\",\"url\":\"https:\/\/www.naturparkmagazin.de\/stechlin\/\",\"name\":\"Naturpark Stechlin-Ruppiner Land\",\"description\":\"\",\"potentialAction\":[{\"@type\":\"SearchAction\",\"target\":{\"@type\":\"EntryPoint\",\"urlTemplate\":\"https:\/\/www.naturparkmagazin.de\/stechlin\/?s={search_term_string}\"},\"query-input\":\"required name=search_term_string\"}],\"inLanguage\":\"de\"},{\"@type\":\"Person\",\"@id\":\"https:\/\/www.naturparkmagazin.de\/stechlin\/#\/schema\/person\/3f0d93203df21c806dd63c76d9bb28bc\",\"name\":\"marioschrumpf\",\"url\":\"https:\/\/www.naturparkmagazin.de\/stechlin\/author\/marioschrumpf\/\"}]}<\/script>\n<!-- \/ Yoast SEO plugin. -->","yoast_head_json":{"title":"Kleingew\u00e4sser am B\u00fcrgersee revitalisiert - Naturpark Stechlin-Ruppiner Land","robots":{"index":"index","follow":"follow","max-snippet":"max-snippet:-1","max-image-preview":"max-image-preview:large","max-video-preview":"max-video-preview:-1"},"canonical":"https:\/\/www.naturparkmagazin.de\/stechlin\/kleingewaesser-am-buergersee-revitalisiert\/","og_locale":"de_DE","og_type":"article","og_title":"Kleingew\u00e4sser am B\u00fcrgersee revitalisiert - Naturpark Stechlin-Ruppiner Land","og_description":"Die Fr\u00f6sche, Molche und Kr\u00f6ten am F\u00fcrstenberger Stadtrand k\u00f6nnen sich freuen! F\u00fcr sie wurde in der N\u00e4he des B\u00fcrgersees bereits das dritte Kleingew\u00e4sser revitalisiert.","og_url":"https:\/\/www.naturparkmagazin.de\/stechlin\/kleingewaesser-am-buergersee-revitalisiert\/","og_site_name":"Naturpark Stechlin-Ruppiner Land","article_published_time":"2021-03-16T15:32:32+00:00","article_modified_time":"2021-03-29T12:29:04+00:00","og_image":[{"width":200,"height":200,"url":"https:\/\/www.naturparkmagazin.de\/stechlin\/wp-content\/uploads\/sites\/38\/DSC_0002_1.jpg","type":"image\/jpeg"}],"author":"marioschrumpf","twitter_misc":{"Verfasst von":"marioschrumpf","Gesch\u00e4tzte Lesezeit":"1\u00a0Minute"},"schema":{"@context":"https:\/\/schema.org","@graph":[{"@type":"WebPage","@id":"https:\/\/www.naturparkmagazin.de\/stechlin\/kleingewaesser-am-buergersee-revitalisiert\/","url":"https:\/\/www.naturparkmagazin.de\/stechlin\/kleingewaesser-am-buergersee-revitalisiert\/","name":"Kleingew\u00e4sser am B\u00fcrgersee revitalisiert - Naturpark Stechlin-Ruppiner Land","isPartOf":{"@id":"https:\/\/www.naturparkmagazin.de\/stechlin\/#website"},"datePublished":"2021-03-16T15:32:32+00:00","dateModified":"2021-03-29T12:29:04+00:00","author":{"@id":"https:\/\/www.naturparkmagazin.de\/stechlin\/#\/schema\/person\/3f0d93203df21c806dd63c76d9bb28bc"},"breadcrumb":{"@id":"https:\/\/www.naturparkmagazin.de\/stechlin\/kleingewaesser-am-buergersee-revitalisiert\/#breadcrumb"},"inLanguage":"de","potentialAction":[{"@type":"ReadAction","target":["https:\/\/www.naturparkmagazin.de\/stechlin\/kleingewaesser-am-buergersee-revitalisiert\/"]}]},{"@type":"BreadcrumbList","@id":"https:\/\/www.naturparkmagazin.de\/stechlin\/kleingewaesser-am-buergersee-revitalisiert\/#breadcrumb","itemListElement":[{"@type":"ListItem","position":1,"name":"Home","item":"https:\/\/www.naturparkmagazin.de\/stechlin\/"},{"@type":"ListItem","position":2,"name":"Kleingew\u00e4sser am B\u00fcrgersee revitalisiert"}]},{"@type":"WebSite","@id":"https:\/\/www.naturparkmagazin.de\/stechlin\/#website","url":"https:\/\/www.naturparkmagazin.de\/stechlin\/","name":"Naturpark Stechlin-Ruppiner Land","description":"","potentialAction":[{"@type":"SearchAction","target":{"@type":"EntryPoint","urlTemplate":"https:\/\/www.naturparkmagazin.de\/stechlin\/?s={search_term_string}"},"query-input":"required name=search_term_string"}],"inLanguage":"de"},{"@type":"Person","@id":"https:\/\/www.naturparkmagazin.de\/stechlin\/#\/schema\/person\/3f0d93203df21c806dd63c76d9bb28bc","name":"marioschrumpf","url":"https:\/\/www.naturparkmagazin.de\/stechlin\/author\/marioschrumpf\/"}]}},"_links":{"self":[{"href":"https:\/\/www.naturparkmagazin.de\/stechlin\/wp-json\/wp\/v2\/posts\/10347"}],"collection":[{"href":"https:\/\/www.naturparkmagazin.de\/stechlin\/wp-json\/wp\/v2\/posts"}],"about":[{"href":"https:\/\/www.naturparkmagazin.de\/stechlin\/wp-json\/wp\/v2\/types\/post"}],"author":[{"embeddable":true,"href":"https:\/\/www.naturparkmagazin.de\/stechlin\/wp-json\/wp\/v2\/users\/39"}],"replies":[{"embeddable":true,"href":"https:\/\/www.naturparkmagazin.de\/stechlin\/wp-json\/wp\/v2\/comments?post=10347"}],"version-history":[{"count":5,"href":"https:\/\/www.naturparkmagazin.de\/stechlin\/wp-json\/wp\/v2\/posts\/10347\/revisions"}],"predecessor-version":[{"id":10359,"href":"https:\/\/www.naturparkmagazin.de\/stechlin\/wp-json\/wp\/v2\/posts\/10347\/revisions\/10359"}],"wp:featuredmedia":[{"embeddable":true,"href":"https:\/\/www.naturparkmagazin.de\/stechlin\/wp-json\/wp\/v2\/media\/10351"}],"wp:attachment":[{"href":"https:\/\/www.naturparkmagazin.de\/stechlin\/wp-json\/wp\/v2\/media?parent=10347"}],"wp:term":[{"taxonomy":"category","embeddable":true,"href":"https:\/\/www.naturparkmagazin.de\/stechlin\/wp-json\/wp\/v2\/categories?post=10347"},{"taxonomy":"post_tag","embeddable":true,"href":"https:\/\/www.naturparkmagazin.de\/stechlin\/wp-json\/wp\/v2\/tags?post=10347"}],"curies":[{"name":"wp","href":"https:\/\/api.w.org\/{rel}","templated":true}]}}