{"id":10367,"date":"2021-03-22T08:10:47","date_gmt":"2021-03-22T07:10:47","guid":{"rendered":"https:\/\/www.naturparkmagazin.de\/stechlin\/?p=10367"},"modified":"2021-03-29T14:26:16","modified_gmt":"2021-03-29T12:26:16","slug":"kuhbilaeum-sommer-blueten-fest-co-foel-veranstaltungskalender-laedt-nach-brandenburg-ein","status":"publish","type":"post","link":"https:\/\/www.naturparkmagazin.de\/stechlin\/kuhbilaeum-sommer-blueten-fest-co-foel-veranstaltungskalender-laedt-nach-brandenburg-ein\/","title":{"rendered":"Kuhbil\u00e4um, Sommer-Bl\u00fcten-Fest &amp; Co. &#8211; F\u00d6L &#8211; Veranstaltungskalender l\u00e4dt nach Brandenburg ein"},"content":{"rendered":"<p>\u00dcber 250 abwechslungsreiche Bio-Freizeit- und Ausflugstipps f\u00fcr Kleine und Gro\u00dfe h\u00e4lt die Neuausgabe der &#8222;<em>Brandenburger Bio-Termine<\/em>&#8220; bereit. Der kostenlose Veranstaltungskalender der F\u00f6rdergemeinschaft \u00d6kologischer Landbau (F\u00d6L) l\u00e4dt zum Besuch regionaler Bio-H\u00f6fe ein und stellt au\u00dferdem die 15 Brandenburger Gro\u00dfschutzgebiete mit ihren zahlreichen Natursch\u00e4tzen vor.<\/p>\n<div id=\"attachment_9909\" style=\"width: 310px\" class=\"wp-caption aligncenter\"><a href=\"https:\/\/www.naturparkmagazin.de\/stechlin\/wp-content\/uploads\/sites\/38\/acker_Jakob_Schenk.jpg\"><img aria-describedby=\"caption-attachment-9909\" decoding=\"async\" loading=\"lazy\" class=\"wp-image-9909 size-thumbnail\" src=\"https:\/\/www.naturparkmagazin.de\/stechlin\/wp-content\/uploads\/sites\/38\/acker_Jakob_Schenk-300x180.jpg\" alt=\"\" width=\"300\" height=\"180\" srcset=\"https:\/\/www.naturparkmagazin.de\/stechlin\/wp-content\/uploads\/sites\/38\/acker_Jakob_Schenk-300x180.jpg 300w, https:\/\/www.naturparkmagazin.de\/stechlin\/wp-content\/uploads\/sites\/38\/acker_Jakob_Schenk.jpg 500w, https:\/\/www.naturparkmagazin.de\/stechlin\/wp-content\/uploads\/sites\/38\/acker_Jakob_Schenk-200x120.jpg 200w\" sizes=\"(max-width: 300px) 100vw, 300px\" \/><\/a><p id=\"caption-attachment-9909\" class=\"wp-caption-text\">Blaubl\u00fchender Natternkopf auf einem biologisch bewirtschafteten Feld \u00a9Mario Schrumpf<\/p><\/div>\n<p>Bio vor Ort zu erleben, ist immer eine gute Idee &#8211; vor allem, wenn sich das mit einem Streifzug durch die sch\u00f6ne Natur verbinden l\u00e4\u00dft. Davon hat Brandenburg reichlich zu bieten: Drei Biosph\u00e4renreservate, ein Nationalpark und elf Naturparke nennt das Land sein eigen. Im <strong>Naturpark Stechlin-Ruppiner Land<\/strong> beispielsweise liegt die <strong>Bio Ranch Zempow<\/strong>. Eines ihrer Gotlandschafe posiert fotogen als Titelmodell f\u00fcr den neuen Veranstaltungskalender und steht stellvertretend f\u00fcr die Schafspazierg\u00e4nge, die die Ranch in den Ferien anbietet. Daneben gibt es viele weitere Veranstaltungshighlights ab diesem Fr\u00fchjahr wie Kinder-Bioerlebnistage, Ranch-Safari und das Hoffest im August.<\/p>\n<div id=\"attachment_5787\" style=\"width: 310px\" class=\"wp-caption aligncenter\"><a href=\"https:\/\/www.naturparkmagazin.de\/stechlin\/wp-content\/uploads\/sites\/38\/gew\u00e4chshaus-selbsternte.jpg\"><img aria-describedby=\"caption-attachment-5787\" decoding=\"async\" loading=\"lazy\" class=\"size-thumbnail wp-image-5787\" src=\"https:\/\/www.naturparkmagazin.de\/stechlin\/wp-content\/uploads\/sites\/38\/gew\u00e4chshaus-selbsternte-300x180.jpg\" alt=\"Die Kunden d\u00fcrfen frisches Gem\u00fcse selbst\u00e4ndig ernten \u00a9Mario Schrumpf\" width=\"300\" height=\"180\" srcset=\"https:\/\/www.naturparkmagazin.de\/stechlin\/wp-content\/uploads\/sites\/38\/gew\u00e4chshaus-selbsternte-300x180.jpg 300w, https:\/\/www.naturparkmagazin.de\/stechlin\/wp-content\/uploads\/sites\/38\/gew\u00e4chshaus-selbsternte.jpg 500w, https:\/\/www.naturparkmagazin.de\/stechlin\/wp-content\/uploads\/sites\/38\/gew\u00e4chshaus-selbsternte-200x120.jpg 200w\" sizes=\"(max-width: 300px) 100vw, 300px\" \/><\/a><p id=\"caption-attachment-5787\" class=\"wp-caption-text\">Die Kunden d\u00fcrfen auf dem KEPOS-Biohof Altglobsow selbst frisches Gem\u00fcse ernten \u00a9Mario Schrumpf<\/p><\/div>\n<p>Der Samenbaubetrieb &#8222;<em>Bioz\u00fcchtergarten<\/em>&#8220; und der Gem\u00fcsebaubetrieb &#8222;<em>Good Food Syndicate<\/em>&#8220; laden, ebenfalls im Mai, zum Jungpflanzenmarkt und im Juli zum Sommer-Bl\u00fcten-Fest nach <strong>Altglobsow<\/strong>, das ist im Naturpark Stechlin-Ruppiner Land. Die G\u00e4ste k\u00f6nnen selbst frisches Gem\u00fcse ernten, Bauerngartenblumen pfl\u00fccken und sich zu bunten Str\u00e4u\u00dfen binden und kulinarische K\u00f6stlichkeiten aus der Region genie\u00dfen.<\/p>\n<p>Alle Termine stehen mit ausf\u00fchrlichen Informationen online auf <a href=\"http:\/\/www.bio-berlin-brandenburg.de\/aktuelles\/Veranstaltungskalender\" target=\"_blank\">http:\/\/www.bio-berlin-brandenburg.de\/aktuelles\/Veranstaltungskalender<\/a> sowie auf <a href=\"https:\/\/www.reiseland-brandenburg.de\/veranstaltungen-hoehepunkte\/veranstaltungskalender\/\">https:\/\/www.reiseland-brandenburg.de\/veranstaltungen-hoehepunkte\/veranstaltungskalender\/<\/a><\/p>\n","protected":false},"excerpt":{"rendered":"<p>\u00dcber 250 abwechslungsreiche Bio-Freizeit- und Ausflugstipps f\u00fcr Kleine und Gro\u00dfe h\u00e4lt die Neuausgabe der &#8222;Brandenburger Bio-Termine&#8220; bereit. <\/p>\n","protected":false},"author":39,"featured_media":10246,"comment_status":"open","ping_status":"open","sticky":false,"template":"","format":"standard","meta":[],"categories":[11],"tags":[],"yoast_head":"<!-- This site is optimized with the Yoast SEO plugin v19.10 - https:\/\/yoast.com\/wordpress\/plugins\/seo\/ -->\n<title>Kuhbil\u00e4um, Sommer-Bl\u00fcten-Fest &amp; Co. - F\u00d6L - Veranstaltungskalender l\u00e4dt nach Brandenburg ein - Naturpark Stechlin-Ruppiner Land<\/title>\n<meta name=\"robots\" content=\"index, follow, max-snippet:-1, max-image-preview:large, max-video-preview:-1\" \/>\n<link rel=\"canonical\" href=\"https:\/\/www.naturparkmagazin.de\/stechlin\/kuhbilaeum-sommer-blueten-fest-co-foel-veranstaltungskalender-laedt-nach-brandenburg-ein\/\" \/>\n<meta property=\"og:locale\" content=\"de_DE\" \/>\n<meta property=\"og:type\" content=\"article\" \/>\n<meta property=\"og:title\" content=\"Kuhbil\u00e4um, Sommer-Bl\u00fcten-Fest &amp; Co. - F\u00d6L - Veranstaltungskalender l\u00e4dt nach Brandenburg ein - Naturpark Stechlin-Ruppiner Land\" \/>\n<meta property=\"og:description\" content=\"\u00dcber 250 abwechslungsreiche Bio-Freizeit- und Ausflugstipps f\u00fcr Kleine und Gro\u00dfe h\u00e4lt die Neuausgabe der &quot;Brandenburger Bio-Termine&quot; bereit.\" \/>\n<meta property=\"og:url\" content=\"https:\/\/www.naturparkmagazin.de\/stechlin\/kuhbilaeum-sommer-blueten-fest-co-foel-veranstaltungskalender-laedt-nach-brandenburg-ein\/\" \/>\n<meta property=\"og:site_name\" content=\"Naturpark Stechlin-Ruppiner Land\" \/>\n<meta property=\"article:published_time\" content=\"2021-03-22T07:10:47+00:00\" \/>\n<meta property=\"article:modified_time\" content=\"2021-03-29T12:26:16+00:00\" \/>\n<meta property=\"og:image\" content=\"https:\/\/www.naturparkmagazin.de\/stechlin\/wp-content\/uploads\/sites\/38\/Sonnenblume.jpg\" \/>\n\t<meta property=\"og:image:width\" content=\"200\" \/>\n\t<meta property=\"og:image:height\" content=\"200\" \/>\n\t<meta property=\"og:image:type\" content=\"image\/jpeg\" \/>\n<meta name=\"author\" content=\"marioschrumpf\" \/>\n<meta name=\"twitter:label1\" content=\"Verfasst von\" \/>\n\t<meta name=\"twitter:data1\" content=\"marioschrumpf\" \/>\n\t<meta name=\"twitter:label2\" content=\"Gesch\u00e4tzte Lesezeit\" \/>\n\t<meta name=\"twitter:data2\" content=\"1\u00a0Minute\" \/>\n<script type=\"application\/ld+json\" class=\"yoast-schema-graph\">{\"@context\":\"https:\/\/schema.org\",\"@graph\":[{\"@type\":\"WebPage\",\"@id\":\"https:\/\/www.naturparkmagazin.de\/stechlin\/kuhbilaeum-sommer-blueten-fest-co-foel-veranstaltungskalender-laedt-nach-brandenburg-ein\/\",\"url\":\"https:\/\/www.naturparkmagazin.de\/stechlin\/kuhbilaeum-sommer-blueten-fest-co-foel-veranstaltungskalender-laedt-nach-brandenburg-ein\/\",\"name\":\"Kuhbil\u00e4um, Sommer-Bl\u00fcten-Fest &amp; Co. - F\u00d6L - Veranstaltungskalender l\u00e4dt nach Brandenburg ein - Naturpark Stechlin-Ruppiner Land\",\"isPartOf\":{\"@id\":\"https:\/\/www.naturparkmagazin.de\/stechlin\/#website\"},\"datePublished\":\"2021-03-22T07:10:47+00:00\",\"dateModified\":\"2021-03-29T12:26:16+00:00\",\"author\":{\"@id\":\"https:\/\/www.naturparkmagazin.de\/stechlin\/#\/schema\/person\/3f0d93203df21c806dd63c76d9bb28bc\"},\"breadcrumb\":{\"@id\":\"https:\/\/www.naturparkmagazin.de\/stechlin\/kuhbilaeum-sommer-blueten-fest-co-foel-veranstaltungskalender-laedt-nach-brandenburg-ein\/#breadcrumb\"},\"inLanguage\":\"de\",\"potentialAction\":[{\"@type\":\"ReadAction\",\"target\":[\"https:\/\/www.naturparkmagazin.de\/stechlin\/kuhbilaeum-sommer-blueten-fest-co-foel-veranstaltungskalender-laedt-nach-brandenburg-ein\/\"]}]},{\"@type\":\"BreadcrumbList\",\"@id\":\"https:\/\/www.naturparkmagazin.de\/stechlin\/kuhbilaeum-sommer-blueten-fest-co-foel-veranstaltungskalender-laedt-nach-brandenburg-ein\/#breadcrumb\",\"itemListElement\":[{\"@type\":\"ListItem\",\"position\":1,\"name\":\"Home\",\"item\":\"https:\/\/www.naturparkmagazin.de\/stechlin\/\"},{\"@type\":\"ListItem\",\"position\":2,\"name\":\"Kuhbil\u00e4um, Sommer-Bl\u00fcten-Fest &amp; Co. &#8211; F\u00d6L &#8211; Veranstaltungskalender l\u00e4dt nach Brandenburg ein\"}]},{\"@type\":\"WebSite\",\"@id\":\"https:\/\/www.naturparkmagazin.de\/stechlin\/#website\",\"url\":\"https:\/\/www.naturparkmagazin.de\/stechlin\/\",\"name\":\"Naturpark Stechlin-Ruppiner Land\",\"description\":\"\",\"potentialAction\":[{\"@type\":\"SearchAction\",\"target\":{\"@type\":\"EntryPoint\",\"urlTemplate\":\"https:\/\/www.naturparkmagazin.de\/stechlin\/?s={search_term_string}\"},\"query-input\":\"required name=search_term_string\"}],\"inLanguage\":\"de\"},{\"@type\":\"Person\",\"@id\":\"https:\/\/www.naturparkmagazin.de\/stechlin\/#\/schema\/person\/3f0d93203df21c806dd63c76d9bb28bc\",\"name\":\"marioschrumpf\",\"url\":\"https:\/\/www.naturparkmagazin.de\/stechlin\/author\/marioschrumpf\/\"}]}<\/script>\n<!-- \/ Yoast SEO plugin. -->","yoast_head_json":{"title":"Kuhbil\u00e4um, Sommer-Bl\u00fcten-Fest &amp; Co. - F\u00d6L - Veranstaltungskalender l\u00e4dt nach Brandenburg ein - Naturpark Stechlin-Ruppiner Land","robots":{"index":"index","follow":"follow","max-snippet":"max-snippet:-1","max-image-preview":"max-image-preview:large","max-video-preview":"max-video-preview:-1"},"canonical":"https:\/\/www.naturparkmagazin.de\/stechlin\/kuhbilaeum-sommer-blueten-fest-co-foel-veranstaltungskalender-laedt-nach-brandenburg-ein\/","og_locale":"de_DE","og_type":"article","og_title":"Kuhbil\u00e4um, Sommer-Bl\u00fcten-Fest &amp; Co. - F\u00d6L - Veranstaltungskalender l\u00e4dt nach Brandenburg ein - Naturpark Stechlin-Ruppiner Land","og_description":"\u00dcber 250 abwechslungsreiche Bio-Freizeit- und Ausflugstipps f\u00fcr Kleine und Gro\u00dfe h\u00e4lt die Neuausgabe der \"Brandenburger Bio-Termine\" bereit.","og_url":"https:\/\/www.naturparkmagazin.de\/stechlin\/kuhbilaeum-sommer-blueten-fest-co-foel-veranstaltungskalender-laedt-nach-brandenburg-ein\/","og_site_name":"Naturpark Stechlin-Ruppiner Land","article_published_time":"2021-03-22T07:10:47+00:00","article_modified_time":"2021-03-29T12:26:16+00:00","og_image":[{"width":200,"height":200,"url":"https:\/\/www.naturparkmagazin.de\/stechlin\/wp-content\/uploads\/sites\/38\/Sonnenblume.jpg","type":"image\/jpeg"}],"author":"marioschrumpf","twitter_misc":{"Verfasst von":"marioschrumpf","Gesch\u00e4tzte Lesezeit":"1\u00a0Minute"},"schema":{"@context":"https:\/\/schema.org","@graph":[{"@type":"WebPage","@id":"https:\/\/www.naturparkmagazin.de\/stechlin\/kuhbilaeum-sommer-blueten-fest-co-foel-veranstaltungskalender-laedt-nach-brandenburg-ein\/","url":"https:\/\/www.naturparkmagazin.de\/stechlin\/kuhbilaeum-sommer-blueten-fest-co-foel-veranstaltungskalender-laedt-nach-brandenburg-ein\/","name":"Kuhbil\u00e4um, Sommer-Bl\u00fcten-Fest &amp; Co. - F\u00d6L - Veranstaltungskalender l\u00e4dt nach Brandenburg ein - Naturpark Stechlin-Ruppiner Land","isPartOf":{"@id":"https:\/\/www.naturparkmagazin.de\/stechlin\/#website"},"datePublished":"2021-03-22T07:10:47+00:00","dateModified":"2021-03-29T12:26:16+00:00","author":{"@id":"https:\/\/www.naturparkmagazin.de\/stechlin\/#\/schema\/person\/3f0d93203df21c806dd63c76d9bb28bc"},"breadcrumb":{"@id":"https:\/\/www.naturparkmagazin.de\/stechlin\/kuhbilaeum-sommer-blueten-fest-co-foel-veranstaltungskalender-laedt-nach-brandenburg-ein\/#breadcrumb"},"inLanguage":"de","potentialAction":[{"@type":"ReadAction","target":["https:\/\/www.naturparkmagazin.de\/stechlin\/kuhbilaeum-sommer-blueten-fest-co-foel-veranstaltungskalender-laedt-nach-brandenburg-ein\/"]}]},{"@type":"BreadcrumbList","@id":"https:\/\/www.naturparkmagazin.de\/stechlin\/kuhbilaeum-sommer-blueten-fest-co-foel-veranstaltungskalender-laedt-nach-brandenburg-ein\/#breadcrumb","itemListElement":[{"@type":"ListItem","position":1,"name":"Home","item":"https:\/\/www.naturparkmagazin.de\/stechlin\/"},{"@type":"ListItem","position":2,"name":"Kuhbil\u00e4um, Sommer-Bl\u00fcten-Fest &amp; Co. &#8211; F\u00d6L &#8211; Veranstaltungskalender l\u00e4dt nach Brandenburg ein"}]},{"@type":"WebSite","@id":"https:\/\/www.naturparkmagazin.de\/stechlin\/#website","url":"https:\/\/www.naturparkmagazin.de\/stechlin\/","name":"Naturpark Stechlin-Ruppiner Land","description":"","potentialAction":[{"@type":"SearchAction","target":{"@type":"EntryPoint","urlTemplate":"https:\/\/www.naturparkmagazin.de\/stechlin\/?s={search_term_string}"},"query-input":"required name=search_term_string"}],"inLanguage":"de"},{"@type":"Person","@id":"https:\/\/www.naturparkmagazin.de\/stechlin\/#\/schema\/person\/3f0d93203df21c806dd63c76d9bb28bc","name":"marioschrumpf","url":"https:\/\/www.naturparkmagazin.de\/stechlin\/author\/marioschrumpf\/"}]}},"_links":{"self":[{"href":"https:\/\/www.naturparkmagazin.de\/stechlin\/wp-json\/wp\/v2\/posts\/10367"}],"collection":[{"href":"https:\/\/www.naturparkmagazin.de\/stechlin\/wp-json\/wp\/v2\/posts"}],"about":[{"href":"https:\/\/www.naturparkmagazin.de\/stechlin\/wp-json\/wp\/v2\/types\/post"}],"author":[{"embeddable":true,"href":"https:\/\/www.naturparkmagazin.de\/stechlin\/wp-json\/wp\/v2\/users\/39"}],"replies":[{"embeddable":true,"href":"https:\/\/www.naturparkmagazin.de\/stechlin\/wp-json\/wp\/v2\/comments?post=10367"}],"version-history":[{"count":9,"href":"https:\/\/www.naturparkmagazin.de\/stechlin\/wp-json\/wp\/v2\/posts\/10367\/revisions"}],"predecessor-version":[{"id":10373,"href":"https:\/\/www.naturparkmagazin.de\/stechlin\/wp-json\/wp\/v2\/posts\/10367\/revisions\/10373"}],"wp:featuredmedia":[{"embeddable":true,"href":"https:\/\/www.naturparkmagazin.de\/stechlin\/wp-json\/wp\/v2\/media\/10246"}],"wp:attachment":[{"href":"https:\/\/www.naturparkmagazin.de\/stechlin\/wp-json\/wp\/v2\/media?parent=10367"}],"wp:term":[{"taxonomy":"category","embeddable":true,"href":"https:\/\/www.naturparkmagazin.de\/stechlin\/wp-json\/wp\/v2\/categories?post=10367"},{"taxonomy":"post_tag","embeddable":true,"href":"https:\/\/www.naturparkmagazin.de\/stechlin\/wp-json\/wp\/v2\/tags?post=10367"}],"curies":[{"name":"wp","href":"https:\/\/api.w.org\/{rel}","templated":true}]}}