{"id":1039,"date":"2014-05-20T14:41:35","date_gmt":"2014-05-20T12:41:35","guid":{"rendered":"http:\/\/www.naturparkmagazin.de\/stechlin\/?p=1039"},"modified":"2025-01-24T10:07:36","modified_gmt":"2025-01-24T09:07:36","slug":"herzlich-willkommen-zum-20-menzer-waldfest","status":"publish","type":"post","link":"https:\/\/www.naturparkmagazin.de\/stechlin\/herzlich-willkommen-zum-20-menzer-waldfest\/","title":{"rendered":"Herzlich willkommen zum 20. Menzer Waldfest! (2014)"},"content":{"rendered":"<p><a href=\"https:\/\/www.naturparkmagazin.de\/stechlin\/wp-content\/uploads\/sites\/38\/Waldfest2.jpg\"><img decoding=\"async\" loading=\"lazy\" class=\"alignnone size-full wp-image-1047\" src=\"https:\/\/www.naturparkmagazin.de\/stechlin\/wp-content\/uploads\/sites\/38\/Waldfest2.jpg\" alt=\"NP SRL\/Dr. Mario Schrumpf\" width=\"500\" height=\"335\" srcset=\"https:\/\/www.naturparkmagazin.de\/stechlin\/wp-content\/uploads\/sites\/38\/Waldfest2.jpg 500w, https:\/\/www.naturparkmagazin.de\/stechlin\/wp-content\/uploads\/sites\/38\/Waldfest2-300x201.jpg 300w, https:\/\/www.naturparkmagazin.de\/stechlin\/wp-content\/uploads\/sites\/38\/Waldfest2-200x134.jpg 200w\" sizes=\"(max-width: 500px) 100vw, 500px\" \/><\/a><\/p>\n<p>Vom 27.-29. Juni findet das <strong>20. Waldfest in Menz<\/strong> statt. Bereits am Freitag pr\u00e4sentiert Regisseur Christoph Hauschild h\u00f6chstpers\u00f6nlich seinen aktuellen Film &#8222;<em>Der Stechlin &#8211; Im Reich der klaren Seen<\/em>&#8220; in der Menzer Kirche. In der anschlie\u00dfenden Filmdiskussion steht er zusammen mit dem Unterwasserfotografen und -kammeramann Michael Feierabend dem Publikum Rede und Antwort. RBB-Moderatorin <strong>Carla Kniestedt<\/strong> wird am Samstag durch das Programm des Menzer Waldfestes f\u00fchren. Neben historischem Gewerken, forstlichen Wettk\u00e4mpfen und Mitmachangeboten k\u00f6nnen sich sportlich Aktive beim <strong>Iron-Menz<\/strong> einem Triathlon-Wettkampf f\u00fcr Freizeitsportler ausprobieren.<\/p>\n<p><span style=\"text-decoration: underline\"><strong>Programm:<\/strong><\/span><\/p>\n<p><b>Freitag, 27. Juni<\/b><\/p>\n<p>19.00 Uhr\u00a0\u00a0\u00a0\u00a0 Film in der Kirche: \u201eDer Stechlin \u2013 Im Reich der klaren Seen\u201c<\/p>\n<p>anschlie\u00dfend Diskussion und Gespr\u00e4ch mit Christoph Hauschild (Regisseur) und Frau Kirliczek (Fotografin)<\/p>\n<p>20.30 Uhr\u00a0\u00a0\u00a0\u00a0 Lagerfeuer am Roofensee, Bl\u00e4serchor Rheinsberg-Menz und Volksliedersingen mit den \u201eHerbstzeitlosen\u201c<\/p>\n<p>21.30 Uhr\u00a0\u00a0\u00a0\u00a0 Wettrudern \u00fcber den Roofensee<\/p>\n<p>&nbsp;<\/p>\n<p style=\"text-align: left\" align=\"center\"><b>Sonnabend, 28. Juni<\/b><\/p>\n<p style=\"text-align: left\" align=\"center\">Durch den Tag f\u00fchrt die bekannte<b>\u00a0RBB &#8211; Moderatorin Carla Kniestedt.<\/b><\/p>\n<p style=\"text-align: left\" align=\"center\">10.00 Uhr\u00a0\u00a0\u00a0\u00a0 Er\u00f6ffnung des 20. Menzer Waldfestes\u00a0mit den Jagdhornbl\u00e4sern Steinf\u00f6rde<\/p>\n<p>10.15 Uhr\u00a0\u00a0\u00a0\u00a0 Tanz- und Musikgruppe der \u201eTheodor &#8211; Fontane &#8211; Schule\u201c und Kinder der Kita \u201eHenriettes Schneckenh\u00e4uschen\u201c<\/p>\n<p>10.45 Uhr\u00a0\u00a0\u00a0\u00a0 Er\u00f6ffnung \u201eFoto-Wunsch-Box\u201c- Klaus-Dieter Lieske (Festplatz)<\/p>\n<p>11.00 Uhr\u00a0\u00a0\u00a0\u00a0 Start zum 13. Triathlon \u201eIron Menz\u201c (Badestelle am Roofensee)<\/p>\n<p>11.00 Uhr\u00a0\u00a0\u00a0\u00a0 Falknervorf\u00fchrung mit Marko Loerke (auf der B\u00fchne)<\/p>\n<p>12.00 Uhr\u00a0\u00a0\u00a0\u00a0 Bl\u00e4sergruppe des Kreisjagdverbandes<\/p>\n<p>12.45Uhr\u00a0\u00a0\u00a0\u00a0\u00a0 Vorstellung typischer Jagdhunderassen<\/p>\n<p>13.45 Uhr\u00a0\u00a0\u00a0\u00a0 Dollgower Tanzperlen \u2013 Volkst\u00e4nze<\/p>\n<p>14.45 Uhr\u00a0\u00a0\u00a0\u00a0 Vorstellung des Jagdhornblasens mit den Bl\u00e4sergruppen des Kreisjagdverbandes<\/p>\n<p>15.15 Uhr\u00a0\u00a0\u00a0\u00a0 Siegerehrung des Triathlon \u201eIron Menz\u201c<\/p>\n<p>16.00 Uhr\u00a0\u00a0\u00a0\u00a0 Wettkampf im Baumstammweitwurf<\/p>\n<p>16.30 Uhr\u00a0\u00a0\u00a0\u00a0 Schrots\u00e4genwettbewerb<\/p>\n<p>20.00 Uhr\u00a0\u00a0\u00a0\u00a0 Disco \u2013 Tommys\u2019 Disco<\/p>\n<p><b>Sonntag, 29. Juni<\/b><\/p>\n<p>10.00 Uhr\u00a0\u00a0\u00a0\u00a0 Waldandacht auf dem Wallberg<\/p>\n<p>10.45 Uhr\u00a0\u00a0\u00a0\u00a0 Wanderung mit F\u00f6rster Spr\u00f6\u00dfig, Treff: NaturParkHaus in Menz<\/p>\n<p>10.45 Uhr\u00a0\u00a0\u00a0\u00a0 Radwanderung mit der Naturwacht, Treff: NaturParkHaus in Menz<\/p>\n<p>16.00 Uhr\u00a0\u00a0\u00a0\u00a0 Konzert in der Kirche und Dank zum Abschluss:<\/p>\n<p>\u201eOrenda\u201c &#8211; drei Frauen, drei Stimmen, die archaische Urkraft mit ansteckender<\/p>\n<p>Lebensfreude verbinden &#8211; Lieder aus verschiedenen L\u00e4ndern<\/p>\n<p>&nbsp;<\/p>\n","protected":false},"excerpt":{"rendered":"<p>Vom 27.-29. Juni findet das 20. Waldfest in Menz statt. <\/p>\n","protected":false},"author":39,"featured_media":1046,"comment_status":"open","ping_status":"open","sticky":false,"template":"","format":"standard","meta":[],"categories":[11],"tags":[],"yoast_head":"<!-- This site is optimized with the Yoast SEO plugin v19.10 - https:\/\/yoast.com\/wordpress\/plugins\/seo\/ -->\n<title>Herzlich willkommen zum 20. Menzer Waldfest! (2014) - Naturpark Stechlin-Ruppiner Land<\/title>\n<meta name=\"robots\" content=\"index, follow, max-snippet:-1, max-image-preview:large, max-video-preview:-1\" \/>\n<link rel=\"canonical\" href=\"https:\/\/www.naturparkmagazin.de\/stechlin\/herzlich-willkommen-zum-20-menzer-waldfest\/\" \/>\n<meta property=\"og:locale\" content=\"de_DE\" \/>\n<meta property=\"og:type\" content=\"article\" \/>\n<meta property=\"og:title\" content=\"Herzlich willkommen zum 20. Menzer Waldfest! (2014) - Naturpark Stechlin-Ruppiner Land\" \/>\n<meta property=\"og:description\" content=\"Vom 27.-29. Juni findet das 20. Waldfest in Menz statt.\" \/>\n<meta property=\"og:url\" content=\"https:\/\/www.naturparkmagazin.de\/stechlin\/herzlich-willkommen-zum-20-menzer-waldfest\/\" \/>\n<meta property=\"og:site_name\" content=\"Naturpark Stechlin-Ruppiner Land\" \/>\n<meta property=\"article:published_time\" content=\"2014-05-20T12:41:35+00:00\" \/>\n<meta property=\"article:modified_time\" content=\"2025-01-24T09:07:36+00:00\" \/>\n<meta property=\"og:image\" content=\"https:\/\/www.naturparkmagazin.de\/stechlin\/wp-content\/uploads\/sites\/38\/Waldfest.jpg\" \/>\n\t<meta property=\"og:image:width\" content=\"500\" \/>\n\t<meta property=\"og:image:height\" content=\"335\" \/>\n\t<meta property=\"og:image:type\" content=\"image\/jpeg\" \/>\n<meta name=\"author\" content=\"marioschrumpf\" \/>\n<meta name=\"twitter:label1\" content=\"Verfasst von\" \/>\n\t<meta name=\"twitter:data1\" content=\"marioschrumpf\" \/>\n\t<meta name=\"twitter:label2\" content=\"Gesch\u00e4tzte Lesezeit\" \/>\n\t<meta name=\"twitter:data2\" content=\"2\u00a0Minuten\" \/>\n<script type=\"application\/ld+json\" class=\"yoast-schema-graph\">{\"@context\":\"https:\/\/schema.org\",\"@graph\":[{\"@type\":\"WebPage\",\"@id\":\"https:\/\/www.naturparkmagazin.de\/stechlin\/herzlich-willkommen-zum-20-menzer-waldfest\/\",\"url\":\"https:\/\/www.naturparkmagazin.de\/stechlin\/herzlich-willkommen-zum-20-menzer-waldfest\/\",\"name\":\"Herzlich willkommen zum 20. Menzer Waldfest! (2014) - Naturpark Stechlin-Ruppiner Land\",\"isPartOf\":{\"@id\":\"https:\/\/www.naturparkmagazin.de\/stechlin\/#website\"},\"datePublished\":\"2014-05-20T12:41:35+00:00\",\"dateModified\":\"2025-01-24T09:07:36+00:00\",\"author\":{\"@id\":\"https:\/\/www.naturparkmagazin.de\/stechlin\/#\/schema\/person\/3f0d93203df21c806dd63c76d9bb28bc\"},\"breadcrumb\":{\"@id\":\"https:\/\/www.naturparkmagazin.de\/stechlin\/herzlich-willkommen-zum-20-menzer-waldfest\/#breadcrumb\"},\"inLanguage\":\"de\",\"potentialAction\":[{\"@type\":\"ReadAction\",\"target\":[\"https:\/\/www.naturparkmagazin.de\/stechlin\/herzlich-willkommen-zum-20-menzer-waldfest\/\"]}]},{\"@type\":\"BreadcrumbList\",\"@id\":\"https:\/\/www.naturparkmagazin.de\/stechlin\/herzlich-willkommen-zum-20-menzer-waldfest\/#breadcrumb\",\"itemListElement\":[{\"@type\":\"ListItem\",\"position\":1,\"name\":\"Home\",\"item\":\"https:\/\/www.naturparkmagazin.de\/stechlin\/\"},{\"@type\":\"ListItem\",\"position\":2,\"name\":\"Herzlich willkommen zum 20. Menzer Waldfest! (2014)\"}]},{\"@type\":\"WebSite\",\"@id\":\"https:\/\/www.naturparkmagazin.de\/stechlin\/#website\",\"url\":\"https:\/\/www.naturparkmagazin.de\/stechlin\/\",\"name\":\"Naturpark Stechlin-Ruppiner Land\",\"description\":\"\",\"potentialAction\":[{\"@type\":\"SearchAction\",\"target\":{\"@type\":\"EntryPoint\",\"urlTemplate\":\"https:\/\/www.naturparkmagazin.de\/stechlin\/?s={search_term_string}\"},\"query-input\":\"required name=search_term_string\"}],\"inLanguage\":\"de\"},{\"@type\":\"Person\",\"@id\":\"https:\/\/www.naturparkmagazin.de\/stechlin\/#\/schema\/person\/3f0d93203df21c806dd63c76d9bb28bc\",\"name\":\"marioschrumpf\",\"url\":\"https:\/\/www.naturparkmagazin.de\/stechlin\/author\/marioschrumpf\/\"}]}<\/script>\n<!-- \/ Yoast SEO plugin. -->","yoast_head_json":{"title":"Herzlich willkommen zum 20. Menzer Waldfest! (2014) - Naturpark Stechlin-Ruppiner Land","robots":{"index":"index","follow":"follow","max-snippet":"max-snippet:-1","max-image-preview":"max-image-preview:large","max-video-preview":"max-video-preview:-1"},"canonical":"https:\/\/www.naturparkmagazin.de\/stechlin\/herzlich-willkommen-zum-20-menzer-waldfest\/","og_locale":"de_DE","og_type":"article","og_title":"Herzlich willkommen zum 20. Menzer Waldfest! (2014) - Naturpark Stechlin-Ruppiner Land","og_description":"Vom 27.-29. Juni findet das 20. Waldfest in Menz statt.","og_url":"https:\/\/www.naturparkmagazin.de\/stechlin\/herzlich-willkommen-zum-20-menzer-waldfest\/","og_site_name":"Naturpark Stechlin-Ruppiner Land","article_published_time":"2014-05-20T12:41:35+00:00","article_modified_time":"2025-01-24T09:07:36+00:00","og_image":[{"width":500,"height":335,"url":"https:\/\/www.naturparkmagazin.de\/stechlin\/wp-content\/uploads\/sites\/38\/Waldfest.jpg","type":"image\/jpeg"}],"author":"marioschrumpf","twitter_misc":{"Verfasst von":"marioschrumpf","Gesch\u00e4tzte Lesezeit":"2\u00a0Minuten"},"schema":{"@context":"https:\/\/schema.org","@graph":[{"@type":"WebPage","@id":"https:\/\/www.naturparkmagazin.de\/stechlin\/herzlich-willkommen-zum-20-menzer-waldfest\/","url":"https:\/\/www.naturparkmagazin.de\/stechlin\/herzlich-willkommen-zum-20-menzer-waldfest\/","name":"Herzlich willkommen zum 20. Menzer Waldfest! (2014) - Naturpark Stechlin-Ruppiner Land","isPartOf":{"@id":"https:\/\/www.naturparkmagazin.de\/stechlin\/#website"},"datePublished":"2014-05-20T12:41:35+00:00","dateModified":"2025-01-24T09:07:36+00:00","author":{"@id":"https:\/\/www.naturparkmagazin.de\/stechlin\/#\/schema\/person\/3f0d93203df21c806dd63c76d9bb28bc"},"breadcrumb":{"@id":"https:\/\/www.naturparkmagazin.de\/stechlin\/herzlich-willkommen-zum-20-menzer-waldfest\/#breadcrumb"},"inLanguage":"de","potentialAction":[{"@type":"ReadAction","target":["https:\/\/www.naturparkmagazin.de\/stechlin\/herzlich-willkommen-zum-20-menzer-waldfest\/"]}]},{"@type":"BreadcrumbList","@id":"https:\/\/www.naturparkmagazin.de\/stechlin\/herzlich-willkommen-zum-20-menzer-waldfest\/#breadcrumb","itemListElement":[{"@type":"ListItem","position":1,"name":"Home","item":"https:\/\/www.naturparkmagazin.de\/stechlin\/"},{"@type":"ListItem","position":2,"name":"Herzlich willkommen zum 20. Menzer Waldfest! (2014)"}]},{"@type":"WebSite","@id":"https:\/\/www.naturparkmagazin.de\/stechlin\/#website","url":"https:\/\/www.naturparkmagazin.de\/stechlin\/","name":"Naturpark Stechlin-Ruppiner Land","description":"","potentialAction":[{"@type":"SearchAction","target":{"@type":"EntryPoint","urlTemplate":"https:\/\/www.naturparkmagazin.de\/stechlin\/?s={search_term_string}"},"query-input":"required name=search_term_string"}],"inLanguage":"de"},{"@type":"Person","@id":"https:\/\/www.naturparkmagazin.de\/stechlin\/#\/schema\/person\/3f0d93203df21c806dd63c76d9bb28bc","name":"marioschrumpf","url":"https:\/\/www.naturparkmagazin.de\/stechlin\/author\/marioschrumpf\/"}]}},"_links":{"self":[{"href":"https:\/\/www.naturparkmagazin.de\/stechlin\/wp-json\/wp\/v2\/posts\/1039"}],"collection":[{"href":"https:\/\/www.naturparkmagazin.de\/stechlin\/wp-json\/wp\/v2\/posts"}],"about":[{"href":"https:\/\/www.naturparkmagazin.de\/stechlin\/wp-json\/wp\/v2\/types\/post"}],"author":[{"embeddable":true,"href":"https:\/\/www.naturparkmagazin.de\/stechlin\/wp-json\/wp\/v2\/users\/39"}],"replies":[{"embeddable":true,"href":"https:\/\/www.naturparkmagazin.de\/stechlin\/wp-json\/wp\/v2\/comments?post=1039"}],"version-history":[{"count":7,"href":"https:\/\/www.naturparkmagazin.de\/stechlin\/wp-json\/wp\/v2\/posts\/1039\/revisions"}],"predecessor-version":[{"id":16588,"href":"https:\/\/www.naturparkmagazin.de\/stechlin\/wp-json\/wp\/v2\/posts\/1039\/revisions\/16588"}],"wp:featuredmedia":[{"embeddable":true,"href":"https:\/\/www.naturparkmagazin.de\/stechlin\/wp-json\/wp\/v2\/media\/1046"}],"wp:attachment":[{"href":"https:\/\/www.naturparkmagazin.de\/stechlin\/wp-json\/wp\/v2\/media?parent=1039"}],"wp:term":[{"taxonomy":"category","embeddable":true,"href":"https:\/\/www.naturparkmagazin.de\/stechlin\/wp-json\/wp\/v2\/categories?post=1039"},{"taxonomy":"post_tag","embeddable":true,"href":"https:\/\/www.naturparkmagazin.de\/stechlin\/wp-json\/wp\/v2\/tags?post=1039"}],"curies":[{"name":"wp","href":"https:\/\/api.w.org\/{rel}","templated":true}]}}