{"id":104,"date":"2013-08-27T13:13:10","date_gmt":"2013-08-27T11:13:10","guid":{"rendered":"http:\/\/www.naturparkmagazin.de\/stechlin\/?p=104"},"modified":"2013-09-02T16:23:28","modified_gmt":"2013-09-02T14:23:28","slug":"naturpark-zum-12-mal-atelier-auf-zeit","status":"publish","type":"post","link":"https:\/\/www.naturparkmagazin.de\/stechlin\/naturpark-zum-12-mal-atelier-auf-zeit\/","title":{"rendered":"Naturpark zum 12. Mal Atelier auf Zeit"},"content":{"rendered":"<p>Vom 15.-25. August 2013 fand das 12. Internationale Kunstsymposium im Naturpark Stechlin-Ruppiner Land in Buchholz bei Zernikow statt. Zehn Maler und Bildhauer aus Peru, \u00c4thiopien, Kroatien, Polen und Deutschland haben sich mit dem Thema &#8222;Ideenquelle Recycling &#8211; Kreativit\u00e4t kennt kein Verfallsdatum&#8220; besch\u00e4ftigt. Das Kunstsymposium wurde mit 10.150 Euro Lottomitteln des Ministeriums f\u00fcr Umwelt, Gesundheit und Verbraucherschutz unterst\u00fctzt.<\/p>\n<p>Je knapper Rohstoffe wie Erd\u00f6l, Metall, seltene Erden und Holz in Zukunft werden, umso mehr sind neue Konzepte gefragt und stoffliche Verwertung von Abfall sinnvoll. Mit ihren Mitteln haben die K\u00fcnstler Aspekte dieses komplexen Themas auf unkonventionelle Weise bearbeitet. Neue unteressante Blickwinkel sollen so das brandaktuelle Thema einem gr\u00f6\u00dferen Publikum nahe bringen.<\/p>\n<p><em>&#8222;Mit seinen interessanten Themen regt der Kunstverein Zehdenick seit mehr als einem Jahrzehnt einen internationalen k\u00fcnstlerischen Diskurs an und pflegt Kontakte zu K\u00fcnsterinnen und K\u00fcnstlern anderer L\u00e4nder und Kulturkreise, um so Integrationsgedanken durch gemeinsames Arbeiten, Ausstellungen und besseres Kennenlernen zu f\u00f6rdern&#8220;, <\/em>so Umweltministerin Anika Tack.<\/p>\n<p>Begleitveranstaltungen des Naturparks und der Stiftung NaturSchutzFonds Brandenburg vertieften das Thema aus Sicht des Natur- und Umweltschutzes und gaben Anst\u00f6\u00dfe f\u00fcr die k\u00fcnstlerische Auseinandersetzung. Auch die J\u00fcngsten waren einbezogen. Unter dem Motto &#8222;Kreativit\u00e4t kennt kein Verfallsdatum&#8220; trafen sich Sch\u00fcler der Fontane-Schule Menz mit den K\u00fcnstlern. Die spielerische und ideenreiche gemeinsame Ann\u00e4herung an das Thema Recycling soll die M\u00e4dchen und Jungen anregen, M\u00fcll m\u00f6glichst zu vermeiden oder zumindest sorgsam zu behandeln und dadurch die Natur zu schonen und zu bewahren.<\/p>\n<p>Mehr als 100 Besucher erlebten die Finissage am 25. August 2013 in der Alten Brennerei in Zernikow. Die entstandenen Arbeiten sind in den kommenden Monaten in einer Wanderausstellung mit Station in Szczecin, Potsdam, Berlin, Zehdenick, Gransee und Rheinsberg zu sehen.<\/p>\n","protected":false},"excerpt":{"rendered":"<p>Vom 15.-25. August 2013 fand das 12. Internationale Kunstsymposium im Naturpark Stechlin-Ruppiner Land in Buchholz bei Zernikow statt. Zehn Maler und Bildhauer aus Peru, \u00c4thiopien, Kroatien, Polen und Deutschland haben sich mit dem Thema &#8222;Ideenquelle Recycling &#8211; Kreativit\u00e4t kennt kein Verfallsdatum&#8220; besch\u00e4ftigt. Das Kunstsymposium wurde mit 10.150 Euro Lottomitteln des Ministeriums f\u00fcr Umwelt, Gesundheit und<\/p>\n","protected":false},"author":39,"featured_media":105,"comment_status":"open","ping_status":"open","sticky":false,"template":"","format":"standard","meta":[],"categories":[7],"tags":[],"yoast_head":"<!-- This site is optimized with the Yoast SEO plugin v19.10 - https:\/\/yoast.com\/wordpress\/plugins\/seo\/ -->\n<title>Naturpark zum 12. Mal Atelier auf Zeit - Naturpark Stechlin-Ruppiner Land<\/title>\n<meta name=\"robots\" content=\"index, follow, max-snippet:-1, max-image-preview:large, max-video-preview:-1\" \/>\n<link rel=\"canonical\" href=\"https:\/\/www.naturparkmagazin.de\/stechlin\/naturpark-zum-12-mal-atelier-auf-zeit\/\" \/>\n<meta property=\"og:locale\" content=\"de_DE\" \/>\n<meta property=\"og:type\" content=\"article\" \/>\n<meta property=\"og:title\" content=\"Naturpark zum 12. Mal Atelier auf Zeit - Naturpark Stechlin-Ruppiner Land\" \/>\n<meta property=\"og:description\" content=\"Vom 15.-25. August 2013 fand das 12. Internationale Kunstsymposium im Naturpark Stechlin-Ruppiner Land in Buchholz bei Zernikow statt. Zehn Maler und Bildhauer aus Peru, \u00c4thiopien, Kroatien, Polen und Deutschland haben sich mit dem Thema &#8222;Ideenquelle Recycling &#8211; Kreativit\u00e4t kennt kein Verfallsdatum&#8220; besch\u00e4ftigt. Das Kunstsymposium wurde mit 10.150 Euro Lottomitteln des Ministeriums f\u00fcr Umwelt, Gesundheit und\" \/>\n<meta property=\"og:url\" content=\"https:\/\/www.naturparkmagazin.de\/stechlin\/naturpark-zum-12-mal-atelier-auf-zeit\/\" \/>\n<meta property=\"og:site_name\" content=\"Naturpark Stechlin-Ruppiner Land\" \/>\n<meta property=\"article:published_time\" content=\"2013-08-27T11:13:10+00:00\" \/>\n<meta property=\"article:modified_time\" content=\"2013-09-02T14:23:28+00:00\" \/>\n<meta property=\"og:image\" content=\"https:\/\/www.naturparkmagazin.de\/stechlin\/wp-content\/uploads\/sites\/38\/k-DSC_0338.jpg\" \/>\n\t<meta property=\"og:image:width\" content=\"1936\" \/>\n\t<meta property=\"og:image:height\" content=\"1296\" \/>\n\t<meta property=\"og:image:type\" content=\"image\/jpeg\" \/>\n<meta name=\"author\" content=\"marioschrumpf\" \/>\n<meta name=\"twitter:label1\" content=\"Verfasst von\" \/>\n\t<meta name=\"twitter:data1\" content=\"marioschrumpf\" \/>\n\t<meta name=\"twitter:label2\" content=\"Gesch\u00e4tzte Lesezeit\" \/>\n\t<meta name=\"twitter:data2\" content=\"1\u00a0Minute\" \/>\n<script type=\"application\/ld+json\" class=\"yoast-schema-graph\">{\"@context\":\"https:\/\/schema.org\",\"@graph\":[{\"@type\":\"WebPage\",\"@id\":\"https:\/\/www.naturparkmagazin.de\/stechlin\/naturpark-zum-12-mal-atelier-auf-zeit\/\",\"url\":\"https:\/\/www.naturparkmagazin.de\/stechlin\/naturpark-zum-12-mal-atelier-auf-zeit\/\",\"name\":\"Naturpark zum 12. Mal Atelier auf Zeit - Naturpark Stechlin-Ruppiner Land\",\"isPartOf\":{\"@id\":\"https:\/\/www.naturparkmagazin.de\/stechlin\/#website\"},\"datePublished\":\"2013-08-27T11:13:10+00:00\",\"dateModified\":\"2013-09-02T14:23:28+00:00\",\"author\":{\"@id\":\"https:\/\/www.naturparkmagazin.de\/stechlin\/#\/schema\/person\/3f0d93203df21c806dd63c76d9bb28bc\"},\"breadcrumb\":{\"@id\":\"https:\/\/www.naturparkmagazin.de\/stechlin\/naturpark-zum-12-mal-atelier-auf-zeit\/#breadcrumb\"},\"inLanguage\":\"de\",\"potentialAction\":[{\"@type\":\"ReadAction\",\"target\":[\"https:\/\/www.naturparkmagazin.de\/stechlin\/naturpark-zum-12-mal-atelier-auf-zeit\/\"]}]},{\"@type\":\"BreadcrumbList\",\"@id\":\"https:\/\/www.naturparkmagazin.de\/stechlin\/naturpark-zum-12-mal-atelier-auf-zeit\/#breadcrumb\",\"itemListElement\":[{\"@type\":\"ListItem\",\"position\":1,\"name\":\"Home\",\"item\":\"https:\/\/www.naturparkmagazin.de\/stechlin\/\"},{\"@type\":\"ListItem\",\"position\":2,\"name\":\"Naturpark zum 12. Mal Atelier auf Zeit\"}]},{\"@type\":\"WebSite\",\"@id\":\"https:\/\/www.naturparkmagazin.de\/stechlin\/#website\",\"url\":\"https:\/\/www.naturparkmagazin.de\/stechlin\/\",\"name\":\"Naturpark Stechlin-Ruppiner Land\",\"description\":\"\",\"potentialAction\":[{\"@type\":\"SearchAction\",\"target\":{\"@type\":\"EntryPoint\",\"urlTemplate\":\"https:\/\/www.naturparkmagazin.de\/stechlin\/?s={search_term_string}\"},\"query-input\":\"required name=search_term_string\"}],\"inLanguage\":\"de\"},{\"@type\":\"Person\",\"@id\":\"https:\/\/www.naturparkmagazin.de\/stechlin\/#\/schema\/person\/3f0d93203df21c806dd63c76d9bb28bc\",\"name\":\"marioschrumpf\",\"url\":\"https:\/\/www.naturparkmagazin.de\/stechlin\/author\/marioschrumpf\/\"}]}<\/script>\n<!-- \/ Yoast SEO plugin. -->","yoast_head_json":{"title":"Naturpark zum 12. Mal Atelier auf Zeit - Naturpark Stechlin-Ruppiner Land","robots":{"index":"index","follow":"follow","max-snippet":"max-snippet:-1","max-image-preview":"max-image-preview:large","max-video-preview":"max-video-preview:-1"},"canonical":"https:\/\/www.naturparkmagazin.de\/stechlin\/naturpark-zum-12-mal-atelier-auf-zeit\/","og_locale":"de_DE","og_type":"article","og_title":"Naturpark zum 12. Mal Atelier auf Zeit - Naturpark Stechlin-Ruppiner Land","og_description":"Vom 15.-25. August 2013 fand das 12. Internationale Kunstsymposium im Naturpark Stechlin-Ruppiner Land in Buchholz bei Zernikow statt. Zehn Maler und Bildhauer aus Peru, \u00c4thiopien, Kroatien, Polen und Deutschland haben sich mit dem Thema &#8222;Ideenquelle Recycling &#8211; Kreativit\u00e4t kennt kein Verfallsdatum&#8220; besch\u00e4ftigt. Das Kunstsymposium wurde mit 10.150 Euro Lottomitteln des Ministeriums f\u00fcr Umwelt, Gesundheit und","og_url":"https:\/\/www.naturparkmagazin.de\/stechlin\/naturpark-zum-12-mal-atelier-auf-zeit\/","og_site_name":"Naturpark Stechlin-Ruppiner Land","article_published_time":"2013-08-27T11:13:10+00:00","article_modified_time":"2013-09-02T14:23:28+00:00","og_image":[{"width":1936,"height":1296,"url":"https:\/\/www.naturparkmagazin.de\/stechlin\/wp-content\/uploads\/sites\/38\/k-DSC_0338.jpg","type":"image\/jpeg"}],"author":"marioschrumpf","twitter_misc":{"Verfasst von":"marioschrumpf","Gesch\u00e4tzte Lesezeit":"1\u00a0Minute"},"schema":{"@context":"https:\/\/schema.org","@graph":[{"@type":"WebPage","@id":"https:\/\/www.naturparkmagazin.de\/stechlin\/naturpark-zum-12-mal-atelier-auf-zeit\/","url":"https:\/\/www.naturparkmagazin.de\/stechlin\/naturpark-zum-12-mal-atelier-auf-zeit\/","name":"Naturpark zum 12. Mal Atelier auf Zeit - Naturpark Stechlin-Ruppiner Land","isPartOf":{"@id":"https:\/\/www.naturparkmagazin.de\/stechlin\/#website"},"datePublished":"2013-08-27T11:13:10+00:00","dateModified":"2013-09-02T14:23:28+00:00","author":{"@id":"https:\/\/www.naturparkmagazin.de\/stechlin\/#\/schema\/person\/3f0d93203df21c806dd63c76d9bb28bc"},"breadcrumb":{"@id":"https:\/\/www.naturparkmagazin.de\/stechlin\/naturpark-zum-12-mal-atelier-auf-zeit\/#breadcrumb"},"inLanguage":"de","potentialAction":[{"@type":"ReadAction","target":["https:\/\/www.naturparkmagazin.de\/stechlin\/naturpark-zum-12-mal-atelier-auf-zeit\/"]}]},{"@type":"BreadcrumbList","@id":"https:\/\/www.naturparkmagazin.de\/stechlin\/naturpark-zum-12-mal-atelier-auf-zeit\/#breadcrumb","itemListElement":[{"@type":"ListItem","position":1,"name":"Home","item":"https:\/\/www.naturparkmagazin.de\/stechlin\/"},{"@type":"ListItem","position":2,"name":"Naturpark zum 12. Mal Atelier auf Zeit"}]},{"@type":"WebSite","@id":"https:\/\/www.naturparkmagazin.de\/stechlin\/#website","url":"https:\/\/www.naturparkmagazin.de\/stechlin\/","name":"Naturpark Stechlin-Ruppiner Land","description":"","potentialAction":[{"@type":"SearchAction","target":{"@type":"EntryPoint","urlTemplate":"https:\/\/www.naturparkmagazin.de\/stechlin\/?s={search_term_string}"},"query-input":"required name=search_term_string"}],"inLanguage":"de"},{"@type":"Person","@id":"https:\/\/www.naturparkmagazin.de\/stechlin\/#\/schema\/person\/3f0d93203df21c806dd63c76d9bb28bc","name":"marioschrumpf","url":"https:\/\/www.naturparkmagazin.de\/stechlin\/author\/marioschrumpf\/"}]}},"_links":{"self":[{"href":"https:\/\/www.naturparkmagazin.de\/stechlin\/wp-json\/wp\/v2\/posts\/104"}],"collection":[{"href":"https:\/\/www.naturparkmagazin.de\/stechlin\/wp-json\/wp\/v2\/posts"}],"about":[{"href":"https:\/\/www.naturparkmagazin.de\/stechlin\/wp-json\/wp\/v2\/types\/post"}],"author":[{"embeddable":true,"href":"https:\/\/www.naturparkmagazin.de\/stechlin\/wp-json\/wp\/v2\/users\/39"}],"replies":[{"embeddable":true,"href":"https:\/\/www.naturparkmagazin.de\/stechlin\/wp-json\/wp\/v2\/comments?post=104"}],"version-history":[{"count":3,"href":"https:\/\/www.naturparkmagazin.de\/stechlin\/wp-json\/wp\/v2\/posts\/104\/revisions"}],"predecessor-version":[{"id":175,"href":"https:\/\/www.naturparkmagazin.de\/stechlin\/wp-json\/wp\/v2\/posts\/104\/revisions\/175"}],"wp:featuredmedia":[{"embeddable":true,"href":"https:\/\/www.naturparkmagazin.de\/stechlin\/wp-json\/wp\/v2\/media\/105"}],"wp:attachment":[{"href":"https:\/\/www.naturparkmagazin.de\/stechlin\/wp-json\/wp\/v2\/media?parent=104"}],"wp:term":[{"taxonomy":"category","embeddable":true,"href":"https:\/\/www.naturparkmagazin.de\/stechlin\/wp-json\/wp\/v2\/categories?post=104"},{"taxonomy":"post_tag","embeddable":true,"href":"https:\/\/www.naturparkmagazin.de\/stechlin\/wp-json\/wp\/v2\/tags?post=104"}],"curies":[{"name":"wp","href":"https:\/\/api.w.org\/{rel}","templated":true}]}}