{"id":1042,"date":"2014-05-20T14:38:01","date_gmt":"2014-05-20T12:38:01","guid":{"rendered":"http:\/\/www.naturparkmagazin.de\/stechlin\/?p=1042"},"modified":"2014-05-20T15:23:07","modified_gmt":"2014-05-20T13:23:07","slug":"kuratoriumssitzung-in-der-jugendherberge-ravensbrueck","status":"publish","type":"post","link":"https:\/\/www.naturparkmagazin.de\/stechlin\/kuratoriumssitzung-in-der-jugendherberge-ravensbrueck\/","title":{"rendered":"Kuratoriumssitzung in der Jugendherberge Ravensbr\u00fcck"},"content":{"rendered":"<div id=\"attachment_834\" style=\"width: 630px\" class=\"wp-caption alignnone\"><a href=\"https:\/\/www.naturparkmagazin.de\/stechlin\/wp-content\/uploads\/sites\/38\/Bild-067.jpg\"><img aria-describedby=\"caption-attachment-834\" decoding=\"async\" loading=\"lazy\" class=\"size-medium wp-image-834\" alt=\"Erdkr\u00f6tenpaar auf dem Weg zum Laichgew\u00e4sser.\" src=\"https:\/\/www.naturparkmagazin.de\/stechlin\/wp-content\/uploads\/sites\/38\/Bild-067-620x349.jpg\" width=\"620\" height=\"349\" srcset=\"https:\/\/www.naturparkmagazin.de\/stechlin\/wp-content\/uploads\/sites\/38\/Bild-067-620x349.jpg 620w, https:\/\/www.naturparkmagazin.de\/stechlin\/wp-content\/uploads\/sites\/38\/Bild-067-300x169.jpg 300w, https:\/\/www.naturparkmagazin.de\/stechlin\/wp-content\/uploads\/sites\/38\/Bild-067-940x530.jpg 940w, https:\/\/www.naturparkmagazin.de\/stechlin\/wp-content\/uploads\/sites\/38\/Bild-067-670x378.jpg 670w, https:\/\/www.naturparkmagazin.de\/stechlin\/wp-content\/uploads\/sites\/38\/Bild-067-200x113.jpg 200w, https:\/\/www.naturparkmagazin.de\/stechlin\/wp-content\/uploads\/sites\/38\/Bild-067.jpg 1024w\" sizes=\"(max-width: 620px) 100vw, 620px\" \/><\/a><p id=\"caption-attachment-834\" class=\"wp-caption-text\">Erdkr\u00f6tenpaar auf dem Weg zum Laichgew\u00e4sser.<\/p><\/div>\n<p>Am 8. Mai tagte das Kuratorium des Naturparks in F\u00fcrstenberg\/Havel am Schwedtsee in den R\u00e4umen der Jugendherberge Ravensbr\u00fcck. Auf der Tagesordnung stand neben dem traditionellen Bericht des Naturparkleiters zur Arbeit der Naturparkverwaltung die Vorstellung des Projektes station\u00e4re Amphibienschutzanlage Dierberg. Als Gast referierte der Planer Hermann Wiesing \u00fcber das Projekt an der Bundestra\u00dfe 122 am Zollhaus Dierberg. Auf 500 m L\u00e4nge soll in den Sommerferien 2014 ein beidseitiger Schutzzaun mit 10 Durchl\u00e4ssen gebaut werden. Dieser erm\u00f6glicht Kr\u00f6te, Frosch &amp; Co. sicher vom Winterlebensraum zum Laichgew\u00e4sser und wieder zur\u00fcck zu gelangen. Aufgrund des Naturschutzprojektes wird die Sanierung der Bundesstra\u00dfe um 3 Jahre vorgezogen! Der Bau erfordert eine Vollsperrung des Abschnittes. Die Umleitung erfolgt \u00fcber Dierberg und Banzendorf.<\/p>\n","protected":false},"excerpt":{"rendered":"<p>Am 8. Mai tagte das Kuratorium des Naturparks in F\u00fcrstenberg\/Havel am Schwedtsee.<\/p>\n","protected":false},"author":39,"featured_media":96,"comment_status":"open","ping_status":"open","sticky":false,"template":"","format":"standard","meta":[],"categories":[7],"tags":[],"yoast_head":"<!-- This site is optimized with the Yoast SEO plugin v19.10 - https:\/\/yoast.com\/wordpress\/plugins\/seo\/ -->\n<title>Kuratoriumssitzung in der Jugendherberge Ravensbr\u00fcck - Naturpark Stechlin-Ruppiner Land<\/title>\n<meta name=\"robots\" content=\"index, follow, max-snippet:-1, max-image-preview:large, max-video-preview:-1\" \/>\n<link rel=\"canonical\" href=\"https:\/\/www.naturparkmagazin.de\/stechlin\/kuratoriumssitzung-in-der-jugendherberge-ravensbrueck\/\" \/>\n<meta property=\"og:locale\" content=\"de_DE\" \/>\n<meta property=\"og:type\" content=\"article\" \/>\n<meta property=\"og:title\" content=\"Kuratoriumssitzung in der Jugendherberge Ravensbr\u00fcck - Naturpark Stechlin-Ruppiner Land\" \/>\n<meta property=\"og:description\" content=\"Am 8. Mai tagte das Kuratorium des Naturparks in F\u00fcrstenberg\/Havel am Schwedtsee.\" \/>\n<meta property=\"og:url\" content=\"https:\/\/www.naturparkmagazin.de\/stechlin\/kuratoriumssitzung-in-der-jugendherberge-ravensbrueck\/\" \/>\n<meta property=\"og:site_name\" content=\"Naturpark Stechlin-Ruppiner Land\" \/>\n<meta property=\"article:published_time\" content=\"2014-05-20T12:38:01+00:00\" \/>\n<meta property=\"article:modified_time\" content=\"2014-05-20T13:23:07+00:00\" \/>\n<meta property=\"og:image\" content=\"https:\/\/www.naturparkmagazin.de\/stechlin\/wp-content\/uploads\/sites\/38\/Amphibien-im-Beh\u00e4lter.jpg\" \/>\n\t<meta property=\"og:image:width\" content=\"2115\" \/>\n\t<meta property=\"og:image:height\" content=\"1459\" \/>\n\t<meta property=\"og:image:type\" content=\"image\/jpeg\" \/>\n<meta name=\"author\" content=\"marioschrumpf\" \/>\n<meta name=\"twitter:label1\" content=\"Verfasst von\" \/>\n\t<meta name=\"twitter:data1\" content=\"marioschrumpf\" \/>\n\t<meta name=\"twitter:label2\" content=\"Gesch\u00e4tzte Lesezeit\" \/>\n\t<meta name=\"twitter:data2\" content=\"1\u00a0Minute\" \/>\n<script type=\"application\/ld+json\" class=\"yoast-schema-graph\">{\"@context\":\"https:\/\/schema.org\",\"@graph\":[{\"@type\":\"WebPage\",\"@id\":\"https:\/\/www.naturparkmagazin.de\/stechlin\/kuratoriumssitzung-in-der-jugendherberge-ravensbrueck\/\",\"url\":\"https:\/\/www.naturparkmagazin.de\/stechlin\/kuratoriumssitzung-in-der-jugendherberge-ravensbrueck\/\",\"name\":\"Kuratoriumssitzung in der Jugendherberge Ravensbr\u00fcck - Naturpark Stechlin-Ruppiner Land\",\"isPartOf\":{\"@id\":\"https:\/\/www.naturparkmagazin.de\/stechlin\/#website\"},\"datePublished\":\"2014-05-20T12:38:01+00:00\",\"dateModified\":\"2014-05-20T13:23:07+00:00\",\"author\":{\"@id\":\"https:\/\/www.naturparkmagazin.de\/stechlin\/#\/schema\/person\/3f0d93203df21c806dd63c76d9bb28bc\"},\"breadcrumb\":{\"@id\":\"https:\/\/www.naturparkmagazin.de\/stechlin\/kuratoriumssitzung-in-der-jugendherberge-ravensbrueck\/#breadcrumb\"},\"inLanguage\":\"de\",\"potentialAction\":[{\"@type\":\"ReadAction\",\"target\":[\"https:\/\/www.naturparkmagazin.de\/stechlin\/kuratoriumssitzung-in-der-jugendherberge-ravensbrueck\/\"]}]},{\"@type\":\"BreadcrumbList\",\"@id\":\"https:\/\/www.naturparkmagazin.de\/stechlin\/kuratoriumssitzung-in-der-jugendherberge-ravensbrueck\/#breadcrumb\",\"itemListElement\":[{\"@type\":\"ListItem\",\"position\":1,\"name\":\"Home\",\"item\":\"https:\/\/www.naturparkmagazin.de\/stechlin\/\"},{\"@type\":\"ListItem\",\"position\":2,\"name\":\"Kuratoriumssitzung in der Jugendherberge Ravensbr\u00fcck\"}]},{\"@type\":\"WebSite\",\"@id\":\"https:\/\/www.naturparkmagazin.de\/stechlin\/#website\",\"url\":\"https:\/\/www.naturparkmagazin.de\/stechlin\/\",\"name\":\"Naturpark Stechlin-Ruppiner Land\",\"description\":\"\",\"potentialAction\":[{\"@type\":\"SearchAction\",\"target\":{\"@type\":\"EntryPoint\",\"urlTemplate\":\"https:\/\/www.naturparkmagazin.de\/stechlin\/?s={search_term_string}\"},\"query-input\":\"required name=search_term_string\"}],\"inLanguage\":\"de\"},{\"@type\":\"Person\",\"@id\":\"https:\/\/www.naturparkmagazin.de\/stechlin\/#\/schema\/person\/3f0d93203df21c806dd63c76d9bb28bc\",\"name\":\"marioschrumpf\",\"url\":\"https:\/\/www.naturparkmagazin.de\/stechlin\/author\/marioschrumpf\/\"}]}<\/script>\n<!-- \/ Yoast SEO plugin. -->","yoast_head_json":{"title":"Kuratoriumssitzung in der Jugendherberge Ravensbr\u00fcck - Naturpark Stechlin-Ruppiner Land","robots":{"index":"index","follow":"follow","max-snippet":"max-snippet:-1","max-image-preview":"max-image-preview:large","max-video-preview":"max-video-preview:-1"},"canonical":"https:\/\/www.naturparkmagazin.de\/stechlin\/kuratoriumssitzung-in-der-jugendherberge-ravensbrueck\/","og_locale":"de_DE","og_type":"article","og_title":"Kuratoriumssitzung in der Jugendherberge Ravensbr\u00fcck - Naturpark Stechlin-Ruppiner Land","og_description":"Am 8. Mai tagte das Kuratorium des Naturparks in F\u00fcrstenberg\/Havel am Schwedtsee.","og_url":"https:\/\/www.naturparkmagazin.de\/stechlin\/kuratoriumssitzung-in-der-jugendherberge-ravensbrueck\/","og_site_name":"Naturpark Stechlin-Ruppiner Land","article_published_time":"2014-05-20T12:38:01+00:00","article_modified_time":"2014-05-20T13:23:07+00:00","og_image":[{"width":2115,"height":1459,"url":"https:\/\/www.naturparkmagazin.de\/stechlin\/wp-content\/uploads\/sites\/38\/Amphibien-im-Beh\u00e4lter.jpg","type":"image\/jpeg"}],"author":"marioschrumpf","twitter_misc":{"Verfasst von":"marioschrumpf","Gesch\u00e4tzte Lesezeit":"1\u00a0Minute"},"schema":{"@context":"https:\/\/schema.org","@graph":[{"@type":"WebPage","@id":"https:\/\/www.naturparkmagazin.de\/stechlin\/kuratoriumssitzung-in-der-jugendherberge-ravensbrueck\/","url":"https:\/\/www.naturparkmagazin.de\/stechlin\/kuratoriumssitzung-in-der-jugendherberge-ravensbrueck\/","name":"Kuratoriumssitzung in der Jugendherberge Ravensbr\u00fcck - Naturpark Stechlin-Ruppiner Land","isPartOf":{"@id":"https:\/\/www.naturparkmagazin.de\/stechlin\/#website"},"datePublished":"2014-05-20T12:38:01+00:00","dateModified":"2014-05-20T13:23:07+00:00","author":{"@id":"https:\/\/www.naturparkmagazin.de\/stechlin\/#\/schema\/person\/3f0d93203df21c806dd63c76d9bb28bc"},"breadcrumb":{"@id":"https:\/\/www.naturparkmagazin.de\/stechlin\/kuratoriumssitzung-in-der-jugendherberge-ravensbrueck\/#breadcrumb"},"inLanguage":"de","potentialAction":[{"@type":"ReadAction","target":["https:\/\/www.naturparkmagazin.de\/stechlin\/kuratoriumssitzung-in-der-jugendherberge-ravensbrueck\/"]}]},{"@type":"BreadcrumbList","@id":"https:\/\/www.naturparkmagazin.de\/stechlin\/kuratoriumssitzung-in-der-jugendherberge-ravensbrueck\/#breadcrumb","itemListElement":[{"@type":"ListItem","position":1,"name":"Home","item":"https:\/\/www.naturparkmagazin.de\/stechlin\/"},{"@type":"ListItem","position":2,"name":"Kuratoriumssitzung in der Jugendherberge Ravensbr\u00fcck"}]},{"@type":"WebSite","@id":"https:\/\/www.naturparkmagazin.de\/stechlin\/#website","url":"https:\/\/www.naturparkmagazin.de\/stechlin\/","name":"Naturpark Stechlin-Ruppiner Land","description":"","potentialAction":[{"@type":"SearchAction","target":{"@type":"EntryPoint","urlTemplate":"https:\/\/www.naturparkmagazin.de\/stechlin\/?s={search_term_string}"},"query-input":"required name=search_term_string"}],"inLanguage":"de"},{"@type":"Person","@id":"https:\/\/www.naturparkmagazin.de\/stechlin\/#\/schema\/person\/3f0d93203df21c806dd63c76d9bb28bc","name":"marioschrumpf","url":"https:\/\/www.naturparkmagazin.de\/stechlin\/author\/marioschrumpf\/"}]}},"_links":{"self":[{"href":"https:\/\/www.naturparkmagazin.de\/stechlin\/wp-json\/wp\/v2\/posts\/1042"}],"collection":[{"href":"https:\/\/www.naturparkmagazin.de\/stechlin\/wp-json\/wp\/v2\/posts"}],"about":[{"href":"https:\/\/www.naturparkmagazin.de\/stechlin\/wp-json\/wp\/v2\/types\/post"}],"author":[{"embeddable":true,"href":"https:\/\/www.naturparkmagazin.de\/stechlin\/wp-json\/wp\/v2\/users\/39"}],"replies":[{"embeddable":true,"href":"https:\/\/www.naturparkmagazin.de\/stechlin\/wp-json\/wp\/v2\/comments?post=1042"}],"version-history":[{"count":2,"href":"https:\/\/www.naturparkmagazin.de\/stechlin\/wp-json\/wp\/v2\/posts\/1042\/revisions"}],"predecessor-version":[{"id":1044,"href":"https:\/\/www.naturparkmagazin.de\/stechlin\/wp-json\/wp\/v2\/posts\/1042\/revisions\/1044"}],"wp:featuredmedia":[{"embeddable":true,"href":"https:\/\/www.naturparkmagazin.de\/stechlin\/wp-json\/wp\/v2\/media\/96"}],"wp:attachment":[{"href":"https:\/\/www.naturparkmagazin.de\/stechlin\/wp-json\/wp\/v2\/media?parent=1042"}],"wp:term":[{"taxonomy":"category","embeddable":true,"href":"https:\/\/www.naturparkmagazin.de\/stechlin\/wp-json\/wp\/v2\/categories?post=1042"},{"taxonomy":"post_tag","embeddable":true,"href":"https:\/\/www.naturparkmagazin.de\/stechlin\/wp-json\/wp\/v2\/tags?post=1042"}],"curies":[{"name":"wp","href":"https:\/\/api.w.org\/{rel}","templated":true}]}}