{"id":10426,"date":"2021-04-15T09:55:03","date_gmt":"2021-04-15T07:55:03","guid":{"rendered":"https:\/\/www.naturparkmagazin.de\/stechlin\/?p=10426"},"modified":"2021-04-21T13:35:21","modified_gmt":"2021-04-21T11:35:21","slug":"insektenmonitoring-im-naturschutzgebiet-stechlin-erneut-gestartet","status":"publish","type":"post","link":"https:\/\/www.naturparkmagazin.de\/stechlin\/insektenmonitoring-im-naturschutzgebiet-stechlin-erneut-gestartet\/","title":{"rendered":"Insektenmonitoring im Naturschutzgebiet Stechlin erneut gestartet"},"content":{"rendered":"<p>Der dramatische R\u00fcckgang der Insekten ist mittlerweile in aller Munde. Seit letztem Jahr beteiligen sich das Institut f\u00fcr Gew\u00e4sser\u00f6kologie und Binnenfischerei sowie der Naturpark Stechlin-Ruppiner Land an der Erforschung der Ursachen.<\/p>\n<div id=\"attachment_10434\" style=\"width: 310px\" class=\"wp-caption aligncenter\"><a href=\"https:\/\/www.naturparkmagazin.de\/stechlin\/wp-content\/uploads\/sites\/38\/20210326_114547_500x300.jpg\"><img aria-describedby=\"caption-attachment-10434\" decoding=\"async\" loading=\"lazy\" class=\"size-thumbnail wp-image-10434\" src=\"https:\/\/www.naturparkmagazin.de\/stechlin\/wp-content\/uploads\/sites\/38\/20210326_114547_500x300-300x180.jpg\" alt=\"\u00a9Thomas Hahn\" width=\"300\" height=\"180\" srcset=\"https:\/\/www.naturparkmagazin.de\/stechlin\/wp-content\/uploads\/sites\/38\/20210326_114547_500x300-300x180.jpg 300w, https:\/\/www.naturparkmagazin.de\/stechlin\/wp-content\/uploads\/sites\/38\/20210326_114547_500x300.jpg 500w, https:\/\/www.naturparkmagazin.de\/stechlin\/wp-content\/uploads\/sites\/38\/20210326_114547_500x300-200x120.jpg 200w\" sizes=\"(max-width: 300px) 100vw, 300px\" \/><\/a><p id=\"caption-attachment-10434\" class=\"wp-caption-text\">Infotafel an der Insektenfalle vor Ort \u00a9Thomas Hahn<\/p><\/div>\n<p>Von April-Oktober werden an zwei Standorten im Naturschutzgebiet Stechlin Untersuchungen zur Artenvielfalt und Bestandsentwicklung von Insekten durchgef\u00fchrt. Im Projekt LTER-D werden mit sogenannten Malaisefallen in verschiedenen Lebensr\u00e4umen deutschlandweit an \u00fcber 70 Standorten Insekten gefangen. Die Fallen werden alle 2 Wochen geleert (15 Proben\/Jahr).<\/p>\n<div id=\"attachment_10428\" style=\"width: 310px\" class=\"wp-caption aligncenter\"><a href=\"https:\/\/www.naturparkmagazin.de\/stechlin\/wp-content\/uploads\/sites\/38\/DSCN1874-2.jpg\"><img aria-describedby=\"caption-attachment-10428\" decoding=\"async\" loading=\"lazy\" class=\"size-thumbnail wp-image-10428\" src=\"https:\/\/www.naturparkmagazin.de\/stechlin\/wp-content\/uploads\/sites\/38\/DSCN1874-2-300x180.jpg\" alt=\"\u00a9Thomas Hahn\" width=\"300\" height=\"180\" srcset=\"https:\/\/www.naturparkmagazin.de\/stechlin\/wp-content\/uploads\/sites\/38\/DSCN1874-2-300x180.jpg 300w, https:\/\/www.naturparkmagazin.de\/stechlin\/wp-content\/uploads\/sites\/38\/DSCN1874-2.jpg 500w, https:\/\/www.naturparkmagazin.de\/stechlin\/wp-content\/uploads\/sites\/38\/DSCN1874-2-200x120.jpg 200w\" sizes=\"(max-width: 300px) 100vw, 300px\" \/><\/a><p id=\"caption-attachment-10428\" class=\"wp-caption-text\">\u00a9Thomas Hahn<\/p><\/div>\n<p>Am Ende der Fallensaison wird die Biomasse der Insekten zentral bei Senckenberg (Gelnhausen) bestimmt. Die weitere Auswertung (Arten, H\u00e4ufigkeiten) wird mit genetischen Methoden erfolgen. Das Untersuchungsprogramm konzentriert sich auf Agrarlandschaften, naturnahe W\u00e4lder, Auenw\u00e4lder und Auengr\u00fcnland sowie Sonderlebensr\u00e4ume.<\/p>\n<p>Die Forscher erwarten von dem bundesweiten Beobachtungsprogramm genauere Informationen \u00fcber die r\u00e4umliche Verteilung der Insektenvorkommen und die weitere Bestandsentwicklung in den einzelnen Lebensr\u00e4umen.<\/p>\n<p><a href=\"https:\/\/www.ufz.de\/lter-d\/index.php?de=46285\">Hier<\/a> finden Sie weitere Informationen.<\/p>\n","protected":false},"excerpt":{"rendered":"<p>Der dramatische R\u00fcckgang der Insekten ist mittlerweile in aller Munde. <\/p>\n","protected":false},"author":39,"featured_media":10435,"comment_status":"open","ping_status":"open","sticky":false,"template":"","format":"standard","meta":[],"categories":[7],"tags":[],"yoast_head":"<!-- This site is optimized with the Yoast SEO plugin v19.10 - https:\/\/yoast.com\/wordpress\/plugins\/seo\/ -->\n<title>Insektenmonitoring im Naturschutzgebiet Stechlin erneut gestartet - Naturpark Stechlin-Ruppiner Land<\/title>\n<meta name=\"robots\" content=\"index, follow, max-snippet:-1, max-image-preview:large, max-video-preview:-1\" \/>\n<link rel=\"canonical\" href=\"https:\/\/www.naturparkmagazin.de\/stechlin\/insektenmonitoring-im-naturschutzgebiet-stechlin-erneut-gestartet\/\" \/>\n<meta property=\"og:locale\" content=\"de_DE\" \/>\n<meta property=\"og:type\" content=\"article\" \/>\n<meta property=\"og:title\" content=\"Insektenmonitoring im Naturschutzgebiet Stechlin erneut gestartet - Naturpark Stechlin-Ruppiner Land\" \/>\n<meta property=\"og:description\" content=\"Der dramatische R\u00fcckgang der Insekten ist mittlerweile in aller Munde.\" \/>\n<meta property=\"og:url\" content=\"https:\/\/www.naturparkmagazin.de\/stechlin\/insektenmonitoring-im-naturschutzgebiet-stechlin-erneut-gestartet\/\" \/>\n<meta property=\"og:site_name\" content=\"Naturpark Stechlin-Ruppiner Land\" \/>\n<meta property=\"article:published_time\" content=\"2021-04-15T07:55:03+00:00\" \/>\n<meta property=\"article:modified_time\" content=\"2021-04-21T11:35:21+00:00\" \/>\n<meta property=\"og:image\" content=\"https:\/\/www.naturparkmagazin.de\/stechlin\/wp-content\/uploads\/sites\/38\/P8224023.jpg\" \/>\n\t<meta property=\"og:image:width\" content=\"200\" \/>\n\t<meta property=\"og:image:height\" content=\"200\" \/>\n\t<meta property=\"og:image:type\" content=\"image\/jpeg\" \/>\n<meta name=\"author\" content=\"marioschrumpf\" \/>\n<meta name=\"twitter:label1\" content=\"Verfasst von\" \/>\n\t<meta name=\"twitter:data1\" content=\"marioschrumpf\" \/>\n\t<meta name=\"twitter:label2\" content=\"Gesch\u00e4tzte Lesezeit\" \/>\n\t<meta name=\"twitter:data2\" content=\"1\u00a0Minute\" \/>\n<script type=\"application\/ld+json\" class=\"yoast-schema-graph\">{\"@context\":\"https:\/\/schema.org\",\"@graph\":[{\"@type\":\"WebPage\",\"@id\":\"https:\/\/www.naturparkmagazin.de\/stechlin\/insektenmonitoring-im-naturschutzgebiet-stechlin-erneut-gestartet\/\",\"url\":\"https:\/\/www.naturparkmagazin.de\/stechlin\/insektenmonitoring-im-naturschutzgebiet-stechlin-erneut-gestartet\/\",\"name\":\"Insektenmonitoring im Naturschutzgebiet Stechlin erneut gestartet - Naturpark Stechlin-Ruppiner Land\",\"isPartOf\":{\"@id\":\"https:\/\/www.naturparkmagazin.de\/stechlin\/#website\"},\"datePublished\":\"2021-04-15T07:55:03+00:00\",\"dateModified\":\"2021-04-21T11:35:21+00:00\",\"author\":{\"@id\":\"https:\/\/www.naturparkmagazin.de\/stechlin\/#\/schema\/person\/3f0d93203df21c806dd63c76d9bb28bc\"},\"breadcrumb\":{\"@id\":\"https:\/\/www.naturparkmagazin.de\/stechlin\/insektenmonitoring-im-naturschutzgebiet-stechlin-erneut-gestartet\/#breadcrumb\"},\"inLanguage\":\"de\",\"potentialAction\":[{\"@type\":\"ReadAction\",\"target\":[\"https:\/\/www.naturparkmagazin.de\/stechlin\/insektenmonitoring-im-naturschutzgebiet-stechlin-erneut-gestartet\/\"]}]},{\"@type\":\"BreadcrumbList\",\"@id\":\"https:\/\/www.naturparkmagazin.de\/stechlin\/insektenmonitoring-im-naturschutzgebiet-stechlin-erneut-gestartet\/#breadcrumb\",\"itemListElement\":[{\"@type\":\"ListItem\",\"position\":1,\"name\":\"Home\",\"item\":\"https:\/\/www.naturparkmagazin.de\/stechlin\/\"},{\"@type\":\"ListItem\",\"position\":2,\"name\":\"Insektenmonitoring im Naturschutzgebiet Stechlin erneut gestartet\"}]},{\"@type\":\"WebSite\",\"@id\":\"https:\/\/www.naturparkmagazin.de\/stechlin\/#website\",\"url\":\"https:\/\/www.naturparkmagazin.de\/stechlin\/\",\"name\":\"Naturpark Stechlin-Ruppiner Land\",\"description\":\"\",\"potentialAction\":[{\"@type\":\"SearchAction\",\"target\":{\"@type\":\"EntryPoint\",\"urlTemplate\":\"https:\/\/www.naturparkmagazin.de\/stechlin\/?s={search_term_string}\"},\"query-input\":\"required name=search_term_string\"}],\"inLanguage\":\"de\"},{\"@type\":\"Person\",\"@id\":\"https:\/\/www.naturparkmagazin.de\/stechlin\/#\/schema\/person\/3f0d93203df21c806dd63c76d9bb28bc\",\"name\":\"marioschrumpf\",\"url\":\"https:\/\/www.naturparkmagazin.de\/stechlin\/author\/marioschrumpf\/\"}]}<\/script>\n<!-- \/ Yoast SEO plugin. -->","yoast_head_json":{"title":"Insektenmonitoring im Naturschutzgebiet Stechlin erneut gestartet - Naturpark Stechlin-Ruppiner Land","robots":{"index":"index","follow":"follow","max-snippet":"max-snippet:-1","max-image-preview":"max-image-preview:large","max-video-preview":"max-video-preview:-1"},"canonical":"https:\/\/www.naturparkmagazin.de\/stechlin\/insektenmonitoring-im-naturschutzgebiet-stechlin-erneut-gestartet\/","og_locale":"de_DE","og_type":"article","og_title":"Insektenmonitoring im Naturschutzgebiet Stechlin erneut gestartet - Naturpark Stechlin-Ruppiner Land","og_description":"Der dramatische R\u00fcckgang der Insekten ist mittlerweile in aller Munde.","og_url":"https:\/\/www.naturparkmagazin.de\/stechlin\/insektenmonitoring-im-naturschutzgebiet-stechlin-erneut-gestartet\/","og_site_name":"Naturpark Stechlin-Ruppiner Land","article_published_time":"2021-04-15T07:55:03+00:00","article_modified_time":"2021-04-21T11:35:21+00:00","og_image":[{"width":200,"height":200,"url":"https:\/\/www.naturparkmagazin.de\/stechlin\/wp-content\/uploads\/sites\/38\/P8224023.jpg","type":"image\/jpeg"}],"author":"marioschrumpf","twitter_misc":{"Verfasst von":"marioschrumpf","Gesch\u00e4tzte Lesezeit":"1\u00a0Minute"},"schema":{"@context":"https:\/\/schema.org","@graph":[{"@type":"WebPage","@id":"https:\/\/www.naturparkmagazin.de\/stechlin\/insektenmonitoring-im-naturschutzgebiet-stechlin-erneut-gestartet\/","url":"https:\/\/www.naturparkmagazin.de\/stechlin\/insektenmonitoring-im-naturschutzgebiet-stechlin-erneut-gestartet\/","name":"Insektenmonitoring im Naturschutzgebiet Stechlin erneut gestartet - Naturpark Stechlin-Ruppiner Land","isPartOf":{"@id":"https:\/\/www.naturparkmagazin.de\/stechlin\/#website"},"datePublished":"2021-04-15T07:55:03+00:00","dateModified":"2021-04-21T11:35:21+00:00","author":{"@id":"https:\/\/www.naturparkmagazin.de\/stechlin\/#\/schema\/person\/3f0d93203df21c806dd63c76d9bb28bc"},"breadcrumb":{"@id":"https:\/\/www.naturparkmagazin.de\/stechlin\/insektenmonitoring-im-naturschutzgebiet-stechlin-erneut-gestartet\/#breadcrumb"},"inLanguage":"de","potentialAction":[{"@type":"ReadAction","target":["https:\/\/www.naturparkmagazin.de\/stechlin\/insektenmonitoring-im-naturschutzgebiet-stechlin-erneut-gestartet\/"]}]},{"@type":"BreadcrumbList","@id":"https:\/\/www.naturparkmagazin.de\/stechlin\/insektenmonitoring-im-naturschutzgebiet-stechlin-erneut-gestartet\/#breadcrumb","itemListElement":[{"@type":"ListItem","position":1,"name":"Home","item":"https:\/\/www.naturparkmagazin.de\/stechlin\/"},{"@type":"ListItem","position":2,"name":"Insektenmonitoring im Naturschutzgebiet Stechlin erneut gestartet"}]},{"@type":"WebSite","@id":"https:\/\/www.naturparkmagazin.de\/stechlin\/#website","url":"https:\/\/www.naturparkmagazin.de\/stechlin\/","name":"Naturpark Stechlin-Ruppiner Land","description":"","potentialAction":[{"@type":"SearchAction","target":{"@type":"EntryPoint","urlTemplate":"https:\/\/www.naturparkmagazin.de\/stechlin\/?s={search_term_string}"},"query-input":"required name=search_term_string"}],"inLanguage":"de"},{"@type":"Person","@id":"https:\/\/www.naturparkmagazin.de\/stechlin\/#\/schema\/person\/3f0d93203df21c806dd63c76d9bb28bc","name":"marioschrumpf","url":"https:\/\/www.naturparkmagazin.de\/stechlin\/author\/marioschrumpf\/"}]}},"_links":{"self":[{"href":"https:\/\/www.naturparkmagazin.de\/stechlin\/wp-json\/wp\/v2\/posts\/10426"}],"collection":[{"href":"https:\/\/www.naturparkmagazin.de\/stechlin\/wp-json\/wp\/v2\/posts"}],"about":[{"href":"https:\/\/www.naturparkmagazin.de\/stechlin\/wp-json\/wp\/v2\/types\/post"}],"author":[{"embeddable":true,"href":"https:\/\/www.naturparkmagazin.de\/stechlin\/wp-json\/wp\/v2\/users\/39"}],"replies":[{"embeddable":true,"href":"https:\/\/www.naturparkmagazin.de\/stechlin\/wp-json\/wp\/v2\/comments?post=10426"}],"version-history":[{"count":5,"href":"https:\/\/www.naturparkmagazin.de\/stechlin\/wp-json\/wp\/v2\/posts\/10426\/revisions"}],"predecessor-version":[{"id":10480,"href":"https:\/\/www.naturparkmagazin.de\/stechlin\/wp-json\/wp\/v2\/posts\/10426\/revisions\/10480"}],"wp:featuredmedia":[{"embeddable":true,"href":"https:\/\/www.naturparkmagazin.de\/stechlin\/wp-json\/wp\/v2\/media\/10435"}],"wp:attachment":[{"href":"https:\/\/www.naturparkmagazin.de\/stechlin\/wp-json\/wp\/v2\/media?parent=10426"}],"wp:term":[{"taxonomy":"category","embeddable":true,"href":"https:\/\/www.naturparkmagazin.de\/stechlin\/wp-json\/wp\/v2\/categories?post=10426"},{"taxonomy":"post_tag","embeddable":true,"href":"https:\/\/www.naturparkmagazin.de\/stechlin\/wp-json\/wp\/v2\/tags?post=10426"}],"curies":[{"name":"wp","href":"https:\/\/api.w.org\/{rel}","templated":true}]}}