{"id":10458,"date":"2021-04-15T13:03:12","date_gmt":"2021-04-15T11:03:12","guid":{"rendered":"https:\/\/www.naturparkmagazin.de\/stechlin\/?p=10458"},"modified":"2021-04-21T12:57:50","modified_gmt":"2021-04-21T10:57:50","slug":"fuehrungswechsel-beim-naturschutzfonds-brandenburg","status":"publish","type":"post","link":"https:\/\/www.naturparkmagazin.de\/stechlin\/fuehrungswechsel-beim-naturschutzfonds-brandenburg\/","title":{"rendered":"F\u00fchrungswechsel beim Naturschutzfonds Brandenburg"},"content":{"rendered":"<div id=\"attachment_10459\" style=\"width: 310px\" class=\"wp-caption aligncenter\"><a href=\"https:\/\/www.naturparkmagazin.de\/stechlin\/wp-content\/uploads\/sites\/38\/Herr-R\u00f6\u00dfling-mit-Min-Axel-Vogel.jpg\"><img aria-describedby=\"caption-attachment-10459\" decoding=\"async\" loading=\"lazy\" class=\"size-thumbnail wp-image-10459\" src=\"https:\/\/www.naturparkmagazin.de\/stechlin\/wp-content\/uploads\/sites\/38\/Herr-R\u00f6\u00dfling-mit-Min-Axel-Vogel-300x180.jpg\" alt=\"Herr R\u00f6\u00dfling mit Min Axel Vogel \u00a9NSF Marc Thiele\" width=\"300\" height=\"180\" srcset=\"https:\/\/www.naturparkmagazin.de\/stechlin\/wp-content\/uploads\/sites\/38\/Herr-R\u00f6\u00dfling-mit-Min-Axel-Vogel-300x180.jpg 300w, https:\/\/www.naturparkmagazin.de\/stechlin\/wp-content\/uploads\/sites\/38\/Herr-R\u00f6\u00dfling-mit-Min-Axel-Vogel.jpg 500w, https:\/\/www.naturparkmagazin.de\/stechlin\/wp-content\/uploads\/sites\/38\/Herr-R\u00f6\u00dfling-mit-Min-Axel-Vogel-200x120.jpg 200w\" sizes=\"(max-width: 300px) 100vw, 300px\" \/><\/a><p id=\"caption-attachment-10459\" class=\"wp-caption-text\">Herr R\u00f6\u00dfling mit Min Axel Vogel \u00a9NSF Marc Thiele<\/p><\/div>\n<p>Der Naturschutzfonds Brandenburg bekommt einen neuen Gesch\u00e4ftsf\u00fchrer: Der promovierte Geograph Holger R\u00f6\u00dfling folgte am 1. April auf Bernhard Schmidt-Ruhe, der nach 25 Jahren an der Spitze der Landes-Naturschutzstiftung in den Ruhestand geht.<\/p>\n<p>\u201e<em>Mit Holger R\u00f6\u00dfling gewinnen wir einen fachlich versierten und bei Natursch\u00fctzern und Landnutzern gleicherma\u00dfen anerkannten Gesch\u00e4ftsf\u00fchrer, der den erfolgreichen Weg unserer Landesstiftung fortsetzen wird. F\u00fcr seine neue Aufgabe w\u00fcnsche ich viel Erfolg. Mein gro\u00dfer Dank gilt Bernhard Schmidt-Ruhe, der die Stiftung zu einer schlagkr\u00e4ftigen Naturschutzinstitution f\u00fcr das Land aufgebaut und deren Geschicke \u00fcber viele Jahre mit Weitblick geleitet hat<\/em>\u201c, sagte Umweltminister Axel Vogel bei der \u00dcbergabe der Ernennungsurkunde.<\/p>\n<p>Holger R\u00f6\u00dfling hat in Halle\/Saale Geographie studiert und sp\u00e4ter an der Universit\u00e4t Leipzig zur naturschutzfachlichen Eingriffsregelung promoviert. Vor seiner Ernennung zum Gesch\u00e4ftsf\u00fchrer der Stiftung Naturschutzfonds leitete R\u00f6\u00dfling dort bereits seit zehn Jahren drei landesweite EU-LIFE-Projekte. Zuvor arbeitete R\u00f6\u00dfling unter anderem am Lehrstuhl f\u00fcr Landschaftsplanung der Universit\u00e4t Potsdam sowie beim Landesumweltamt Brandenburg.<\/p>\n<p>Bernhard Schmidt-Ruhe leitete als Gesch\u00e4ftsf\u00fchrer die Geschicke des Naturschutzfonds Brandenburg seit der Errichtung der Landes-Naturschutzstiftung. In dieser Zeit hat die Stiftung im Land Brandenburg mehr als 900 Naturschutzprojekte mit einem finanziellen Umfang von rund 156 Millionen Euro erm\u00f6glicht \u2013 entweder durch ihre Projektf\u00f6rderung oder in eigener Tr\u00e4gerschaft. Typische Projekttr\u00e4ger, die von den Stiftungsmitteln profitie-ren, sind Landkreise, Kommunen und Gemeinden, Naturschutz- und Landschaftspflege-verb\u00e4nde, Wasser- und Bodenverb\u00e4nde aber auch Landwirtschaftsbetriebe und Privatper-sonen. Zu Leuchtturmprojekten im Brandenburger Naturschutz, die in Schmidt-Ruhes Amtszeit fallen, z\u00e4hlen zum Beispiel die vier landesweiten EU-LIFE-Projekte der Stiftung zum Schutz seltener Lebensr\u00e4ume wie Kalkmoore, Sand- und Trockenrasen sowie Feuchtw\u00e4l-der oder das EFRE-Projekt zur Renaturierung von Flussschleifen an der Kleinen Elster im S\u00fcden des Bundeslandes.\n1995 hat das Land die Stiftung NaturSchutzFonds Brandenburg errichtet. Zu ihren Haupt-aufgaben geh\u00f6rt, Ma\u00dfnahmen zum Schutz, zur Pflege und zur Entwicklung von Natur und Landschaft zu f\u00f6rdern oder durchzuf\u00fchren. Der Gesch\u00e4ftsf\u00fchrer wird vom f\u00fcr Naturschutz zust\u00e4ndigen Mitglied der Landesregierung bestimmt.<\/p>\n","protected":false},"excerpt":{"rendered":"<p>Der Naturschutzfonds Brandenburg bekommt einen neuen Gesch\u00e4ftsf\u00fchrer, den promovierten Geographen Holger R\u00f6\u00dfling.<\/p>\n","protected":false},"author":39,"featured_media":10460,"comment_status":"open","ping_status":"open","sticky":false,"template":"","format":"standard","meta":[],"categories":[8],"tags":[],"yoast_head":"<!-- This site is optimized with the Yoast SEO plugin v19.10 - https:\/\/yoast.com\/wordpress\/plugins\/seo\/ -->\n<title>F\u00fchrungswechsel beim Naturschutzfonds Brandenburg - Naturpark Stechlin-Ruppiner Land<\/title>\n<meta name=\"robots\" content=\"index, follow, max-snippet:-1, max-image-preview:large, max-video-preview:-1\" \/>\n<link rel=\"canonical\" href=\"https:\/\/www.naturparkmagazin.de\/stechlin\/fuehrungswechsel-beim-naturschutzfonds-brandenburg\/\" \/>\n<meta property=\"og:locale\" content=\"de_DE\" \/>\n<meta property=\"og:type\" content=\"article\" \/>\n<meta property=\"og:title\" content=\"F\u00fchrungswechsel beim Naturschutzfonds Brandenburg - Naturpark Stechlin-Ruppiner Land\" \/>\n<meta property=\"og:description\" content=\"Der Naturschutzfonds Brandenburg bekommt einen neuen Gesch\u00e4ftsf\u00fchrer, den promovierten Geographen Holger R\u00f6\u00dfling.\" \/>\n<meta property=\"og:url\" content=\"https:\/\/www.naturparkmagazin.de\/stechlin\/fuehrungswechsel-beim-naturschutzfonds-brandenburg\/\" \/>\n<meta property=\"og:site_name\" content=\"Naturpark Stechlin-Ruppiner Land\" \/>\n<meta property=\"article:published_time\" content=\"2021-04-15T11:03:12+00:00\" \/>\n<meta property=\"article:modified_time\" content=\"2021-04-21T10:57:50+00:00\" \/>\n<meta property=\"og:image\" content=\"https:\/\/www.naturparkmagazin.de\/stechlin\/wp-content\/uploads\/sites\/38\/Herr-R\u00f6\u00dfling.jpg\" \/>\n\t<meta property=\"og:image:width\" content=\"200\" \/>\n\t<meta property=\"og:image:height\" content=\"200\" \/>\n\t<meta property=\"og:image:type\" content=\"image\/jpeg\" \/>\n<meta name=\"author\" content=\"marioschrumpf\" \/>\n<meta name=\"twitter:label1\" content=\"Verfasst von\" \/>\n\t<meta name=\"twitter:data1\" content=\"marioschrumpf\" \/>\n\t<meta name=\"twitter:label2\" content=\"Gesch\u00e4tzte Lesezeit\" \/>\n\t<meta name=\"twitter:data2\" content=\"2\u00a0Minuten\" \/>\n<script type=\"application\/ld+json\" class=\"yoast-schema-graph\">{\"@context\":\"https:\/\/schema.org\",\"@graph\":[{\"@type\":\"WebPage\",\"@id\":\"https:\/\/www.naturparkmagazin.de\/stechlin\/fuehrungswechsel-beim-naturschutzfonds-brandenburg\/\",\"url\":\"https:\/\/www.naturparkmagazin.de\/stechlin\/fuehrungswechsel-beim-naturschutzfonds-brandenburg\/\",\"name\":\"F\u00fchrungswechsel beim Naturschutzfonds Brandenburg - Naturpark Stechlin-Ruppiner Land\",\"isPartOf\":{\"@id\":\"https:\/\/www.naturparkmagazin.de\/stechlin\/#website\"},\"datePublished\":\"2021-04-15T11:03:12+00:00\",\"dateModified\":\"2021-04-21T10:57:50+00:00\",\"author\":{\"@id\":\"https:\/\/www.naturparkmagazin.de\/stechlin\/#\/schema\/person\/3f0d93203df21c806dd63c76d9bb28bc\"},\"breadcrumb\":{\"@id\":\"https:\/\/www.naturparkmagazin.de\/stechlin\/fuehrungswechsel-beim-naturschutzfonds-brandenburg\/#breadcrumb\"},\"inLanguage\":\"de\",\"potentialAction\":[{\"@type\":\"ReadAction\",\"target\":[\"https:\/\/www.naturparkmagazin.de\/stechlin\/fuehrungswechsel-beim-naturschutzfonds-brandenburg\/\"]}]},{\"@type\":\"BreadcrumbList\",\"@id\":\"https:\/\/www.naturparkmagazin.de\/stechlin\/fuehrungswechsel-beim-naturschutzfonds-brandenburg\/#breadcrumb\",\"itemListElement\":[{\"@type\":\"ListItem\",\"position\":1,\"name\":\"Home\",\"item\":\"https:\/\/www.naturparkmagazin.de\/stechlin\/\"},{\"@type\":\"ListItem\",\"position\":2,\"name\":\"F\u00fchrungswechsel beim Naturschutzfonds Brandenburg\"}]},{\"@type\":\"WebSite\",\"@id\":\"https:\/\/www.naturparkmagazin.de\/stechlin\/#website\",\"url\":\"https:\/\/www.naturparkmagazin.de\/stechlin\/\",\"name\":\"Naturpark Stechlin-Ruppiner Land\",\"description\":\"\",\"potentialAction\":[{\"@type\":\"SearchAction\",\"target\":{\"@type\":\"EntryPoint\",\"urlTemplate\":\"https:\/\/www.naturparkmagazin.de\/stechlin\/?s={search_term_string}\"},\"query-input\":\"required name=search_term_string\"}],\"inLanguage\":\"de\"},{\"@type\":\"Person\",\"@id\":\"https:\/\/www.naturparkmagazin.de\/stechlin\/#\/schema\/person\/3f0d93203df21c806dd63c76d9bb28bc\",\"name\":\"marioschrumpf\",\"url\":\"https:\/\/www.naturparkmagazin.de\/stechlin\/author\/marioschrumpf\/\"}]}<\/script>\n<!-- \/ Yoast SEO plugin. -->","yoast_head_json":{"title":"F\u00fchrungswechsel beim Naturschutzfonds Brandenburg - Naturpark Stechlin-Ruppiner Land","robots":{"index":"index","follow":"follow","max-snippet":"max-snippet:-1","max-image-preview":"max-image-preview:large","max-video-preview":"max-video-preview:-1"},"canonical":"https:\/\/www.naturparkmagazin.de\/stechlin\/fuehrungswechsel-beim-naturschutzfonds-brandenburg\/","og_locale":"de_DE","og_type":"article","og_title":"F\u00fchrungswechsel beim Naturschutzfonds Brandenburg - Naturpark Stechlin-Ruppiner Land","og_description":"Der Naturschutzfonds Brandenburg bekommt einen neuen Gesch\u00e4ftsf\u00fchrer, den promovierten Geographen Holger R\u00f6\u00dfling.","og_url":"https:\/\/www.naturparkmagazin.de\/stechlin\/fuehrungswechsel-beim-naturschutzfonds-brandenburg\/","og_site_name":"Naturpark Stechlin-Ruppiner Land","article_published_time":"2021-04-15T11:03:12+00:00","article_modified_time":"2021-04-21T10:57:50+00:00","og_image":[{"width":200,"height":200,"url":"https:\/\/www.naturparkmagazin.de\/stechlin\/wp-content\/uploads\/sites\/38\/Herr-R\u00f6\u00dfling.jpg","type":"image\/jpeg"}],"author":"marioschrumpf","twitter_misc":{"Verfasst von":"marioschrumpf","Gesch\u00e4tzte Lesezeit":"2\u00a0Minuten"},"schema":{"@context":"https:\/\/schema.org","@graph":[{"@type":"WebPage","@id":"https:\/\/www.naturparkmagazin.de\/stechlin\/fuehrungswechsel-beim-naturschutzfonds-brandenburg\/","url":"https:\/\/www.naturparkmagazin.de\/stechlin\/fuehrungswechsel-beim-naturschutzfonds-brandenburg\/","name":"F\u00fchrungswechsel beim Naturschutzfonds Brandenburg - Naturpark Stechlin-Ruppiner Land","isPartOf":{"@id":"https:\/\/www.naturparkmagazin.de\/stechlin\/#website"},"datePublished":"2021-04-15T11:03:12+00:00","dateModified":"2021-04-21T10:57:50+00:00","author":{"@id":"https:\/\/www.naturparkmagazin.de\/stechlin\/#\/schema\/person\/3f0d93203df21c806dd63c76d9bb28bc"},"breadcrumb":{"@id":"https:\/\/www.naturparkmagazin.de\/stechlin\/fuehrungswechsel-beim-naturschutzfonds-brandenburg\/#breadcrumb"},"inLanguage":"de","potentialAction":[{"@type":"ReadAction","target":["https:\/\/www.naturparkmagazin.de\/stechlin\/fuehrungswechsel-beim-naturschutzfonds-brandenburg\/"]}]},{"@type":"BreadcrumbList","@id":"https:\/\/www.naturparkmagazin.de\/stechlin\/fuehrungswechsel-beim-naturschutzfonds-brandenburg\/#breadcrumb","itemListElement":[{"@type":"ListItem","position":1,"name":"Home","item":"https:\/\/www.naturparkmagazin.de\/stechlin\/"},{"@type":"ListItem","position":2,"name":"F\u00fchrungswechsel beim Naturschutzfonds Brandenburg"}]},{"@type":"WebSite","@id":"https:\/\/www.naturparkmagazin.de\/stechlin\/#website","url":"https:\/\/www.naturparkmagazin.de\/stechlin\/","name":"Naturpark Stechlin-Ruppiner Land","description":"","potentialAction":[{"@type":"SearchAction","target":{"@type":"EntryPoint","urlTemplate":"https:\/\/www.naturparkmagazin.de\/stechlin\/?s={search_term_string}"},"query-input":"required name=search_term_string"}],"inLanguage":"de"},{"@type":"Person","@id":"https:\/\/www.naturparkmagazin.de\/stechlin\/#\/schema\/person\/3f0d93203df21c806dd63c76d9bb28bc","name":"marioschrumpf","url":"https:\/\/www.naturparkmagazin.de\/stechlin\/author\/marioschrumpf\/"}]}},"_links":{"self":[{"href":"https:\/\/www.naturparkmagazin.de\/stechlin\/wp-json\/wp\/v2\/posts\/10458"}],"collection":[{"href":"https:\/\/www.naturparkmagazin.de\/stechlin\/wp-json\/wp\/v2\/posts"}],"about":[{"href":"https:\/\/www.naturparkmagazin.de\/stechlin\/wp-json\/wp\/v2\/types\/post"}],"author":[{"embeddable":true,"href":"https:\/\/www.naturparkmagazin.de\/stechlin\/wp-json\/wp\/v2\/users\/39"}],"replies":[{"embeddable":true,"href":"https:\/\/www.naturparkmagazin.de\/stechlin\/wp-json\/wp\/v2\/comments?post=10458"}],"version-history":[{"count":4,"href":"https:\/\/www.naturparkmagazin.de\/stechlin\/wp-json\/wp\/v2\/posts\/10458\/revisions"}],"predecessor-version":[{"id":10466,"href":"https:\/\/www.naturparkmagazin.de\/stechlin\/wp-json\/wp\/v2\/posts\/10458\/revisions\/10466"}],"wp:featuredmedia":[{"embeddable":true,"href":"https:\/\/www.naturparkmagazin.de\/stechlin\/wp-json\/wp\/v2\/media\/10460"}],"wp:attachment":[{"href":"https:\/\/www.naturparkmagazin.de\/stechlin\/wp-json\/wp\/v2\/media?parent=10458"}],"wp:term":[{"taxonomy":"category","embeddable":true,"href":"https:\/\/www.naturparkmagazin.de\/stechlin\/wp-json\/wp\/v2\/categories?post=10458"},{"taxonomy":"post_tag","embeddable":true,"href":"https:\/\/www.naturparkmagazin.de\/stechlin\/wp-json\/wp\/v2\/tags?post=10458"}],"curies":[{"name":"wp","href":"https:\/\/api.w.org\/{rel}","templated":true}]}}