{"id":10478,"date":"2021-04-15T13:24:11","date_gmt":"2021-04-15T11:24:11","guid":{"rendered":"https:\/\/www.naturparkmagazin.de\/stechlin\/?p=10478"},"modified":"2021-04-21T19:11:04","modified_gmt":"2021-04-21T17:11:04","slug":"moorsteg-am-wummsee-repariert","status":"publish","type":"post","link":"https:\/\/www.naturparkmagazin.de\/stechlin\/moorsteg-am-wummsee-repariert\/","title":{"rendered":"Moorsteg am Wummsee repariert"},"content":{"rendered":"<div id=\"attachment_10489\" style=\"width: 310px\" class=\"wp-caption aligncenter\"><a href=\"https:\/\/www.naturparkmagazin.de\/stechlin\/wp-content\/uploads\/sites\/38\/Olaf-Wolff_Gr\u00fc\u00dfe-aus-Heimland.jpg\"><img aria-describedby=\"caption-attachment-10489\" decoding=\"async\" loading=\"lazy\" class=\"size-thumbnail wp-image-10489\" src=\"https:\/\/www.naturparkmagazin.de\/stechlin\/wp-content\/uploads\/sites\/38\/Olaf-Wolff_Gr\u00fc\u00dfe-aus-Heimland-300x180.jpg\" alt=\"Wegepate Olaf Wolff am Aussichtspunkt Heimland \u00a9Olaf Wolff\" width=\"300\" height=\"180\" srcset=\"https:\/\/www.naturparkmagazin.de\/stechlin\/wp-content\/uploads\/sites\/38\/Olaf-Wolff_Gr\u00fc\u00dfe-aus-Heimland-300x180.jpg 300w, https:\/\/www.naturparkmagazin.de\/stechlin\/wp-content\/uploads\/sites\/38\/Olaf-Wolff_Gr\u00fc\u00dfe-aus-Heimland.jpg 500w, https:\/\/www.naturparkmagazin.de\/stechlin\/wp-content\/uploads\/sites\/38\/Olaf-Wolff_Gr\u00fc\u00dfe-aus-Heimland-200x120.jpg 200w\" sizes=\"(max-width: 300px) 100vw, 300px\" \/><\/a><p id=\"caption-attachment-10489\" class=\"wp-caption-text\">Wegepate Olaf Wolff am Aussichtspunkt Heimland \u00a9Olaf Wolff<\/p><\/div>\n<p>Der Rundwanderweg um den Gro\u00dfen Wummsee geh\u00f6rt zu den beliebtesten Wanderwegen im Naturpark. Unter dem Motto &#8222;Klarwasserse(h)n&#8220; k\u00f6nnen hier die landschaftlichen Highlights des Naturschutzgebietes Wummsee und Twernsee erlebt werden.<\/p>\n<p>Damit die Wanderer trockenen Fusses durch die Niederung zwischen Kleinem und Gro\u00dfem Wummsee kommen, wurde dort vor einigen Jahren ein Bohlensteg vom Gew\u00e4sserunterhaltungsverband Oberer Rhin-Temnitz im Auftrag der Naturparkverwaltung gebaut. Mittlerweile sind die ersten Bohlen in die Jahre gekommen.<\/p>\n<div id=\"attachment_10488\" style=\"width: 310px\" class=\"wp-caption aligncenter\"><a href=\"https:\/\/www.naturparkmagazin.de\/stechlin\/wp-content\/uploads\/sites\/38\/Steg-Wummsee1.jpg\"><img aria-describedby=\"caption-attachment-10488\" decoding=\"async\" loading=\"lazy\" class=\"size-thumbnail wp-image-10488\" src=\"https:\/\/www.naturparkmagazin.de\/stechlin\/wp-content\/uploads\/sites\/38\/Steg-Wummsee1-300x180.jpg\" alt=\"Der Steg am Kleinen Wummsee wurde repariert. \u00a9Olaf Wolff\" width=\"300\" height=\"180\" srcset=\"https:\/\/www.naturparkmagazin.de\/stechlin\/wp-content\/uploads\/sites\/38\/Steg-Wummsee1-300x180.jpg 300w, https:\/\/www.naturparkmagazin.de\/stechlin\/wp-content\/uploads\/sites\/38\/Steg-Wummsee1.jpg 500w, https:\/\/www.naturparkmagazin.de\/stechlin\/wp-content\/uploads\/sites\/38\/Steg-Wummsee1-200x120.jpg 200w\" sizes=\"(max-width: 300px) 100vw, 300px\" \/><\/a><p id=\"caption-attachment-10488\" class=\"wp-caption-text\">Der Steg am Kleinen Wummsee wurde repariert. \u00a9Olaf Wolff<\/p><\/div>\n<p>Im Auftrag der Naturparkverwaltung haben im zeitigen Fr\u00fchjahr Mitarbeiter der Holzwerkstatt von Lebenshilfe e.V. Zehdenick den Steg repariert. In diesem Zuge wurden auch der abgesackte Aufsteller am Maronstein und das Gel\u00e4nder am Maronsteinblick erneuert.<\/p>\n<div id=\"attachment_10487\" style=\"width: 310px\" class=\"wp-caption aligncenter\"><a href=\"https:\/\/www.naturparkmagazin.de\/stechlin\/wp-content\/uploads\/sites\/38\/Gel\u00e4nder-Wummsee.jpg\"><img aria-describedby=\"caption-attachment-10487\" decoding=\"async\" loading=\"lazy\" class=\"size-thumbnail wp-image-10487\" src=\"https:\/\/www.naturparkmagazin.de\/stechlin\/wp-content\/uploads\/sites\/38\/Gel\u00e4nder-Wummsee-300x180.jpg\" alt=\"Das erneuerte Gel\u00e4ner am Maronstein. \u00a9Olaf Wolff\" width=\"300\" height=\"180\" srcset=\"https:\/\/www.naturparkmagazin.de\/stechlin\/wp-content\/uploads\/sites\/38\/Gel\u00e4nder-Wummsee-300x180.jpg 300w, https:\/\/www.naturparkmagazin.de\/stechlin\/wp-content\/uploads\/sites\/38\/Gel\u00e4nder-Wummsee.jpg 500w, https:\/\/www.naturparkmagazin.de\/stechlin\/wp-content\/uploads\/sites\/38\/Gel\u00e4nder-Wummsee-200x120.jpg 200w\" sizes=\"(max-width: 300px) 100vw, 300px\" \/><\/a><p id=\"caption-attachment-10487\" class=\"wp-caption-text\">Das erneuerte Gel\u00e4nder am Maronstein. \u00a9Olaf Wolff<\/p><\/div>\n<p>Diese Arbeiten erfolgten in Vorbereitung auf die Zertifizierung des Wanderweges nach den Kriterien Wanderbares Deutschland. Die Stadt Rheinsberg tr\u00e4gt dankenswerterweise die Zertifizierungskosten. Wenn die Zertifizierung von Erfolg gekr\u00f6nt ist, soll am 11. September im Rahmen einer gef\u00fchrten Wanderung mit dem Berliner Wanderverband der Weg feierlich er\u00f6ffnet werden.<\/p>\n","protected":false},"excerpt":{"rendered":"<p>Der Rundwanderweg um den Gro\u00dfen Wummsee geh\u00f6rt zu den beliebtesten Wanderwegen im Naturpark.<\/p>\n","protected":false},"author":39,"featured_media":10486,"comment_status":"open","ping_status":"open","sticky":false,"template":"","format":"standard","meta":[],"categories":[7],"tags":[],"yoast_head":"<!-- This site is optimized with the Yoast SEO plugin v19.10 - https:\/\/yoast.com\/wordpress\/plugins\/seo\/ -->\n<title>Moorsteg am Wummsee repariert - Naturpark Stechlin-Ruppiner Land<\/title>\n<meta name=\"robots\" content=\"index, follow, max-snippet:-1, max-image-preview:large, max-video-preview:-1\" \/>\n<link rel=\"canonical\" href=\"https:\/\/www.naturparkmagazin.de\/stechlin\/moorsteg-am-wummsee-repariert\/\" \/>\n<meta property=\"og:locale\" content=\"de_DE\" \/>\n<meta property=\"og:type\" content=\"article\" \/>\n<meta property=\"og:title\" content=\"Moorsteg am Wummsee repariert - Naturpark Stechlin-Ruppiner Land\" \/>\n<meta property=\"og:description\" content=\"Der Rundwanderweg um den Gro\u00dfen Wummsee geh\u00f6rt zu den beliebtesten Wanderwegen im Naturpark.\" \/>\n<meta property=\"og:url\" content=\"https:\/\/www.naturparkmagazin.de\/stechlin\/moorsteg-am-wummsee-repariert\/\" \/>\n<meta property=\"og:site_name\" content=\"Naturpark Stechlin-Ruppiner Land\" \/>\n<meta property=\"article:published_time\" content=\"2021-04-15T11:24:11+00:00\" \/>\n<meta property=\"article:modified_time\" content=\"2021-04-21T17:11:04+00:00\" \/>\n<meta property=\"og:image\" content=\"https:\/\/www.naturparkmagazin.de\/stechlin\/wp-content\/uploads\/sites\/38\/Steg-Wummsee.jpg\" \/>\n\t<meta property=\"og:image:width\" content=\"200\" \/>\n\t<meta property=\"og:image:height\" content=\"200\" \/>\n\t<meta property=\"og:image:type\" content=\"image\/jpeg\" \/>\n<meta name=\"author\" content=\"marioschrumpf\" \/>\n<meta name=\"twitter:label1\" content=\"Verfasst von\" \/>\n\t<meta name=\"twitter:data1\" content=\"marioschrumpf\" \/>\n\t<meta name=\"twitter:label2\" content=\"Gesch\u00e4tzte Lesezeit\" \/>\n\t<meta name=\"twitter:data2\" content=\"1\u00a0Minute\" \/>\n<script type=\"application\/ld+json\" class=\"yoast-schema-graph\">{\"@context\":\"https:\/\/schema.org\",\"@graph\":[{\"@type\":\"WebPage\",\"@id\":\"https:\/\/www.naturparkmagazin.de\/stechlin\/moorsteg-am-wummsee-repariert\/\",\"url\":\"https:\/\/www.naturparkmagazin.de\/stechlin\/moorsteg-am-wummsee-repariert\/\",\"name\":\"Moorsteg am Wummsee repariert - Naturpark Stechlin-Ruppiner Land\",\"isPartOf\":{\"@id\":\"https:\/\/www.naturparkmagazin.de\/stechlin\/#website\"},\"datePublished\":\"2021-04-15T11:24:11+00:00\",\"dateModified\":\"2021-04-21T17:11:04+00:00\",\"author\":{\"@id\":\"https:\/\/www.naturparkmagazin.de\/stechlin\/#\/schema\/person\/3f0d93203df21c806dd63c76d9bb28bc\"},\"breadcrumb\":{\"@id\":\"https:\/\/www.naturparkmagazin.de\/stechlin\/moorsteg-am-wummsee-repariert\/#breadcrumb\"},\"inLanguage\":\"de\",\"potentialAction\":[{\"@type\":\"ReadAction\",\"target\":[\"https:\/\/www.naturparkmagazin.de\/stechlin\/moorsteg-am-wummsee-repariert\/\"]}]},{\"@type\":\"BreadcrumbList\",\"@id\":\"https:\/\/www.naturparkmagazin.de\/stechlin\/moorsteg-am-wummsee-repariert\/#breadcrumb\",\"itemListElement\":[{\"@type\":\"ListItem\",\"position\":1,\"name\":\"Home\",\"item\":\"https:\/\/www.naturparkmagazin.de\/stechlin\/\"},{\"@type\":\"ListItem\",\"position\":2,\"name\":\"Moorsteg am Wummsee repariert\"}]},{\"@type\":\"WebSite\",\"@id\":\"https:\/\/www.naturparkmagazin.de\/stechlin\/#website\",\"url\":\"https:\/\/www.naturparkmagazin.de\/stechlin\/\",\"name\":\"Naturpark Stechlin-Ruppiner Land\",\"description\":\"\",\"potentialAction\":[{\"@type\":\"SearchAction\",\"target\":{\"@type\":\"EntryPoint\",\"urlTemplate\":\"https:\/\/www.naturparkmagazin.de\/stechlin\/?s={search_term_string}\"},\"query-input\":\"required name=search_term_string\"}],\"inLanguage\":\"de\"},{\"@type\":\"Person\",\"@id\":\"https:\/\/www.naturparkmagazin.de\/stechlin\/#\/schema\/person\/3f0d93203df21c806dd63c76d9bb28bc\",\"name\":\"marioschrumpf\",\"url\":\"https:\/\/www.naturparkmagazin.de\/stechlin\/author\/marioschrumpf\/\"}]}<\/script>\n<!-- \/ Yoast SEO plugin. -->","yoast_head_json":{"title":"Moorsteg am Wummsee repariert - Naturpark Stechlin-Ruppiner Land","robots":{"index":"index","follow":"follow","max-snippet":"max-snippet:-1","max-image-preview":"max-image-preview:large","max-video-preview":"max-video-preview:-1"},"canonical":"https:\/\/www.naturparkmagazin.de\/stechlin\/moorsteg-am-wummsee-repariert\/","og_locale":"de_DE","og_type":"article","og_title":"Moorsteg am Wummsee repariert - Naturpark Stechlin-Ruppiner Land","og_description":"Der Rundwanderweg um den Gro\u00dfen Wummsee geh\u00f6rt zu den beliebtesten Wanderwegen im Naturpark.","og_url":"https:\/\/www.naturparkmagazin.de\/stechlin\/moorsteg-am-wummsee-repariert\/","og_site_name":"Naturpark Stechlin-Ruppiner Land","article_published_time":"2021-04-15T11:24:11+00:00","article_modified_time":"2021-04-21T17:11:04+00:00","og_image":[{"width":200,"height":200,"url":"https:\/\/www.naturparkmagazin.de\/stechlin\/wp-content\/uploads\/sites\/38\/Steg-Wummsee.jpg","type":"image\/jpeg"}],"author":"marioschrumpf","twitter_misc":{"Verfasst von":"marioschrumpf","Gesch\u00e4tzte Lesezeit":"1\u00a0Minute"},"schema":{"@context":"https:\/\/schema.org","@graph":[{"@type":"WebPage","@id":"https:\/\/www.naturparkmagazin.de\/stechlin\/moorsteg-am-wummsee-repariert\/","url":"https:\/\/www.naturparkmagazin.de\/stechlin\/moorsteg-am-wummsee-repariert\/","name":"Moorsteg am Wummsee repariert - Naturpark Stechlin-Ruppiner Land","isPartOf":{"@id":"https:\/\/www.naturparkmagazin.de\/stechlin\/#website"},"datePublished":"2021-04-15T11:24:11+00:00","dateModified":"2021-04-21T17:11:04+00:00","author":{"@id":"https:\/\/www.naturparkmagazin.de\/stechlin\/#\/schema\/person\/3f0d93203df21c806dd63c76d9bb28bc"},"breadcrumb":{"@id":"https:\/\/www.naturparkmagazin.de\/stechlin\/moorsteg-am-wummsee-repariert\/#breadcrumb"},"inLanguage":"de","potentialAction":[{"@type":"ReadAction","target":["https:\/\/www.naturparkmagazin.de\/stechlin\/moorsteg-am-wummsee-repariert\/"]}]},{"@type":"BreadcrumbList","@id":"https:\/\/www.naturparkmagazin.de\/stechlin\/moorsteg-am-wummsee-repariert\/#breadcrumb","itemListElement":[{"@type":"ListItem","position":1,"name":"Home","item":"https:\/\/www.naturparkmagazin.de\/stechlin\/"},{"@type":"ListItem","position":2,"name":"Moorsteg am Wummsee repariert"}]},{"@type":"WebSite","@id":"https:\/\/www.naturparkmagazin.de\/stechlin\/#website","url":"https:\/\/www.naturparkmagazin.de\/stechlin\/","name":"Naturpark Stechlin-Ruppiner Land","description":"","potentialAction":[{"@type":"SearchAction","target":{"@type":"EntryPoint","urlTemplate":"https:\/\/www.naturparkmagazin.de\/stechlin\/?s={search_term_string}"},"query-input":"required name=search_term_string"}],"inLanguage":"de"},{"@type":"Person","@id":"https:\/\/www.naturparkmagazin.de\/stechlin\/#\/schema\/person\/3f0d93203df21c806dd63c76d9bb28bc","name":"marioschrumpf","url":"https:\/\/www.naturparkmagazin.de\/stechlin\/author\/marioschrumpf\/"}]}},"_links":{"self":[{"href":"https:\/\/www.naturparkmagazin.de\/stechlin\/wp-json\/wp\/v2\/posts\/10478"}],"collection":[{"href":"https:\/\/www.naturparkmagazin.de\/stechlin\/wp-json\/wp\/v2\/posts"}],"about":[{"href":"https:\/\/www.naturparkmagazin.de\/stechlin\/wp-json\/wp\/v2\/types\/post"}],"author":[{"embeddable":true,"href":"https:\/\/www.naturparkmagazin.de\/stechlin\/wp-json\/wp\/v2\/users\/39"}],"replies":[{"embeddable":true,"href":"https:\/\/www.naturparkmagazin.de\/stechlin\/wp-json\/wp\/v2\/comments?post=10478"}],"version-history":[{"count":4,"href":"https:\/\/www.naturparkmagazin.de\/stechlin\/wp-json\/wp\/v2\/posts\/10478\/revisions"}],"predecessor-version":[{"id":10493,"href":"https:\/\/www.naturparkmagazin.de\/stechlin\/wp-json\/wp\/v2\/posts\/10478\/revisions\/10493"}],"wp:featuredmedia":[{"embeddable":true,"href":"https:\/\/www.naturparkmagazin.de\/stechlin\/wp-json\/wp\/v2\/media\/10486"}],"wp:attachment":[{"href":"https:\/\/www.naturparkmagazin.de\/stechlin\/wp-json\/wp\/v2\/media?parent=10478"}],"wp:term":[{"taxonomy":"category","embeddable":true,"href":"https:\/\/www.naturparkmagazin.de\/stechlin\/wp-json\/wp\/v2\/categories?post=10478"},{"taxonomy":"post_tag","embeddable":true,"href":"https:\/\/www.naturparkmagazin.de\/stechlin\/wp-json\/wp\/v2\/tags?post=10478"}],"curies":[{"name":"wp","href":"https:\/\/api.w.org\/{rel}","templated":true}]}}