{"id":1049,"date":"2018-05-16T12:46:32","date_gmt":"2018-05-16T10:46:32","guid":{"rendered":"http:\/\/www.naturparkmagazin.de\/stechlin\/?p=1049"},"modified":"2018-05-25T16:47:03","modified_gmt":"2018-05-25T14:47:03","slug":"tag-der-offenen-tuer-beim-igb-stechlin","status":"publish","type":"post","link":"https:\/\/www.naturparkmagazin.de\/stechlin\/tag-der-offenen-tuer-beim-igb-stechlin\/","title":{"rendered":"Tag der offenen T\u00fcr im IGB Stechlin"},"content":{"rendered":"<p>&nbsp;<\/p>\n<p><a href=\"https:\/\/www.naturparkmagazin.de\/stechlin\/wp-content\/uploads\/sites\/38\/IGB-Sommerfest-_Katharina-Bunk.jpg\"><img decoding=\"async\" loading=\"lazy\" class=\" size-thumbnail wp-image-7047 aligncenter\" src=\"https:\/\/www.naturparkmagazin.de\/stechlin\/wp-content\/uploads\/sites\/38\/IGB-Sommerfest-_Katharina-Bunk-300x180.jpg\" alt=\"NP SRL\/Katharina Bunk\" width=\"300\" height=\"180\" srcset=\"https:\/\/www.naturparkmagazin.de\/stechlin\/wp-content\/uploads\/sites\/38\/IGB-Sommerfest-_Katharina-Bunk-300x180.jpg 300w, https:\/\/www.naturparkmagazin.de\/stechlin\/wp-content\/uploads\/sites\/38\/IGB-Sommerfest-_Katharina-Bunk.jpg 500w, https:\/\/www.naturparkmagazin.de\/stechlin\/wp-content\/uploads\/sites\/38\/IGB-Sommerfest-_Katharina-Bunk-200x120.jpg 200w\" sizes=\"(max-width: 300px) 100vw, 300px\" \/><\/a><\/p>\n<p><em>\u201eGew\u00e4sserforschung erleben!\u201c<\/em> ist das Motto zum <strong>Tag der offenen T\u00fcr<\/strong> am <strong>30. Juni 2018 von 10-17 Uhr<\/strong> am IGB Stechlin (Leibniz-Institut f\u00fcr Gew\u00e4sser\u00f6kologie und Binnenfischerei, Alte Fischerh\u00fctte 2 in 16775 Stechlin OT Neuglobsow).<\/p>\n<p>Unsere Forscherinnen und Forscher laden Klein und Gro\u00df zum Staunen und Mitforschen ein: Was macht der Wasserfloh denn so und welche Lebewesen tummeln sich sonst noch im Wassertropfen?<\/p>\n<p>Auf geht\u00b4s mit dem Boot zum schwimmenden Seelabor auf dem Stechlinsee, wo das IGB die Folgen des Umweltwandels auf Seen untersucht. In wissenschaftlichen Kurzvortr\u00e4gen erfahren Sie, wie Gew\u00e4sser ticken und welchen Einfluss wir Menschen darauf haben. In einigen Laboren sieht es aus wie im Cockpit eines Flugzeugs, doch was kann man mit diesen hochtechnischen Ger\u00e4ten eigentlich messen? Wir gew\u00e4hren Ihnen gerne einen Einblick und freuen uns auf Ihre Fragen. Danach l\u00e4sst es sich herrlich im Gartencaf\u00e9 am Ufer des Sees entspannen, oder vielleicht doch noch schnell im Riesenangelspiel einen Fisch an Land ziehen? An einer Station werden T-Shirts mit aquatischen Motiven auf Wunsch bedruckt \u2013 als Erinnerung an einen abwechslungsreichen Tag am IGB Stechlin.<\/p>\n<p>Weitere Infos <a href=\"http:\/\/www.seelabor.de\">hier<\/a>.<\/p>\n<p>Hier kann der <a href=\"http:\/\/www.stechlin-ruppiner-land-naturpark.de\/fileadmin\/user_upload\/PDF\/Stechlin-Ruppin\/Aktuelles\/Flyer_IGB-TdoT-2018.pdf\">Flye<\/a><a href=\"http:\/\/www.stechlin-ruppiner-land-naturpark.de\/fileadmin\/user_upload\/PDF\/Stechlin-Ruppin\/Aktuelles\/Flyer_IGB-TdoT-2018.pdf\">r<\/a> heruntergeladen werden (0,7 MB)!<\/p>\n<p>&nbsp;<\/p>\n","protected":false},"excerpt":{"rendered":"<p>Am 30. Juni l\u00e4dt das Leibniz-Institut f\u00fcr Gew\u00e4sser\u00f6kologie und Binnenfischerei (IGB) in Neuglobsow Gro\u00df und Klein zum Staunen und Mitforschen ein!<\/p>\n","protected":false},"author":39,"featured_media":7046,"comment_status":"open","ping_status":"open","sticky":false,"template":"","format":"standard","meta":[],"categories":[11],"tags":[],"yoast_head":"<!-- This site is optimized with the Yoast SEO plugin v19.10 - https:\/\/yoast.com\/wordpress\/plugins\/seo\/ -->\n<title>Tag der offenen T\u00fcr im IGB Stechlin - Naturpark Stechlin-Ruppiner Land<\/title>\n<meta name=\"robots\" content=\"index, follow, max-snippet:-1, max-image-preview:large, max-video-preview:-1\" \/>\n<link rel=\"canonical\" href=\"https:\/\/www.naturparkmagazin.de\/stechlin\/tag-der-offenen-tuer-beim-igb-stechlin\/\" \/>\n<meta property=\"og:locale\" content=\"de_DE\" \/>\n<meta property=\"og:type\" content=\"article\" \/>\n<meta property=\"og:title\" content=\"Tag der offenen T\u00fcr im IGB Stechlin - Naturpark Stechlin-Ruppiner Land\" \/>\n<meta property=\"og:description\" content=\"Am 30. Juni l\u00e4dt das Leibniz-Institut f\u00fcr Gew\u00e4sser\u00f6kologie und Binnenfischerei (IGB) in Neuglobsow Gro\u00df und Klein zum Staunen und Mitforschen ein!\" \/>\n<meta property=\"og:url\" content=\"https:\/\/www.naturparkmagazin.de\/stechlin\/tag-der-offenen-tuer-beim-igb-stechlin\/\" \/>\n<meta property=\"og:site_name\" content=\"Naturpark Stechlin-Ruppiner Land\" \/>\n<meta property=\"article:published_time\" content=\"2018-05-16T10:46:32+00:00\" \/>\n<meta property=\"article:modified_time\" content=\"2018-05-25T14:47:03+00:00\" \/>\n<meta property=\"og:image\" content=\"https:\/\/www.naturparkmagazin.de\/stechlin\/wp-content\/uploads\/sites\/38\/Seelabor.jpg\" \/>\n\t<meta property=\"og:image:width\" content=\"200\" \/>\n\t<meta property=\"og:image:height\" content=\"200\" \/>\n\t<meta property=\"og:image:type\" content=\"image\/jpeg\" \/>\n<meta name=\"author\" content=\"marioschrumpf\" \/>\n<meta name=\"twitter:label1\" content=\"Verfasst von\" \/>\n\t<meta name=\"twitter:data1\" content=\"marioschrumpf\" \/>\n\t<meta name=\"twitter:label2\" content=\"Gesch\u00e4tzte Lesezeit\" \/>\n\t<meta name=\"twitter:data2\" content=\"1\u00a0Minute\" \/>\n<script type=\"application\/ld+json\" class=\"yoast-schema-graph\">{\"@context\":\"https:\/\/schema.org\",\"@graph\":[{\"@type\":\"WebPage\",\"@id\":\"https:\/\/www.naturparkmagazin.de\/stechlin\/tag-der-offenen-tuer-beim-igb-stechlin\/\",\"url\":\"https:\/\/www.naturparkmagazin.de\/stechlin\/tag-der-offenen-tuer-beim-igb-stechlin\/\",\"name\":\"Tag der offenen T\u00fcr im IGB Stechlin - Naturpark Stechlin-Ruppiner Land\",\"isPartOf\":{\"@id\":\"https:\/\/www.naturparkmagazin.de\/stechlin\/#website\"},\"datePublished\":\"2018-05-16T10:46:32+00:00\",\"dateModified\":\"2018-05-25T14:47:03+00:00\",\"author\":{\"@id\":\"https:\/\/www.naturparkmagazin.de\/stechlin\/#\/schema\/person\/3f0d93203df21c806dd63c76d9bb28bc\"},\"breadcrumb\":{\"@id\":\"https:\/\/www.naturparkmagazin.de\/stechlin\/tag-der-offenen-tuer-beim-igb-stechlin\/#breadcrumb\"},\"inLanguage\":\"de\",\"potentialAction\":[{\"@type\":\"ReadAction\",\"target\":[\"https:\/\/www.naturparkmagazin.de\/stechlin\/tag-der-offenen-tuer-beim-igb-stechlin\/\"]}]},{\"@type\":\"BreadcrumbList\",\"@id\":\"https:\/\/www.naturparkmagazin.de\/stechlin\/tag-der-offenen-tuer-beim-igb-stechlin\/#breadcrumb\",\"itemListElement\":[{\"@type\":\"ListItem\",\"position\":1,\"name\":\"Home\",\"item\":\"https:\/\/www.naturparkmagazin.de\/stechlin\/\"},{\"@type\":\"ListItem\",\"position\":2,\"name\":\"Tag der offenen T\u00fcr im IGB Stechlin\"}]},{\"@type\":\"WebSite\",\"@id\":\"https:\/\/www.naturparkmagazin.de\/stechlin\/#website\",\"url\":\"https:\/\/www.naturparkmagazin.de\/stechlin\/\",\"name\":\"Naturpark Stechlin-Ruppiner Land\",\"description\":\"\",\"potentialAction\":[{\"@type\":\"SearchAction\",\"target\":{\"@type\":\"EntryPoint\",\"urlTemplate\":\"https:\/\/www.naturparkmagazin.de\/stechlin\/?s={search_term_string}\"},\"query-input\":\"required name=search_term_string\"}],\"inLanguage\":\"de\"},{\"@type\":\"Person\",\"@id\":\"https:\/\/www.naturparkmagazin.de\/stechlin\/#\/schema\/person\/3f0d93203df21c806dd63c76d9bb28bc\",\"name\":\"marioschrumpf\",\"url\":\"https:\/\/www.naturparkmagazin.de\/stechlin\/author\/marioschrumpf\/\"}]}<\/script>\n<!-- \/ Yoast SEO plugin. -->","yoast_head_json":{"title":"Tag der offenen T\u00fcr im IGB Stechlin - Naturpark Stechlin-Ruppiner Land","robots":{"index":"index","follow":"follow","max-snippet":"max-snippet:-1","max-image-preview":"max-image-preview:large","max-video-preview":"max-video-preview:-1"},"canonical":"https:\/\/www.naturparkmagazin.de\/stechlin\/tag-der-offenen-tuer-beim-igb-stechlin\/","og_locale":"de_DE","og_type":"article","og_title":"Tag der offenen T\u00fcr im IGB Stechlin - Naturpark Stechlin-Ruppiner Land","og_description":"Am 30. Juni l\u00e4dt das Leibniz-Institut f\u00fcr Gew\u00e4sser\u00f6kologie und Binnenfischerei (IGB) in Neuglobsow Gro\u00df und Klein zum Staunen und Mitforschen ein!","og_url":"https:\/\/www.naturparkmagazin.de\/stechlin\/tag-der-offenen-tuer-beim-igb-stechlin\/","og_site_name":"Naturpark Stechlin-Ruppiner Land","article_published_time":"2018-05-16T10:46:32+00:00","article_modified_time":"2018-05-25T14:47:03+00:00","og_image":[{"width":200,"height":200,"url":"https:\/\/www.naturparkmagazin.de\/stechlin\/wp-content\/uploads\/sites\/38\/Seelabor.jpg","type":"image\/jpeg"}],"author":"marioschrumpf","twitter_misc":{"Verfasst von":"marioschrumpf","Gesch\u00e4tzte Lesezeit":"1\u00a0Minute"},"schema":{"@context":"https:\/\/schema.org","@graph":[{"@type":"WebPage","@id":"https:\/\/www.naturparkmagazin.de\/stechlin\/tag-der-offenen-tuer-beim-igb-stechlin\/","url":"https:\/\/www.naturparkmagazin.de\/stechlin\/tag-der-offenen-tuer-beim-igb-stechlin\/","name":"Tag der offenen T\u00fcr im IGB Stechlin - Naturpark Stechlin-Ruppiner Land","isPartOf":{"@id":"https:\/\/www.naturparkmagazin.de\/stechlin\/#website"},"datePublished":"2018-05-16T10:46:32+00:00","dateModified":"2018-05-25T14:47:03+00:00","author":{"@id":"https:\/\/www.naturparkmagazin.de\/stechlin\/#\/schema\/person\/3f0d93203df21c806dd63c76d9bb28bc"},"breadcrumb":{"@id":"https:\/\/www.naturparkmagazin.de\/stechlin\/tag-der-offenen-tuer-beim-igb-stechlin\/#breadcrumb"},"inLanguage":"de","potentialAction":[{"@type":"ReadAction","target":["https:\/\/www.naturparkmagazin.de\/stechlin\/tag-der-offenen-tuer-beim-igb-stechlin\/"]}]},{"@type":"BreadcrumbList","@id":"https:\/\/www.naturparkmagazin.de\/stechlin\/tag-der-offenen-tuer-beim-igb-stechlin\/#breadcrumb","itemListElement":[{"@type":"ListItem","position":1,"name":"Home","item":"https:\/\/www.naturparkmagazin.de\/stechlin\/"},{"@type":"ListItem","position":2,"name":"Tag der offenen T\u00fcr im IGB Stechlin"}]},{"@type":"WebSite","@id":"https:\/\/www.naturparkmagazin.de\/stechlin\/#website","url":"https:\/\/www.naturparkmagazin.de\/stechlin\/","name":"Naturpark Stechlin-Ruppiner Land","description":"","potentialAction":[{"@type":"SearchAction","target":{"@type":"EntryPoint","urlTemplate":"https:\/\/www.naturparkmagazin.de\/stechlin\/?s={search_term_string}"},"query-input":"required name=search_term_string"}],"inLanguage":"de"},{"@type":"Person","@id":"https:\/\/www.naturparkmagazin.de\/stechlin\/#\/schema\/person\/3f0d93203df21c806dd63c76d9bb28bc","name":"marioschrumpf","url":"https:\/\/www.naturparkmagazin.de\/stechlin\/author\/marioschrumpf\/"}]}},"_links":{"self":[{"href":"https:\/\/www.naturparkmagazin.de\/stechlin\/wp-json\/wp\/v2\/posts\/1049"}],"collection":[{"href":"https:\/\/www.naturparkmagazin.de\/stechlin\/wp-json\/wp\/v2\/posts"}],"about":[{"href":"https:\/\/www.naturparkmagazin.de\/stechlin\/wp-json\/wp\/v2\/types\/post"}],"author":[{"embeddable":true,"href":"https:\/\/www.naturparkmagazin.de\/stechlin\/wp-json\/wp\/v2\/users\/39"}],"replies":[{"embeddable":true,"href":"https:\/\/www.naturparkmagazin.de\/stechlin\/wp-json\/wp\/v2\/comments?post=1049"}],"version-history":[{"count":10,"href":"https:\/\/www.naturparkmagazin.de\/stechlin\/wp-json\/wp\/v2\/posts\/1049\/revisions"}],"predecessor-version":[{"id":1060,"href":"https:\/\/www.naturparkmagazin.de\/stechlin\/wp-json\/wp\/v2\/posts\/1049\/revisions\/1060"}],"wp:featuredmedia":[{"embeddable":true,"href":"https:\/\/www.naturparkmagazin.de\/stechlin\/wp-json\/wp\/v2\/media\/7046"}],"wp:attachment":[{"href":"https:\/\/www.naturparkmagazin.de\/stechlin\/wp-json\/wp\/v2\/media?parent=1049"}],"wp:term":[{"taxonomy":"category","embeddable":true,"href":"https:\/\/www.naturparkmagazin.de\/stechlin\/wp-json\/wp\/v2\/categories?post=1049"},{"taxonomy":"post_tag","embeddable":true,"href":"https:\/\/www.naturparkmagazin.de\/stechlin\/wp-json\/wp\/v2\/tags?post=1049"}],"curies":[{"name":"wp","href":"https:\/\/api.w.org\/{rel}","templated":true}]}}