{"id":10508,"date":"2021-04-15T11:16:42","date_gmt":"2021-04-15T09:16:42","guid":{"rendered":"https:\/\/www.naturparkmagazin.de\/stechlin\/?p=10508"},"modified":"2021-04-23T11:45:02","modified_gmt":"2021-04-23T09:45:02","slug":"kein-menzer-waldfest-in-2021","status":"publish","type":"post","link":"https:\/\/www.naturparkmagazin.de\/stechlin\/kein-menzer-waldfest-in-2021\/","title":{"rendered":"Kein Menzer Waldfest in 2021"},"content":{"rendered":"<p>Aufgrund der Coronapandemie muss auch in diesem Jahr das urspr\u00fcnglich f\u00fcr den 26. Juni geplante Menzer Waldfest abgesagt werden.<\/p>\n<p>Damit f\u00e4llt auch die im Rahmen des Waldfestes vorgesehene Feier zum 20-j\u00e4hrigen Bestehen des Naturparks aus. Aber aufgeschoben ist nicht aufgehoben! Die Jubil\u00e4umsfeier wird sobald wie m\u00f6glich nachgeholt. Versprochen!<\/p>\n<div id=\"attachment_8580\" style=\"width: 310px\" class=\"wp-caption aligncenter\"><a href=\"https:\/\/www.naturparkmagazin.de\/stechlin\/wp-content\/uploads\/sites\/38\/Waldfest-2019_438.jpg\"><img aria-describedby=\"caption-attachment-8580\" decoding=\"async\" loading=\"lazy\" class=\"size-thumbnail wp-image-8580\" src=\"https:\/\/www.naturparkmagazin.de\/stechlin\/wp-content\/uploads\/sites\/38\/Waldfest-2019_438-300x180.jpg\" alt=\"Gemeinsam mit Carla Kniestedt pr\u00e4sentieren Henning Storch (l) und Naturparkleiter Mario Schrumpf den &quot;Roten Hahn&quot; auf der Waldfestb\u00fchne.\" width=\"300\" height=\"180\" srcset=\"https:\/\/www.naturparkmagazin.de\/stechlin\/wp-content\/uploads\/sites\/38\/Waldfest-2019_438-300x180.jpg 300w, https:\/\/www.naturparkmagazin.de\/stechlin\/wp-content\/uploads\/sites\/38\/Waldfest-2019_438.jpg 500w, https:\/\/www.naturparkmagazin.de\/stechlin\/wp-content\/uploads\/sites\/38\/Waldfest-2019_438-200x120.jpg 200w\" sizes=\"(max-width: 300px) 100vw, 300px\" \/><\/a><p id=\"caption-attachment-8580\" class=\"wp-caption-text\">Gemeinsam mit Carla Kniestedt pr\u00e4sentieren Henning Storch (l) und Naturparkleiter Mario Schrumpf den &#8222;Roten Hahn&#8220; auf der Waldfestb\u00fchne 2019. \u00a9Dr. Mario Schrumpf<\/p><\/div>\n<p>Der Naturpark Stechlin-Ruppiner Land wurde im Juni 2001 offiziell zum damaligen Menzer Waldfestes bekannt gemacht. Auch das 10-j\u00e4hrige Jubil\u00e4um wurde zum Waldfest 2011 gefeiert.<\/p>\n<div id=\"attachment_8593\" style=\"width: 310px\" class=\"wp-caption aligncenter\"><a href=\"https:\/\/www.naturparkmagazin.de\/stechlin\/wp-content\/uploads\/sites\/38\/Waldfest_69.jpg\"><img aria-describedby=\"caption-attachment-8593\" decoding=\"async\" loading=\"lazy\" class=\"size-thumbnail wp-image-8593\" src=\"https:\/\/www.naturparkmagazin.de\/stechlin\/wp-content\/uploads\/sites\/38\/Waldfest_69-300x180.jpg\" alt=\"Imker Klaus Werner kommt Jahr f\u00fcr Jahr als Aussteller zum Waldfest.\" width=\"300\" height=\"180\" srcset=\"https:\/\/www.naturparkmagazin.de\/stechlin\/wp-content\/uploads\/sites\/38\/Waldfest_69-300x180.jpg 300w, https:\/\/www.naturparkmagazin.de\/stechlin\/wp-content\/uploads\/sites\/38\/Waldfest_69.jpg 500w, https:\/\/www.naturparkmagazin.de\/stechlin\/wp-content\/uploads\/sites\/38\/Waldfest_69-200x120.jpg 200w\" sizes=\"(max-width: 300px) 100vw, 300px\" \/><\/a><p id=\"caption-attachment-8593\" class=\"wp-caption-text\">Imker Klaus Werner aus Rheinsberg kommt Jahr f\u00fcr Jahr als Aussteller zum Waldfest. \u00a9Dr. Mario Schrumpf<\/p><\/div>\n","protected":false},"excerpt":{"rendered":"<p>Aufgrund der Coronapandemie muss auch in diesem Jahr das urspr\u00fcnglich f\u00fcr den 26. Juni geplante Menzer Waldfest abgesagt werden.<\/p>\n","protected":false},"author":39,"featured_media":10513,"comment_status":"open","ping_status":"open","sticky":false,"template":"","format":"standard","meta":[],"categories":[11],"tags":[],"yoast_head":"<!-- This site is optimized with the Yoast SEO plugin v19.10 - https:\/\/yoast.com\/wordpress\/plugins\/seo\/ -->\n<title>Kein Menzer Waldfest in 2021 - Naturpark Stechlin-Ruppiner Land<\/title>\n<meta name=\"robots\" content=\"index, follow, max-snippet:-1, max-image-preview:large, max-video-preview:-1\" \/>\n<link rel=\"canonical\" href=\"https:\/\/www.naturparkmagazin.de\/stechlin\/kein-menzer-waldfest-in-2021\/\" \/>\n<meta property=\"og:locale\" content=\"de_DE\" \/>\n<meta property=\"og:type\" content=\"article\" \/>\n<meta property=\"og:title\" content=\"Kein Menzer Waldfest in 2021 - Naturpark Stechlin-Ruppiner Land\" \/>\n<meta property=\"og:description\" content=\"Aufgrund der Coronapandemie muss auch in diesem Jahr das urspr\u00fcnglich f\u00fcr den 26. Juni geplante Menzer Waldfest abgesagt werden.\" \/>\n<meta property=\"og:url\" content=\"https:\/\/www.naturparkmagazin.de\/stechlin\/kein-menzer-waldfest-in-2021\/\" \/>\n<meta property=\"og:site_name\" content=\"Naturpark Stechlin-Ruppiner Land\" \/>\n<meta property=\"article:published_time\" content=\"2021-04-15T09:16:42+00:00\" \/>\n<meta property=\"article:modified_time\" content=\"2021-04-23T09:45:02+00:00\" \/>\n<meta property=\"og:image\" content=\"https:\/\/www.naturparkmagazin.de\/stechlin\/wp-content\/uploads\/sites\/38\/P6248905.jpg\" \/>\n\t<meta property=\"og:image:width\" content=\"200\" \/>\n\t<meta property=\"og:image:height\" content=\"200\" \/>\n\t<meta property=\"og:image:type\" content=\"image\/jpeg\" \/>\n<meta name=\"author\" content=\"marioschrumpf\" \/>\n<meta name=\"twitter:label1\" content=\"Verfasst von\" \/>\n\t<meta name=\"twitter:data1\" content=\"marioschrumpf\" \/>\n\t<meta name=\"twitter:label2\" content=\"Gesch\u00e4tzte Lesezeit\" \/>\n\t<meta name=\"twitter:data2\" content=\"1\u00a0Minute\" \/>\n<script type=\"application\/ld+json\" class=\"yoast-schema-graph\">{\"@context\":\"https:\/\/schema.org\",\"@graph\":[{\"@type\":\"WebPage\",\"@id\":\"https:\/\/www.naturparkmagazin.de\/stechlin\/kein-menzer-waldfest-in-2021\/\",\"url\":\"https:\/\/www.naturparkmagazin.de\/stechlin\/kein-menzer-waldfest-in-2021\/\",\"name\":\"Kein Menzer Waldfest in 2021 - Naturpark Stechlin-Ruppiner Land\",\"isPartOf\":{\"@id\":\"https:\/\/www.naturparkmagazin.de\/stechlin\/#website\"},\"datePublished\":\"2021-04-15T09:16:42+00:00\",\"dateModified\":\"2021-04-23T09:45:02+00:00\",\"author\":{\"@id\":\"https:\/\/www.naturparkmagazin.de\/stechlin\/#\/schema\/person\/3f0d93203df21c806dd63c76d9bb28bc\"},\"breadcrumb\":{\"@id\":\"https:\/\/www.naturparkmagazin.de\/stechlin\/kein-menzer-waldfest-in-2021\/#breadcrumb\"},\"inLanguage\":\"de\",\"potentialAction\":[{\"@type\":\"ReadAction\",\"target\":[\"https:\/\/www.naturparkmagazin.de\/stechlin\/kein-menzer-waldfest-in-2021\/\"]}]},{\"@type\":\"BreadcrumbList\",\"@id\":\"https:\/\/www.naturparkmagazin.de\/stechlin\/kein-menzer-waldfest-in-2021\/#breadcrumb\",\"itemListElement\":[{\"@type\":\"ListItem\",\"position\":1,\"name\":\"Home\",\"item\":\"https:\/\/www.naturparkmagazin.de\/stechlin\/\"},{\"@type\":\"ListItem\",\"position\":2,\"name\":\"Kein Menzer Waldfest in 2021\"}]},{\"@type\":\"WebSite\",\"@id\":\"https:\/\/www.naturparkmagazin.de\/stechlin\/#website\",\"url\":\"https:\/\/www.naturparkmagazin.de\/stechlin\/\",\"name\":\"Naturpark Stechlin-Ruppiner Land\",\"description\":\"\",\"potentialAction\":[{\"@type\":\"SearchAction\",\"target\":{\"@type\":\"EntryPoint\",\"urlTemplate\":\"https:\/\/www.naturparkmagazin.de\/stechlin\/?s={search_term_string}\"},\"query-input\":\"required name=search_term_string\"}],\"inLanguage\":\"de\"},{\"@type\":\"Person\",\"@id\":\"https:\/\/www.naturparkmagazin.de\/stechlin\/#\/schema\/person\/3f0d93203df21c806dd63c76d9bb28bc\",\"name\":\"marioschrumpf\",\"url\":\"https:\/\/www.naturparkmagazin.de\/stechlin\/author\/marioschrumpf\/\"}]}<\/script>\n<!-- \/ Yoast SEO plugin. -->","yoast_head_json":{"title":"Kein Menzer Waldfest in 2021 - Naturpark Stechlin-Ruppiner Land","robots":{"index":"index","follow":"follow","max-snippet":"max-snippet:-1","max-image-preview":"max-image-preview:large","max-video-preview":"max-video-preview:-1"},"canonical":"https:\/\/www.naturparkmagazin.de\/stechlin\/kein-menzer-waldfest-in-2021\/","og_locale":"de_DE","og_type":"article","og_title":"Kein Menzer Waldfest in 2021 - Naturpark Stechlin-Ruppiner Land","og_description":"Aufgrund der Coronapandemie muss auch in diesem Jahr das urspr\u00fcnglich f\u00fcr den 26. Juni geplante Menzer Waldfest abgesagt werden.","og_url":"https:\/\/www.naturparkmagazin.de\/stechlin\/kein-menzer-waldfest-in-2021\/","og_site_name":"Naturpark Stechlin-Ruppiner Land","article_published_time":"2021-04-15T09:16:42+00:00","article_modified_time":"2021-04-23T09:45:02+00:00","og_image":[{"width":200,"height":200,"url":"https:\/\/www.naturparkmagazin.de\/stechlin\/wp-content\/uploads\/sites\/38\/P6248905.jpg","type":"image\/jpeg"}],"author":"marioschrumpf","twitter_misc":{"Verfasst von":"marioschrumpf","Gesch\u00e4tzte Lesezeit":"1\u00a0Minute"},"schema":{"@context":"https:\/\/schema.org","@graph":[{"@type":"WebPage","@id":"https:\/\/www.naturparkmagazin.de\/stechlin\/kein-menzer-waldfest-in-2021\/","url":"https:\/\/www.naturparkmagazin.de\/stechlin\/kein-menzer-waldfest-in-2021\/","name":"Kein Menzer Waldfest in 2021 - Naturpark Stechlin-Ruppiner Land","isPartOf":{"@id":"https:\/\/www.naturparkmagazin.de\/stechlin\/#website"},"datePublished":"2021-04-15T09:16:42+00:00","dateModified":"2021-04-23T09:45:02+00:00","author":{"@id":"https:\/\/www.naturparkmagazin.de\/stechlin\/#\/schema\/person\/3f0d93203df21c806dd63c76d9bb28bc"},"breadcrumb":{"@id":"https:\/\/www.naturparkmagazin.de\/stechlin\/kein-menzer-waldfest-in-2021\/#breadcrumb"},"inLanguage":"de","potentialAction":[{"@type":"ReadAction","target":["https:\/\/www.naturparkmagazin.de\/stechlin\/kein-menzer-waldfest-in-2021\/"]}]},{"@type":"BreadcrumbList","@id":"https:\/\/www.naturparkmagazin.de\/stechlin\/kein-menzer-waldfest-in-2021\/#breadcrumb","itemListElement":[{"@type":"ListItem","position":1,"name":"Home","item":"https:\/\/www.naturparkmagazin.de\/stechlin\/"},{"@type":"ListItem","position":2,"name":"Kein Menzer Waldfest in 2021"}]},{"@type":"WebSite","@id":"https:\/\/www.naturparkmagazin.de\/stechlin\/#website","url":"https:\/\/www.naturparkmagazin.de\/stechlin\/","name":"Naturpark Stechlin-Ruppiner Land","description":"","potentialAction":[{"@type":"SearchAction","target":{"@type":"EntryPoint","urlTemplate":"https:\/\/www.naturparkmagazin.de\/stechlin\/?s={search_term_string}"},"query-input":"required name=search_term_string"}],"inLanguage":"de"},{"@type":"Person","@id":"https:\/\/www.naturparkmagazin.de\/stechlin\/#\/schema\/person\/3f0d93203df21c806dd63c76d9bb28bc","name":"marioschrumpf","url":"https:\/\/www.naturparkmagazin.de\/stechlin\/author\/marioschrumpf\/"}]}},"_links":{"self":[{"href":"https:\/\/www.naturparkmagazin.de\/stechlin\/wp-json\/wp\/v2\/posts\/10508"}],"collection":[{"href":"https:\/\/www.naturparkmagazin.de\/stechlin\/wp-json\/wp\/v2\/posts"}],"about":[{"href":"https:\/\/www.naturparkmagazin.de\/stechlin\/wp-json\/wp\/v2\/types\/post"}],"author":[{"embeddable":true,"href":"https:\/\/www.naturparkmagazin.de\/stechlin\/wp-json\/wp\/v2\/users\/39"}],"replies":[{"embeddable":true,"href":"https:\/\/www.naturparkmagazin.de\/stechlin\/wp-json\/wp\/v2\/comments?post=10508"}],"version-history":[{"count":3,"href":"https:\/\/www.naturparkmagazin.de\/stechlin\/wp-json\/wp\/v2\/posts\/10508\/revisions"}],"predecessor-version":[{"id":10514,"href":"https:\/\/www.naturparkmagazin.de\/stechlin\/wp-json\/wp\/v2\/posts\/10508\/revisions\/10514"}],"wp:featuredmedia":[{"embeddable":true,"href":"https:\/\/www.naturparkmagazin.de\/stechlin\/wp-json\/wp\/v2\/media\/10513"}],"wp:attachment":[{"href":"https:\/\/www.naturparkmagazin.de\/stechlin\/wp-json\/wp\/v2\/media?parent=10508"}],"wp:term":[{"taxonomy":"category","embeddable":true,"href":"https:\/\/www.naturparkmagazin.de\/stechlin\/wp-json\/wp\/v2\/categories?post=10508"},{"taxonomy":"post_tag","embeddable":true,"href":"https:\/\/www.naturparkmagazin.de\/stechlin\/wp-json\/wp\/v2\/tags?post=10508"}],"curies":[{"name":"wp","href":"https:\/\/api.w.org\/{rel}","templated":true}]}}