{"id":1051,"date":"2014-05-20T14:54:46","date_gmt":"2014-05-20T12:54:46","guid":{"rendered":"http:\/\/www.naturparkmagazin.de\/stechlin\/?p=1051"},"modified":"2014-05-21T09:07:28","modified_gmt":"2014-05-21T07:07:28","slug":"public-viewing-in-der-regionalwerkstatt-stechlin","status":"publish","type":"post","link":"https:\/\/www.naturparkmagazin.de\/stechlin\/public-viewing-in-der-regionalwerkstatt-stechlin\/","title":{"rendered":"Public Viewing in der Regionalwerkstatt Stechlin"},"content":{"rendered":"<p><a href=\"https:\/\/www.naturparkmagazin.de\/stechlin\/wp-content\/uploads\/sites\/38\/Fussball.jpg\"><img decoding=\"async\" loading=\"lazy\" class=\"alignnone size-full wp-image-1073\" alt=\"NP SRL\/Dr. Mario Schrumpf\" src=\"https:\/\/www.naturparkmagazin.de\/stechlin\/wp-content\/uploads\/sites\/38\/Fussball.jpg\" width=\"500\" height=\"335\" srcset=\"https:\/\/www.naturparkmagazin.de\/stechlin\/wp-content\/uploads\/sites\/38\/Fussball.jpg 500w, https:\/\/www.naturparkmagazin.de\/stechlin\/wp-content\/uploads\/sites\/38\/Fussball-300x201.jpg 300w, https:\/\/www.naturparkmagazin.de\/stechlin\/wp-content\/uploads\/sites\/38\/Fussball-200x134.jpg 200w\" sizes=\"(max-width: 500px) 100vw, 500px\" \/><\/a><\/p>\n<p>In bew\u00e4hrter Zusammenarbeit mit dem F\u00f6rderverein Naturlandschaft Stechlin und Menzer Heide e.V. und der Freiwilligen Feuerwehr \u00fcbertr\u00e4gt die Kirchengemeinde Menz in der Regionalwerkstatt Stechlin die Spiele der FIFA Fu\u00dfball-Weltmeisterschaft Brasilien 2014.<\/p>\n<p><strong><span style=\"text-decoration: underline\">Voraussichtliche Termine:<\/span><\/strong><\/p>\n<p>16. Juni, 18 Uhr; 21. Juni, 21 Uhr und 26. Juni, 18 Uhr<\/p>\n<p><span style=\"text-decoration: underline\">Achtelfinale:<\/span> 30. Juni oder 1. Juli, jeweils 22 Uhr<\/p>\n<p><span style=\"text-decoration: underline\">Viertelfinale:<\/span> 4. oder 5. Juli, jeweils 18 Uhr<\/p>\n<p><span style=\"text-decoration: underline\">Beide Halbfinale:<\/span> 8. und 9. Juli, jeweils 22 Uhr<\/p>\n<p><span style=\"text-decoration: underline\">Evtl. Spiel um Platz 3:<\/span> 12. Juli, 22 Uhr<\/p>\n<p><strong>Finale:<\/strong> 13. Juli, 21 Uhr<\/p>\n<p>Ein herzliches Dankesch\u00f6n daf\u00fcr im Namen aller Fu\u00dfballfans an Pfarrer Mathias Wolf.<\/p>\n<p>&nbsp;<\/p>\n","protected":false},"excerpt":{"rendered":"<p>Auch in diesem Jahr l\u00e4dt Pfarrer Mathias Wolf wieder zum Public Viewing in die Regionalwerkstatt Stechlin im Menz ein.<\/p>\n","protected":false},"author":39,"featured_media":1073,"comment_status":"open","ping_status":"open","sticky":false,"template":"","format":"standard","meta":[],"categories":[11],"tags":[],"yoast_head":"<!-- This site is optimized with the Yoast SEO plugin v19.10 - https:\/\/yoast.com\/wordpress\/plugins\/seo\/ -->\n<title>Public Viewing in der Regionalwerkstatt Stechlin - Naturpark Stechlin-Ruppiner Land<\/title>\n<meta name=\"robots\" content=\"index, follow, max-snippet:-1, max-image-preview:large, max-video-preview:-1\" \/>\n<link rel=\"canonical\" href=\"https:\/\/www.naturparkmagazin.de\/stechlin\/public-viewing-in-der-regionalwerkstatt-stechlin\/\" \/>\n<meta property=\"og:locale\" content=\"de_DE\" \/>\n<meta property=\"og:type\" content=\"article\" \/>\n<meta property=\"og:title\" content=\"Public Viewing in der Regionalwerkstatt Stechlin - Naturpark Stechlin-Ruppiner Land\" \/>\n<meta property=\"og:description\" content=\"Auch in diesem Jahr l\u00e4dt Pfarrer Mathias Wolf wieder zum Public Viewing in die Regionalwerkstatt Stechlin im Menz ein.\" \/>\n<meta property=\"og:url\" content=\"https:\/\/www.naturparkmagazin.de\/stechlin\/public-viewing-in-der-regionalwerkstatt-stechlin\/\" \/>\n<meta property=\"og:site_name\" content=\"Naturpark Stechlin-Ruppiner Land\" \/>\n<meta property=\"article:published_time\" content=\"2014-05-20T12:54:46+00:00\" \/>\n<meta property=\"article:modified_time\" content=\"2014-05-21T07:07:28+00:00\" \/>\n<meta property=\"og:image\" content=\"https:\/\/www.naturparkmagazin.de\/stechlin\/wp-content\/uploads\/sites\/38\/Fussball.jpg\" \/>\n\t<meta property=\"og:image:width\" content=\"500\" \/>\n\t<meta property=\"og:image:height\" content=\"335\" \/>\n\t<meta property=\"og:image:type\" content=\"image\/jpeg\" \/>\n<meta name=\"author\" content=\"marioschrumpf\" \/>\n<meta name=\"twitter:label1\" content=\"Verfasst von\" \/>\n\t<meta name=\"twitter:data1\" content=\"marioschrumpf\" \/>\n<script type=\"application\/ld+json\" class=\"yoast-schema-graph\">{\"@context\":\"https:\/\/schema.org\",\"@graph\":[{\"@type\":\"WebPage\",\"@id\":\"https:\/\/www.naturparkmagazin.de\/stechlin\/public-viewing-in-der-regionalwerkstatt-stechlin\/\",\"url\":\"https:\/\/www.naturparkmagazin.de\/stechlin\/public-viewing-in-der-regionalwerkstatt-stechlin\/\",\"name\":\"Public Viewing in der Regionalwerkstatt Stechlin - Naturpark Stechlin-Ruppiner Land\",\"isPartOf\":{\"@id\":\"https:\/\/www.naturparkmagazin.de\/stechlin\/#website\"},\"datePublished\":\"2014-05-20T12:54:46+00:00\",\"dateModified\":\"2014-05-21T07:07:28+00:00\",\"author\":{\"@id\":\"https:\/\/www.naturparkmagazin.de\/stechlin\/#\/schema\/person\/3f0d93203df21c806dd63c76d9bb28bc\"},\"breadcrumb\":{\"@id\":\"https:\/\/www.naturparkmagazin.de\/stechlin\/public-viewing-in-der-regionalwerkstatt-stechlin\/#breadcrumb\"},\"inLanguage\":\"de\",\"potentialAction\":[{\"@type\":\"ReadAction\",\"target\":[\"https:\/\/www.naturparkmagazin.de\/stechlin\/public-viewing-in-der-regionalwerkstatt-stechlin\/\"]}]},{\"@type\":\"BreadcrumbList\",\"@id\":\"https:\/\/www.naturparkmagazin.de\/stechlin\/public-viewing-in-der-regionalwerkstatt-stechlin\/#breadcrumb\",\"itemListElement\":[{\"@type\":\"ListItem\",\"position\":1,\"name\":\"Home\",\"item\":\"https:\/\/www.naturparkmagazin.de\/stechlin\/\"},{\"@type\":\"ListItem\",\"position\":2,\"name\":\"Public Viewing in der Regionalwerkstatt Stechlin\"}]},{\"@type\":\"WebSite\",\"@id\":\"https:\/\/www.naturparkmagazin.de\/stechlin\/#website\",\"url\":\"https:\/\/www.naturparkmagazin.de\/stechlin\/\",\"name\":\"Naturpark Stechlin-Ruppiner Land\",\"description\":\"\",\"potentialAction\":[{\"@type\":\"SearchAction\",\"target\":{\"@type\":\"EntryPoint\",\"urlTemplate\":\"https:\/\/www.naturparkmagazin.de\/stechlin\/?s={search_term_string}\"},\"query-input\":\"required name=search_term_string\"}],\"inLanguage\":\"de\"},{\"@type\":\"Person\",\"@id\":\"https:\/\/www.naturparkmagazin.de\/stechlin\/#\/schema\/person\/3f0d93203df21c806dd63c76d9bb28bc\",\"name\":\"marioschrumpf\",\"url\":\"https:\/\/www.naturparkmagazin.de\/stechlin\/author\/marioschrumpf\/\"}]}<\/script>\n<!-- \/ Yoast SEO plugin. -->","yoast_head_json":{"title":"Public Viewing in der Regionalwerkstatt Stechlin - Naturpark Stechlin-Ruppiner Land","robots":{"index":"index","follow":"follow","max-snippet":"max-snippet:-1","max-image-preview":"max-image-preview:large","max-video-preview":"max-video-preview:-1"},"canonical":"https:\/\/www.naturparkmagazin.de\/stechlin\/public-viewing-in-der-regionalwerkstatt-stechlin\/","og_locale":"de_DE","og_type":"article","og_title":"Public Viewing in der Regionalwerkstatt Stechlin - Naturpark Stechlin-Ruppiner Land","og_description":"Auch in diesem Jahr l\u00e4dt Pfarrer Mathias Wolf wieder zum Public Viewing in die Regionalwerkstatt Stechlin im Menz ein.","og_url":"https:\/\/www.naturparkmagazin.de\/stechlin\/public-viewing-in-der-regionalwerkstatt-stechlin\/","og_site_name":"Naturpark Stechlin-Ruppiner Land","article_published_time":"2014-05-20T12:54:46+00:00","article_modified_time":"2014-05-21T07:07:28+00:00","og_image":[{"width":500,"height":335,"url":"https:\/\/www.naturparkmagazin.de\/stechlin\/wp-content\/uploads\/sites\/38\/Fussball.jpg","type":"image\/jpeg"}],"author":"marioschrumpf","twitter_misc":{"Verfasst von":"marioschrumpf"},"schema":{"@context":"https:\/\/schema.org","@graph":[{"@type":"WebPage","@id":"https:\/\/www.naturparkmagazin.de\/stechlin\/public-viewing-in-der-regionalwerkstatt-stechlin\/","url":"https:\/\/www.naturparkmagazin.de\/stechlin\/public-viewing-in-der-regionalwerkstatt-stechlin\/","name":"Public Viewing in der Regionalwerkstatt Stechlin - Naturpark Stechlin-Ruppiner Land","isPartOf":{"@id":"https:\/\/www.naturparkmagazin.de\/stechlin\/#website"},"datePublished":"2014-05-20T12:54:46+00:00","dateModified":"2014-05-21T07:07:28+00:00","author":{"@id":"https:\/\/www.naturparkmagazin.de\/stechlin\/#\/schema\/person\/3f0d93203df21c806dd63c76d9bb28bc"},"breadcrumb":{"@id":"https:\/\/www.naturparkmagazin.de\/stechlin\/public-viewing-in-der-regionalwerkstatt-stechlin\/#breadcrumb"},"inLanguage":"de","potentialAction":[{"@type":"ReadAction","target":["https:\/\/www.naturparkmagazin.de\/stechlin\/public-viewing-in-der-regionalwerkstatt-stechlin\/"]}]},{"@type":"BreadcrumbList","@id":"https:\/\/www.naturparkmagazin.de\/stechlin\/public-viewing-in-der-regionalwerkstatt-stechlin\/#breadcrumb","itemListElement":[{"@type":"ListItem","position":1,"name":"Home","item":"https:\/\/www.naturparkmagazin.de\/stechlin\/"},{"@type":"ListItem","position":2,"name":"Public Viewing in der Regionalwerkstatt Stechlin"}]},{"@type":"WebSite","@id":"https:\/\/www.naturparkmagazin.de\/stechlin\/#website","url":"https:\/\/www.naturparkmagazin.de\/stechlin\/","name":"Naturpark Stechlin-Ruppiner Land","description":"","potentialAction":[{"@type":"SearchAction","target":{"@type":"EntryPoint","urlTemplate":"https:\/\/www.naturparkmagazin.de\/stechlin\/?s={search_term_string}"},"query-input":"required name=search_term_string"}],"inLanguage":"de"},{"@type":"Person","@id":"https:\/\/www.naturparkmagazin.de\/stechlin\/#\/schema\/person\/3f0d93203df21c806dd63c76d9bb28bc","name":"marioschrumpf","url":"https:\/\/www.naturparkmagazin.de\/stechlin\/author\/marioschrumpf\/"}]}},"_links":{"self":[{"href":"https:\/\/www.naturparkmagazin.de\/stechlin\/wp-json\/wp\/v2\/posts\/1051"}],"collection":[{"href":"https:\/\/www.naturparkmagazin.de\/stechlin\/wp-json\/wp\/v2\/posts"}],"about":[{"href":"https:\/\/www.naturparkmagazin.de\/stechlin\/wp-json\/wp\/v2\/types\/post"}],"author":[{"embeddable":true,"href":"https:\/\/www.naturparkmagazin.de\/stechlin\/wp-json\/wp\/v2\/users\/39"}],"replies":[{"embeddable":true,"href":"https:\/\/www.naturparkmagazin.de\/stechlin\/wp-json\/wp\/v2\/comments?post=1051"}],"version-history":[{"count":5,"href":"https:\/\/www.naturparkmagazin.de\/stechlin\/wp-json\/wp\/v2\/posts\/1051\/revisions"}],"predecessor-version":[{"id":1075,"href":"https:\/\/www.naturparkmagazin.de\/stechlin\/wp-json\/wp\/v2\/posts\/1051\/revisions\/1075"}],"wp:featuredmedia":[{"embeddable":true,"href":"https:\/\/www.naturparkmagazin.de\/stechlin\/wp-json\/wp\/v2\/media\/1073"}],"wp:attachment":[{"href":"https:\/\/www.naturparkmagazin.de\/stechlin\/wp-json\/wp\/v2\/media?parent=1051"}],"wp:term":[{"taxonomy":"category","embeddable":true,"href":"https:\/\/www.naturparkmagazin.de\/stechlin\/wp-json\/wp\/v2\/categories?post=1051"},{"taxonomy":"post_tag","embeddable":true,"href":"https:\/\/www.naturparkmagazin.de\/stechlin\/wp-json\/wp\/v2\/tags?post=1051"}],"curies":[{"name":"wp","href":"https:\/\/api.w.org\/{rel}","templated":true}]}}