{"id":10530,"date":"2021-05-14T10:00:11","date_gmt":"2021-05-14T08:00:11","guid":{"rendered":"https:\/\/www.naturparkmagazin.de\/stechlin\/?p=10530"},"modified":"2021-05-26T14:20:12","modified_gmt":"2021-05-26T12:20:12","slug":"4-baeume-fuer-den-dossegarten","status":"publish","type":"post","link":"https:\/\/www.naturparkmagazin.de\/stechlin\/4-baeume-fuer-den-dossegarten\/","title":{"rendered":"Obsthochst\u00e4mme alter Sorten f\u00fcr den Dossegarten"},"content":{"rendered":"<p>Der Schul- und Gemeinschaftsgarten &#8222;Dossegarten&#8220; der Volkssolidarit\u00e4t in Wittstock \/ Dosse unterst\u00fctzt den Wettbewerbes &#8222;Naturnahe G\u00e4rten&#8220; seit 2020 als Mitglied der Jury.<\/p>\n<p>Vom Kooperationspartner Naturpark Stechliner Ruppiner Land erhielten die Aktiven um Lea Wehde vier Apfelhochst\u00e4mme mit alten Sorten aus dem Genressourcenprojekt Streuobst als Dank f\u00fcr ihr Engagement bei der Bildung f\u00fcr nachhaltige Entwicklung.<\/p>\n<div id=\"attachment_10533\" style=\"width: 310px\" class=\"wp-caption aligncenter\"><a href=\"https:\/\/www.naturparkmagazin.de\/stechlin\/wp-content\/uploads\/sites\/38\/4-b\u00e4ume.jpeg\"><img aria-describedby=\"caption-attachment-10533\" decoding=\"async\" loading=\"lazy\" class=\"wp-image-10533 size-thumbnail\" src=\"https:\/\/www.naturparkmagazin.de\/stechlin\/wp-content\/uploads\/sites\/38\/4-b\u00e4ume-300x180.jpeg\" alt=\"\u00a9 Lea Wehde\" width=\"300\" height=\"180\" srcset=\"https:\/\/www.naturparkmagazin.de\/stechlin\/wp-content\/uploads\/sites\/38\/4-b\u00e4ume-300x180.jpeg 300w, https:\/\/www.naturparkmagazin.de\/stechlin\/wp-content\/uploads\/sites\/38\/4-b\u00e4ume.jpeg 500w, https:\/\/www.naturparkmagazin.de\/stechlin\/wp-content\/uploads\/sites\/38\/4-b\u00e4ume-200x120.jpeg 200w\" sizes=\"(max-width: 300px) 100vw, 300px\" \/><\/a><p id=\"caption-attachment-10533\" class=\"wp-caption-text\">Die frisch gepflanzten Apfelhochst\u00e4mme im Dossegarten warten auf den Fr\u00fchling \u00a9 Lea Wehde<\/p><\/div>\n<p>Die B\u00e4ume zieren nun den zweiten, noch zu entwickelnden Teil, des Schul- und Gemeinschaftsgartens &#8222;Dossegarten&#8220; in Wittstock\/ Dosse.<\/p>\n<p>Alle Beteiligten der Aktion sagen Danke und freuen sich auf eine weiterhin gute Zusammenarbeit beim diesj\u00e4hrigen <a href=\"http:\/\/neu.lpv-prignitz-ruppin.de\/gartenwettbewerb.html\" target=\"_blank\">Gartenwettbewerb 2021 &#8222;Aufbl\u00fchen&#8220;<\/a>!<\/p>\n","protected":false},"excerpt":{"rendered":"<p>Als Dank f\u00fcr ihr Engagement bei der Bildung f\u00fcr nachhaltige Entwicklung erhielten die Aktiven um Lea Wehde vier Apfelhochst\u00e4mme mit alten Sorten vom Kooperationspartner Naturpark Stechliner Ruppiner Land.<\/p>\n","protected":false},"author":39,"featured_media":10534,"comment_status":"open","ping_status":"open","sticky":false,"template":"","format":"standard","meta":[],"categories":[7],"tags":[],"yoast_head":"<!-- This site is optimized with the Yoast SEO plugin v19.10 - https:\/\/yoast.com\/wordpress\/plugins\/seo\/ -->\n<title>Obsthochst\u00e4mme alter Sorten f\u00fcr den Dossegarten - Naturpark Stechlin-Ruppiner Land<\/title>\n<meta name=\"robots\" content=\"index, follow, max-snippet:-1, max-image-preview:large, max-video-preview:-1\" \/>\n<link rel=\"canonical\" href=\"https:\/\/www.naturparkmagazin.de\/stechlin\/4-baeume-fuer-den-dossegarten\/\" \/>\n<meta property=\"og:locale\" content=\"de_DE\" \/>\n<meta property=\"og:type\" content=\"article\" \/>\n<meta property=\"og:title\" content=\"Obsthochst\u00e4mme alter Sorten f\u00fcr den Dossegarten - Naturpark Stechlin-Ruppiner Land\" \/>\n<meta property=\"og:description\" content=\"Als Dank f\u00fcr ihr Engagement bei der Bildung f\u00fcr nachhaltige Entwicklung erhielten die Aktiven um Lea Wehde vier Apfelhochst\u00e4mme mit alten Sorten vom Kooperationspartner Naturpark Stechliner Ruppiner Land.\" \/>\n<meta property=\"og:url\" content=\"https:\/\/www.naturparkmagazin.de\/stechlin\/4-baeume-fuer-den-dossegarten\/\" \/>\n<meta property=\"og:site_name\" content=\"Naturpark Stechlin-Ruppiner Land\" \/>\n<meta property=\"article:published_time\" content=\"2021-05-14T08:00:11+00:00\" \/>\n<meta property=\"article:modified_time\" content=\"2021-05-26T12:20:12+00:00\" \/>\n<meta property=\"og:image\" content=\"https:\/\/www.naturparkmagazin.de\/stechlin\/wp-content\/uploads\/sites\/38\/w\u00fchlmausschutz.jpeg\" \/>\n\t<meta property=\"og:image:width\" content=\"200\" \/>\n\t<meta property=\"og:image:height\" content=\"200\" \/>\n\t<meta property=\"og:image:type\" content=\"image\/jpeg\" \/>\n<meta name=\"author\" content=\"marioschrumpf\" \/>\n<meta name=\"twitter:label1\" content=\"Verfasst von\" \/>\n\t<meta name=\"twitter:data1\" content=\"marioschrumpf\" \/>\n\t<meta name=\"twitter:label2\" content=\"Gesch\u00e4tzte Lesezeit\" \/>\n\t<meta name=\"twitter:data2\" content=\"1\u00a0Minute\" \/>\n<script type=\"application\/ld+json\" class=\"yoast-schema-graph\">{\"@context\":\"https:\/\/schema.org\",\"@graph\":[{\"@type\":\"WebPage\",\"@id\":\"https:\/\/www.naturparkmagazin.de\/stechlin\/4-baeume-fuer-den-dossegarten\/\",\"url\":\"https:\/\/www.naturparkmagazin.de\/stechlin\/4-baeume-fuer-den-dossegarten\/\",\"name\":\"Obsthochst\u00e4mme alter Sorten f\u00fcr den Dossegarten - Naturpark Stechlin-Ruppiner Land\",\"isPartOf\":{\"@id\":\"https:\/\/www.naturparkmagazin.de\/stechlin\/#website\"},\"datePublished\":\"2021-05-14T08:00:11+00:00\",\"dateModified\":\"2021-05-26T12:20:12+00:00\",\"author\":{\"@id\":\"https:\/\/www.naturparkmagazin.de\/stechlin\/#\/schema\/person\/3f0d93203df21c806dd63c76d9bb28bc\"},\"breadcrumb\":{\"@id\":\"https:\/\/www.naturparkmagazin.de\/stechlin\/4-baeume-fuer-den-dossegarten\/#breadcrumb\"},\"inLanguage\":\"de\",\"potentialAction\":[{\"@type\":\"ReadAction\",\"target\":[\"https:\/\/www.naturparkmagazin.de\/stechlin\/4-baeume-fuer-den-dossegarten\/\"]}]},{\"@type\":\"BreadcrumbList\",\"@id\":\"https:\/\/www.naturparkmagazin.de\/stechlin\/4-baeume-fuer-den-dossegarten\/#breadcrumb\",\"itemListElement\":[{\"@type\":\"ListItem\",\"position\":1,\"name\":\"Home\",\"item\":\"https:\/\/www.naturparkmagazin.de\/stechlin\/\"},{\"@type\":\"ListItem\",\"position\":2,\"name\":\"Obsthochst\u00e4mme alter Sorten f\u00fcr den Dossegarten\"}]},{\"@type\":\"WebSite\",\"@id\":\"https:\/\/www.naturparkmagazin.de\/stechlin\/#website\",\"url\":\"https:\/\/www.naturparkmagazin.de\/stechlin\/\",\"name\":\"Naturpark Stechlin-Ruppiner Land\",\"description\":\"\",\"potentialAction\":[{\"@type\":\"SearchAction\",\"target\":{\"@type\":\"EntryPoint\",\"urlTemplate\":\"https:\/\/www.naturparkmagazin.de\/stechlin\/?s={search_term_string}\"},\"query-input\":\"required name=search_term_string\"}],\"inLanguage\":\"de\"},{\"@type\":\"Person\",\"@id\":\"https:\/\/www.naturparkmagazin.de\/stechlin\/#\/schema\/person\/3f0d93203df21c806dd63c76d9bb28bc\",\"name\":\"marioschrumpf\",\"url\":\"https:\/\/www.naturparkmagazin.de\/stechlin\/author\/marioschrumpf\/\"}]}<\/script>\n<!-- \/ Yoast SEO plugin. -->","yoast_head_json":{"title":"Obsthochst\u00e4mme alter Sorten f\u00fcr den Dossegarten - Naturpark Stechlin-Ruppiner Land","robots":{"index":"index","follow":"follow","max-snippet":"max-snippet:-1","max-image-preview":"max-image-preview:large","max-video-preview":"max-video-preview:-1"},"canonical":"https:\/\/www.naturparkmagazin.de\/stechlin\/4-baeume-fuer-den-dossegarten\/","og_locale":"de_DE","og_type":"article","og_title":"Obsthochst\u00e4mme alter Sorten f\u00fcr den Dossegarten - Naturpark Stechlin-Ruppiner Land","og_description":"Als Dank f\u00fcr ihr Engagement bei der Bildung f\u00fcr nachhaltige Entwicklung erhielten die Aktiven um Lea Wehde vier Apfelhochst\u00e4mme mit alten Sorten vom Kooperationspartner Naturpark Stechliner Ruppiner Land.","og_url":"https:\/\/www.naturparkmagazin.de\/stechlin\/4-baeume-fuer-den-dossegarten\/","og_site_name":"Naturpark Stechlin-Ruppiner Land","article_published_time":"2021-05-14T08:00:11+00:00","article_modified_time":"2021-05-26T12:20:12+00:00","og_image":[{"width":200,"height":200,"url":"https:\/\/www.naturparkmagazin.de\/stechlin\/wp-content\/uploads\/sites\/38\/w\u00fchlmausschutz.jpeg","type":"image\/jpeg"}],"author":"marioschrumpf","twitter_misc":{"Verfasst von":"marioschrumpf","Gesch\u00e4tzte Lesezeit":"1\u00a0Minute"},"schema":{"@context":"https:\/\/schema.org","@graph":[{"@type":"WebPage","@id":"https:\/\/www.naturparkmagazin.de\/stechlin\/4-baeume-fuer-den-dossegarten\/","url":"https:\/\/www.naturparkmagazin.de\/stechlin\/4-baeume-fuer-den-dossegarten\/","name":"Obsthochst\u00e4mme alter Sorten f\u00fcr den Dossegarten - Naturpark Stechlin-Ruppiner Land","isPartOf":{"@id":"https:\/\/www.naturparkmagazin.de\/stechlin\/#website"},"datePublished":"2021-05-14T08:00:11+00:00","dateModified":"2021-05-26T12:20:12+00:00","author":{"@id":"https:\/\/www.naturparkmagazin.de\/stechlin\/#\/schema\/person\/3f0d93203df21c806dd63c76d9bb28bc"},"breadcrumb":{"@id":"https:\/\/www.naturparkmagazin.de\/stechlin\/4-baeume-fuer-den-dossegarten\/#breadcrumb"},"inLanguage":"de","potentialAction":[{"@type":"ReadAction","target":["https:\/\/www.naturparkmagazin.de\/stechlin\/4-baeume-fuer-den-dossegarten\/"]}]},{"@type":"BreadcrumbList","@id":"https:\/\/www.naturparkmagazin.de\/stechlin\/4-baeume-fuer-den-dossegarten\/#breadcrumb","itemListElement":[{"@type":"ListItem","position":1,"name":"Home","item":"https:\/\/www.naturparkmagazin.de\/stechlin\/"},{"@type":"ListItem","position":2,"name":"Obsthochst\u00e4mme alter Sorten f\u00fcr den Dossegarten"}]},{"@type":"WebSite","@id":"https:\/\/www.naturparkmagazin.de\/stechlin\/#website","url":"https:\/\/www.naturparkmagazin.de\/stechlin\/","name":"Naturpark Stechlin-Ruppiner Land","description":"","potentialAction":[{"@type":"SearchAction","target":{"@type":"EntryPoint","urlTemplate":"https:\/\/www.naturparkmagazin.de\/stechlin\/?s={search_term_string}"},"query-input":"required name=search_term_string"}],"inLanguage":"de"},{"@type":"Person","@id":"https:\/\/www.naturparkmagazin.de\/stechlin\/#\/schema\/person\/3f0d93203df21c806dd63c76d9bb28bc","name":"marioschrumpf","url":"https:\/\/www.naturparkmagazin.de\/stechlin\/author\/marioschrumpf\/"}]}},"_links":{"self":[{"href":"https:\/\/www.naturparkmagazin.de\/stechlin\/wp-json\/wp\/v2\/posts\/10530"}],"collection":[{"href":"https:\/\/www.naturparkmagazin.de\/stechlin\/wp-json\/wp\/v2\/posts"}],"about":[{"href":"https:\/\/www.naturparkmagazin.de\/stechlin\/wp-json\/wp\/v2\/types\/post"}],"author":[{"embeddable":true,"href":"https:\/\/www.naturparkmagazin.de\/stechlin\/wp-json\/wp\/v2\/users\/39"}],"replies":[{"embeddable":true,"href":"https:\/\/www.naturparkmagazin.de\/stechlin\/wp-json\/wp\/v2\/comments?post=10530"}],"version-history":[{"count":7,"href":"https:\/\/www.naturparkmagazin.de\/stechlin\/wp-json\/wp\/v2\/posts\/10530\/revisions"}],"predecessor-version":[{"id":10626,"href":"https:\/\/www.naturparkmagazin.de\/stechlin\/wp-json\/wp\/v2\/posts\/10530\/revisions\/10626"}],"wp:featuredmedia":[{"embeddable":true,"href":"https:\/\/www.naturparkmagazin.de\/stechlin\/wp-json\/wp\/v2\/media\/10534"}],"wp:attachment":[{"href":"https:\/\/www.naturparkmagazin.de\/stechlin\/wp-json\/wp\/v2\/media?parent=10530"}],"wp:term":[{"taxonomy":"category","embeddable":true,"href":"https:\/\/www.naturparkmagazin.de\/stechlin\/wp-json\/wp\/v2\/categories?post=10530"},{"taxonomy":"post_tag","embeddable":true,"href":"https:\/\/www.naturparkmagazin.de\/stechlin\/wp-json\/wp\/v2\/tags?post=10530"}],"curies":[{"name":"wp","href":"https:\/\/api.w.org\/{rel}","templated":true}]}}