{"id":10555,"date":"2021-06-15T14:31:27","date_gmt":"2021-06-15T12:31:27","guid":{"rendered":"https:\/\/www.naturparkmagazin.de\/stechlin\/?p=10555"},"modified":"2021-06-28T17:00:21","modified_gmt":"2021-06-28T15:00:21","slug":"regionale-initiative-erfolgreich-naturpark-stechlin-ruppiner-land-soll-erweitert-werden","status":"publish","type":"post","link":"https:\/\/www.naturparkmagazin.de\/stechlin\/regionale-initiative-erfolgreich-naturpark-stechlin-ruppiner-land-soll-erweitert-werden\/","title":{"rendered":"Regionale Initiative erfolgreich: Naturpark Stechlin-Ruppiner Land wurde erweitert"},"content":{"rendered":"<p>&nbsp;<\/p>\n<div id=\"attachment_10558\" style=\"width: 310px\" class=\"wp-caption aligncenter\"><a href=\"https:\/\/www.naturparkmagazin.de\/stechlin\/wp-content\/uploads\/sites\/38\/21-05-11-Anlage-PM-NP-SRL-Erweiterung.jpg\"><img aria-describedby=\"caption-attachment-10558\" decoding=\"async\" loading=\"lazy\" class=\"size-thumbnail wp-image-10558\" src=\"https:\/\/www.naturparkmagazin.de\/stechlin\/wp-content\/uploads\/sites\/38\/21-05-11-Anlage-PM-NP-SRL-Erweiterung-300x180.jpg\" alt=\"\u00a9LfU Brandenburg\" width=\"300\" height=\"180\" srcset=\"https:\/\/www.naturparkmagazin.de\/stechlin\/wp-content\/uploads\/sites\/38\/21-05-11-Anlage-PM-NP-SRL-Erweiterung-300x180.jpg 300w, https:\/\/www.naturparkmagazin.de\/stechlin\/wp-content\/uploads\/sites\/38\/21-05-11-Anlage-PM-NP-SRL-Erweiterung.jpg 500w, https:\/\/www.naturparkmagazin.de\/stechlin\/wp-content\/uploads\/sites\/38\/21-05-11-Anlage-PM-NP-SRL-Erweiterung-200x120.jpg 200w\" sizes=\"(max-width: 300px) 100vw, 300px\" \/><\/a><p id=\"caption-attachment-10558\" class=\"wp-caption-text\">\u00a9LGB Brandenburg<\/p><\/div>\n<p>Das Ministerium f\u00fcr Landwirtschaft, Umwelt und Klimaschutz hat im zwanzigsten Jahr seines Bestehens den Naturpark Stechlin-Ruppiner Land erweitert. Damit wurde eine <strong>langj\u00e4hrige Initiative der Region<\/strong> aufgegriffen, die vom Landkreis Ostprignitz-Ruppin ausging. Mit der Erweiterung sollen der bestehende Naturpark qualitativ aufgewertet sowie Synergien bei der touristischen Entwicklung im Sinne einer nachhaltigen Regionalentwicklung genutzt werden.\n<strong>Minister Axel Vogel:<\/strong> \u201e<em>Ich freue mich, dass sich die Region seit Jahren f\u00fcr die Erweiterung des Naturparks engagiert und bereits erste konkrete Projekte gemeinsam mit dem Naturpark auf den Weg gebracht wurden. Die Einwohner des l\u00e4ndlichen Raums und die G\u00e4ste des Naturparks werden gleicherma\u00dfen von der Erweiterung profitieren.<\/em>\u201c\n<strong>Landrat Ralf Reinhardt:<\/strong> \u201e<em>Ende gut, alles gut. Es war ein langer Weg seit 2013, auch den s\u00fcdlichen Teil des ehemaligen Bombodroms zu einem Teil des Naturparks Stechlin-Ruppiner Land werden zu lassen. Mein Dank gilt dabei ausdr\u00fccklich Minister Vogel f\u00fcr seine Offenheit gegen\u00fcber der Idee einer Naturparkerweiterung. Dieser Schritt ist f\u00fcr die Menschen in unserer Region eine weitere Best\u00e4tigung daf\u00fcr, dass sich der Kampf f\u00fcr eine Freie Heide gelohnt hat.<\/em>&#8220;\nBei den geplanten Erweiterungsfl\u00e4chen handelt es sich um die naturschutzfachlich sehr wertvolle Kyritz-Ruppiner Heide, den Verbindungsraum zwischen der Heide und der heutigen Naturparkgrenze sowie die vielseitige Landschaft im Bereich der Granseer Platte bei Lindow\/Mark auf dem Gebiet des Landkreises Ostprignitz-Ruppin.<\/p>\n<p>&nbsp;<\/p>\n<div id=\"attachment_10557\" style=\"width: 310px\" class=\"wp-caption aligncenter\"><a href=\"https:\/\/www.naturparkmagazin.de\/stechlin\/wp-content\/uploads\/sites\/38\/Pflaumenwiese_WA.jpg\"><img aria-describedby=\"caption-attachment-10557\" decoding=\"async\" loading=\"lazy\" class=\"size-thumbnail wp-image-10557\" src=\"https:\/\/www.naturparkmagazin.de\/stechlin\/wp-content\/uploads\/sites\/38\/Pflaumenwiese_WA-300x180.jpg\" alt=\"Pflaumenwiese bei Keller \u00a9Wibke Avenhaus\" width=\"300\" height=\"180\" srcset=\"https:\/\/www.naturparkmagazin.de\/stechlin\/wp-content\/uploads\/sites\/38\/Pflaumenwiese_WA-300x180.jpg 300w, https:\/\/www.naturparkmagazin.de\/stechlin\/wp-content\/uploads\/sites\/38\/Pflaumenwiese_WA.jpg 500w, https:\/\/www.naturparkmagazin.de\/stechlin\/wp-content\/uploads\/sites\/38\/Pflaumenwiese_WA-200x120.jpg 200w\" sizes=\"(max-width: 300px) 100vw, 300px\" \/><\/a><p id=\"caption-attachment-10557\" class=\"wp-caption-text\">Streuobstwiese im Erweiterungsgebiet Lindow bei Keller \u00a9Wibke Avenhaus<\/p><\/div>\n<p>Die Fl\u00e4che des Naturparks soll sich <strong>von derzeit 68.116 Hektar auf 86.173 Hektar um ca. 26% vergr\u00f6\u00dfern<\/strong>. Ziel der regionalen Initiative ist, den Naturpark in vielf\u00e4ltiger Hinsicht aufzuwerten.<\/p>\n<p>Die Kyritz-Ruppiner Heide z\u00e4hlt in Deutschland zu den bedeutendsten Heidefl\u00e4chen und unzerschnittenen R\u00e4umen mit hohem Naturschutzwert. <strong>Das Betreten der Fl\u00e4che, die fr\u00fcher als Bombodrom bezeichnet wurde und als Bombenabwurfplatz diente, ist wegen der Munitionsbelastung bis auf Weiteres nicht absehbar.<\/strong> Im S\u00fcdteil sind aber bereits heute Wanderungen m\u00f6glich: Hier k\u00f6nnen Einwohnerinnen und Einwohner sowie G\u00e4ste der <em>\u201eSielmanns Naturlandschaften Kyritz-Ruppiner Heide\u201c<\/em> auf dem freigegebenen <strong>Heiderlebnisweg<\/strong> zwischen Neuglienicke, Pfalzheim und Rossow wandern. Dort bietet der 15 Meter hohe <strong>Heideturm auf dem Heinz-Sielmann-H\u00fcgel<\/strong> eine gute M\u00f6glichkeit f\u00fcr Naturbeobachtungen.\nDie Kyritz-Ruppiner Heide geh\u00f6rt zu den \u201edunkelsten\u201c Landschaften Deutschlands. Die Kommunale Arbeitsgemeinschaft hat daher beschlossen, gemeinsam mit der Naturparkverwaltung das ehemalige Bombodrom zum Sternenpark zu entwickeln und den <strong>Astro-Tourismus gezielt zu f\u00f6rdern<\/strong>.<\/p>\n<p>&nbsp;<\/p>\n<div id=\"attachment_8089\" style=\"width: 310px\" class=\"wp-caption aligncenter\"><a href=\"https:\/\/www.naturparkmagazin.de\/stechlin\/wp-content\/uploads\/sites\/38\/naturerlebnisturm_k-1.jpg\"><img aria-describedby=\"caption-attachment-8089\" decoding=\"async\" loading=\"lazy\" class=\"wp-image-8089 size-thumbnail\" src=\"https:\/\/www.naturparkmagazin.de\/stechlin\/wp-content\/uploads\/sites\/38\/naturerlebnisturm_k-1-300x500.jpg\" alt=\"In Blickweite vom letzten Wegweiser zum Sielmann-H\u00fcgel\" width=\"300\" height=\"500\" srcset=\"https:\/\/www.naturparkmagazin.de\/stechlin\/wp-content\/uploads\/sites\/38\/naturerlebnisturm_k-1.jpg 300w, https:\/\/www.naturparkmagazin.de\/stechlin\/wp-content\/uploads\/sites\/38\/naturerlebnisturm_k-1-200x333.jpg 200w\" sizes=\"(max-width: 300px) 100vw, 300px\" \/><\/a><p id=\"caption-attachment-8089\" class=\"wp-caption-text\">In Blickweite vom letzten Wegweiser zum Sielmann-H\u00fcgel \u00a0\u00a0\u00a0\u00a0\u00a0\u00a0 \u00a9 Werner N\u00fcse<\/p><\/div>\n<p>&nbsp;<\/p>\n<p>Gleicherma\u00dfen ist geplant, mit der Erweiterung vor allem im Bereich der Granseer Platte wertvolle Potenziale im l\u00e4ndlichen Raum f\u00fcr eine nachhaltige Regionalentwicklung des Naturparks zu erschlie\u00dfen. Entlang der historischen <strong>Alten Ruppiner Landstra\u00dfe<\/strong> soll die Stechlinseeregion mit der Dreiseenstadt Lindow\/Mark \u00fcber eine zu entwickelnde Radwegeachse verbunden und so der Naturtourismus in der strukturschwachen Region gef\u00f6rdert werden. Vorgesehen ist, daf\u00fcr die Erholungseignung und den Biotopverbund in der landwirtschaftlich gepr\u00e4gten Offenlandschaft unter anderem durch die neu anzulegenden Hecken und Streuobstwiesen zu verbessern.\nDer Kreistag Ostprignitz-Ruppin wurde bereits am 3.12.2020 durch Landrat Ralf Reinhardt informiert. In den vergangenen Monaten lag der Vorschlag den Kommunen mit der M\u00f6glichkeit zur Stellungnahme vor.<\/p>\n<p>Zust\u00e4ndig f\u00fcr die Erweiterung ist das Ministerium f\u00fcr Landwirtschaft, Umwelt und Klimaschutz als Oberste Naturschutzbeh\u00f6rde gem\u00e4\u00df \u00a7 8 Abs. 1 Brandenburgisches Naturschutzausf\u00fchrungsgesetz in Verbindung mit \u00a7 4 Abs. 5 Brandenburgische Naturschutzzust\u00e4ndigkeitsverordnung. F\u00fcr die Naturparkerweiterung ist kein f\u00f6rmliches Schutzgebietsverfahren vorgeschrieben.\n<strong>Im Rahmen der geplanten Naturparkerweiterung erfolgt keine Ausweisung von zus\u00e4tzlichen Naturschutz- oder Landschaftsschutzgebieten, und es werden keine naturschutzrechtlichen Ge- und Verbote ausgesprochen.<\/strong>\nDie \u00c4nderungsbekanntmachung und die zugeh\u00f6rige Karte sind auf der <a href=\"https:\/\/www.stechlin-ruppiner-land-naturpark.de\/themen\/naturpark-stechlin-ruppiner-land\/geplante-erweiterung-des-naturparks-stechlin-ruppiner-land\/\" target=\"_blank\">Internetseite <\/a>des Naturparks Stechlin-Ruppiner Land einsehbar.<\/p>\n<p>B\u00fcrgerinnen und B\u00fcrger k\u00f6nnen sich <strong>bei Fragen direkt an die Naturparkverwaltung Stechlin-<\/strong>\n<strong> Ruppiner Land<\/strong> des Landesamtes f\u00fcr Umwelt wenden:<\/p>\n<p>Landesamt f\u00fcr Umwelt, Naturpark Stechlin-Ruppiner Land, OT Menz, Friedensplatz 9, 16775 Stechlin\nAnsprechpartner: Naturparkleiter Dr. Mario Schrumpf, Tel. 033082\/ 40711\nE-Mail: Mario.Schrumpf@LfU.Brandenburg.de<\/p>\n<p>Elf Naturparke, drei Biosph\u00e4renreservate und der Nationalpark Unteres Odertal bilden das\nSystem der 15 Nationalen Naturlandschaften Brandenburgs. Der Naturpark Stechlin-Ruppiner\nLand ist dabei das j\u00fcngste Gro\u00dfschutzgebiet.<\/p>\n","protected":false},"excerpt":{"rendered":"<p>Das Ministerium f\u00fcr Landwirtschaft, Umwelt und Klimaschutz hat mit \u00c4nderungsbekanntmachung vom 19. Mai 2021 den Naturpark Stechlin-Ruppiner Land erweitert. <\/p>\n","protected":false},"author":39,"featured_media":6914,"comment_status":"open","ping_status":"open","sticky":false,"template":"","format":"standard","meta":[],"categories":[7],"tags":[],"yoast_head":"<!-- This site is optimized with the Yoast SEO plugin v19.10 - https:\/\/yoast.com\/wordpress\/plugins\/seo\/ -->\n<title>Regionale Initiative erfolgreich: Naturpark Stechlin-Ruppiner Land wurde erweitert - Naturpark Stechlin-Ruppiner Land<\/title>\n<meta name=\"robots\" content=\"index, follow, max-snippet:-1, max-image-preview:large, max-video-preview:-1\" \/>\n<link rel=\"canonical\" href=\"https:\/\/www.naturparkmagazin.de\/stechlin\/regionale-initiative-erfolgreich-naturpark-stechlin-ruppiner-land-soll-erweitert-werden\/\" \/>\n<meta property=\"og:locale\" content=\"de_DE\" \/>\n<meta property=\"og:type\" content=\"article\" \/>\n<meta property=\"og:title\" content=\"Regionale Initiative erfolgreich: Naturpark Stechlin-Ruppiner Land wurde erweitert - Naturpark Stechlin-Ruppiner Land\" \/>\n<meta property=\"og:description\" content=\"Das Ministerium f\u00fcr Landwirtschaft, Umwelt und Klimaschutz hat mit \u00c4nderungsbekanntmachung vom 19. Mai 2021 den Naturpark Stechlin-Ruppiner Land erweitert.\" \/>\n<meta property=\"og:url\" content=\"https:\/\/www.naturparkmagazin.de\/stechlin\/regionale-initiative-erfolgreich-naturpark-stechlin-ruppiner-land-soll-erweitert-werden\/\" \/>\n<meta property=\"og:site_name\" content=\"Naturpark Stechlin-Ruppiner Land\" \/>\n<meta property=\"article:published_time\" content=\"2021-06-15T12:31:27+00:00\" \/>\n<meta property=\"article:modified_time\" content=\"2021-06-28T15:00:21+00:00\" \/>\n<meta property=\"og:image\" content=\"https:\/\/www.naturparkmagazin.de\/stechlin\/wp-content\/uploads\/sites\/38\/Anwandern-2018_001.jpg\" \/>\n\t<meta property=\"og:image:width\" content=\"200\" \/>\n\t<meta property=\"og:image:height\" content=\"200\" \/>\n\t<meta property=\"og:image:type\" content=\"image\/jpeg\" \/>\n<meta name=\"author\" content=\"marioschrumpf\" \/>\n<meta name=\"twitter:label1\" content=\"Verfasst von\" \/>\n\t<meta name=\"twitter:data1\" content=\"marioschrumpf\" \/>\n\t<meta name=\"twitter:label2\" content=\"Gesch\u00e4tzte Lesezeit\" \/>\n\t<meta name=\"twitter:data2\" content=\"3\u00a0Minuten\" \/>\n<script type=\"application\/ld+json\" class=\"yoast-schema-graph\">{\"@context\":\"https:\/\/schema.org\",\"@graph\":[{\"@type\":\"WebPage\",\"@id\":\"https:\/\/www.naturparkmagazin.de\/stechlin\/regionale-initiative-erfolgreich-naturpark-stechlin-ruppiner-land-soll-erweitert-werden\/\",\"url\":\"https:\/\/www.naturparkmagazin.de\/stechlin\/regionale-initiative-erfolgreich-naturpark-stechlin-ruppiner-land-soll-erweitert-werden\/\",\"name\":\"Regionale Initiative erfolgreich: Naturpark Stechlin-Ruppiner Land wurde erweitert - Naturpark Stechlin-Ruppiner Land\",\"isPartOf\":{\"@id\":\"https:\/\/www.naturparkmagazin.de\/stechlin\/#website\"},\"datePublished\":\"2021-06-15T12:31:27+00:00\",\"dateModified\":\"2021-06-28T15:00:21+00:00\",\"author\":{\"@id\":\"https:\/\/www.naturparkmagazin.de\/stechlin\/#\/schema\/person\/3f0d93203df21c806dd63c76d9bb28bc\"},\"breadcrumb\":{\"@id\":\"https:\/\/www.naturparkmagazin.de\/stechlin\/regionale-initiative-erfolgreich-naturpark-stechlin-ruppiner-land-soll-erweitert-werden\/#breadcrumb\"},\"inLanguage\":\"de\",\"potentialAction\":[{\"@type\":\"ReadAction\",\"target\":[\"https:\/\/www.naturparkmagazin.de\/stechlin\/regionale-initiative-erfolgreich-naturpark-stechlin-ruppiner-land-soll-erweitert-werden\/\"]}]},{\"@type\":\"BreadcrumbList\",\"@id\":\"https:\/\/www.naturparkmagazin.de\/stechlin\/regionale-initiative-erfolgreich-naturpark-stechlin-ruppiner-land-soll-erweitert-werden\/#breadcrumb\",\"itemListElement\":[{\"@type\":\"ListItem\",\"position\":1,\"name\":\"Home\",\"item\":\"https:\/\/www.naturparkmagazin.de\/stechlin\/\"},{\"@type\":\"ListItem\",\"position\":2,\"name\":\"Regionale Initiative erfolgreich: Naturpark Stechlin-Ruppiner Land wurde erweitert\"}]},{\"@type\":\"WebSite\",\"@id\":\"https:\/\/www.naturparkmagazin.de\/stechlin\/#website\",\"url\":\"https:\/\/www.naturparkmagazin.de\/stechlin\/\",\"name\":\"Naturpark Stechlin-Ruppiner Land\",\"description\":\"\",\"potentialAction\":[{\"@type\":\"SearchAction\",\"target\":{\"@type\":\"EntryPoint\",\"urlTemplate\":\"https:\/\/www.naturparkmagazin.de\/stechlin\/?s={search_term_string}\"},\"query-input\":\"required name=search_term_string\"}],\"inLanguage\":\"de\"},{\"@type\":\"Person\",\"@id\":\"https:\/\/www.naturparkmagazin.de\/stechlin\/#\/schema\/person\/3f0d93203df21c806dd63c76d9bb28bc\",\"name\":\"marioschrumpf\",\"url\":\"https:\/\/www.naturparkmagazin.de\/stechlin\/author\/marioschrumpf\/\"}]}<\/script>\n<!-- \/ Yoast SEO plugin. -->","yoast_head_json":{"title":"Regionale Initiative erfolgreich: Naturpark Stechlin-Ruppiner Land wurde erweitert - Naturpark Stechlin-Ruppiner Land","robots":{"index":"index","follow":"follow","max-snippet":"max-snippet:-1","max-image-preview":"max-image-preview:large","max-video-preview":"max-video-preview:-1"},"canonical":"https:\/\/www.naturparkmagazin.de\/stechlin\/regionale-initiative-erfolgreich-naturpark-stechlin-ruppiner-land-soll-erweitert-werden\/","og_locale":"de_DE","og_type":"article","og_title":"Regionale Initiative erfolgreich: Naturpark Stechlin-Ruppiner Land wurde erweitert - Naturpark Stechlin-Ruppiner Land","og_description":"Das Ministerium f\u00fcr Landwirtschaft, Umwelt und Klimaschutz hat mit \u00c4nderungsbekanntmachung vom 19. Mai 2021 den Naturpark Stechlin-Ruppiner Land erweitert.","og_url":"https:\/\/www.naturparkmagazin.de\/stechlin\/regionale-initiative-erfolgreich-naturpark-stechlin-ruppiner-land-soll-erweitert-werden\/","og_site_name":"Naturpark Stechlin-Ruppiner Land","article_published_time":"2021-06-15T12:31:27+00:00","article_modified_time":"2021-06-28T15:00:21+00:00","og_image":[{"width":200,"height":200,"url":"https:\/\/www.naturparkmagazin.de\/stechlin\/wp-content\/uploads\/sites\/38\/Anwandern-2018_001.jpg","type":"image\/jpeg"}],"author":"marioschrumpf","twitter_misc":{"Verfasst von":"marioschrumpf","Gesch\u00e4tzte Lesezeit":"3\u00a0Minuten"},"schema":{"@context":"https:\/\/schema.org","@graph":[{"@type":"WebPage","@id":"https:\/\/www.naturparkmagazin.de\/stechlin\/regionale-initiative-erfolgreich-naturpark-stechlin-ruppiner-land-soll-erweitert-werden\/","url":"https:\/\/www.naturparkmagazin.de\/stechlin\/regionale-initiative-erfolgreich-naturpark-stechlin-ruppiner-land-soll-erweitert-werden\/","name":"Regionale Initiative erfolgreich: Naturpark Stechlin-Ruppiner Land wurde erweitert - Naturpark Stechlin-Ruppiner Land","isPartOf":{"@id":"https:\/\/www.naturparkmagazin.de\/stechlin\/#website"},"datePublished":"2021-06-15T12:31:27+00:00","dateModified":"2021-06-28T15:00:21+00:00","author":{"@id":"https:\/\/www.naturparkmagazin.de\/stechlin\/#\/schema\/person\/3f0d93203df21c806dd63c76d9bb28bc"},"breadcrumb":{"@id":"https:\/\/www.naturparkmagazin.de\/stechlin\/regionale-initiative-erfolgreich-naturpark-stechlin-ruppiner-land-soll-erweitert-werden\/#breadcrumb"},"inLanguage":"de","potentialAction":[{"@type":"ReadAction","target":["https:\/\/www.naturparkmagazin.de\/stechlin\/regionale-initiative-erfolgreich-naturpark-stechlin-ruppiner-land-soll-erweitert-werden\/"]}]},{"@type":"BreadcrumbList","@id":"https:\/\/www.naturparkmagazin.de\/stechlin\/regionale-initiative-erfolgreich-naturpark-stechlin-ruppiner-land-soll-erweitert-werden\/#breadcrumb","itemListElement":[{"@type":"ListItem","position":1,"name":"Home","item":"https:\/\/www.naturparkmagazin.de\/stechlin\/"},{"@type":"ListItem","position":2,"name":"Regionale Initiative erfolgreich: Naturpark Stechlin-Ruppiner Land wurde erweitert"}]},{"@type":"WebSite","@id":"https:\/\/www.naturparkmagazin.de\/stechlin\/#website","url":"https:\/\/www.naturparkmagazin.de\/stechlin\/","name":"Naturpark Stechlin-Ruppiner Land","description":"","potentialAction":[{"@type":"SearchAction","target":{"@type":"EntryPoint","urlTemplate":"https:\/\/www.naturparkmagazin.de\/stechlin\/?s={search_term_string}"},"query-input":"required name=search_term_string"}],"inLanguage":"de"},{"@type":"Person","@id":"https:\/\/www.naturparkmagazin.de\/stechlin\/#\/schema\/person\/3f0d93203df21c806dd63c76d9bb28bc","name":"marioschrumpf","url":"https:\/\/www.naturparkmagazin.de\/stechlin\/author\/marioschrumpf\/"}]}},"_links":{"self":[{"href":"https:\/\/www.naturparkmagazin.de\/stechlin\/wp-json\/wp\/v2\/posts\/10555"}],"collection":[{"href":"https:\/\/www.naturparkmagazin.de\/stechlin\/wp-json\/wp\/v2\/posts"}],"about":[{"href":"https:\/\/www.naturparkmagazin.de\/stechlin\/wp-json\/wp\/v2\/types\/post"}],"author":[{"embeddable":true,"href":"https:\/\/www.naturparkmagazin.de\/stechlin\/wp-json\/wp\/v2\/users\/39"}],"replies":[{"embeddable":true,"href":"https:\/\/www.naturparkmagazin.de\/stechlin\/wp-json\/wp\/v2\/comments?post=10555"}],"version-history":[{"count":13,"href":"https:\/\/www.naturparkmagazin.de\/stechlin\/wp-json\/wp\/v2\/posts\/10555\/revisions"}],"predecessor-version":[{"id":10746,"href":"https:\/\/www.naturparkmagazin.de\/stechlin\/wp-json\/wp\/v2\/posts\/10555\/revisions\/10746"}],"wp:featuredmedia":[{"embeddable":true,"href":"https:\/\/www.naturparkmagazin.de\/stechlin\/wp-json\/wp\/v2\/media\/6914"}],"wp:attachment":[{"href":"https:\/\/www.naturparkmagazin.de\/stechlin\/wp-json\/wp\/v2\/media?parent=10555"}],"wp:term":[{"taxonomy":"category","embeddable":true,"href":"https:\/\/www.naturparkmagazin.de\/stechlin\/wp-json\/wp\/v2\/categories?post=10555"},{"taxonomy":"post_tag","embeddable":true,"href":"https:\/\/www.naturparkmagazin.de\/stechlin\/wp-json\/wp\/v2\/tags?post=10555"}],"curies":[{"name":"wp","href":"https:\/\/api.w.org\/{rel}","templated":true}]}}