{"id":10575,"date":"2021-05-14T10:08:10","date_gmt":"2021-05-14T08:08:10","guid":{"rendered":"https:\/\/www.naturparkmagazin.de\/stechlin\/?p=10575"},"modified":"2025-01-24T10:17:36","modified_gmt":"2025-01-24T09:17:36","slug":"naturparkhaus-stechlin-oeffnet-wieder","status":"publish","type":"post","link":"https:\/\/www.naturparkmagazin.de\/stechlin\/naturparkhaus-stechlin-oeffnet-wieder\/","title":{"rendered":"NaturParkHaus Stechlin \u00f6ffnet wieder (2021)"},"content":{"rendered":"<div id=\"attachment_10577\" style=\"width: 310px\" class=\"wp-caption aligncenter\"><a href=\"https:\/\/www.naturparkmagazin.de\/stechlin\/wp-content\/uploads\/sites\/38\/NaturParkHaus.jpg\"><img aria-describedby=\"caption-attachment-10577\" decoding=\"async\" loading=\"lazy\" class=\"size-thumbnail wp-image-10577\" src=\"https:\/\/www.naturparkmagazin.de\/stechlin\/wp-content\/uploads\/sites\/38\/NaturParkHaus-300x180.jpg\" alt=\"Ausstellung im Besucherzentrum \u00a9Archiv NaturParkHaus Stechlin\" width=\"300\" height=\"180\" srcset=\"https:\/\/www.naturparkmagazin.de\/stechlin\/wp-content\/uploads\/sites\/38\/NaturParkHaus-300x180.jpg 300w, https:\/\/www.naturparkmagazin.de\/stechlin\/wp-content\/uploads\/sites\/38\/NaturParkHaus.jpg 500w, https:\/\/www.naturparkmagazin.de\/stechlin\/wp-content\/uploads\/sites\/38\/NaturParkHaus-200x120.jpg 200w\" sizes=\"(max-width: 300px) 100vw, 300px\" \/><\/a><p id=\"caption-attachment-10577\" class=\"wp-caption-text\">Ausstellung im Besucherzentrum \u00a9Archiv NaturParkHaus Stechlin<\/p><\/div>\n<p>Saisonstart f\u00fcr die Erlebnisausstellung im Besucherzentrum war am <strong>17. 05. 2021<\/strong>.<\/p>\n<p>Nach langer, coronabedingter Ruhezeit ist es endlich wieder so weit.\u00a0Bei stark sinkenden Fallzahlen d\u00fcrfen wir nun auch unsere Erlebnisausstellung f\u00fcr den Besucherverkehr \u00f6ffnen. Nat\u00fcrlich ist die \u00d6ffnung an strenge Auflagen gekn\u00fcpft. Neben der Beachtung der AHA-Regeln ist es zur Zeit nur nach Voranmeldung m\u00f6glich, die Erlebnisausstellung im Stundentakt zu besuchen.<\/p>\n<p>Ab sofort ist in der Regionalwerkstatt die <strong>Ausstellung &#8222;25 Jahre Menzer Waldfest&#8220;<\/strong> zu den bekannten \u00d6ffnungszeiten zu erleben.<\/p>\n<div id=\"attachment_10576\" style=\"width: 310px\" class=\"wp-caption aligncenter\"><a href=\"https:\/\/www.naturparkmagazin.de\/stechlin\/wp-content\/uploads\/sites\/38\/Sinnesgarten.jpg\"><img aria-describedby=\"caption-attachment-10576\" decoding=\"async\" loading=\"lazy\" class=\"size-thumbnail wp-image-10576\" src=\"https:\/\/www.naturparkmagazin.de\/stechlin\/wp-content\/uploads\/sites\/38\/Sinnesgarten-300x180.jpg\" alt=\"Im Sinnesgarten! \u00a9Archiv NaturParkHaus Stechlin\" width=\"300\" height=\"180\" srcset=\"https:\/\/www.naturparkmagazin.de\/stechlin\/wp-content\/uploads\/sites\/38\/Sinnesgarten-300x180.jpg 300w, https:\/\/www.naturparkmagazin.de\/stechlin\/wp-content\/uploads\/sites\/38\/Sinnesgarten.jpg 500w, https:\/\/www.naturparkmagazin.de\/stechlin\/wp-content\/uploads\/sites\/38\/Sinnesgarten-200x120.jpg 200w\" sizes=\"(max-width: 300px) 100vw, 300px\" \/><\/a><p id=\"caption-attachment-10576\" class=\"wp-caption-text\">Im Sinnesgarten! \u00a9Archiv NaturParkHaus Stechlin<\/p><\/div>\n<p><strong>Der Sinnesgarten<\/strong> hinter dem NaturParkHaus hat sich in der Zwischenzeit pr\u00e4chtig entwickelt und l\u00e4dt mit einer bunten Vielfalt zum Naschen und Schnuppern ein. Auch das eine oder andere Pflanzenkind kann gegen eine geringe Spende mitgenommen werden.<\/p>\n<p>F\u00fcr unser Freigel\u00e4nde und den Garten gilt nat\u00fcrlich auch die Mindestabstandsregel von 1,5 m.<\/p>\n<p><strong><u>\u00d6ffnungszeiten:<\/u><\/strong><\/p>\n<p>Mai \u2013 September<\/p>\n<p>Mo.- Fr.\u00a0\u00a0 10.00 -17.00 Uhr<\/p>\n<p>Sa. u. So. sowie an Feiertagen\u00a011.00 -17.00 Uhr<\/p>\n<p><strong><u>Kontakt:<\/u><\/strong><\/p>\n<p>NaturParkHaus Stechlin in Menz<\/p>\n<p>Kirchstra\u00dfe 4<\/p>\n<p>16775 Stechlin<\/p>\n<p>Tel. 033082-51210<\/p>\n<p><a href=\"http:\/\/www.naturparkhaus.de\">www.naturparkhaus.de<\/a><\/p>\n<p><a href=\"mailto:post@naturparkhaus.de\">post@naturparkhaus.de<\/a><\/p>\n<p>&nbsp;<\/p>\n<p><strong>Wald- und Wassererlebnispfad frisch \u00fcberarbeitet <\/strong><\/p>\n<p>Auch f\u00fcr die Rucksacktour auf dem Wald- und Wassererlebnispfad k\u00f6nnen nun wieder Anmeldungen erfolgen. Die G\u00e4ste k\u00f6nnen sich aber auch direkt zu den \u00d6ffnungszeiten des Hauses an der Rezeption melden, um sich den Rucksack auszuleihen. Frisch \u00fcberarbeitet durch Mitglieder des F\u00f6rdervereins \u201eNaturlandschaft Stechlin und Menzer Heide\u201c e.V. und unserer Mitarbeiter lockt der Pfad unsere G\u00e4ste zur Wanderung.<\/p>\n<p>Bald wird es auch wieder m\u00f6glich sein, mit kleineren Gruppen eine gef\u00fchrte Wanderung zu unternehmen. Hierzu nehmen Sie bitte direkt Kontakt zu unseren MitarbeiterInnen auf.<\/p>\n","protected":false},"excerpt":{"rendered":"<p>Nach langer, coronabedingter Ruhezeit ist es endlich wieder so weit. Unser Besucherzentrum NaturParkHaus Stechlin \u00f6ffnet seine T\u00fcren wieder f\u00fcr BesucherInnen.<\/p>\n","protected":false},"author":39,"featured_media":1372,"comment_status":"open","ping_status":"open","sticky":false,"template":"","format":"standard","meta":[],"categories":[11],"tags":[],"yoast_head":"<!-- This site is optimized with the Yoast SEO plugin v19.10 - https:\/\/yoast.com\/wordpress\/plugins\/seo\/ -->\n<title>NaturParkHaus Stechlin \u00f6ffnet wieder (2021) - Naturpark Stechlin-Ruppiner Land<\/title>\n<meta name=\"robots\" content=\"index, follow, max-snippet:-1, max-image-preview:large, max-video-preview:-1\" \/>\n<link rel=\"canonical\" href=\"https:\/\/www.naturparkmagazin.de\/stechlin\/naturparkhaus-stechlin-oeffnet-wieder\/\" \/>\n<meta property=\"og:locale\" content=\"de_DE\" \/>\n<meta property=\"og:type\" content=\"article\" \/>\n<meta property=\"og:title\" content=\"NaturParkHaus Stechlin \u00f6ffnet wieder (2021) - Naturpark Stechlin-Ruppiner Land\" \/>\n<meta property=\"og:description\" content=\"Nach langer, coronabedingter Ruhezeit ist es endlich wieder so weit. Unser Besucherzentrum NaturParkHaus Stechlin \u00f6ffnet seine T\u00fcren wieder f\u00fcr BesucherInnen.\" \/>\n<meta property=\"og:url\" content=\"https:\/\/www.naturparkmagazin.de\/stechlin\/naturparkhaus-stechlin-oeffnet-wieder\/\" \/>\n<meta property=\"og:site_name\" content=\"Naturpark Stechlin-Ruppiner Land\" \/>\n<meta property=\"article:published_time\" content=\"2021-05-14T08:08:10+00:00\" \/>\n<meta property=\"article:modified_time\" content=\"2025-01-24T09:17:36+00:00\" \/>\n<meta property=\"og:image\" content=\"https:\/\/www.naturparkmagazin.de\/stechlin\/wp-content\/uploads\/sites\/38\/NaturParkHaus-Stechlin1-e1517994561849.jpg\" \/>\n\t<meta property=\"og:image:width\" content=\"267\" \/>\n\t<meta property=\"og:image:height\" content=\"200\" \/>\n\t<meta property=\"og:image:type\" content=\"image\/jpeg\" \/>\n<meta name=\"author\" content=\"marioschrumpf\" \/>\n<meta name=\"twitter:label1\" content=\"Verfasst von\" \/>\n\t<meta name=\"twitter:data1\" content=\"marioschrumpf\" \/>\n\t<meta name=\"twitter:label2\" content=\"Gesch\u00e4tzte Lesezeit\" \/>\n\t<meta name=\"twitter:data2\" content=\"2\u00a0Minuten\" \/>\n<script type=\"application\/ld+json\" class=\"yoast-schema-graph\">{\"@context\":\"https:\/\/schema.org\",\"@graph\":[{\"@type\":\"WebPage\",\"@id\":\"https:\/\/www.naturparkmagazin.de\/stechlin\/naturparkhaus-stechlin-oeffnet-wieder\/\",\"url\":\"https:\/\/www.naturparkmagazin.de\/stechlin\/naturparkhaus-stechlin-oeffnet-wieder\/\",\"name\":\"NaturParkHaus Stechlin \u00f6ffnet wieder (2021) - Naturpark Stechlin-Ruppiner Land\",\"isPartOf\":{\"@id\":\"https:\/\/www.naturparkmagazin.de\/stechlin\/#website\"},\"datePublished\":\"2021-05-14T08:08:10+00:00\",\"dateModified\":\"2025-01-24T09:17:36+00:00\",\"author\":{\"@id\":\"https:\/\/www.naturparkmagazin.de\/stechlin\/#\/schema\/person\/3f0d93203df21c806dd63c76d9bb28bc\"},\"breadcrumb\":{\"@id\":\"https:\/\/www.naturparkmagazin.de\/stechlin\/naturparkhaus-stechlin-oeffnet-wieder\/#breadcrumb\"},\"inLanguage\":\"de\",\"potentialAction\":[{\"@type\":\"ReadAction\",\"target\":[\"https:\/\/www.naturparkmagazin.de\/stechlin\/naturparkhaus-stechlin-oeffnet-wieder\/\"]}]},{\"@type\":\"BreadcrumbList\",\"@id\":\"https:\/\/www.naturparkmagazin.de\/stechlin\/naturparkhaus-stechlin-oeffnet-wieder\/#breadcrumb\",\"itemListElement\":[{\"@type\":\"ListItem\",\"position\":1,\"name\":\"Home\",\"item\":\"https:\/\/www.naturparkmagazin.de\/stechlin\/\"},{\"@type\":\"ListItem\",\"position\":2,\"name\":\"NaturParkHaus Stechlin \u00f6ffnet wieder (2021)\"}]},{\"@type\":\"WebSite\",\"@id\":\"https:\/\/www.naturparkmagazin.de\/stechlin\/#website\",\"url\":\"https:\/\/www.naturparkmagazin.de\/stechlin\/\",\"name\":\"Naturpark Stechlin-Ruppiner Land\",\"description\":\"\",\"potentialAction\":[{\"@type\":\"SearchAction\",\"target\":{\"@type\":\"EntryPoint\",\"urlTemplate\":\"https:\/\/www.naturparkmagazin.de\/stechlin\/?s={search_term_string}\"},\"query-input\":\"required name=search_term_string\"}],\"inLanguage\":\"de\"},{\"@type\":\"Person\",\"@id\":\"https:\/\/www.naturparkmagazin.de\/stechlin\/#\/schema\/person\/3f0d93203df21c806dd63c76d9bb28bc\",\"name\":\"marioschrumpf\",\"url\":\"https:\/\/www.naturparkmagazin.de\/stechlin\/author\/marioschrumpf\/\"}]}<\/script>\n<!-- \/ Yoast SEO plugin. -->","yoast_head_json":{"title":"NaturParkHaus Stechlin \u00f6ffnet wieder (2021) - Naturpark Stechlin-Ruppiner Land","robots":{"index":"index","follow":"follow","max-snippet":"max-snippet:-1","max-image-preview":"max-image-preview:large","max-video-preview":"max-video-preview:-1"},"canonical":"https:\/\/www.naturparkmagazin.de\/stechlin\/naturparkhaus-stechlin-oeffnet-wieder\/","og_locale":"de_DE","og_type":"article","og_title":"NaturParkHaus Stechlin \u00f6ffnet wieder (2021) - Naturpark Stechlin-Ruppiner Land","og_description":"Nach langer, coronabedingter Ruhezeit ist es endlich wieder so weit. Unser Besucherzentrum NaturParkHaus Stechlin \u00f6ffnet seine T\u00fcren wieder f\u00fcr BesucherInnen.","og_url":"https:\/\/www.naturparkmagazin.de\/stechlin\/naturparkhaus-stechlin-oeffnet-wieder\/","og_site_name":"Naturpark Stechlin-Ruppiner Land","article_published_time":"2021-05-14T08:08:10+00:00","article_modified_time":"2025-01-24T09:17:36+00:00","og_image":[{"width":267,"height":200,"url":"https:\/\/www.naturparkmagazin.de\/stechlin\/wp-content\/uploads\/sites\/38\/NaturParkHaus-Stechlin1-e1517994561849.jpg","type":"image\/jpeg"}],"author":"marioschrumpf","twitter_misc":{"Verfasst von":"marioschrumpf","Gesch\u00e4tzte Lesezeit":"2\u00a0Minuten"},"schema":{"@context":"https:\/\/schema.org","@graph":[{"@type":"WebPage","@id":"https:\/\/www.naturparkmagazin.de\/stechlin\/naturparkhaus-stechlin-oeffnet-wieder\/","url":"https:\/\/www.naturparkmagazin.de\/stechlin\/naturparkhaus-stechlin-oeffnet-wieder\/","name":"NaturParkHaus Stechlin \u00f6ffnet wieder (2021) - Naturpark Stechlin-Ruppiner Land","isPartOf":{"@id":"https:\/\/www.naturparkmagazin.de\/stechlin\/#website"},"datePublished":"2021-05-14T08:08:10+00:00","dateModified":"2025-01-24T09:17:36+00:00","author":{"@id":"https:\/\/www.naturparkmagazin.de\/stechlin\/#\/schema\/person\/3f0d93203df21c806dd63c76d9bb28bc"},"breadcrumb":{"@id":"https:\/\/www.naturparkmagazin.de\/stechlin\/naturparkhaus-stechlin-oeffnet-wieder\/#breadcrumb"},"inLanguage":"de","potentialAction":[{"@type":"ReadAction","target":["https:\/\/www.naturparkmagazin.de\/stechlin\/naturparkhaus-stechlin-oeffnet-wieder\/"]}]},{"@type":"BreadcrumbList","@id":"https:\/\/www.naturparkmagazin.de\/stechlin\/naturparkhaus-stechlin-oeffnet-wieder\/#breadcrumb","itemListElement":[{"@type":"ListItem","position":1,"name":"Home","item":"https:\/\/www.naturparkmagazin.de\/stechlin\/"},{"@type":"ListItem","position":2,"name":"NaturParkHaus Stechlin \u00f6ffnet wieder (2021)"}]},{"@type":"WebSite","@id":"https:\/\/www.naturparkmagazin.de\/stechlin\/#website","url":"https:\/\/www.naturparkmagazin.de\/stechlin\/","name":"Naturpark Stechlin-Ruppiner Land","description":"","potentialAction":[{"@type":"SearchAction","target":{"@type":"EntryPoint","urlTemplate":"https:\/\/www.naturparkmagazin.de\/stechlin\/?s={search_term_string}"},"query-input":"required name=search_term_string"}],"inLanguage":"de"},{"@type":"Person","@id":"https:\/\/www.naturparkmagazin.de\/stechlin\/#\/schema\/person\/3f0d93203df21c806dd63c76d9bb28bc","name":"marioschrumpf","url":"https:\/\/www.naturparkmagazin.de\/stechlin\/author\/marioschrumpf\/"}]}},"_links":{"self":[{"href":"https:\/\/www.naturparkmagazin.de\/stechlin\/wp-json\/wp\/v2\/posts\/10575"}],"collection":[{"href":"https:\/\/www.naturparkmagazin.de\/stechlin\/wp-json\/wp\/v2\/posts"}],"about":[{"href":"https:\/\/www.naturparkmagazin.de\/stechlin\/wp-json\/wp\/v2\/types\/post"}],"author":[{"embeddable":true,"href":"https:\/\/www.naturparkmagazin.de\/stechlin\/wp-json\/wp\/v2\/users\/39"}],"replies":[{"embeddable":true,"href":"https:\/\/www.naturparkmagazin.de\/stechlin\/wp-json\/wp\/v2\/comments?post=10575"}],"version-history":[{"count":4,"href":"https:\/\/www.naturparkmagazin.de\/stechlin\/wp-json\/wp\/v2\/posts\/10575\/revisions"}],"predecessor-version":[{"id":16600,"href":"https:\/\/www.naturparkmagazin.de\/stechlin\/wp-json\/wp\/v2\/posts\/10575\/revisions\/16600"}],"wp:featuredmedia":[{"embeddable":true,"href":"https:\/\/www.naturparkmagazin.de\/stechlin\/wp-json\/wp\/v2\/media\/1372"}],"wp:attachment":[{"href":"https:\/\/www.naturparkmagazin.de\/stechlin\/wp-json\/wp\/v2\/media?parent=10575"}],"wp:term":[{"taxonomy":"category","embeddable":true,"href":"https:\/\/www.naturparkmagazin.de\/stechlin\/wp-json\/wp\/v2\/categories?post=10575"},{"taxonomy":"post_tag","embeddable":true,"href":"https:\/\/www.naturparkmagazin.de\/stechlin\/wp-json\/wp\/v2\/tags?post=10575"}],"curies":[{"name":"wp","href":"https:\/\/api.w.org\/{rel}","templated":true}]}}