{"id":10585,"date":"2021-05-14T10:23:29","date_gmt":"2021-05-14T08:23:29","guid":{"rendered":"https:\/\/www.naturparkmagazin.de\/stechlin\/?p=10585"},"modified":"2021-06-18T13:04:38","modified_gmt":"2021-06-18T11:04:38","slug":"regionalwerkstatt-bluehende-landschaften","status":"publish","type":"post","link":"https:\/\/www.naturparkmagazin.de\/stechlin\/regionalwerkstatt-bluehende-landschaften\/","title":{"rendered":"Regionalwerkstatt Bl\u00fchende Landschaften"},"content":{"rendered":"<div id=\"attachment_8608\" style=\"width: 310px\" class=\"wp-caption aligncenter\"><a href=\"https:\/\/www.naturparkmagazin.de\/stechlin\/wp-content\/uploads\/sites\/38\/Feldbesichtigung_23.jpg\"><img aria-describedby=\"caption-attachment-8608\" decoding=\"async\" loading=\"lazy\" class=\"size-thumbnail wp-image-8608\" src=\"https:\/\/www.naturparkmagazin.de\/stechlin\/wp-content\/uploads\/sites\/38\/Feldbesichtigung_23-300x180.jpg\" alt=\"Blau bl\u00fchende Phacelia (Bienenfreund) \u00a9Mario Schrumpf\" width=\"300\" height=\"180\" srcset=\"https:\/\/www.naturparkmagazin.de\/stechlin\/wp-content\/uploads\/sites\/38\/Feldbesichtigung_23-300x180.jpg 300w, https:\/\/www.naturparkmagazin.de\/stechlin\/wp-content\/uploads\/sites\/38\/Feldbesichtigung_23.jpg 500w, https:\/\/www.naturparkmagazin.de\/stechlin\/wp-content\/uploads\/sites\/38\/Feldbesichtigung_23-200x120.jpg 200w\" sizes=\"(max-width: 300px) 100vw, 300px\" \/><\/a><p id=\"caption-attachment-8608\" class=\"wp-caption-text\">Blau bl\u00fchende Phacelia (Bienenfreund) \u00a9Mario Schrumpf<\/p><\/div>\n<p>Welchen Beitrag k\u00f6nnen St\u00e4dte und D\u00f6rfer zur Biologischen Vielfalt leisten? Entdecken Sie das Potential und Handlungsm\u00f6glichkeiten Ihrer Kommune f\u00fcr Insektenschutz und Artenvielfalt. In der praxisorientierten Themenwerkstatt erkennen Sie die Bedeutung der Artenvielfalt und lernen, wodurch diese bedroht ist. Sie erhalten Praxistipps f\u00fcr die Umsetzung eines nachhaltigen Gr\u00fcnfl\u00e4chenmanagements, sowie die Anlage und Pflege von Bl\u00fchfl\u00e4chen. Schlie\u00dflich laden wir Sie dazu ein Potentiale und Herausforderungen in Ihrer eigenen Kommune zu identifizieren und sich mit Fachexperten und KollegInnen aus anderen Kommunen auszutauschen.<\/p>\n<p>F\u00fcr die Begehung der Gr\u00fcnfl\u00e4chen ben\u00f6tigen Sie wetterfeste Kleidung und Schuhwerk.\nF\u00fcr die Begehung der zweiten Bl\u00fchfl\u00e4che ist die Anfahrt per PKW erforderlich. Steht Ihnen kein PKW zur Verf\u00fcgung, bem\u00fchen wir uns eine Mitfahrgelegenheit zu organisieren.<\/p>\n<p><strong>Treff:<\/strong> 18.06.2021\n<strong>Zeit:<\/strong> 09:00 \u2013 14:00 Uhr\n<strong>Ort:<\/strong> Kleinkunstsaal Dominikanerkloster Prenzlau, Uckerwiek 813, 17291 Prenzlau\n<strong>Zielgruppe:<\/strong> Kommunen, Stadtgr\u00fcn-Beauftragte, Bau\u00e4mter\n<strong>Anmeldung:<\/strong> Per E-Mail bis zum 9. Juni 2021\n<strong>Kontakt:<\/strong> Jana Klockow, Landesamt f\u00fcr Umwelt Brandenburg\/N5, Naturpark Uckerm\u00e4rkische Seen\njana.klockow@lfu.brandenburg.de<\/p>\n","protected":false},"excerpt":{"rendered":"<p>Welchen Beitrag k\u00f6nnen St\u00e4dte und D\u00f6rfer zur Biologischen Vielfalt leisten? Entdecken Sie das Potential und Handlungsm\u00f6glichkeiten Ihrer Kommune f\u00fcr Insektenschutz und Artenvielfalt. <\/p>\n","protected":false},"author":39,"featured_media":2330,"comment_status":"open","ping_status":"open","sticky":false,"template":"","format":"standard","meta":[],"categories":[1],"tags":[],"yoast_head":"<!-- This site is optimized with the Yoast SEO plugin v19.10 - https:\/\/yoast.com\/wordpress\/plugins\/seo\/ -->\n<title>Regionalwerkstatt Bl\u00fchende Landschaften - Naturpark Stechlin-Ruppiner Land<\/title>\n<meta name=\"robots\" content=\"index, follow, max-snippet:-1, max-image-preview:large, max-video-preview:-1\" \/>\n<link rel=\"canonical\" href=\"https:\/\/www.naturparkmagazin.de\/stechlin\/regionalwerkstatt-bluehende-landschaften\/\" \/>\n<meta property=\"og:locale\" content=\"de_DE\" \/>\n<meta property=\"og:type\" content=\"article\" \/>\n<meta property=\"og:title\" content=\"Regionalwerkstatt Bl\u00fchende Landschaften - Naturpark Stechlin-Ruppiner Land\" \/>\n<meta property=\"og:description\" content=\"Welchen Beitrag k\u00f6nnen St\u00e4dte und D\u00f6rfer zur Biologischen Vielfalt leisten? Entdecken Sie das Potential und Handlungsm\u00f6glichkeiten Ihrer Kommune f\u00fcr Insektenschutz und Artenvielfalt.\" \/>\n<meta property=\"og:url\" content=\"https:\/\/www.naturparkmagazin.de\/stechlin\/regionalwerkstatt-bluehende-landschaften\/\" \/>\n<meta property=\"og:site_name\" content=\"Naturpark Stechlin-Ruppiner Land\" \/>\n<meta property=\"article:published_time\" content=\"2021-05-14T08:23:29+00:00\" \/>\n<meta property=\"article:modified_time\" content=\"2021-06-18T11:04:38+00:00\" \/>\n<meta property=\"og:image\" content=\"https:\/\/www.naturparkmagazin.de\/stechlin\/wp-content\/uploads\/sites\/38\/k-P6108231-e1434447458200.jpg\" \/>\n\t<meta property=\"og:image:width\" content=\"200\" \/>\n\t<meta property=\"og:image:height\" content=\"200\" \/>\n\t<meta property=\"og:image:type\" content=\"image\/jpeg\" \/>\n<meta name=\"author\" content=\"marioschrumpf\" \/>\n<meta name=\"twitter:label1\" content=\"Verfasst von\" \/>\n\t<meta name=\"twitter:data1\" content=\"marioschrumpf\" \/>\n\t<meta name=\"twitter:label2\" content=\"Gesch\u00e4tzte Lesezeit\" \/>\n\t<meta name=\"twitter:data2\" content=\"1\u00a0Minute\" \/>\n<script type=\"application\/ld+json\" class=\"yoast-schema-graph\">{\"@context\":\"https:\/\/schema.org\",\"@graph\":[{\"@type\":\"WebPage\",\"@id\":\"https:\/\/www.naturparkmagazin.de\/stechlin\/regionalwerkstatt-bluehende-landschaften\/\",\"url\":\"https:\/\/www.naturparkmagazin.de\/stechlin\/regionalwerkstatt-bluehende-landschaften\/\",\"name\":\"Regionalwerkstatt Bl\u00fchende Landschaften - Naturpark Stechlin-Ruppiner Land\",\"isPartOf\":{\"@id\":\"https:\/\/www.naturparkmagazin.de\/stechlin\/#website\"},\"datePublished\":\"2021-05-14T08:23:29+00:00\",\"dateModified\":\"2021-06-18T11:04:38+00:00\",\"author\":{\"@id\":\"https:\/\/www.naturparkmagazin.de\/stechlin\/#\/schema\/person\/3f0d93203df21c806dd63c76d9bb28bc\"},\"breadcrumb\":{\"@id\":\"https:\/\/www.naturparkmagazin.de\/stechlin\/regionalwerkstatt-bluehende-landschaften\/#breadcrumb\"},\"inLanguage\":\"de\",\"potentialAction\":[{\"@type\":\"ReadAction\",\"target\":[\"https:\/\/www.naturparkmagazin.de\/stechlin\/regionalwerkstatt-bluehende-landschaften\/\"]}]},{\"@type\":\"BreadcrumbList\",\"@id\":\"https:\/\/www.naturparkmagazin.de\/stechlin\/regionalwerkstatt-bluehende-landschaften\/#breadcrumb\",\"itemListElement\":[{\"@type\":\"ListItem\",\"position\":1,\"name\":\"Home\",\"item\":\"https:\/\/www.naturparkmagazin.de\/stechlin\/\"},{\"@type\":\"ListItem\",\"position\":2,\"name\":\"Regionalwerkstatt Bl\u00fchende Landschaften\"}]},{\"@type\":\"WebSite\",\"@id\":\"https:\/\/www.naturparkmagazin.de\/stechlin\/#website\",\"url\":\"https:\/\/www.naturparkmagazin.de\/stechlin\/\",\"name\":\"Naturpark Stechlin-Ruppiner Land\",\"description\":\"\",\"potentialAction\":[{\"@type\":\"SearchAction\",\"target\":{\"@type\":\"EntryPoint\",\"urlTemplate\":\"https:\/\/www.naturparkmagazin.de\/stechlin\/?s={search_term_string}\"},\"query-input\":\"required name=search_term_string\"}],\"inLanguage\":\"de\"},{\"@type\":\"Person\",\"@id\":\"https:\/\/www.naturparkmagazin.de\/stechlin\/#\/schema\/person\/3f0d93203df21c806dd63c76d9bb28bc\",\"name\":\"marioschrumpf\",\"url\":\"https:\/\/www.naturparkmagazin.de\/stechlin\/author\/marioschrumpf\/\"}]}<\/script>\n<!-- \/ Yoast SEO plugin. -->","yoast_head_json":{"title":"Regionalwerkstatt Bl\u00fchende Landschaften - Naturpark Stechlin-Ruppiner Land","robots":{"index":"index","follow":"follow","max-snippet":"max-snippet:-1","max-image-preview":"max-image-preview:large","max-video-preview":"max-video-preview:-1"},"canonical":"https:\/\/www.naturparkmagazin.de\/stechlin\/regionalwerkstatt-bluehende-landschaften\/","og_locale":"de_DE","og_type":"article","og_title":"Regionalwerkstatt Bl\u00fchende Landschaften - Naturpark Stechlin-Ruppiner Land","og_description":"Welchen Beitrag k\u00f6nnen St\u00e4dte und D\u00f6rfer zur Biologischen Vielfalt leisten? Entdecken Sie das Potential und Handlungsm\u00f6glichkeiten Ihrer Kommune f\u00fcr Insektenschutz und Artenvielfalt.","og_url":"https:\/\/www.naturparkmagazin.de\/stechlin\/regionalwerkstatt-bluehende-landschaften\/","og_site_name":"Naturpark Stechlin-Ruppiner Land","article_published_time":"2021-05-14T08:23:29+00:00","article_modified_time":"2021-06-18T11:04:38+00:00","og_image":[{"width":200,"height":200,"url":"https:\/\/www.naturparkmagazin.de\/stechlin\/wp-content\/uploads\/sites\/38\/k-P6108231-e1434447458200.jpg","type":"image\/jpeg"}],"author":"marioschrumpf","twitter_misc":{"Verfasst von":"marioschrumpf","Gesch\u00e4tzte Lesezeit":"1\u00a0Minute"},"schema":{"@context":"https:\/\/schema.org","@graph":[{"@type":"WebPage","@id":"https:\/\/www.naturparkmagazin.de\/stechlin\/regionalwerkstatt-bluehende-landschaften\/","url":"https:\/\/www.naturparkmagazin.de\/stechlin\/regionalwerkstatt-bluehende-landschaften\/","name":"Regionalwerkstatt Bl\u00fchende Landschaften - Naturpark Stechlin-Ruppiner Land","isPartOf":{"@id":"https:\/\/www.naturparkmagazin.de\/stechlin\/#website"},"datePublished":"2021-05-14T08:23:29+00:00","dateModified":"2021-06-18T11:04:38+00:00","author":{"@id":"https:\/\/www.naturparkmagazin.de\/stechlin\/#\/schema\/person\/3f0d93203df21c806dd63c76d9bb28bc"},"breadcrumb":{"@id":"https:\/\/www.naturparkmagazin.de\/stechlin\/regionalwerkstatt-bluehende-landschaften\/#breadcrumb"},"inLanguage":"de","potentialAction":[{"@type":"ReadAction","target":["https:\/\/www.naturparkmagazin.de\/stechlin\/regionalwerkstatt-bluehende-landschaften\/"]}]},{"@type":"BreadcrumbList","@id":"https:\/\/www.naturparkmagazin.de\/stechlin\/regionalwerkstatt-bluehende-landschaften\/#breadcrumb","itemListElement":[{"@type":"ListItem","position":1,"name":"Home","item":"https:\/\/www.naturparkmagazin.de\/stechlin\/"},{"@type":"ListItem","position":2,"name":"Regionalwerkstatt Bl\u00fchende Landschaften"}]},{"@type":"WebSite","@id":"https:\/\/www.naturparkmagazin.de\/stechlin\/#website","url":"https:\/\/www.naturparkmagazin.de\/stechlin\/","name":"Naturpark Stechlin-Ruppiner Land","description":"","potentialAction":[{"@type":"SearchAction","target":{"@type":"EntryPoint","urlTemplate":"https:\/\/www.naturparkmagazin.de\/stechlin\/?s={search_term_string}"},"query-input":"required name=search_term_string"}],"inLanguage":"de"},{"@type":"Person","@id":"https:\/\/www.naturparkmagazin.de\/stechlin\/#\/schema\/person\/3f0d93203df21c806dd63c76d9bb28bc","name":"marioschrumpf","url":"https:\/\/www.naturparkmagazin.de\/stechlin\/author\/marioschrumpf\/"}]}},"_links":{"self":[{"href":"https:\/\/www.naturparkmagazin.de\/stechlin\/wp-json\/wp\/v2\/posts\/10585"}],"collection":[{"href":"https:\/\/www.naturparkmagazin.de\/stechlin\/wp-json\/wp\/v2\/posts"}],"about":[{"href":"https:\/\/www.naturparkmagazin.de\/stechlin\/wp-json\/wp\/v2\/types\/post"}],"author":[{"embeddable":true,"href":"https:\/\/www.naturparkmagazin.de\/stechlin\/wp-json\/wp\/v2\/users\/39"}],"replies":[{"embeddable":true,"href":"https:\/\/www.naturparkmagazin.de\/stechlin\/wp-json\/wp\/v2\/comments?post=10585"}],"version-history":[{"count":2,"href":"https:\/\/www.naturparkmagazin.de\/stechlin\/wp-json\/wp\/v2\/posts\/10585\/revisions"}],"predecessor-version":[{"id":10602,"href":"https:\/\/www.naturparkmagazin.de\/stechlin\/wp-json\/wp\/v2\/posts\/10585\/revisions\/10602"}],"wp:featuredmedia":[{"embeddable":true,"href":"https:\/\/www.naturparkmagazin.de\/stechlin\/wp-json\/wp\/v2\/media\/2330"}],"wp:attachment":[{"href":"https:\/\/www.naturparkmagazin.de\/stechlin\/wp-json\/wp\/v2\/media?parent=10585"}],"wp:term":[{"taxonomy":"category","embeddable":true,"href":"https:\/\/www.naturparkmagazin.de\/stechlin\/wp-json\/wp\/v2\/categories?post=10585"},{"taxonomy":"post_tag","embeddable":true,"href":"https:\/\/www.naturparkmagazin.de\/stechlin\/wp-json\/wp\/v2\/tags?post=10585"}],"curies":[{"name":"wp","href":"https:\/\/api.w.org\/{rel}","templated":true}]}}