{"id":10628,"date":"2021-06-15T10:54:31","date_gmt":"2021-06-15T08:54:31","guid":{"rendered":"https:\/\/www.naturparkmagazin.de\/stechlin\/?p=10628"},"modified":"2021-06-18T12:15:40","modified_gmt":"2021-06-18T10:15:40","slug":"auf-spurensuche-mit-dem-stadtschreiber-carsten-draeger-laedt-zu-stadtfuehrungen-ein","status":"publish","type":"post","link":"https:\/\/www.naturparkmagazin.de\/stechlin\/auf-spurensuche-mit-dem-stadtschreiber-carsten-draeger-laedt-zu-stadtfuehrungen-ein\/","title":{"rendered":"Auf Spurensuche mit dem Stadtschreiber \u2013 Carsten Dr\u00e4ger l\u00e4dt zu Stadtf\u00fchrungen ein"},"content":{"rendered":"<div id=\"attachment_10630\" style=\"width: 310px\" class=\"wp-caption aligncenter\"><a href=\"https:\/\/www.naturparkmagazin.de\/stechlin\/wp-content\/uploads\/sites\/38\/Dr\u00e4ger11.jpg\"><img aria-describedby=\"caption-attachment-10630\" decoding=\"async\" loading=\"lazy\" class=\"size-thumbnail wp-image-10630\" src=\"https:\/\/www.naturparkmagazin.de\/stechlin\/wp-content\/uploads\/sites\/38\/Dr\u00e4ger11-300x180.jpg\" alt=\"Stadtschreiber Carsten Dr\u00e4ger \u00a9 REGIO-Nord\/M. Burghardt\" width=\"300\" height=\"180\" srcset=\"https:\/\/www.naturparkmagazin.de\/stechlin\/wp-content\/uploads\/sites\/38\/Dr\u00e4ger11-300x180.jpg 300w, https:\/\/www.naturparkmagazin.de\/stechlin\/wp-content\/uploads\/sites\/38\/Dr\u00e4ger11.jpg 500w, https:\/\/www.naturparkmagazin.de\/stechlin\/wp-content\/uploads\/sites\/38\/Dr\u00e4ger11-200x120.jpg 200w\" sizes=\"(max-width: 300px) 100vw, 300px\" \/><\/a><p id=\"caption-attachment-10630\" class=\"wp-caption-text\">Stadtschreiber Carsten Dr\u00e4ger \u00a9 REGIO-Nord\/M. Burghardt<\/p><\/div>\n<p>Auch in dieser Saison wird es aufgrund der positiven Resonanz in der Wasserstadt F\u00fcrstenberg\/Havel die F\u00fchrungen mit dem Stadtschreiber Carsten Dr\u00e4ger geben. Terminanfragen und Voranmeldungen richten Sie bitte an die Touristinformation in F\u00fcrstenberg\/Havel. Treffpunkt zu den F\u00fchrungen ist vor dem Hauptportal der Stadtkirche auf dem Markt.<\/p>\n<p>Dar\u00fcber hinaus bietet der Historiker auch F\u00fchrungen als Ratsherr in Gransee und in Zehdenick an. Die hiesigen Termine erfragen Sie bitte in den zust\u00e4ndigen Touristinformationen. Um Voranmeldungen wird auch hier gebeten.<\/p>\n<p>Die F\u00fchrungen starten in Gransee am Luisen-Denkmal und in Zehdenick vor dem alten Rathaus auf dem Marktplatz. Der Preis pro Person betr\u00e4gt f\u00fcr alle F\u00fchrungen 5 Euro, zu entrichten in bar beim Stadtf\u00fchrer. Sie sind herzlich eingeladen.<\/p>\n<p>Wandeln Sie mit Carsten Dr\u00e4ger auf den Spuren historischer St\u00e4tten und Pers\u00f6nlichkeiten und lauschen Sie den interessanten, spannenden Geschichten und Anekdoten, die der Stadtschreiber Ihnen zu Geh\u00f6r bringen wird.<\/p>\n","protected":false},"excerpt":{"rendered":"<p>Auch in dieser Saison wird es aufgrund der positiven Resonanz in der Wasserstadt F\u00fcrstenberg\/Havel die F\u00fchrungen mit dem Stadtschreiber Carsten Dr\u00e4ger geben. <\/p>\n","protected":false},"author":39,"featured_media":10629,"comment_status":"open","ping_status":"open","sticky":false,"template":"","format":"standard","meta":[],"categories":[8],"tags":[],"yoast_head":"<!-- This site is optimized with the Yoast SEO plugin v19.10 - https:\/\/yoast.com\/wordpress\/plugins\/seo\/ -->\n<title>Auf Spurensuche mit dem Stadtschreiber \u2013 Carsten Dr\u00e4ger l\u00e4dt zu Stadtf\u00fchrungen ein - Naturpark Stechlin-Ruppiner Land<\/title>\n<meta name=\"robots\" content=\"index, follow, max-snippet:-1, max-image-preview:large, max-video-preview:-1\" \/>\n<link rel=\"canonical\" href=\"https:\/\/www.naturparkmagazin.de\/stechlin\/auf-spurensuche-mit-dem-stadtschreiber-carsten-draeger-laedt-zu-stadtfuehrungen-ein\/\" \/>\n<meta property=\"og:locale\" content=\"de_DE\" \/>\n<meta property=\"og:type\" content=\"article\" \/>\n<meta property=\"og:title\" content=\"Auf Spurensuche mit dem Stadtschreiber \u2013 Carsten Dr\u00e4ger l\u00e4dt zu Stadtf\u00fchrungen ein - Naturpark Stechlin-Ruppiner Land\" \/>\n<meta property=\"og:description\" content=\"Auch in dieser Saison wird es aufgrund der positiven Resonanz in der Wasserstadt F\u00fcrstenberg\/Havel die F\u00fchrungen mit dem Stadtschreiber Carsten Dr\u00e4ger geben.\" \/>\n<meta property=\"og:url\" content=\"https:\/\/www.naturparkmagazin.de\/stechlin\/auf-spurensuche-mit-dem-stadtschreiber-carsten-draeger-laedt-zu-stadtfuehrungen-ein\/\" \/>\n<meta property=\"og:site_name\" content=\"Naturpark Stechlin-Ruppiner Land\" \/>\n<meta property=\"article:published_time\" content=\"2021-06-15T08:54:31+00:00\" \/>\n<meta property=\"article:modified_time\" content=\"2021-06-18T10:15:40+00:00\" \/>\n<meta property=\"og:image\" content=\"https:\/\/www.naturparkmagazin.de\/stechlin\/wp-content\/uploads\/sites\/38\/Dr\u00e4ger1.jpg\" \/>\n\t<meta property=\"og:image:width\" content=\"200\" \/>\n\t<meta property=\"og:image:height\" content=\"200\" \/>\n\t<meta property=\"og:image:type\" content=\"image\/jpeg\" \/>\n<meta name=\"author\" content=\"marioschrumpf\" \/>\n<meta name=\"twitter:label1\" content=\"Verfasst von\" \/>\n\t<meta name=\"twitter:data1\" content=\"marioschrumpf\" \/>\n\t<meta name=\"twitter:label2\" content=\"Gesch\u00e4tzte Lesezeit\" \/>\n\t<meta name=\"twitter:data2\" content=\"1\u00a0Minute\" \/>\n<script type=\"application\/ld+json\" class=\"yoast-schema-graph\">{\"@context\":\"https:\/\/schema.org\",\"@graph\":[{\"@type\":\"WebPage\",\"@id\":\"https:\/\/www.naturparkmagazin.de\/stechlin\/auf-spurensuche-mit-dem-stadtschreiber-carsten-draeger-laedt-zu-stadtfuehrungen-ein\/\",\"url\":\"https:\/\/www.naturparkmagazin.de\/stechlin\/auf-spurensuche-mit-dem-stadtschreiber-carsten-draeger-laedt-zu-stadtfuehrungen-ein\/\",\"name\":\"Auf Spurensuche mit dem Stadtschreiber \u2013 Carsten Dr\u00e4ger l\u00e4dt zu Stadtf\u00fchrungen ein - Naturpark Stechlin-Ruppiner Land\",\"isPartOf\":{\"@id\":\"https:\/\/www.naturparkmagazin.de\/stechlin\/#website\"},\"datePublished\":\"2021-06-15T08:54:31+00:00\",\"dateModified\":\"2021-06-18T10:15:40+00:00\",\"author\":{\"@id\":\"https:\/\/www.naturparkmagazin.de\/stechlin\/#\/schema\/person\/3f0d93203df21c806dd63c76d9bb28bc\"},\"breadcrumb\":{\"@id\":\"https:\/\/www.naturparkmagazin.de\/stechlin\/auf-spurensuche-mit-dem-stadtschreiber-carsten-draeger-laedt-zu-stadtfuehrungen-ein\/#breadcrumb\"},\"inLanguage\":\"de\",\"potentialAction\":[{\"@type\":\"ReadAction\",\"target\":[\"https:\/\/www.naturparkmagazin.de\/stechlin\/auf-spurensuche-mit-dem-stadtschreiber-carsten-draeger-laedt-zu-stadtfuehrungen-ein\/\"]}]},{\"@type\":\"BreadcrumbList\",\"@id\":\"https:\/\/www.naturparkmagazin.de\/stechlin\/auf-spurensuche-mit-dem-stadtschreiber-carsten-draeger-laedt-zu-stadtfuehrungen-ein\/#breadcrumb\",\"itemListElement\":[{\"@type\":\"ListItem\",\"position\":1,\"name\":\"Home\",\"item\":\"https:\/\/www.naturparkmagazin.de\/stechlin\/\"},{\"@type\":\"ListItem\",\"position\":2,\"name\":\"Auf Spurensuche mit dem Stadtschreiber \u2013 Carsten Dr\u00e4ger l\u00e4dt zu Stadtf\u00fchrungen ein\"}]},{\"@type\":\"WebSite\",\"@id\":\"https:\/\/www.naturparkmagazin.de\/stechlin\/#website\",\"url\":\"https:\/\/www.naturparkmagazin.de\/stechlin\/\",\"name\":\"Naturpark Stechlin-Ruppiner Land\",\"description\":\"\",\"potentialAction\":[{\"@type\":\"SearchAction\",\"target\":{\"@type\":\"EntryPoint\",\"urlTemplate\":\"https:\/\/www.naturparkmagazin.de\/stechlin\/?s={search_term_string}\"},\"query-input\":\"required name=search_term_string\"}],\"inLanguage\":\"de\"},{\"@type\":\"Person\",\"@id\":\"https:\/\/www.naturparkmagazin.de\/stechlin\/#\/schema\/person\/3f0d93203df21c806dd63c76d9bb28bc\",\"name\":\"marioschrumpf\",\"url\":\"https:\/\/www.naturparkmagazin.de\/stechlin\/author\/marioschrumpf\/\"}]}<\/script>\n<!-- \/ Yoast SEO plugin. -->","yoast_head_json":{"title":"Auf Spurensuche mit dem Stadtschreiber \u2013 Carsten Dr\u00e4ger l\u00e4dt zu Stadtf\u00fchrungen ein - Naturpark Stechlin-Ruppiner Land","robots":{"index":"index","follow":"follow","max-snippet":"max-snippet:-1","max-image-preview":"max-image-preview:large","max-video-preview":"max-video-preview:-1"},"canonical":"https:\/\/www.naturparkmagazin.de\/stechlin\/auf-spurensuche-mit-dem-stadtschreiber-carsten-draeger-laedt-zu-stadtfuehrungen-ein\/","og_locale":"de_DE","og_type":"article","og_title":"Auf Spurensuche mit dem Stadtschreiber \u2013 Carsten Dr\u00e4ger l\u00e4dt zu Stadtf\u00fchrungen ein - Naturpark Stechlin-Ruppiner Land","og_description":"Auch in dieser Saison wird es aufgrund der positiven Resonanz in der Wasserstadt F\u00fcrstenberg\/Havel die F\u00fchrungen mit dem Stadtschreiber Carsten Dr\u00e4ger geben.","og_url":"https:\/\/www.naturparkmagazin.de\/stechlin\/auf-spurensuche-mit-dem-stadtschreiber-carsten-draeger-laedt-zu-stadtfuehrungen-ein\/","og_site_name":"Naturpark Stechlin-Ruppiner Land","article_published_time":"2021-06-15T08:54:31+00:00","article_modified_time":"2021-06-18T10:15:40+00:00","og_image":[{"width":200,"height":200,"url":"https:\/\/www.naturparkmagazin.de\/stechlin\/wp-content\/uploads\/sites\/38\/Dr\u00e4ger1.jpg","type":"image\/jpeg"}],"author":"marioschrumpf","twitter_misc":{"Verfasst von":"marioschrumpf","Gesch\u00e4tzte Lesezeit":"1\u00a0Minute"},"schema":{"@context":"https:\/\/schema.org","@graph":[{"@type":"WebPage","@id":"https:\/\/www.naturparkmagazin.de\/stechlin\/auf-spurensuche-mit-dem-stadtschreiber-carsten-draeger-laedt-zu-stadtfuehrungen-ein\/","url":"https:\/\/www.naturparkmagazin.de\/stechlin\/auf-spurensuche-mit-dem-stadtschreiber-carsten-draeger-laedt-zu-stadtfuehrungen-ein\/","name":"Auf Spurensuche mit dem Stadtschreiber \u2013 Carsten Dr\u00e4ger l\u00e4dt zu Stadtf\u00fchrungen ein - Naturpark Stechlin-Ruppiner Land","isPartOf":{"@id":"https:\/\/www.naturparkmagazin.de\/stechlin\/#website"},"datePublished":"2021-06-15T08:54:31+00:00","dateModified":"2021-06-18T10:15:40+00:00","author":{"@id":"https:\/\/www.naturparkmagazin.de\/stechlin\/#\/schema\/person\/3f0d93203df21c806dd63c76d9bb28bc"},"breadcrumb":{"@id":"https:\/\/www.naturparkmagazin.de\/stechlin\/auf-spurensuche-mit-dem-stadtschreiber-carsten-draeger-laedt-zu-stadtfuehrungen-ein\/#breadcrumb"},"inLanguage":"de","potentialAction":[{"@type":"ReadAction","target":["https:\/\/www.naturparkmagazin.de\/stechlin\/auf-spurensuche-mit-dem-stadtschreiber-carsten-draeger-laedt-zu-stadtfuehrungen-ein\/"]}]},{"@type":"BreadcrumbList","@id":"https:\/\/www.naturparkmagazin.de\/stechlin\/auf-spurensuche-mit-dem-stadtschreiber-carsten-draeger-laedt-zu-stadtfuehrungen-ein\/#breadcrumb","itemListElement":[{"@type":"ListItem","position":1,"name":"Home","item":"https:\/\/www.naturparkmagazin.de\/stechlin\/"},{"@type":"ListItem","position":2,"name":"Auf Spurensuche mit dem Stadtschreiber \u2013 Carsten Dr\u00e4ger l\u00e4dt zu Stadtf\u00fchrungen ein"}]},{"@type":"WebSite","@id":"https:\/\/www.naturparkmagazin.de\/stechlin\/#website","url":"https:\/\/www.naturparkmagazin.de\/stechlin\/","name":"Naturpark Stechlin-Ruppiner Land","description":"","potentialAction":[{"@type":"SearchAction","target":{"@type":"EntryPoint","urlTemplate":"https:\/\/www.naturparkmagazin.de\/stechlin\/?s={search_term_string}"},"query-input":"required name=search_term_string"}],"inLanguage":"de"},{"@type":"Person","@id":"https:\/\/www.naturparkmagazin.de\/stechlin\/#\/schema\/person\/3f0d93203df21c806dd63c76d9bb28bc","name":"marioschrumpf","url":"https:\/\/www.naturparkmagazin.de\/stechlin\/author\/marioschrumpf\/"}]}},"_links":{"self":[{"href":"https:\/\/www.naturparkmagazin.de\/stechlin\/wp-json\/wp\/v2\/posts\/10628"}],"collection":[{"href":"https:\/\/www.naturparkmagazin.de\/stechlin\/wp-json\/wp\/v2\/posts"}],"about":[{"href":"https:\/\/www.naturparkmagazin.de\/stechlin\/wp-json\/wp\/v2\/types\/post"}],"author":[{"embeddable":true,"href":"https:\/\/www.naturparkmagazin.de\/stechlin\/wp-json\/wp\/v2\/users\/39"}],"replies":[{"embeddable":true,"href":"https:\/\/www.naturparkmagazin.de\/stechlin\/wp-json\/wp\/v2\/comments?post=10628"}],"version-history":[{"count":2,"href":"https:\/\/www.naturparkmagazin.de\/stechlin\/wp-json\/wp\/v2\/posts\/10628\/revisions"}],"predecessor-version":[{"id":10642,"href":"https:\/\/www.naturparkmagazin.de\/stechlin\/wp-json\/wp\/v2\/posts\/10628\/revisions\/10642"}],"wp:featuredmedia":[{"embeddable":true,"href":"https:\/\/www.naturparkmagazin.de\/stechlin\/wp-json\/wp\/v2\/media\/10629"}],"wp:attachment":[{"href":"https:\/\/www.naturparkmagazin.de\/stechlin\/wp-json\/wp\/v2\/media?parent=10628"}],"wp:term":[{"taxonomy":"category","embeddable":true,"href":"https:\/\/www.naturparkmagazin.de\/stechlin\/wp-json\/wp\/v2\/categories?post=10628"},{"taxonomy":"post_tag","embeddable":true,"href":"https:\/\/www.naturparkmagazin.de\/stechlin\/wp-json\/wp\/v2\/tags?post=10628"}],"curies":[{"name":"wp","href":"https:\/\/api.w.org\/{rel}","templated":true}]}}