{"id":10677,"date":"2021-06-15T09:47:22","date_gmt":"2021-06-15T07:47:22","guid":{"rendered":"https:\/\/www.naturparkmagazin.de\/stechlin\/?p=10677"},"modified":"2021-06-21T14:28:26","modified_gmt":"2021-06-21T12:28:26","slug":"wir-fest-in-pfalzheim","status":"publish","type":"post","link":"https:\/\/www.naturparkmagazin.de\/stechlin\/wir-fest-in-pfalzheim\/","title":{"rendered":"WIR-Fest in Pfalzheim"},"content":{"rendered":"<div id=\"attachment_10680\" style=\"width: 310px\" class=\"wp-caption aligncenter\"><a href=\"https:\/\/www.naturparkmagazin.de\/stechlin\/wp-content\/uploads\/sites\/38\/DSC_0091.jpg\"><img aria-describedby=\"caption-attachment-10680\" decoding=\"async\" loading=\"lazy\" class=\"size-thumbnail wp-image-10680\" src=\"https:\/\/www.naturparkmagazin.de\/stechlin\/wp-content\/uploads\/sites\/38\/DSC_0091-300x180.jpg\" alt=\"Amtsdirektor Thomas Kresse, Naturparkleiter Dr. Mario Schrumpf und B\u00fcrgermeister Bernd M\u00fcller \u00a9Mario Schrumpf\" width=\"300\" height=\"180\" srcset=\"https:\/\/www.naturparkmagazin.de\/stechlin\/wp-content\/uploads\/sites\/38\/DSC_0091-300x180.jpg 300w, https:\/\/www.naturparkmagazin.de\/stechlin\/wp-content\/uploads\/sites\/38\/DSC_0091.jpg 500w, https:\/\/www.naturparkmagazin.de\/stechlin\/wp-content\/uploads\/sites\/38\/DSC_0091-200x120.jpg 200w\" sizes=\"(max-width: 300px) 100vw, 300px\" \/><\/a><p id=\"caption-attachment-10680\" class=\"wp-caption-text\">Amtsdirektor Thomas Kresse, Naturparkleiter Dr. Mario Schrumpf und B\u00fcrgermeister Bernd M\u00fcller \u00a9Mario Schrumpf<\/p><\/div>\n<p>Mit 58 Einwohnern ist Pfalzheim der kleinste Ortsteil der Gemeinde Temnitzquell. Eine einsame Stra\u00dfe, vorbei an Kiefern und Feldern, f\u00fchrt zu einer Ansiedlung mit einer kurz gehaltenen Dorfstra\u00dfe. Hier scheint die Welt offen zu sein und still zu stehen. Rechts und links der Dorfstra\u00dfe reihen sich H\u00e4user mit gepflegten Vorg\u00e4rten. Dass Pfalzheim, ehemals gegr\u00fcndet vor gut 270 Jahren im Rahmen einer Ansiedlungsaktion von Familie aus der Pfalz, eine Kirche hat, ist auf den ersten Blick kaum zu entdecken. Durch ein Gartentor erreicht man den glatt verputzten Kirchenbau, umgeben von wenigen Gr\u00e4ben. Pfalzheim hat noch mehr Verstecktes aufzubieten: Da ist 500 m vom Ort entfernt, die eingewurzelte Quelle der Temnitz zu finden, die der Gemeinde ihren Namen gab. Nicht weit davon liegt versteckt das Forsthaus D\u00fcnam\u00fcnde mit seinen gro\u00dfen und kleinen Bewohnern.<\/p>\n<div id=\"attachment_10682\" style=\"width: 310px\" class=\"wp-caption aligncenter\"><a href=\"https:\/\/www.naturparkmagazin.de\/stechlin\/wp-content\/uploads\/sites\/38\/DSC_0101.jpg\"><img aria-describedby=\"caption-attachment-10682\" decoding=\"async\" loading=\"lazy\" class=\"size-thumbnail wp-image-10682\" src=\"https:\/\/www.naturparkmagazin.de\/stechlin\/wp-content\/uploads\/sites\/38\/DSC_0101-300x180.jpg\" alt=\"Die local heros (lokale Helden) wurden interviewt. \u00a9Mario Schrumpf\" width=\"300\" height=\"180\" srcset=\"https:\/\/www.naturparkmagazin.de\/stechlin\/wp-content\/uploads\/sites\/38\/DSC_0101-300x180.jpg 300w, https:\/\/www.naturparkmagazin.de\/stechlin\/wp-content\/uploads\/sites\/38\/DSC_0101.jpg 500w, https:\/\/www.naturparkmagazin.de\/stechlin\/wp-content\/uploads\/sites\/38\/DSC_0101-200x120.jpg 200w\" sizes=\"(max-width: 300px) 100vw, 300px\" \/><\/a><p id=\"caption-attachment-10682\" class=\"wp-caption-text\">Die local heros (lokale Helden) wurden interviewt. \u00a9Mario Schrumpf<\/p><\/div>\n<p><strong>D\u00f6rfer die verbinden &#8211; Vielfalt und Zusammenhalt im l\u00e4ndlichen Raum der Gemeinde Temnitzquell<\/strong> ist der Titel einer Kampagne, die auf die D\u00f6rfer Katerbow, R\u00e4gelin, Pfalzheim, Darsikow und Netzeband aufmerksam macht und M\u00f6glichkeiten vom Leben auf dem Land ins Gespr\u00e4ch bringen will: Werte des Zusammenhalts, Verbindung vom Leben und Arbeit, die Entfaltung vom landwirtschaftlichen Eigenschaften und r\u00e4umliche Ressourcen. Jedes Dorf steht mit einem WIR-Fest eine Zeit lang im Blickpunkt. Einwohner, die sich besonders engagieren, local heros, werden vorgestellt und berichten von ihren Erfahrungen. \u00dcber die Vielfalt des L\u00e4ndlichen Lebens wird mit Bildern, Geschichten und Musik erz\u00e4hlt. Jedes Dorf ist f\u00fcr sich verschieden, bemerkenswert und hat eine eigene Geschichte und doch bilden alle, verbunden als Gemeinde Temnitzquell, eine besondere Art von Landkultur.<\/p>\n<div id=\"attachment_10681\" style=\"width: 310px\" class=\"wp-caption aligncenter\"><a href=\"https:\/\/www.naturparkmagazin.de\/stechlin\/wp-content\/uploads\/sites\/38\/DSC_0094.jpg\"><img aria-describedby=\"caption-attachment-10681\" decoding=\"async\" loading=\"lazy\" class=\"size-thumbnail wp-image-10681\" src=\"https:\/\/www.naturparkmagazin.de\/stechlin\/wp-content\/uploads\/sites\/38\/DSC_0094-300x180.jpg\" alt=\"Mehr als 60 G\u00e4ste waren der Einladung gefolgt. \u00a9Mario Schrumpf\" width=\"300\" height=\"180\" srcset=\"https:\/\/www.naturparkmagazin.de\/stechlin\/wp-content\/uploads\/sites\/38\/DSC_0094-300x180.jpg 300w, https:\/\/www.naturparkmagazin.de\/stechlin\/wp-content\/uploads\/sites\/38\/DSC_0094.jpg 500w, https:\/\/www.naturparkmagazin.de\/stechlin\/wp-content\/uploads\/sites\/38\/DSC_0094-200x120.jpg 200w\" sizes=\"(max-width: 300px) 100vw, 300px\" \/><\/a><p id=\"caption-attachment-10681\" class=\"wp-caption-text\">Mehr als 60 G\u00e4ste waren der Einladung gefolgt. \u00a9Mario Schrumpf<\/p><\/div>\n<p>Am 12. Juni war Pfalzheim Gstgeber des WIR-Festes mit mehr als 70 Teilnehmern. Naturparkleiter Dr. Mario Schrumpf hatte die Gelegenheit die G\u00e4ste \u00fcber die Erweiterung des Naturparks zu informieren. Schnell kam man ins Gespr\u00e4ch. Erste Ideen zur Renaturierung der Temnitzquelle, der Einrichtung eines Cafes und zur besseren Beschilderung des Parkplatzes wurden entwickelt. Die Pfalzheimer freuen sich, dass ihr Ort als Tor zur Heide und zum Naturpark aufgewertet wird.<\/p>\n<div id=\"attachment_10679\" style=\"width: 310px\" class=\"wp-caption aligncenter\"><a href=\"https:\/\/www.naturparkmagazin.de\/stechlin\/wp-content\/uploads\/sites\/38\/DSC_0079.jpg\"><img aria-describedby=\"caption-attachment-10679\" decoding=\"async\" loading=\"lazy\" class=\"size-thumbnail wp-image-10679\" src=\"https:\/\/www.naturparkmagazin.de\/stechlin\/wp-content\/uploads\/sites\/38\/DSC_0079-300x180.jpg\" alt=\"Ingrid Lucia Ernst, die Organisatorin des WIR-Festes. \u00a9Mario Schrumpf\" width=\"300\" height=\"180\" srcset=\"https:\/\/www.naturparkmagazin.de\/stechlin\/wp-content\/uploads\/sites\/38\/DSC_0079-300x180.jpg 300w, https:\/\/www.naturparkmagazin.de\/stechlin\/wp-content\/uploads\/sites\/38\/DSC_0079.jpg 500w, https:\/\/www.naturparkmagazin.de\/stechlin\/wp-content\/uploads\/sites\/38\/DSC_0079-200x120.jpg 200w\" sizes=\"(max-width: 300px) 100vw, 300px\" \/><\/a><p id=\"caption-attachment-10679\" class=\"wp-caption-text\">Ingrid Lucia Ernst, die Organisatorin des WIR-Festes. \u00a9Mario Schrumpf<\/p><\/div>\n<p>&nbsp;<\/p>\n","protected":false},"excerpt":{"rendered":"<p>Mit 58 Einwohnern ist Pfalzheim der kleinste Ortsteil der Gemeinde Temnitzquell.<\/p>\n","protected":false},"author":39,"featured_media":10678,"comment_status":"open","ping_status":"open","sticky":false,"template":"","format":"standard","meta":[],"categories":[7],"tags":[],"yoast_head":"<!-- This site is optimized with the Yoast SEO plugin v19.10 - https:\/\/yoast.com\/wordpress\/plugins\/seo\/ -->\n<title>WIR-Fest in Pfalzheim - Naturpark Stechlin-Ruppiner Land<\/title>\n<meta name=\"robots\" content=\"index, follow, max-snippet:-1, max-image-preview:large, max-video-preview:-1\" \/>\n<link rel=\"canonical\" href=\"https:\/\/www.naturparkmagazin.de\/stechlin\/wir-fest-in-pfalzheim\/\" \/>\n<meta property=\"og:locale\" content=\"de_DE\" \/>\n<meta property=\"og:type\" content=\"article\" \/>\n<meta property=\"og:title\" content=\"WIR-Fest in Pfalzheim - Naturpark Stechlin-Ruppiner Land\" \/>\n<meta property=\"og:description\" content=\"Mit 58 Einwohnern ist Pfalzheim der kleinste Ortsteil der Gemeinde Temnitzquell.\" \/>\n<meta property=\"og:url\" content=\"https:\/\/www.naturparkmagazin.de\/stechlin\/wir-fest-in-pfalzheim\/\" \/>\n<meta property=\"og:site_name\" content=\"Naturpark Stechlin-Ruppiner Land\" \/>\n<meta property=\"article:published_time\" content=\"2021-06-15T07:47:22+00:00\" \/>\n<meta property=\"article:modified_time\" content=\"2021-06-21T12:28:26+00:00\" \/>\n<meta property=\"og:image\" content=\"https:\/\/www.naturparkmagazin.de\/stechlin\/wp-content\/uploads\/sites\/38\/LogoTemnitzquell.jpg\" \/>\n\t<meta property=\"og:image:width\" content=\"200\" \/>\n\t<meta property=\"og:image:height\" content=\"200\" \/>\n\t<meta property=\"og:image:type\" content=\"image\/jpeg\" \/>\n<meta name=\"author\" content=\"marioschrumpf\" \/>\n<meta name=\"twitter:label1\" content=\"Verfasst von\" \/>\n\t<meta name=\"twitter:data1\" content=\"marioschrumpf\" \/>\n\t<meta name=\"twitter:label2\" content=\"Gesch\u00e4tzte Lesezeit\" \/>\n\t<meta name=\"twitter:data2\" content=\"2\u00a0Minuten\" \/>\n<script type=\"application\/ld+json\" class=\"yoast-schema-graph\">{\"@context\":\"https:\/\/schema.org\",\"@graph\":[{\"@type\":\"WebPage\",\"@id\":\"https:\/\/www.naturparkmagazin.de\/stechlin\/wir-fest-in-pfalzheim\/\",\"url\":\"https:\/\/www.naturparkmagazin.de\/stechlin\/wir-fest-in-pfalzheim\/\",\"name\":\"WIR-Fest in Pfalzheim - Naturpark Stechlin-Ruppiner Land\",\"isPartOf\":{\"@id\":\"https:\/\/www.naturparkmagazin.de\/stechlin\/#website\"},\"datePublished\":\"2021-06-15T07:47:22+00:00\",\"dateModified\":\"2021-06-21T12:28:26+00:00\",\"author\":{\"@id\":\"https:\/\/www.naturparkmagazin.de\/stechlin\/#\/schema\/person\/3f0d93203df21c806dd63c76d9bb28bc\"},\"breadcrumb\":{\"@id\":\"https:\/\/www.naturparkmagazin.de\/stechlin\/wir-fest-in-pfalzheim\/#breadcrumb\"},\"inLanguage\":\"de\",\"potentialAction\":[{\"@type\":\"ReadAction\",\"target\":[\"https:\/\/www.naturparkmagazin.de\/stechlin\/wir-fest-in-pfalzheim\/\"]}]},{\"@type\":\"BreadcrumbList\",\"@id\":\"https:\/\/www.naturparkmagazin.de\/stechlin\/wir-fest-in-pfalzheim\/#breadcrumb\",\"itemListElement\":[{\"@type\":\"ListItem\",\"position\":1,\"name\":\"Home\",\"item\":\"https:\/\/www.naturparkmagazin.de\/stechlin\/\"},{\"@type\":\"ListItem\",\"position\":2,\"name\":\"WIR-Fest in Pfalzheim\"}]},{\"@type\":\"WebSite\",\"@id\":\"https:\/\/www.naturparkmagazin.de\/stechlin\/#website\",\"url\":\"https:\/\/www.naturparkmagazin.de\/stechlin\/\",\"name\":\"Naturpark Stechlin-Ruppiner Land\",\"description\":\"\",\"potentialAction\":[{\"@type\":\"SearchAction\",\"target\":{\"@type\":\"EntryPoint\",\"urlTemplate\":\"https:\/\/www.naturparkmagazin.de\/stechlin\/?s={search_term_string}\"},\"query-input\":\"required name=search_term_string\"}],\"inLanguage\":\"de\"},{\"@type\":\"Person\",\"@id\":\"https:\/\/www.naturparkmagazin.de\/stechlin\/#\/schema\/person\/3f0d93203df21c806dd63c76d9bb28bc\",\"name\":\"marioschrumpf\",\"url\":\"https:\/\/www.naturparkmagazin.de\/stechlin\/author\/marioschrumpf\/\"}]}<\/script>\n<!-- \/ Yoast SEO plugin. -->","yoast_head_json":{"title":"WIR-Fest in Pfalzheim - Naturpark Stechlin-Ruppiner Land","robots":{"index":"index","follow":"follow","max-snippet":"max-snippet:-1","max-image-preview":"max-image-preview:large","max-video-preview":"max-video-preview:-1"},"canonical":"https:\/\/www.naturparkmagazin.de\/stechlin\/wir-fest-in-pfalzheim\/","og_locale":"de_DE","og_type":"article","og_title":"WIR-Fest in Pfalzheim - Naturpark Stechlin-Ruppiner Land","og_description":"Mit 58 Einwohnern ist Pfalzheim der kleinste Ortsteil der Gemeinde Temnitzquell.","og_url":"https:\/\/www.naturparkmagazin.de\/stechlin\/wir-fest-in-pfalzheim\/","og_site_name":"Naturpark Stechlin-Ruppiner Land","article_published_time":"2021-06-15T07:47:22+00:00","article_modified_time":"2021-06-21T12:28:26+00:00","og_image":[{"width":200,"height":200,"url":"https:\/\/www.naturparkmagazin.de\/stechlin\/wp-content\/uploads\/sites\/38\/LogoTemnitzquell.jpg","type":"image\/jpeg"}],"author":"marioschrumpf","twitter_misc":{"Verfasst von":"marioschrumpf","Gesch\u00e4tzte Lesezeit":"2\u00a0Minuten"},"schema":{"@context":"https:\/\/schema.org","@graph":[{"@type":"WebPage","@id":"https:\/\/www.naturparkmagazin.de\/stechlin\/wir-fest-in-pfalzheim\/","url":"https:\/\/www.naturparkmagazin.de\/stechlin\/wir-fest-in-pfalzheim\/","name":"WIR-Fest in Pfalzheim - Naturpark Stechlin-Ruppiner Land","isPartOf":{"@id":"https:\/\/www.naturparkmagazin.de\/stechlin\/#website"},"datePublished":"2021-06-15T07:47:22+00:00","dateModified":"2021-06-21T12:28:26+00:00","author":{"@id":"https:\/\/www.naturparkmagazin.de\/stechlin\/#\/schema\/person\/3f0d93203df21c806dd63c76d9bb28bc"},"breadcrumb":{"@id":"https:\/\/www.naturparkmagazin.de\/stechlin\/wir-fest-in-pfalzheim\/#breadcrumb"},"inLanguage":"de","potentialAction":[{"@type":"ReadAction","target":["https:\/\/www.naturparkmagazin.de\/stechlin\/wir-fest-in-pfalzheim\/"]}]},{"@type":"BreadcrumbList","@id":"https:\/\/www.naturparkmagazin.de\/stechlin\/wir-fest-in-pfalzheim\/#breadcrumb","itemListElement":[{"@type":"ListItem","position":1,"name":"Home","item":"https:\/\/www.naturparkmagazin.de\/stechlin\/"},{"@type":"ListItem","position":2,"name":"WIR-Fest in Pfalzheim"}]},{"@type":"WebSite","@id":"https:\/\/www.naturparkmagazin.de\/stechlin\/#website","url":"https:\/\/www.naturparkmagazin.de\/stechlin\/","name":"Naturpark Stechlin-Ruppiner Land","description":"","potentialAction":[{"@type":"SearchAction","target":{"@type":"EntryPoint","urlTemplate":"https:\/\/www.naturparkmagazin.de\/stechlin\/?s={search_term_string}"},"query-input":"required name=search_term_string"}],"inLanguage":"de"},{"@type":"Person","@id":"https:\/\/www.naturparkmagazin.de\/stechlin\/#\/schema\/person\/3f0d93203df21c806dd63c76d9bb28bc","name":"marioschrumpf","url":"https:\/\/www.naturparkmagazin.de\/stechlin\/author\/marioschrumpf\/"}]}},"_links":{"self":[{"href":"https:\/\/www.naturparkmagazin.de\/stechlin\/wp-json\/wp\/v2\/posts\/10677"}],"collection":[{"href":"https:\/\/www.naturparkmagazin.de\/stechlin\/wp-json\/wp\/v2\/posts"}],"about":[{"href":"https:\/\/www.naturparkmagazin.de\/stechlin\/wp-json\/wp\/v2\/types\/post"}],"author":[{"embeddable":true,"href":"https:\/\/www.naturparkmagazin.de\/stechlin\/wp-json\/wp\/v2\/users\/39"}],"replies":[{"embeddable":true,"href":"https:\/\/www.naturparkmagazin.de\/stechlin\/wp-json\/wp\/v2\/comments?post=10677"}],"version-history":[{"count":2,"href":"https:\/\/www.naturparkmagazin.de\/stechlin\/wp-json\/wp\/v2\/posts\/10677\/revisions"}],"predecessor-version":[{"id":10692,"href":"https:\/\/www.naturparkmagazin.de\/stechlin\/wp-json\/wp\/v2\/posts\/10677\/revisions\/10692"}],"wp:featuredmedia":[{"embeddable":true,"href":"https:\/\/www.naturparkmagazin.de\/stechlin\/wp-json\/wp\/v2\/media\/10678"}],"wp:attachment":[{"href":"https:\/\/www.naturparkmagazin.de\/stechlin\/wp-json\/wp\/v2\/media?parent=10677"}],"wp:term":[{"taxonomy":"category","embeddable":true,"href":"https:\/\/www.naturparkmagazin.de\/stechlin\/wp-json\/wp\/v2\/categories?post=10677"},{"taxonomy":"post_tag","embeddable":true,"href":"https:\/\/www.naturparkmagazin.de\/stechlin\/wp-json\/wp\/v2\/tags?post=10677"}],"curies":[{"name":"wp","href":"https:\/\/api.w.org\/{rel}","templated":true}]}}