{"id":10684,"date":"2021-06-15T11:50:26","date_gmt":"2021-06-15T09:50:26","guid":{"rendered":"https:\/\/www.naturparkmagazin.de\/stechlin\/?p=10684"},"modified":"2021-06-28T16:55:22","modified_gmt":"2021-06-28T14:55:22","slug":"naturparkerweiterung-foerdert-die-zusammenarbeit-zwischen-landkreis-ostprignitz-ruppin-und-landesumweltamt","status":"publish","type":"post","link":"https:\/\/www.naturparkmagazin.de\/stechlin\/naturparkerweiterung-foerdert-die-zusammenarbeit-zwischen-landkreis-ostprignitz-ruppin-und-landesumweltamt\/","title":{"rendered":"Naturparkerweiterung f\u00f6rdert die Zusammenarbeit zwischen Landkreis Ostprignitz-Ruppin und Landesumweltamt"},"content":{"rendered":"<div id=\"attachment_10656\" style=\"width: 310px\" class=\"wp-caption aligncenter\"><a href=\"https:\/\/www.naturparkmagazin.de\/stechlin\/wp-content\/uploads\/sites\/38\/DSC_0024.jpg\"><img aria-describedby=\"caption-attachment-10656\" decoding=\"async\" loading=\"lazy\" class=\"size-thumbnail wp-image-10656\" src=\"https:\/\/www.naturparkmagazin.de\/stechlin\/wp-content\/uploads\/sites\/38\/DSC_0024-300x180.jpg\" alt=\"Landrat Ralf Reinhardt und der Pr\u00e4sident des Landesamtes f\u00fcr Umwelt unterzeichnen die Kooperationsvereinbarung. \u00a9 Mario Schrumpf\" width=\"300\" height=\"180\" srcset=\"https:\/\/www.naturparkmagazin.de\/stechlin\/wp-content\/uploads\/sites\/38\/DSC_0024-300x180.jpg 300w, https:\/\/www.naturparkmagazin.de\/stechlin\/wp-content\/uploads\/sites\/38\/DSC_0024.jpg 500w, https:\/\/www.naturparkmagazin.de\/stechlin\/wp-content\/uploads\/sites\/38\/DSC_0024-200x120.jpg 200w\" sizes=\"(max-width: 300px) 100vw, 300px\" \/><\/a><p id=\"caption-attachment-10656\" class=\"wp-caption-text\">Landrat Ralf Reinhardt (re) und der Pr\u00e4sident des Landesamtes f\u00fcr Umwelt unterzeichnen die Kooperationsvereinbarung. \u00a9 Mario Schrumpf<\/p><\/div>\n<p>Von der Erweiterung des Naturparks Stechlin-Ruppiner Land wird in der Region ein kr\u00e4ftiger Impuls f\u00fcr den Naturtourismus und die Regionalentwicklung erwartet. Diesen aufzunehmen und auszugestalten erfordert ein enges Miteinander von Landkreis und Land. Deshalb unterzeichneten der Landrat des Landkreises Ostprignitz-Ruppin und der Pr\u00e4sident des Landesamtes f\u00fcr Umwelt am 9. Juni am Mittelpunkt des Landkreises Ostprignitz-Ruppin auf dem Gallberg eine Kooperationsvereinbarung, in der Ziele und Inhalte der Zusammenarbeit festgehalten werden.<\/p>\n<div id=\"attachment_10654\" style=\"width: 310px\" class=\"wp-caption aligncenter\"><a href=\"https:\/\/www.naturparkmagazin.de\/stechlin\/wp-content\/uploads\/sites\/38\/DSC_0058_E.jpg\"><img aria-describedby=\"caption-attachment-10654\" decoding=\"async\" loading=\"lazy\" class=\"size-thumbnail wp-image-10654\" src=\"https:\/\/www.naturparkmagazin.de\/stechlin\/wp-content\/uploads\/sites\/38\/DSC_0058_E-300x180.jpg\" alt=\"Amtsdirektor Thomas Kresse und Andreas Bergmann, Gesch\u00e4ftsf\u00fchrer des Landschaftspflegeverbandes \u00fcbergeben die Infotafel. \u00a9 Mario Schrumpf\" width=\"300\" height=\"180\" srcset=\"https:\/\/www.naturparkmagazin.de\/stechlin\/wp-content\/uploads\/sites\/38\/DSC_0058_E-300x180.jpg 300w, https:\/\/www.naturparkmagazin.de\/stechlin\/wp-content\/uploads\/sites\/38\/DSC_0058_E.jpg 500w, https:\/\/www.naturparkmagazin.de\/stechlin\/wp-content\/uploads\/sites\/38\/DSC_0058_E-200x120.jpg 200w\" sizes=\"(max-width: 300px) 100vw, 300px\" \/><\/a><p id=\"caption-attachment-10654\" class=\"wp-caption-text\">Amtsdirektor Thomas Kresse (re) und Andreas Bergmann, Gesch\u00e4ftsf\u00fchrer des Landschaftspflegeverbandes \u00fcbergeben die Infotafel. \u00a9 Mario Schrumpf<\/p><\/div>\n<p>Der Landkreis und das Landesumweltamt planen die Gr\u00fcndung einer Arbeitsgruppe, die sich mit der F\u00f6rderung der nachhaltigen Regionalentwicklung, beispielsweise dem Aufbau regionaler Wertsch\u00f6pfungsketten, einer Partnerinitiative und der Entwicklung von \u00d6PNV- und Klimaschutzkonzepten besch\u00e4ftigen wird. Ein weiterer Schwerpunkt der Arbeitsgruppe wird die F\u00f6rderung und Entwicklung umweltvertr\u00e4glicher Nutzungsformen sein, insbesondere in den Bereichen Erholung und Tourismus. Hierf\u00fcr ist die Schaffung touristi-scher Naturerlebniskonzepte f\u00fcr Einheimische und G\u00e4ste geplant, unter anderem die Erarbeitung eines Masterplans \u201eWandern\u201c und die Zielsetzung \u201eSternenpark\u201c. Der Landkreis beabsichtigt, f\u00fcr die Arbeitsgruppe eine Personalstelle zur Verf\u00fcgung zu stellen.<\/p>\n<div id=\"attachment_10653\" style=\"width: 310px\" class=\"wp-caption aligncenter\"><a href=\"https:\/\/www.naturparkmagazin.de\/stechlin\/wp-content\/uploads\/sites\/38\/DSC_0063.jpg\"><img aria-describedby=\"caption-attachment-10653\" decoding=\"async\" loading=\"lazy\" class=\"size-thumbnail wp-image-10653\" src=\"https:\/\/www.naturparkmagazin.de\/stechlin\/wp-content\/uploads\/sites\/38\/DSC_0063-300x180.jpg\" alt=\"Naturparkleiter Dr. Mario Schrumpf reicht B\u00fcrgermeister Benrd M\u00fcller einen Gutschein f\u00fcr eine Sitzgruppe. \u00a9 Mario Schrumpf\" width=\"300\" height=\"180\" srcset=\"https:\/\/www.naturparkmagazin.de\/stechlin\/wp-content\/uploads\/sites\/38\/DSC_0063-300x180.jpg 300w, https:\/\/www.naturparkmagazin.de\/stechlin\/wp-content\/uploads\/sites\/38\/DSC_0063.jpg 500w, https:\/\/www.naturparkmagazin.de\/stechlin\/wp-content\/uploads\/sites\/38\/DSC_0063-200x120.jpg 200w\" sizes=\"(max-width: 300px) 100vw, 300px\" \/><\/a><p id=\"caption-attachment-10653\" class=\"wp-caption-text\">Naturparkleiter Dr. Mario Schrumpf \u00fcberreicht B\u00fcrgermeister Bernd M\u00fcller einen Gutschein f\u00fcr eine Sitzgruppe. \u00a9 Mario Schrumpf<\/p><\/div>\n<p>Als Erinnerung an diesen Tag wurde eine Stieleiche gepflanzt und ein Naturerlebnispunkt mit Infotafel und Rastplatz eingeweiht.<\/p>\n<div id=\"attachment_10655\" style=\"width: 310px\" class=\"wp-caption aligncenter\"><a href=\"https:\/\/www.naturparkmagazin.de\/stechlin\/wp-content\/uploads\/sites\/38\/DSC_0039.jpg\"><img aria-describedby=\"caption-attachment-10655\" decoding=\"async\" loading=\"lazy\" class=\"size-thumbnail wp-image-10655\" src=\"https:\/\/www.naturparkmagazin.de\/stechlin\/wp-content\/uploads\/sites\/38\/DSC_0039-300x180.jpg\" alt=\"Zur Erinnerung an diesen Tag wurde gemeinsam eine Stieleiche gepflanzt. \u00a9 Mario Schrumpf\" width=\"300\" height=\"180\" srcset=\"https:\/\/www.naturparkmagazin.de\/stechlin\/wp-content\/uploads\/sites\/38\/DSC_0039-300x180.jpg 300w, https:\/\/www.naturparkmagazin.de\/stechlin\/wp-content\/uploads\/sites\/38\/DSC_0039.jpg 500w, https:\/\/www.naturparkmagazin.de\/stechlin\/wp-content\/uploads\/sites\/38\/DSC_0039-200x120.jpg 200w\" sizes=\"(max-width: 300px) 100vw, 300px\" \/><\/a><p id=\"caption-attachment-10655\" class=\"wp-caption-text\">Zur Erinnerung an diesen Tag wurde gemeinsam eine Stieleiche gepflanzt. \u00a9 Mario Schrumpf<\/p><\/div>\n","protected":false},"excerpt":{"rendered":"<p>Von der Erweiterung des Naturparks Stechlin-Ruppiner Land wird in der Region ein kr\u00e4ftiger Impuls f\u00fcr den Naturtourismus und die Regionalentwicklung erwartet.<\/p>\n","protected":false},"author":39,"featured_media":10651,"comment_status":"open","ping_status":"open","sticky":false,"template":"","format":"standard","meta":[],"categories":[7],"tags":[],"yoast_head":"<!-- This site is optimized with the Yoast SEO plugin v19.10 - https:\/\/yoast.com\/wordpress\/plugins\/seo\/ -->\n<title>Naturparkerweiterung f\u00f6rdert die Zusammenarbeit zwischen Landkreis Ostprignitz-Ruppin und Landesumweltamt - Naturpark Stechlin-Ruppiner Land<\/title>\n<meta name=\"robots\" content=\"index, follow, max-snippet:-1, max-image-preview:large, max-video-preview:-1\" \/>\n<link rel=\"canonical\" href=\"https:\/\/www.naturparkmagazin.de\/stechlin\/naturparkerweiterung-foerdert-die-zusammenarbeit-zwischen-landkreis-ostprignitz-ruppin-und-landesumweltamt\/\" \/>\n<meta property=\"og:locale\" content=\"de_DE\" \/>\n<meta property=\"og:type\" content=\"article\" \/>\n<meta property=\"og:title\" content=\"Naturparkerweiterung f\u00f6rdert die Zusammenarbeit zwischen Landkreis Ostprignitz-Ruppin und Landesumweltamt - Naturpark Stechlin-Ruppiner Land\" \/>\n<meta property=\"og:description\" content=\"Von der Erweiterung des Naturparks Stechlin-Ruppiner Land wird in der Region ein kr\u00e4ftiger Impuls f\u00fcr den Naturtourismus und die Regionalentwicklung erwartet.\" \/>\n<meta property=\"og:url\" content=\"https:\/\/www.naturparkmagazin.de\/stechlin\/naturparkerweiterung-foerdert-die-zusammenarbeit-zwischen-landkreis-ostprignitz-ruppin-und-landesumweltamt\/\" \/>\n<meta property=\"og:site_name\" content=\"Naturpark Stechlin-Ruppiner Land\" \/>\n<meta property=\"article:published_time\" content=\"2021-06-15T09:50:26+00:00\" \/>\n<meta property=\"article:modified_time\" content=\"2021-06-28T14:55:22+00:00\" \/>\n<meta property=\"og:image\" content=\"https:\/\/www.naturparkmagazin.de\/stechlin\/wp-content\/uploads\/sites\/38\/DSC_0022.jpg\" \/>\n\t<meta property=\"og:image:width\" content=\"200\" \/>\n\t<meta property=\"og:image:height\" content=\"200\" \/>\n\t<meta property=\"og:image:type\" content=\"image\/jpeg\" \/>\n<meta name=\"author\" content=\"marioschrumpf\" \/>\n<meta name=\"twitter:label1\" content=\"Verfasst von\" \/>\n\t<meta name=\"twitter:data1\" content=\"marioschrumpf\" \/>\n\t<meta name=\"twitter:label2\" content=\"Gesch\u00e4tzte Lesezeit\" \/>\n\t<meta name=\"twitter:data2\" content=\"1\u00a0Minute\" \/>\n<script type=\"application\/ld+json\" class=\"yoast-schema-graph\">{\"@context\":\"https:\/\/schema.org\",\"@graph\":[{\"@type\":\"WebPage\",\"@id\":\"https:\/\/www.naturparkmagazin.de\/stechlin\/naturparkerweiterung-foerdert-die-zusammenarbeit-zwischen-landkreis-ostprignitz-ruppin-und-landesumweltamt\/\",\"url\":\"https:\/\/www.naturparkmagazin.de\/stechlin\/naturparkerweiterung-foerdert-die-zusammenarbeit-zwischen-landkreis-ostprignitz-ruppin-und-landesumweltamt\/\",\"name\":\"Naturparkerweiterung f\u00f6rdert die Zusammenarbeit zwischen Landkreis Ostprignitz-Ruppin und Landesumweltamt - Naturpark Stechlin-Ruppiner Land\",\"isPartOf\":{\"@id\":\"https:\/\/www.naturparkmagazin.de\/stechlin\/#website\"},\"datePublished\":\"2021-06-15T09:50:26+00:00\",\"dateModified\":\"2021-06-28T14:55:22+00:00\",\"author\":{\"@id\":\"https:\/\/www.naturparkmagazin.de\/stechlin\/#\/schema\/person\/3f0d93203df21c806dd63c76d9bb28bc\"},\"breadcrumb\":{\"@id\":\"https:\/\/www.naturparkmagazin.de\/stechlin\/naturparkerweiterung-foerdert-die-zusammenarbeit-zwischen-landkreis-ostprignitz-ruppin-und-landesumweltamt\/#breadcrumb\"},\"inLanguage\":\"de\",\"potentialAction\":[{\"@type\":\"ReadAction\",\"target\":[\"https:\/\/www.naturparkmagazin.de\/stechlin\/naturparkerweiterung-foerdert-die-zusammenarbeit-zwischen-landkreis-ostprignitz-ruppin-und-landesumweltamt\/\"]}]},{\"@type\":\"BreadcrumbList\",\"@id\":\"https:\/\/www.naturparkmagazin.de\/stechlin\/naturparkerweiterung-foerdert-die-zusammenarbeit-zwischen-landkreis-ostprignitz-ruppin-und-landesumweltamt\/#breadcrumb\",\"itemListElement\":[{\"@type\":\"ListItem\",\"position\":1,\"name\":\"Home\",\"item\":\"https:\/\/www.naturparkmagazin.de\/stechlin\/\"},{\"@type\":\"ListItem\",\"position\":2,\"name\":\"Naturparkerweiterung f\u00f6rdert die Zusammenarbeit zwischen Landkreis Ostprignitz-Ruppin und Landesumweltamt\"}]},{\"@type\":\"WebSite\",\"@id\":\"https:\/\/www.naturparkmagazin.de\/stechlin\/#website\",\"url\":\"https:\/\/www.naturparkmagazin.de\/stechlin\/\",\"name\":\"Naturpark Stechlin-Ruppiner Land\",\"description\":\"\",\"potentialAction\":[{\"@type\":\"SearchAction\",\"target\":{\"@type\":\"EntryPoint\",\"urlTemplate\":\"https:\/\/www.naturparkmagazin.de\/stechlin\/?s={search_term_string}\"},\"query-input\":\"required name=search_term_string\"}],\"inLanguage\":\"de\"},{\"@type\":\"Person\",\"@id\":\"https:\/\/www.naturparkmagazin.de\/stechlin\/#\/schema\/person\/3f0d93203df21c806dd63c76d9bb28bc\",\"name\":\"marioschrumpf\",\"url\":\"https:\/\/www.naturparkmagazin.de\/stechlin\/author\/marioschrumpf\/\"}]}<\/script>\n<!-- \/ Yoast SEO plugin. -->","yoast_head_json":{"title":"Naturparkerweiterung f\u00f6rdert die Zusammenarbeit zwischen Landkreis Ostprignitz-Ruppin und Landesumweltamt - Naturpark Stechlin-Ruppiner Land","robots":{"index":"index","follow":"follow","max-snippet":"max-snippet:-1","max-image-preview":"max-image-preview:large","max-video-preview":"max-video-preview:-1"},"canonical":"https:\/\/www.naturparkmagazin.de\/stechlin\/naturparkerweiterung-foerdert-die-zusammenarbeit-zwischen-landkreis-ostprignitz-ruppin-und-landesumweltamt\/","og_locale":"de_DE","og_type":"article","og_title":"Naturparkerweiterung f\u00f6rdert die Zusammenarbeit zwischen Landkreis Ostprignitz-Ruppin und Landesumweltamt - Naturpark Stechlin-Ruppiner Land","og_description":"Von der Erweiterung des Naturparks Stechlin-Ruppiner Land wird in der Region ein kr\u00e4ftiger Impuls f\u00fcr den Naturtourismus und die Regionalentwicklung erwartet.","og_url":"https:\/\/www.naturparkmagazin.de\/stechlin\/naturparkerweiterung-foerdert-die-zusammenarbeit-zwischen-landkreis-ostprignitz-ruppin-und-landesumweltamt\/","og_site_name":"Naturpark Stechlin-Ruppiner Land","article_published_time":"2021-06-15T09:50:26+00:00","article_modified_time":"2021-06-28T14:55:22+00:00","og_image":[{"width":200,"height":200,"url":"https:\/\/www.naturparkmagazin.de\/stechlin\/wp-content\/uploads\/sites\/38\/DSC_0022.jpg","type":"image\/jpeg"}],"author":"marioschrumpf","twitter_misc":{"Verfasst von":"marioschrumpf","Gesch\u00e4tzte Lesezeit":"1\u00a0Minute"},"schema":{"@context":"https:\/\/schema.org","@graph":[{"@type":"WebPage","@id":"https:\/\/www.naturparkmagazin.de\/stechlin\/naturparkerweiterung-foerdert-die-zusammenarbeit-zwischen-landkreis-ostprignitz-ruppin-und-landesumweltamt\/","url":"https:\/\/www.naturparkmagazin.de\/stechlin\/naturparkerweiterung-foerdert-die-zusammenarbeit-zwischen-landkreis-ostprignitz-ruppin-und-landesumweltamt\/","name":"Naturparkerweiterung f\u00f6rdert die Zusammenarbeit zwischen Landkreis Ostprignitz-Ruppin und Landesumweltamt - Naturpark Stechlin-Ruppiner Land","isPartOf":{"@id":"https:\/\/www.naturparkmagazin.de\/stechlin\/#website"},"datePublished":"2021-06-15T09:50:26+00:00","dateModified":"2021-06-28T14:55:22+00:00","author":{"@id":"https:\/\/www.naturparkmagazin.de\/stechlin\/#\/schema\/person\/3f0d93203df21c806dd63c76d9bb28bc"},"breadcrumb":{"@id":"https:\/\/www.naturparkmagazin.de\/stechlin\/naturparkerweiterung-foerdert-die-zusammenarbeit-zwischen-landkreis-ostprignitz-ruppin-und-landesumweltamt\/#breadcrumb"},"inLanguage":"de","potentialAction":[{"@type":"ReadAction","target":["https:\/\/www.naturparkmagazin.de\/stechlin\/naturparkerweiterung-foerdert-die-zusammenarbeit-zwischen-landkreis-ostprignitz-ruppin-und-landesumweltamt\/"]}]},{"@type":"BreadcrumbList","@id":"https:\/\/www.naturparkmagazin.de\/stechlin\/naturparkerweiterung-foerdert-die-zusammenarbeit-zwischen-landkreis-ostprignitz-ruppin-und-landesumweltamt\/#breadcrumb","itemListElement":[{"@type":"ListItem","position":1,"name":"Home","item":"https:\/\/www.naturparkmagazin.de\/stechlin\/"},{"@type":"ListItem","position":2,"name":"Naturparkerweiterung f\u00f6rdert die Zusammenarbeit zwischen Landkreis Ostprignitz-Ruppin und Landesumweltamt"}]},{"@type":"WebSite","@id":"https:\/\/www.naturparkmagazin.de\/stechlin\/#website","url":"https:\/\/www.naturparkmagazin.de\/stechlin\/","name":"Naturpark Stechlin-Ruppiner Land","description":"","potentialAction":[{"@type":"SearchAction","target":{"@type":"EntryPoint","urlTemplate":"https:\/\/www.naturparkmagazin.de\/stechlin\/?s={search_term_string}"},"query-input":"required name=search_term_string"}],"inLanguage":"de"},{"@type":"Person","@id":"https:\/\/www.naturparkmagazin.de\/stechlin\/#\/schema\/person\/3f0d93203df21c806dd63c76d9bb28bc","name":"marioschrumpf","url":"https:\/\/www.naturparkmagazin.de\/stechlin\/author\/marioschrumpf\/"}]}},"_links":{"self":[{"href":"https:\/\/www.naturparkmagazin.de\/stechlin\/wp-json\/wp\/v2\/posts\/10684"}],"collection":[{"href":"https:\/\/www.naturparkmagazin.de\/stechlin\/wp-json\/wp\/v2\/posts"}],"about":[{"href":"https:\/\/www.naturparkmagazin.de\/stechlin\/wp-json\/wp\/v2\/types\/post"}],"author":[{"embeddable":true,"href":"https:\/\/www.naturparkmagazin.de\/stechlin\/wp-json\/wp\/v2\/users\/39"}],"replies":[{"embeddable":true,"href":"https:\/\/www.naturparkmagazin.de\/stechlin\/wp-json\/wp\/v2\/comments?post=10684"}],"version-history":[{"count":3,"href":"https:\/\/www.naturparkmagazin.de\/stechlin\/wp-json\/wp\/v2\/posts\/10684\/revisions"}],"predecessor-version":[{"id":10744,"href":"https:\/\/www.naturparkmagazin.de\/stechlin\/wp-json\/wp\/v2\/posts\/10684\/revisions\/10744"}],"wp:featuredmedia":[{"embeddable":true,"href":"https:\/\/www.naturparkmagazin.de\/stechlin\/wp-json\/wp\/v2\/media\/10651"}],"wp:attachment":[{"href":"https:\/\/www.naturparkmagazin.de\/stechlin\/wp-json\/wp\/v2\/media?parent=10684"}],"wp:term":[{"taxonomy":"category","embeddable":true,"href":"https:\/\/www.naturparkmagazin.de\/stechlin\/wp-json\/wp\/v2\/categories?post=10684"},{"taxonomy":"post_tag","embeddable":true,"href":"https:\/\/www.naturparkmagazin.de\/stechlin\/wp-json\/wp\/v2\/tags?post=10684"}],"curies":[{"name":"wp","href":"https:\/\/api.w.org\/{rel}","templated":true}]}}