{"id":10694,"date":"2021-06-15T15:01:02","date_gmt":"2021-06-15T13:01:02","guid":{"rendered":"https:\/\/www.naturparkmagazin.de\/stechlin\/?p=10694"},"modified":"2021-06-28T16:54:24","modified_gmt":"2021-06-28T14:54:24","slug":"willkomen-zum-hanf-feldtag-am-1-juli-in-zempow","status":"publish","type":"post","link":"https:\/\/www.naturparkmagazin.de\/stechlin\/willkomen-zum-hanf-feldtag-am-1-juli-in-zempow\/","title":{"rendered":"Willkommen zum Hanf-Feldtag am 1. Juli in Zempow"},"content":{"rendered":"<p>Auch in diesem Jahr veranstaltet der Landschschaftspflegeverband Prignitz-Ruppiner Land e.V. (LPV) wieder einen Hanf-Feldtag. Dieser richtet sich vor allem an Landwirte und Personen, die sich f\u00fcr Anbau und Vermarktung dieser Ackerkultur interessieren. Aber auch sonstige Hanf-Interessierte sind herzlich willkommen.<\/p>\n<div id=\"attachment_10702\" style=\"width: 310px\" class=\"wp-caption aligncenter\"><a href=\"https:\/\/www.naturparkmagazin.de\/stechlin\/wp-content\/uploads\/sites\/38\/feldtag-2020.jpg\"><img aria-describedby=\"caption-attachment-10702\" decoding=\"async\" loading=\"lazy\" class=\"size-thumbnail wp-image-10702\" src=\"https:\/\/www.naturparkmagazin.de\/stechlin\/wp-content\/uploads\/sites\/38\/feldtag-2020-300x180.jpg\" alt=\"Feldtag Hanf\" width=\"300\" height=\"180\" srcset=\"https:\/\/www.naturparkmagazin.de\/stechlin\/wp-content\/uploads\/sites\/38\/feldtag-2020-300x180.jpg 300w, https:\/\/www.naturparkmagazin.de\/stechlin\/wp-content\/uploads\/sites\/38\/feldtag-2020.jpg 500w, https:\/\/www.naturparkmagazin.de\/stechlin\/wp-content\/uploads\/sites\/38\/feldtag-2020-200x120.jpg 200w\" sizes=\"(max-width: 300px) 100vw, 300px\" \/><\/a><p id=\"caption-attachment-10702\" class=\"wp-caption-text\">Gro\u00df war das Interesse zum Feldtag Hanf in 2020<\/p><\/div>\n<p>Hanf ist eine der vielseitigsten und \u00e4ltesten Kulturpflanzen, deren Bedeutung in den vergangenen Jahrzehnten stark in Vergessenheit geraten ist. In den letzten Jahren erfolgt aber eine Wiederentdeckung der Pflanze. Neben seinen hervorragenden \u00f6kologischen Eigenschaften standen vor allem die positiven ern\u00e4hrungsphysiologischen Eigenschaften im Vordergrund. In letzter Zeit ger\u00e4t auch die Verwendung des St\u00e4ngels (Fasern) und die Verarbeitung zu langlebigen Produkten vermehrt in den Fokus, wodurch sich gro\u00dfe Mengen CO\u2082 speichern lassen.<\/p>\n<div id=\"attachment_10701\" style=\"width: 310px\" class=\"wp-caption aligncenter\"><a href=\"https:\/\/www.naturparkmagazin.de\/stechlin\/wp-content\/uploads\/sites\/38\/ernte.jpg\"><img aria-describedby=\"caption-attachment-10701\" decoding=\"async\" loading=\"lazy\" class=\"size-thumbnail wp-image-10701\" src=\"https:\/\/www.naturparkmagazin.de\/stechlin\/wp-content\/uploads\/sites\/38\/ernte-300x180.jpg\" alt=\"Hanfernte\" width=\"300\" height=\"180\" srcset=\"https:\/\/www.naturparkmagazin.de\/stechlin\/wp-content\/uploads\/sites\/38\/ernte-300x180.jpg 300w, https:\/\/www.naturparkmagazin.de\/stechlin\/wp-content\/uploads\/sites\/38\/ernte.jpg 500w, https:\/\/www.naturparkmagazin.de\/stechlin\/wp-content\/uploads\/sites\/38\/ernte-200x120.jpg 200w\" sizes=\"(max-width: 300px) 100vw, 300px\" \/><\/a><p id=\"caption-attachment-10701\" class=\"wp-caption-text\">Hanfernte<\/p><\/div>\n<p>Nutzhanf ist aber immer noch einen Nischen-Produkt. Deswegen herrscht oft noch Unwissenheit um Anbau und Vermarktung der Pflanze. Die Veranstaltung soll dazu dienen, beide Punkte zu beleuchten und Landwirte auf die Potenziale von Nutzhanf aufmerksam zu machen.<\/p>\n<p>Wegen der Corona-Lage wird um eine Anmeldung gebeten. Der LPV erhebt keine Teilnahmegeb\u00fchr, freut sich aber \u00fcber Spenden f\u00fcr den Verein.<\/p>\n<p><strong>Datum:<\/strong> 1. Juli 2021, ab 10 Uhr\n<strong>Ort:<\/strong> Bio-Ranch Zempow, Birkenallee 12, 16909 Wittstock OT Zempow<\/p>\n<p><strong>Anmeldung:<\/strong>\nAndrew F\u00f6rster\na.foerster@lpv-prignitz-ruppin.de\nTel. 0152 3826 2609<\/p>\n","protected":false},"excerpt":{"rendered":"<p>Dieser richtet sich vor allem an Landwirte und Personen, die sich f\u00fcr Anbau und Vermarktung dieser Ackerkultur interessieren. <\/p>\n","protected":false},"author":39,"featured_media":10703,"comment_status":"open","ping_status":"open","sticky":false,"template":"","format":"standard","meta":[],"categories":[11],"tags":[],"yoast_head":"<!-- This site is optimized with the Yoast SEO plugin v19.10 - https:\/\/yoast.com\/wordpress\/plugins\/seo\/ -->\n<title>Willkommen zum Hanf-Feldtag am 1. Juli in Zempow - Naturpark Stechlin-Ruppiner Land<\/title>\n<meta name=\"robots\" content=\"index, follow, max-snippet:-1, max-image-preview:large, max-video-preview:-1\" \/>\n<link rel=\"canonical\" href=\"https:\/\/www.naturparkmagazin.de\/stechlin\/willkomen-zum-hanf-feldtag-am-1-juli-in-zempow\/\" \/>\n<meta property=\"og:locale\" content=\"de_DE\" \/>\n<meta property=\"og:type\" content=\"article\" \/>\n<meta property=\"og:title\" content=\"Willkommen zum Hanf-Feldtag am 1. Juli in Zempow - Naturpark Stechlin-Ruppiner Land\" \/>\n<meta property=\"og:description\" content=\"Dieser richtet sich vor allem an Landwirte und Personen, die sich f\u00fcr Anbau und Vermarktung dieser Ackerkultur interessieren.\" \/>\n<meta property=\"og:url\" content=\"https:\/\/www.naturparkmagazin.de\/stechlin\/willkomen-zum-hanf-feldtag-am-1-juli-in-zempow\/\" \/>\n<meta property=\"og:site_name\" content=\"Naturpark Stechlin-Ruppiner Land\" \/>\n<meta property=\"article:published_time\" content=\"2021-06-15T13:01:02+00:00\" \/>\n<meta property=\"article:modified_time\" content=\"2021-06-28T14:54:24+00:00\" \/>\n<meta property=\"og:image\" content=\"https:\/\/www.naturparkmagazin.de\/stechlin\/wp-content\/uploads\/sites\/38\/hanf_1.jpg\" \/>\n\t<meta property=\"og:image:width\" content=\"200\" \/>\n\t<meta property=\"og:image:height\" content=\"200\" \/>\n\t<meta property=\"og:image:type\" content=\"image\/jpeg\" \/>\n<meta name=\"author\" content=\"marioschrumpf\" \/>\n<meta name=\"twitter:label1\" content=\"Verfasst von\" \/>\n\t<meta name=\"twitter:data1\" content=\"marioschrumpf\" \/>\n\t<meta name=\"twitter:label2\" content=\"Gesch\u00e4tzte Lesezeit\" \/>\n\t<meta name=\"twitter:data2\" content=\"1\u00a0Minute\" \/>\n<script type=\"application\/ld+json\" class=\"yoast-schema-graph\">{\"@context\":\"https:\/\/schema.org\",\"@graph\":[{\"@type\":\"WebPage\",\"@id\":\"https:\/\/www.naturparkmagazin.de\/stechlin\/willkomen-zum-hanf-feldtag-am-1-juli-in-zempow\/\",\"url\":\"https:\/\/www.naturparkmagazin.de\/stechlin\/willkomen-zum-hanf-feldtag-am-1-juli-in-zempow\/\",\"name\":\"Willkommen zum Hanf-Feldtag am 1. Juli in Zempow - Naturpark Stechlin-Ruppiner Land\",\"isPartOf\":{\"@id\":\"https:\/\/www.naturparkmagazin.de\/stechlin\/#website\"},\"datePublished\":\"2021-06-15T13:01:02+00:00\",\"dateModified\":\"2021-06-28T14:54:24+00:00\",\"author\":{\"@id\":\"https:\/\/www.naturparkmagazin.de\/stechlin\/#\/schema\/person\/3f0d93203df21c806dd63c76d9bb28bc\"},\"breadcrumb\":{\"@id\":\"https:\/\/www.naturparkmagazin.de\/stechlin\/willkomen-zum-hanf-feldtag-am-1-juli-in-zempow\/#breadcrumb\"},\"inLanguage\":\"de\",\"potentialAction\":[{\"@type\":\"ReadAction\",\"target\":[\"https:\/\/www.naturparkmagazin.de\/stechlin\/willkomen-zum-hanf-feldtag-am-1-juli-in-zempow\/\"]}]},{\"@type\":\"BreadcrumbList\",\"@id\":\"https:\/\/www.naturparkmagazin.de\/stechlin\/willkomen-zum-hanf-feldtag-am-1-juli-in-zempow\/#breadcrumb\",\"itemListElement\":[{\"@type\":\"ListItem\",\"position\":1,\"name\":\"Home\",\"item\":\"https:\/\/www.naturparkmagazin.de\/stechlin\/\"},{\"@type\":\"ListItem\",\"position\":2,\"name\":\"Willkommen zum Hanf-Feldtag am 1. Juli in Zempow\"}]},{\"@type\":\"WebSite\",\"@id\":\"https:\/\/www.naturparkmagazin.de\/stechlin\/#website\",\"url\":\"https:\/\/www.naturparkmagazin.de\/stechlin\/\",\"name\":\"Naturpark Stechlin-Ruppiner Land\",\"description\":\"\",\"potentialAction\":[{\"@type\":\"SearchAction\",\"target\":{\"@type\":\"EntryPoint\",\"urlTemplate\":\"https:\/\/www.naturparkmagazin.de\/stechlin\/?s={search_term_string}\"},\"query-input\":\"required name=search_term_string\"}],\"inLanguage\":\"de\"},{\"@type\":\"Person\",\"@id\":\"https:\/\/www.naturparkmagazin.de\/stechlin\/#\/schema\/person\/3f0d93203df21c806dd63c76d9bb28bc\",\"name\":\"marioschrumpf\",\"url\":\"https:\/\/www.naturparkmagazin.de\/stechlin\/author\/marioschrumpf\/\"}]}<\/script>\n<!-- \/ Yoast SEO plugin. -->","yoast_head_json":{"title":"Willkommen zum Hanf-Feldtag am 1. Juli in Zempow - Naturpark Stechlin-Ruppiner Land","robots":{"index":"index","follow":"follow","max-snippet":"max-snippet:-1","max-image-preview":"max-image-preview:large","max-video-preview":"max-video-preview:-1"},"canonical":"https:\/\/www.naturparkmagazin.de\/stechlin\/willkomen-zum-hanf-feldtag-am-1-juli-in-zempow\/","og_locale":"de_DE","og_type":"article","og_title":"Willkommen zum Hanf-Feldtag am 1. Juli in Zempow - Naturpark Stechlin-Ruppiner Land","og_description":"Dieser richtet sich vor allem an Landwirte und Personen, die sich f\u00fcr Anbau und Vermarktung dieser Ackerkultur interessieren.","og_url":"https:\/\/www.naturparkmagazin.de\/stechlin\/willkomen-zum-hanf-feldtag-am-1-juli-in-zempow\/","og_site_name":"Naturpark Stechlin-Ruppiner Land","article_published_time":"2021-06-15T13:01:02+00:00","article_modified_time":"2021-06-28T14:54:24+00:00","og_image":[{"width":200,"height":200,"url":"https:\/\/www.naturparkmagazin.de\/stechlin\/wp-content\/uploads\/sites\/38\/hanf_1.jpg","type":"image\/jpeg"}],"author":"marioschrumpf","twitter_misc":{"Verfasst von":"marioschrumpf","Gesch\u00e4tzte Lesezeit":"1\u00a0Minute"},"schema":{"@context":"https:\/\/schema.org","@graph":[{"@type":"WebPage","@id":"https:\/\/www.naturparkmagazin.de\/stechlin\/willkomen-zum-hanf-feldtag-am-1-juli-in-zempow\/","url":"https:\/\/www.naturparkmagazin.de\/stechlin\/willkomen-zum-hanf-feldtag-am-1-juli-in-zempow\/","name":"Willkommen zum Hanf-Feldtag am 1. Juli in Zempow - Naturpark Stechlin-Ruppiner Land","isPartOf":{"@id":"https:\/\/www.naturparkmagazin.de\/stechlin\/#website"},"datePublished":"2021-06-15T13:01:02+00:00","dateModified":"2021-06-28T14:54:24+00:00","author":{"@id":"https:\/\/www.naturparkmagazin.de\/stechlin\/#\/schema\/person\/3f0d93203df21c806dd63c76d9bb28bc"},"breadcrumb":{"@id":"https:\/\/www.naturparkmagazin.de\/stechlin\/willkomen-zum-hanf-feldtag-am-1-juli-in-zempow\/#breadcrumb"},"inLanguage":"de","potentialAction":[{"@type":"ReadAction","target":["https:\/\/www.naturparkmagazin.de\/stechlin\/willkomen-zum-hanf-feldtag-am-1-juli-in-zempow\/"]}]},{"@type":"BreadcrumbList","@id":"https:\/\/www.naturparkmagazin.de\/stechlin\/willkomen-zum-hanf-feldtag-am-1-juli-in-zempow\/#breadcrumb","itemListElement":[{"@type":"ListItem","position":1,"name":"Home","item":"https:\/\/www.naturparkmagazin.de\/stechlin\/"},{"@type":"ListItem","position":2,"name":"Willkommen zum Hanf-Feldtag am 1. Juli in Zempow"}]},{"@type":"WebSite","@id":"https:\/\/www.naturparkmagazin.de\/stechlin\/#website","url":"https:\/\/www.naturparkmagazin.de\/stechlin\/","name":"Naturpark Stechlin-Ruppiner Land","description":"","potentialAction":[{"@type":"SearchAction","target":{"@type":"EntryPoint","urlTemplate":"https:\/\/www.naturparkmagazin.de\/stechlin\/?s={search_term_string}"},"query-input":"required name=search_term_string"}],"inLanguage":"de"},{"@type":"Person","@id":"https:\/\/www.naturparkmagazin.de\/stechlin\/#\/schema\/person\/3f0d93203df21c806dd63c76d9bb28bc","name":"marioschrumpf","url":"https:\/\/www.naturparkmagazin.de\/stechlin\/author\/marioschrumpf\/"}]}},"_links":{"self":[{"href":"https:\/\/www.naturparkmagazin.de\/stechlin\/wp-json\/wp\/v2\/posts\/10694"}],"collection":[{"href":"https:\/\/www.naturparkmagazin.de\/stechlin\/wp-json\/wp\/v2\/posts"}],"about":[{"href":"https:\/\/www.naturparkmagazin.de\/stechlin\/wp-json\/wp\/v2\/types\/post"}],"author":[{"embeddable":true,"href":"https:\/\/www.naturparkmagazin.de\/stechlin\/wp-json\/wp\/v2\/users\/39"}],"replies":[{"embeddable":true,"href":"https:\/\/www.naturparkmagazin.de\/stechlin\/wp-json\/wp\/v2\/comments?post=10694"}],"version-history":[{"count":8,"href":"https:\/\/www.naturparkmagazin.de\/stechlin\/wp-json\/wp\/v2\/posts\/10694\/revisions"}],"predecessor-version":[{"id":10743,"href":"https:\/\/www.naturparkmagazin.de\/stechlin\/wp-json\/wp\/v2\/posts\/10694\/revisions\/10743"}],"wp:featuredmedia":[{"embeddable":true,"href":"https:\/\/www.naturparkmagazin.de\/stechlin\/wp-json\/wp\/v2\/media\/10703"}],"wp:attachment":[{"href":"https:\/\/www.naturparkmagazin.de\/stechlin\/wp-json\/wp\/v2\/media?parent=10694"}],"wp:term":[{"taxonomy":"category","embeddable":true,"href":"https:\/\/www.naturparkmagazin.de\/stechlin\/wp-json\/wp\/v2\/categories?post=10694"},{"taxonomy":"post_tag","embeddable":true,"href":"https:\/\/www.naturparkmagazin.de\/stechlin\/wp-json\/wp\/v2\/tags?post=10694"}],"curies":[{"name":"wp","href":"https:\/\/api.w.org\/{rel}","templated":true}]}}