{"id":107,"date":"2013-08-28T09:56:49","date_gmt":"2013-08-28T07:56:49","guid":{"rendered":"http:\/\/www.naturparkmagazin.de\/stechlin\/?p=107"},"modified":"2013-09-02T15:41:27","modified_gmt":"2013-09-02T13:41:27","slug":"kunstausstellung-ideenquelle-rcycling","status":"publish","type":"post","link":"https:\/\/www.naturparkmagazin.de\/stechlin\/kunstausstellung-ideenquelle-rcycling\/","title":{"rendered":"Kunstausstellung &#8222;Ideenquelle Recycling&#8220;"},"content":{"rendered":"<p>Am Dienstag, den <strong>3. September, 18.30 Uhr<\/strong> wird in der Bildungsst\u00e4tte Linowsee, Linowsee 1, 16831 Rheinsberg OT Linow die <strong>Wanderausstellung des diesj\u00e4hrigen Kunstsymposiums im Naturpark<\/strong> er\u00f6ffnet. Die Bildungsst\u00e4tte Linowsee ist langj\u00e4hriger Partner des Naturparks. Schulungsleiter Armin Roth war mit seinem Haus bereits mehrfach Gastgeber f\u00fcr Internationale Kunstsymposien. Die Ausstellung ist<strong> bis zum 31. Oktober<\/strong> zu sehen. Der Eintritt ist frei!<\/p>\n","protected":false},"excerpt":{"rendered":"<p>Am Dienstag, den 3. September, 18.30 Uhr wird in der Bildungsst\u00e4tte Linowsee, Linowsee 1, 16831 Rheinsberg OT Linow die Wanderausstellung des diesj\u00e4hrigen Kunstsymposiums im Naturpark er\u00f6ffnet. Die Bildungsst\u00e4tte Linowsee ist langj\u00e4hriger Partner des Naturparks. Schulungsleiter Armin Roth war mit seinem Haus bereits mehrfach Gastgeber f\u00fcr Internationale Kunstsymposien. Die Ausstellung ist bis zum 31. Oktober zu<\/p>\n","protected":false},"author":39,"featured_media":129,"comment_status":"open","ping_status":"open","sticky":false,"template":"","format":"standard","meta":[],"categories":[11],"tags":[],"yoast_head":"<!-- This site is optimized with the Yoast SEO plugin v19.10 - https:\/\/yoast.com\/wordpress\/plugins\/seo\/ -->\n<title>Kunstausstellung &quot;Ideenquelle Recycling&quot; - Naturpark Stechlin-Ruppiner Land<\/title>\n<meta name=\"robots\" content=\"index, follow, max-snippet:-1, max-image-preview:large, max-video-preview:-1\" \/>\n<link rel=\"canonical\" href=\"https:\/\/www.naturparkmagazin.de\/stechlin\/kunstausstellung-ideenquelle-rcycling\/\" \/>\n<meta property=\"og:locale\" content=\"de_DE\" \/>\n<meta property=\"og:type\" content=\"article\" \/>\n<meta property=\"og:title\" content=\"Kunstausstellung &quot;Ideenquelle Recycling&quot; - Naturpark Stechlin-Ruppiner Land\" \/>\n<meta property=\"og:description\" content=\"Am Dienstag, den 3. September, 18.30 Uhr wird in der Bildungsst\u00e4tte Linowsee, Linowsee 1, 16831 Rheinsberg OT Linow die Wanderausstellung des diesj\u00e4hrigen Kunstsymposiums im Naturpark er\u00f6ffnet. Die Bildungsst\u00e4tte Linowsee ist langj\u00e4hriger Partner des Naturparks. Schulungsleiter Armin Roth war mit seinem Haus bereits mehrfach Gastgeber f\u00fcr Internationale Kunstsymposien. Die Ausstellung ist bis zum 31. Oktober zu\" \/>\n<meta property=\"og:url\" content=\"https:\/\/www.naturparkmagazin.de\/stechlin\/kunstausstellung-ideenquelle-rcycling\/\" \/>\n<meta property=\"og:site_name\" content=\"Naturpark Stechlin-Ruppiner Land\" \/>\n<meta property=\"article:published_time\" content=\"2013-08-28T07:56:49+00:00\" \/>\n<meta property=\"article:modified_time\" content=\"2013-09-02T13:41:27+00:00\" \/>\n<meta property=\"og:image\" content=\"https:\/\/www.naturparkmagazin.de\/stechlin\/wp-content\/uploads\/sites\/38\/k-Plakat2013-e1378098215833.jpg\" \/>\n\t<meta property=\"og:image:width\" content=\"600\" \/>\n\t<meta property=\"og:image:height\" content=\"823\" \/>\n\t<meta property=\"og:image:type\" content=\"image\/jpeg\" \/>\n<meta name=\"author\" content=\"marioschrumpf\" \/>\n<meta name=\"twitter:label1\" content=\"Verfasst von\" \/>\n\t<meta name=\"twitter:data1\" content=\"marioschrumpf\" \/>\n<script type=\"application\/ld+json\" class=\"yoast-schema-graph\">{\"@context\":\"https:\/\/schema.org\",\"@graph\":[{\"@type\":\"WebPage\",\"@id\":\"https:\/\/www.naturparkmagazin.de\/stechlin\/kunstausstellung-ideenquelle-rcycling\/\",\"url\":\"https:\/\/www.naturparkmagazin.de\/stechlin\/kunstausstellung-ideenquelle-rcycling\/\",\"name\":\"Kunstausstellung \\\"Ideenquelle Recycling\\\" - Naturpark Stechlin-Ruppiner Land\",\"isPartOf\":{\"@id\":\"https:\/\/www.naturparkmagazin.de\/stechlin\/#website\"},\"datePublished\":\"2013-08-28T07:56:49+00:00\",\"dateModified\":\"2013-09-02T13:41:27+00:00\",\"author\":{\"@id\":\"https:\/\/www.naturparkmagazin.de\/stechlin\/#\/schema\/person\/3f0d93203df21c806dd63c76d9bb28bc\"},\"breadcrumb\":{\"@id\":\"https:\/\/www.naturparkmagazin.de\/stechlin\/kunstausstellung-ideenquelle-rcycling\/#breadcrumb\"},\"inLanguage\":\"de\",\"potentialAction\":[{\"@type\":\"ReadAction\",\"target\":[\"https:\/\/www.naturparkmagazin.de\/stechlin\/kunstausstellung-ideenquelle-rcycling\/\"]}]},{\"@type\":\"BreadcrumbList\",\"@id\":\"https:\/\/www.naturparkmagazin.de\/stechlin\/kunstausstellung-ideenquelle-rcycling\/#breadcrumb\",\"itemListElement\":[{\"@type\":\"ListItem\",\"position\":1,\"name\":\"Home\",\"item\":\"https:\/\/www.naturparkmagazin.de\/stechlin\/\"},{\"@type\":\"ListItem\",\"position\":2,\"name\":\"Kunstausstellung &#8222;Ideenquelle Recycling&#8220;\"}]},{\"@type\":\"WebSite\",\"@id\":\"https:\/\/www.naturparkmagazin.de\/stechlin\/#website\",\"url\":\"https:\/\/www.naturparkmagazin.de\/stechlin\/\",\"name\":\"Naturpark Stechlin-Ruppiner Land\",\"description\":\"\",\"potentialAction\":[{\"@type\":\"SearchAction\",\"target\":{\"@type\":\"EntryPoint\",\"urlTemplate\":\"https:\/\/www.naturparkmagazin.de\/stechlin\/?s={search_term_string}\"},\"query-input\":\"required name=search_term_string\"}],\"inLanguage\":\"de\"},{\"@type\":\"Person\",\"@id\":\"https:\/\/www.naturparkmagazin.de\/stechlin\/#\/schema\/person\/3f0d93203df21c806dd63c76d9bb28bc\",\"name\":\"marioschrumpf\",\"url\":\"https:\/\/www.naturparkmagazin.de\/stechlin\/author\/marioschrumpf\/\"}]}<\/script>\n<!-- \/ Yoast SEO plugin. -->","yoast_head_json":{"title":"Kunstausstellung \"Ideenquelle Recycling\" - Naturpark Stechlin-Ruppiner Land","robots":{"index":"index","follow":"follow","max-snippet":"max-snippet:-1","max-image-preview":"max-image-preview:large","max-video-preview":"max-video-preview:-1"},"canonical":"https:\/\/www.naturparkmagazin.de\/stechlin\/kunstausstellung-ideenquelle-rcycling\/","og_locale":"de_DE","og_type":"article","og_title":"Kunstausstellung \"Ideenquelle Recycling\" - Naturpark Stechlin-Ruppiner Land","og_description":"Am Dienstag, den 3. September, 18.30 Uhr wird in der Bildungsst\u00e4tte Linowsee, Linowsee 1, 16831 Rheinsberg OT Linow die Wanderausstellung des diesj\u00e4hrigen Kunstsymposiums im Naturpark er\u00f6ffnet. Die Bildungsst\u00e4tte Linowsee ist langj\u00e4hriger Partner des Naturparks. Schulungsleiter Armin Roth war mit seinem Haus bereits mehrfach Gastgeber f\u00fcr Internationale Kunstsymposien. Die Ausstellung ist bis zum 31. Oktober zu","og_url":"https:\/\/www.naturparkmagazin.de\/stechlin\/kunstausstellung-ideenquelle-rcycling\/","og_site_name":"Naturpark Stechlin-Ruppiner Land","article_published_time":"2013-08-28T07:56:49+00:00","article_modified_time":"2013-09-02T13:41:27+00:00","og_image":[{"width":600,"height":823,"url":"https:\/\/www.naturparkmagazin.de\/stechlin\/wp-content\/uploads\/sites\/38\/k-Plakat2013-e1378098215833.jpg","type":"image\/jpeg"}],"author":"marioschrumpf","twitter_misc":{"Verfasst von":"marioschrumpf"},"schema":{"@context":"https:\/\/schema.org","@graph":[{"@type":"WebPage","@id":"https:\/\/www.naturparkmagazin.de\/stechlin\/kunstausstellung-ideenquelle-rcycling\/","url":"https:\/\/www.naturparkmagazin.de\/stechlin\/kunstausstellung-ideenquelle-rcycling\/","name":"Kunstausstellung \"Ideenquelle Recycling\" - Naturpark Stechlin-Ruppiner Land","isPartOf":{"@id":"https:\/\/www.naturparkmagazin.de\/stechlin\/#website"},"datePublished":"2013-08-28T07:56:49+00:00","dateModified":"2013-09-02T13:41:27+00:00","author":{"@id":"https:\/\/www.naturparkmagazin.de\/stechlin\/#\/schema\/person\/3f0d93203df21c806dd63c76d9bb28bc"},"breadcrumb":{"@id":"https:\/\/www.naturparkmagazin.de\/stechlin\/kunstausstellung-ideenquelle-rcycling\/#breadcrumb"},"inLanguage":"de","potentialAction":[{"@type":"ReadAction","target":["https:\/\/www.naturparkmagazin.de\/stechlin\/kunstausstellung-ideenquelle-rcycling\/"]}]},{"@type":"BreadcrumbList","@id":"https:\/\/www.naturparkmagazin.de\/stechlin\/kunstausstellung-ideenquelle-rcycling\/#breadcrumb","itemListElement":[{"@type":"ListItem","position":1,"name":"Home","item":"https:\/\/www.naturparkmagazin.de\/stechlin\/"},{"@type":"ListItem","position":2,"name":"Kunstausstellung &#8222;Ideenquelle Recycling&#8220;"}]},{"@type":"WebSite","@id":"https:\/\/www.naturparkmagazin.de\/stechlin\/#website","url":"https:\/\/www.naturparkmagazin.de\/stechlin\/","name":"Naturpark Stechlin-Ruppiner Land","description":"","potentialAction":[{"@type":"SearchAction","target":{"@type":"EntryPoint","urlTemplate":"https:\/\/www.naturparkmagazin.de\/stechlin\/?s={search_term_string}"},"query-input":"required name=search_term_string"}],"inLanguage":"de"},{"@type":"Person","@id":"https:\/\/www.naturparkmagazin.de\/stechlin\/#\/schema\/person\/3f0d93203df21c806dd63c76d9bb28bc","name":"marioschrumpf","url":"https:\/\/www.naturparkmagazin.de\/stechlin\/author\/marioschrumpf\/"}]}},"_links":{"self":[{"href":"https:\/\/www.naturparkmagazin.de\/stechlin\/wp-json\/wp\/v2\/posts\/107"}],"collection":[{"href":"https:\/\/www.naturparkmagazin.de\/stechlin\/wp-json\/wp\/v2\/posts"}],"about":[{"href":"https:\/\/www.naturparkmagazin.de\/stechlin\/wp-json\/wp\/v2\/types\/post"}],"author":[{"embeddable":true,"href":"https:\/\/www.naturparkmagazin.de\/stechlin\/wp-json\/wp\/v2\/users\/39"}],"replies":[{"embeddable":true,"href":"https:\/\/www.naturparkmagazin.de\/stechlin\/wp-json\/wp\/v2\/comments?post=107"}],"version-history":[{"count":4,"href":"https:\/\/www.naturparkmagazin.de\/stechlin\/wp-json\/wp\/v2\/posts\/107\/revisions"}],"predecessor-version":[{"id":162,"href":"https:\/\/www.naturparkmagazin.de\/stechlin\/wp-json\/wp\/v2\/posts\/107\/revisions\/162"}],"wp:featuredmedia":[{"embeddable":true,"href":"https:\/\/www.naturparkmagazin.de\/stechlin\/wp-json\/wp\/v2\/media\/129"}],"wp:attachment":[{"href":"https:\/\/www.naturparkmagazin.de\/stechlin\/wp-json\/wp\/v2\/media?parent=107"}],"wp:term":[{"taxonomy":"category","embeddable":true,"href":"https:\/\/www.naturparkmagazin.de\/stechlin\/wp-json\/wp\/v2\/categories?post=107"},{"taxonomy":"post_tag","embeddable":true,"href":"https:\/\/www.naturparkmagazin.de\/stechlin\/wp-json\/wp\/v2\/tags?post=107"}],"curies":[{"name":"wp","href":"https:\/\/api.w.org\/{rel}","templated":true}]}}