{"id":10708,"date":"2021-06-15T06:53:11","date_gmt":"2021-06-15T04:53:11","guid":{"rendered":"https:\/\/www.naturparkmagazin.de\/stechlin\/?p=10708"},"modified":"2021-06-23T16:16:54","modified_gmt":"2021-06-23T14:16:54","slug":"ein-wir-fest-fuer-raegelin-am-10-juli","status":"publish","type":"post","link":"https:\/\/www.naturparkmagazin.de\/stechlin\/ein-wir-fest-fuer-raegelin-am-10-juli\/","title":{"rendered":"Ein Wir-Fest f\u00fcr R\u00e4gelin am 10. Juli"},"content":{"rendered":"<div id=\"attachment_10712\" style=\"width: 310px\" class=\"wp-caption aligncenter\"><a href=\"https:\/\/www.naturparkmagazin.de\/stechlin\/wp-content\/uploads\/sites\/38\/DSC_0069_1.jpg\"><img aria-describedby=\"caption-attachment-10712\" decoding=\"async\" loading=\"lazy\" class=\"size-thumbnail wp-image-10712\" src=\"https:\/\/www.naturparkmagazin.de\/stechlin\/wp-content\/uploads\/sites\/38\/DSC_0069_1-300x180.jpg\" alt=\"das Projekt f\u00f6rdert die Vielfalt und den Zusammenhalt im l\u00e4ndlichen Raum. \u00a9 Mario Schrumpf\" width=\"300\" height=\"180\" srcset=\"https:\/\/www.naturparkmagazin.de\/stechlin\/wp-content\/uploads\/sites\/38\/DSC_0069_1-300x180.jpg 300w, https:\/\/www.naturparkmagazin.de\/stechlin\/wp-content\/uploads\/sites\/38\/DSC_0069_1.jpg 500w, https:\/\/www.naturparkmagazin.de\/stechlin\/wp-content\/uploads\/sites\/38\/DSC_0069_1-200x120.jpg 200w\" sizes=\"(max-width: 300px) 100vw, 300px\" \/><\/a><p id=\"caption-attachment-10712\" class=\"wp-caption-text\">Das Projekt f\u00f6rdert die Vielfalt und den Zusammenhalt im l\u00e4ndlichen Raum. \u00a9 Mario Schrumpf<\/p><\/div>\n<p>Mitten auf dem Dorfanger, auf gr\u00fcner Wiese, steht ein kleines Fachwerk-Wunder. Kirchenhaus und Holzturm getrennt und doch zusammen. Seit 782 Jahren existiert diese Mini-Kirche mit ihren in Fensterblei eingefassten Figuren-Medaillons. Im Inneren befindet sich seit 1882 eine der kleinsten Orgeln der Welt, erbaut vom ber\u00fchmten Neuruppiner Orgelbaumeister Albert Hollenbach. Gro\u00dfartig! In R\u00e4gelin gibt es so manches Wunder-Haus: Da ist die Wasserm\u00fchle mit einer ganz gro\u00dfen Vergangenheit am Ende der M\u00fchlenstra\u00dfe. Das einstmalige Frei-Haus gegen\u00fcber der Kirche, war einmal Heimstatt f\u00fcr vielf\u00e4ltige und gastliche Nutzungen. Daneben steht das restaurierte Geb\u00e4ude des ehemeligen &gt;&gt;Gasthof zum Temnitzquell&lt;&lt; und direkt gegen\u00fcber hoch aufgerichtet die Steinschule.<\/p>\n<p>R\u00e4gelin hat eine bewegte Geschichte hinter sich: Aus Rogelin wurde Regelin und Ragelin heute ist es R\u00e4gelin.<\/p>\n<p>Am <strong>10. Juli, ab 15 Uhr<\/strong> feiert R\u00e4gelin sein WIR-Fest in und um die Kirche im Herzen R\u00e4gelins.<\/p>\n<p>Genie\u00dfen Sie das vielf\u00e4ltige Programm, Musik und regionale Speisen!<\/p>\n<div id=\"attachment_10711\" style=\"width: 310px\" class=\"wp-caption aligncenter\"><a href=\"https:\/\/www.naturparkmagazin.de\/stechlin\/wp-content\/uploads\/sites\/38\/DSC_0070_1.jpg\"><img aria-describedby=\"caption-attachment-10711\" decoding=\"async\" loading=\"lazy\" class=\"size-thumbnail wp-image-10711\" src=\"https:\/\/www.naturparkmagazin.de\/stechlin\/wp-content\/uploads\/sites\/38\/DSC_0070_1-300x180.jpg\" alt=\"Das Duo Acuerdo umrahmte das WIR-Fest kulturell. \u00a9 Mario Schrumpf\" width=\"300\" height=\"180\" srcset=\"https:\/\/www.naturparkmagazin.de\/stechlin\/wp-content\/uploads\/sites\/38\/DSC_0070_1-300x180.jpg 300w, https:\/\/www.naturparkmagazin.de\/stechlin\/wp-content\/uploads\/sites\/38\/DSC_0070_1.jpg 500w, https:\/\/www.naturparkmagazin.de\/stechlin\/wp-content\/uploads\/sites\/38\/DSC_0070_1-200x120.jpg 200w\" sizes=\"(max-width: 300px) 100vw, 300px\" \/><\/a><p id=\"caption-attachment-10711\" class=\"wp-caption-text\">Das Duo Acuerdo umrahmt das WIR-Fest kulturell. \u00a9 Mario Schrumpf<\/p><\/div>\n<div id=\"attachment_10710\" style=\"width: 310px\" class=\"wp-caption aligncenter\"><a href=\"https:\/\/www.naturparkmagazin.de\/stechlin\/wp-content\/uploads\/sites\/38\/Gemeinde-Temnitzquell.jpg\"><img aria-describedby=\"caption-attachment-10710\" decoding=\"async\" loading=\"lazy\" class=\"size-thumbnail wp-image-10710\" src=\"https:\/\/www.naturparkmagazin.de\/stechlin\/wp-content\/uploads\/sites\/38\/Gemeinde-Temnitzquell-300x300.jpg\" alt=\"Foro: \u00a9 Mario Schrumpf\" width=\"300\" height=\"300\" srcset=\"https:\/\/www.naturparkmagazin.de\/stechlin\/wp-content\/uploads\/sites\/38\/Gemeinde-Temnitzquell.jpg 300w, https:\/\/www.naturparkmagazin.de\/stechlin\/wp-content\/uploads\/sites\/38\/Gemeinde-Temnitzquell-200x200.jpg 200w, https:\/\/www.naturparkmagazin.de\/stechlin\/wp-content\/uploads\/sites\/38\/Gemeinde-Temnitzquell-30x30.jpg 30w\" sizes=\"(max-width: 300px) 100vw, 300px\" \/><\/a><p id=\"caption-attachment-10710\" class=\"wp-caption-text\">Foto: \u00a9 Flyer WIR-Fest<\/p><\/div>\n","protected":false},"excerpt":{"rendered":"<p>Am 10. Juli, ab 15 Uhr feiert R\u00e4gelin sein WIR-Fest in und um die Kirche im Herzen R\u00e4gelins. Genie\u00dfen Sie das vielf\u00e4ltige Programm, Musik und regionale Speisen!<\/p>\n","protected":false},"author":39,"featured_media":10709,"comment_status":"open","ping_status":"open","sticky":false,"template":"","format":"standard","meta":[],"categories":[11],"tags":[],"yoast_head":"<!-- This site is optimized with the Yoast SEO plugin v19.10 - https:\/\/yoast.com\/wordpress\/plugins\/seo\/ -->\n<title>Ein Wir-Fest f\u00fcr R\u00e4gelin am 10. Juli - Naturpark Stechlin-Ruppiner Land<\/title>\n<meta name=\"robots\" content=\"index, follow, max-snippet:-1, max-image-preview:large, max-video-preview:-1\" \/>\n<link rel=\"canonical\" href=\"https:\/\/www.naturparkmagazin.de\/stechlin\/ein-wir-fest-fuer-raegelin-am-10-juli\/\" \/>\n<meta property=\"og:locale\" content=\"de_DE\" \/>\n<meta property=\"og:type\" content=\"article\" \/>\n<meta property=\"og:title\" content=\"Ein Wir-Fest f\u00fcr R\u00e4gelin am 10. Juli - Naturpark Stechlin-Ruppiner Land\" \/>\n<meta property=\"og:description\" content=\"Am 10. Juli, ab 15 Uhr feiert R\u00e4gelin sein WIR-Fest in und um die Kirche im Herzen R\u00e4gelins. Genie\u00dfen Sie das vielf\u00e4ltige Programm, Musik und regionale Speisen!\" \/>\n<meta property=\"og:url\" content=\"https:\/\/www.naturparkmagazin.de\/stechlin\/ein-wir-fest-fuer-raegelin-am-10-juli\/\" \/>\n<meta property=\"og:site_name\" content=\"Naturpark Stechlin-Ruppiner Land\" \/>\n<meta property=\"article:published_time\" content=\"2021-06-15T04:53:11+00:00\" \/>\n<meta property=\"article:modified_time\" content=\"2021-06-23T14:16:54+00:00\" \/>\n<meta property=\"og:image\" content=\"https:\/\/www.naturparkmagazin.de\/stechlin\/wp-content\/uploads\/sites\/38\/DSC_0068.jpg\" \/>\n\t<meta property=\"og:image:width\" content=\"200\" \/>\n\t<meta property=\"og:image:height\" content=\"200\" \/>\n\t<meta property=\"og:image:type\" content=\"image\/jpeg\" \/>\n<meta name=\"author\" content=\"marioschrumpf\" \/>\n<meta name=\"twitter:label1\" content=\"Verfasst von\" \/>\n\t<meta name=\"twitter:data1\" content=\"marioschrumpf\" \/>\n\t<meta name=\"twitter:label2\" content=\"Gesch\u00e4tzte Lesezeit\" \/>\n\t<meta name=\"twitter:data2\" content=\"1\u00a0Minute\" \/>\n<script type=\"application\/ld+json\" class=\"yoast-schema-graph\">{\"@context\":\"https:\/\/schema.org\",\"@graph\":[{\"@type\":\"WebPage\",\"@id\":\"https:\/\/www.naturparkmagazin.de\/stechlin\/ein-wir-fest-fuer-raegelin-am-10-juli\/\",\"url\":\"https:\/\/www.naturparkmagazin.de\/stechlin\/ein-wir-fest-fuer-raegelin-am-10-juli\/\",\"name\":\"Ein Wir-Fest f\u00fcr R\u00e4gelin am 10. Juli - Naturpark Stechlin-Ruppiner Land\",\"isPartOf\":{\"@id\":\"https:\/\/www.naturparkmagazin.de\/stechlin\/#website\"},\"datePublished\":\"2021-06-15T04:53:11+00:00\",\"dateModified\":\"2021-06-23T14:16:54+00:00\",\"author\":{\"@id\":\"https:\/\/www.naturparkmagazin.de\/stechlin\/#\/schema\/person\/3f0d93203df21c806dd63c76d9bb28bc\"},\"breadcrumb\":{\"@id\":\"https:\/\/www.naturparkmagazin.de\/stechlin\/ein-wir-fest-fuer-raegelin-am-10-juli\/#breadcrumb\"},\"inLanguage\":\"de\",\"potentialAction\":[{\"@type\":\"ReadAction\",\"target\":[\"https:\/\/www.naturparkmagazin.de\/stechlin\/ein-wir-fest-fuer-raegelin-am-10-juli\/\"]}]},{\"@type\":\"BreadcrumbList\",\"@id\":\"https:\/\/www.naturparkmagazin.de\/stechlin\/ein-wir-fest-fuer-raegelin-am-10-juli\/#breadcrumb\",\"itemListElement\":[{\"@type\":\"ListItem\",\"position\":1,\"name\":\"Home\",\"item\":\"https:\/\/www.naturparkmagazin.de\/stechlin\/\"},{\"@type\":\"ListItem\",\"position\":2,\"name\":\"Ein Wir-Fest f\u00fcr R\u00e4gelin am 10. Juli\"}]},{\"@type\":\"WebSite\",\"@id\":\"https:\/\/www.naturparkmagazin.de\/stechlin\/#website\",\"url\":\"https:\/\/www.naturparkmagazin.de\/stechlin\/\",\"name\":\"Naturpark Stechlin-Ruppiner Land\",\"description\":\"\",\"potentialAction\":[{\"@type\":\"SearchAction\",\"target\":{\"@type\":\"EntryPoint\",\"urlTemplate\":\"https:\/\/www.naturparkmagazin.de\/stechlin\/?s={search_term_string}\"},\"query-input\":\"required name=search_term_string\"}],\"inLanguage\":\"de\"},{\"@type\":\"Person\",\"@id\":\"https:\/\/www.naturparkmagazin.de\/stechlin\/#\/schema\/person\/3f0d93203df21c806dd63c76d9bb28bc\",\"name\":\"marioschrumpf\",\"url\":\"https:\/\/www.naturparkmagazin.de\/stechlin\/author\/marioschrumpf\/\"}]}<\/script>\n<!-- \/ Yoast SEO plugin. -->","yoast_head_json":{"title":"Ein Wir-Fest f\u00fcr R\u00e4gelin am 10. Juli - Naturpark Stechlin-Ruppiner Land","robots":{"index":"index","follow":"follow","max-snippet":"max-snippet:-1","max-image-preview":"max-image-preview:large","max-video-preview":"max-video-preview:-1"},"canonical":"https:\/\/www.naturparkmagazin.de\/stechlin\/ein-wir-fest-fuer-raegelin-am-10-juli\/","og_locale":"de_DE","og_type":"article","og_title":"Ein Wir-Fest f\u00fcr R\u00e4gelin am 10. Juli - Naturpark Stechlin-Ruppiner Land","og_description":"Am 10. Juli, ab 15 Uhr feiert R\u00e4gelin sein WIR-Fest in und um die Kirche im Herzen R\u00e4gelins. Genie\u00dfen Sie das vielf\u00e4ltige Programm, Musik und regionale Speisen!","og_url":"https:\/\/www.naturparkmagazin.de\/stechlin\/ein-wir-fest-fuer-raegelin-am-10-juli\/","og_site_name":"Naturpark Stechlin-Ruppiner Land","article_published_time":"2021-06-15T04:53:11+00:00","article_modified_time":"2021-06-23T14:16:54+00:00","og_image":[{"width":200,"height":200,"url":"https:\/\/www.naturparkmagazin.de\/stechlin\/wp-content\/uploads\/sites\/38\/DSC_0068.jpg","type":"image\/jpeg"}],"author":"marioschrumpf","twitter_misc":{"Verfasst von":"marioschrumpf","Gesch\u00e4tzte Lesezeit":"1\u00a0Minute"},"schema":{"@context":"https:\/\/schema.org","@graph":[{"@type":"WebPage","@id":"https:\/\/www.naturparkmagazin.de\/stechlin\/ein-wir-fest-fuer-raegelin-am-10-juli\/","url":"https:\/\/www.naturparkmagazin.de\/stechlin\/ein-wir-fest-fuer-raegelin-am-10-juli\/","name":"Ein Wir-Fest f\u00fcr R\u00e4gelin am 10. Juli - Naturpark Stechlin-Ruppiner Land","isPartOf":{"@id":"https:\/\/www.naturparkmagazin.de\/stechlin\/#website"},"datePublished":"2021-06-15T04:53:11+00:00","dateModified":"2021-06-23T14:16:54+00:00","author":{"@id":"https:\/\/www.naturparkmagazin.de\/stechlin\/#\/schema\/person\/3f0d93203df21c806dd63c76d9bb28bc"},"breadcrumb":{"@id":"https:\/\/www.naturparkmagazin.de\/stechlin\/ein-wir-fest-fuer-raegelin-am-10-juli\/#breadcrumb"},"inLanguage":"de","potentialAction":[{"@type":"ReadAction","target":["https:\/\/www.naturparkmagazin.de\/stechlin\/ein-wir-fest-fuer-raegelin-am-10-juli\/"]}]},{"@type":"BreadcrumbList","@id":"https:\/\/www.naturparkmagazin.de\/stechlin\/ein-wir-fest-fuer-raegelin-am-10-juli\/#breadcrumb","itemListElement":[{"@type":"ListItem","position":1,"name":"Home","item":"https:\/\/www.naturparkmagazin.de\/stechlin\/"},{"@type":"ListItem","position":2,"name":"Ein Wir-Fest f\u00fcr R\u00e4gelin am 10. Juli"}]},{"@type":"WebSite","@id":"https:\/\/www.naturparkmagazin.de\/stechlin\/#website","url":"https:\/\/www.naturparkmagazin.de\/stechlin\/","name":"Naturpark Stechlin-Ruppiner Land","description":"","potentialAction":[{"@type":"SearchAction","target":{"@type":"EntryPoint","urlTemplate":"https:\/\/www.naturparkmagazin.de\/stechlin\/?s={search_term_string}"},"query-input":"required name=search_term_string"}],"inLanguage":"de"},{"@type":"Person","@id":"https:\/\/www.naturparkmagazin.de\/stechlin\/#\/schema\/person\/3f0d93203df21c806dd63c76d9bb28bc","name":"marioschrumpf","url":"https:\/\/www.naturparkmagazin.de\/stechlin\/author\/marioschrumpf\/"}]}},"_links":{"self":[{"href":"https:\/\/www.naturparkmagazin.de\/stechlin\/wp-json\/wp\/v2\/posts\/10708"}],"collection":[{"href":"https:\/\/www.naturparkmagazin.de\/stechlin\/wp-json\/wp\/v2\/posts"}],"about":[{"href":"https:\/\/www.naturparkmagazin.de\/stechlin\/wp-json\/wp\/v2\/types\/post"}],"author":[{"embeddable":true,"href":"https:\/\/www.naturparkmagazin.de\/stechlin\/wp-json\/wp\/v2\/users\/39"}],"replies":[{"embeddable":true,"href":"https:\/\/www.naturparkmagazin.de\/stechlin\/wp-json\/wp\/v2\/comments?post=10708"}],"version-history":[{"count":4,"href":"https:\/\/www.naturparkmagazin.de\/stechlin\/wp-json\/wp\/v2\/posts\/10708\/revisions"}],"predecessor-version":[{"id":10719,"href":"https:\/\/www.naturparkmagazin.de\/stechlin\/wp-json\/wp\/v2\/posts\/10708\/revisions\/10719"}],"wp:featuredmedia":[{"embeddable":true,"href":"https:\/\/www.naturparkmagazin.de\/stechlin\/wp-json\/wp\/v2\/media\/10709"}],"wp:attachment":[{"href":"https:\/\/www.naturparkmagazin.de\/stechlin\/wp-json\/wp\/v2\/media?parent=10708"}],"wp:term":[{"taxonomy":"category","embeddable":true,"href":"https:\/\/www.naturparkmagazin.de\/stechlin\/wp-json\/wp\/v2\/categories?post=10708"},{"taxonomy":"post_tag","embeddable":true,"href":"https:\/\/www.naturparkmagazin.de\/stechlin\/wp-json\/wp\/v2\/tags?post=10708"}],"curies":[{"name":"wp","href":"https:\/\/api.w.org\/{rel}","templated":true}]}}