{"id":10732,"date":"2021-06-15T14:48:15","date_gmt":"2021-06-15T12:48:15","guid":{"rendered":"https:\/\/www.naturparkmagazin.de\/stechlin\/?p=10732"},"modified":"2021-06-25T16:27:03","modified_gmt":"2021-06-25T14:27:03","slug":"vernissage-fontanemalen-in-neuruppin","status":"publish","type":"post","link":"https:\/\/www.naturparkmagazin.de\/stechlin\/vernissage-fontanemalen-in-neuruppin\/","title":{"rendered":"Vernissage \u201eFontanemalen\u201c in Neuruppin"},"content":{"rendered":"<p>Die Liebe zur Natur und der Spa\u00df am Malen hat 15 Hobbymaler und Freischaffende an verschiedenen Orten unter der im Jahr 2018 entstandenen Aktion \u201eFontanemalen\u201c, zu Ehren des 200. Geburtsjahres Theodor Fontanes, zusammengef\u00fchrt.<\/p>\n<div id=\"attachment_10735\" style=\"width: 310px\" class=\"wp-caption aligncenter\"><a href=\"https:\/\/www.naturparkmagazin.de\/stechlin\/wp-content\/uploads\/sites\/38\/rheinsberg.jpg\"><img aria-describedby=\"caption-attachment-10735\" decoding=\"async\" loading=\"lazy\" class=\"size-thumbnail wp-image-10735\" src=\"https:\/\/www.naturparkmagazin.de\/stechlin\/wp-content\/uploads\/sites\/38\/rheinsberg-300x180.jpg\" alt=\"Fontanemalen\" width=\"300\" height=\"180\" srcset=\"https:\/\/www.naturparkmagazin.de\/stechlin\/wp-content\/uploads\/sites\/38\/rheinsberg-300x180.jpg 300w, https:\/\/www.naturparkmagazin.de\/stechlin\/wp-content\/uploads\/sites\/38\/rheinsberg.jpg 500w, https:\/\/www.naturparkmagazin.de\/stechlin\/wp-content\/uploads\/sites\/38\/rheinsberg-200x120.jpg 200w\" sizes=\"(max-width: 300px) 100vw, 300px\" \/><\/a><p id=\"caption-attachment-10735\" class=\"wp-caption-text\">Der Tempelgarten in Neuruppin<\/p><\/div>\n<p>Stets stand der Spa\u00df an der gemeinsamen Sache im Mittelpunkt, nicht unbedingt das perfekte Bild. Gemalt wurde in Rheinsberg, Gentzrode, Stendenitz, Potsdam und Neuruppin. Wir zeigen nun was daraus entstanden ist. Durch die Diskussionen in der \u00d6ffentlichkeit um das Gut Gentzrode, sind die dort entstandenen Bilder von besonderer Aktualit\u00e4t.<\/p>\n<p>Uns Malenden wurde die Sch\u00f6nheit und Einzigartigkeit dieses historischen, fast vergessenen Gutes sehr bewusst. Falls man ein Bild erwerben m\u00f6chte, kann der Kontakt zum K\u00fcnstler problemlos hergestellt werden.<\/p>\n<div id=\"attachment_10736\" style=\"width: 310px\" class=\"wp-caption aligncenter\"><a href=\"https:\/\/www.naturparkmagazin.de\/stechlin\/wp-content\/uploads\/sites\/38\/schloss-rheinsberg.jpg\"><img aria-describedby=\"caption-attachment-10736\" decoding=\"async\" loading=\"lazy\" class=\"size-thumbnail wp-image-10736\" src=\"https:\/\/www.naturparkmagazin.de\/stechlin\/wp-content\/uploads\/sites\/38\/schloss-rheinsberg-300x180.jpg\" alt=\"Fontanemalen\" width=\"300\" height=\"180\" srcset=\"https:\/\/www.naturparkmagazin.de\/stechlin\/wp-content\/uploads\/sites\/38\/schloss-rheinsberg-300x180.jpg 300w, https:\/\/www.naturparkmagazin.de\/stechlin\/wp-content\/uploads\/sites\/38\/schloss-rheinsberg.jpg 500w, https:\/\/www.naturparkmagazin.de\/stechlin\/wp-content\/uploads\/sites\/38\/schloss-rheinsberg-200x120.jpg 200w\" sizes=\"(max-width: 300px) 100vw, 300px\" \/><\/a><p id=\"caption-attachment-10736\" class=\"wp-caption-text\">Gentzrode im Dornr\u00f6schenschlaf<\/p><\/div>\n<p>Die Ausstellung ist \u00fcber die Sommerferien zu den \u00fcblichen \u00d6ffnungszeiten der Bibliothek zu sehen. Die Aussteller laden herzlich ein und freuen sich auf nette Gespr\u00e4che mit den Besuchern vor Ort, nat\u00fcrlich unter Beachtung der Coronaregeln AHAL.<\/p>\n<p>Am <strong>Freitag, den 2. Juli 2021, um 18:00 Uhr<\/strong> wird die Ausstellung unter dem <em>Motto \u201eFontanemalen\u201c<\/em> im <strong>Foyer Altes Gymnasium in Neuruppin<\/strong> er\u00f6ffnet.<\/p>\n<p>Wer selbst Hobbymaler ist, Lust und Zeit hat mitzumachen, kann sich gerne am 2. oder\/und 3. Juli zum \u201eFontenemalen\u201c dazu gesellen. Treff an der Neuruppiner Seepromenade, am Parzival, um 10:30 Uhr.<\/p>\n<p>Weitere Info\u2019s: NLF Elke Kopf, Tel. +49 1520 5845064<\/p>\n","protected":false},"excerpt":{"rendered":"<p>Die Liebe zur Natur und der Spa\u00df am Malen hat etwa 15 Hobbymaler und Freischaffende an verschiedenen Orten unter der im Jahr 2018 entstandenen Aktion \u201eFontanemalen\u201c, zu Ehren des 200. Geburtsjahres Theodor Fontanes, zusammengef\u00fchrt.<\/p>\n","protected":false},"author":39,"featured_media":10737,"comment_status":"open","ping_status":"open","sticky":false,"template":"","format":"standard","meta":[],"categories":[11],"tags":[],"yoast_head":"<!-- This site is optimized with the Yoast SEO plugin v19.10 - https:\/\/yoast.com\/wordpress\/plugins\/seo\/ -->\n<title>Vernissage \u201eFontanemalen\u201c in Neuruppin - Naturpark Stechlin-Ruppiner Land<\/title>\n<meta name=\"robots\" content=\"index, follow, max-snippet:-1, max-image-preview:large, max-video-preview:-1\" \/>\n<link rel=\"canonical\" href=\"https:\/\/www.naturparkmagazin.de\/stechlin\/vernissage-fontanemalen-in-neuruppin\/\" \/>\n<meta property=\"og:locale\" content=\"de_DE\" \/>\n<meta property=\"og:type\" content=\"article\" \/>\n<meta property=\"og:title\" content=\"Vernissage \u201eFontanemalen\u201c in Neuruppin - Naturpark Stechlin-Ruppiner Land\" \/>\n<meta property=\"og:description\" content=\"Die Liebe zur Natur und der Spa\u00df am Malen hat etwa 15 Hobbymaler und Freischaffende an verschiedenen Orten unter der im Jahr 2018 entstandenen Aktion \u201eFontanemalen\u201c, zu Ehren des 200. Geburtsjahres Theodor Fontanes, zusammengef\u00fchrt.\" \/>\n<meta property=\"og:url\" content=\"https:\/\/www.naturparkmagazin.de\/stechlin\/vernissage-fontanemalen-in-neuruppin\/\" \/>\n<meta property=\"og:site_name\" content=\"Naturpark Stechlin-Ruppiner Land\" \/>\n<meta property=\"article:published_time\" content=\"2021-06-15T12:48:15+00:00\" \/>\n<meta property=\"article:modified_time\" content=\"2021-06-25T14:27:03+00:00\" \/>\n<meta property=\"og:image\" content=\"https:\/\/www.naturparkmagazin.de\/stechlin\/wp-content\/uploads\/sites\/38\/schloss-rheinsberg_aufmacher.jpg\" \/>\n\t<meta property=\"og:image:width\" content=\"200\" \/>\n\t<meta property=\"og:image:height\" content=\"200\" \/>\n\t<meta property=\"og:image:type\" content=\"image\/jpeg\" \/>\n<meta name=\"author\" content=\"marioschrumpf\" \/>\n<meta name=\"twitter:label1\" content=\"Verfasst von\" \/>\n\t<meta name=\"twitter:data1\" content=\"marioschrumpf\" \/>\n\t<meta name=\"twitter:label2\" content=\"Gesch\u00e4tzte Lesezeit\" \/>\n\t<meta name=\"twitter:data2\" content=\"1\u00a0Minute\" \/>\n<script type=\"application\/ld+json\" class=\"yoast-schema-graph\">{\"@context\":\"https:\/\/schema.org\",\"@graph\":[{\"@type\":\"WebPage\",\"@id\":\"https:\/\/www.naturparkmagazin.de\/stechlin\/vernissage-fontanemalen-in-neuruppin\/\",\"url\":\"https:\/\/www.naturparkmagazin.de\/stechlin\/vernissage-fontanemalen-in-neuruppin\/\",\"name\":\"Vernissage \u201eFontanemalen\u201c in Neuruppin - Naturpark Stechlin-Ruppiner Land\",\"isPartOf\":{\"@id\":\"https:\/\/www.naturparkmagazin.de\/stechlin\/#website\"},\"datePublished\":\"2021-06-15T12:48:15+00:00\",\"dateModified\":\"2021-06-25T14:27:03+00:00\",\"author\":{\"@id\":\"https:\/\/www.naturparkmagazin.de\/stechlin\/#\/schema\/person\/3f0d93203df21c806dd63c76d9bb28bc\"},\"breadcrumb\":{\"@id\":\"https:\/\/www.naturparkmagazin.de\/stechlin\/vernissage-fontanemalen-in-neuruppin\/#breadcrumb\"},\"inLanguage\":\"de\",\"potentialAction\":[{\"@type\":\"ReadAction\",\"target\":[\"https:\/\/www.naturparkmagazin.de\/stechlin\/vernissage-fontanemalen-in-neuruppin\/\"]}]},{\"@type\":\"BreadcrumbList\",\"@id\":\"https:\/\/www.naturparkmagazin.de\/stechlin\/vernissage-fontanemalen-in-neuruppin\/#breadcrumb\",\"itemListElement\":[{\"@type\":\"ListItem\",\"position\":1,\"name\":\"Home\",\"item\":\"https:\/\/www.naturparkmagazin.de\/stechlin\/\"},{\"@type\":\"ListItem\",\"position\":2,\"name\":\"Vernissage \u201eFontanemalen\u201c in Neuruppin\"}]},{\"@type\":\"WebSite\",\"@id\":\"https:\/\/www.naturparkmagazin.de\/stechlin\/#website\",\"url\":\"https:\/\/www.naturparkmagazin.de\/stechlin\/\",\"name\":\"Naturpark Stechlin-Ruppiner Land\",\"description\":\"\",\"potentialAction\":[{\"@type\":\"SearchAction\",\"target\":{\"@type\":\"EntryPoint\",\"urlTemplate\":\"https:\/\/www.naturparkmagazin.de\/stechlin\/?s={search_term_string}\"},\"query-input\":\"required name=search_term_string\"}],\"inLanguage\":\"de\"},{\"@type\":\"Person\",\"@id\":\"https:\/\/www.naturparkmagazin.de\/stechlin\/#\/schema\/person\/3f0d93203df21c806dd63c76d9bb28bc\",\"name\":\"marioschrumpf\",\"url\":\"https:\/\/www.naturparkmagazin.de\/stechlin\/author\/marioschrumpf\/\"}]}<\/script>\n<!-- \/ Yoast SEO plugin. -->","yoast_head_json":{"title":"Vernissage \u201eFontanemalen\u201c in Neuruppin - Naturpark Stechlin-Ruppiner Land","robots":{"index":"index","follow":"follow","max-snippet":"max-snippet:-1","max-image-preview":"max-image-preview:large","max-video-preview":"max-video-preview:-1"},"canonical":"https:\/\/www.naturparkmagazin.de\/stechlin\/vernissage-fontanemalen-in-neuruppin\/","og_locale":"de_DE","og_type":"article","og_title":"Vernissage \u201eFontanemalen\u201c in Neuruppin - Naturpark Stechlin-Ruppiner Land","og_description":"Die Liebe zur Natur und der Spa\u00df am Malen hat etwa 15 Hobbymaler und Freischaffende an verschiedenen Orten unter der im Jahr 2018 entstandenen Aktion \u201eFontanemalen\u201c, zu Ehren des 200. Geburtsjahres Theodor Fontanes, zusammengef\u00fchrt.","og_url":"https:\/\/www.naturparkmagazin.de\/stechlin\/vernissage-fontanemalen-in-neuruppin\/","og_site_name":"Naturpark Stechlin-Ruppiner Land","article_published_time":"2021-06-15T12:48:15+00:00","article_modified_time":"2021-06-25T14:27:03+00:00","og_image":[{"width":200,"height":200,"url":"https:\/\/www.naturparkmagazin.de\/stechlin\/wp-content\/uploads\/sites\/38\/schloss-rheinsberg_aufmacher.jpg","type":"image\/jpeg"}],"author":"marioschrumpf","twitter_misc":{"Verfasst von":"marioschrumpf","Gesch\u00e4tzte Lesezeit":"1\u00a0Minute"},"schema":{"@context":"https:\/\/schema.org","@graph":[{"@type":"WebPage","@id":"https:\/\/www.naturparkmagazin.de\/stechlin\/vernissage-fontanemalen-in-neuruppin\/","url":"https:\/\/www.naturparkmagazin.de\/stechlin\/vernissage-fontanemalen-in-neuruppin\/","name":"Vernissage \u201eFontanemalen\u201c in Neuruppin - Naturpark Stechlin-Ruppiner Land","isPartOf":{"@id":"https:\/\/www.naturparkmagazin.de\/stechlin\/#website"},"datePublished":"2021-06-15T12:48:15+00:00","dateModified":"2021-06-25T14:27:03+00:00","author":{"@id":"https:\/\/www.naturparkmagazin.de\/stechlin\/#\/schema\/person\/3f0d93203df21c806dd63c76d9bb28bc"},"breadcrumb":{"@id":"https:\/\/www.naturparkmagazin.de\/stechlin\/vernissage-fontanemalen-in-neuruppin\/#breadcrumb"},"inLanguage":"de","potentialAction":[{"@type":"ReadAction","target":["https:\/\/www.naturparkmagazin.de\/stechlin\/vernissage-fontanemalen-in-neuruppin\/"]}]},{"@type":"BreadcrumbList","@id":"https:\/\/www.naturparkmagazin.de\/stechlin\/vernissage-fontanemalen-in-neuruppin\/#breadcrumb","itemListElement":[{"@type":"ListItem","position":1,"name":"Home","item":"https:\/\/www.naturparkmagazin.de\/stechlin\/"},{"@type":"ListItem","position":2,"name":"Vernissage \u201eFontanemalen\u201c in Neuruppin"}]},{"@type":"WebSite","@id":"https:\/\/www.naturparkmagazin.de\/stechlin\/#website","url":"https:\/\/www.naturparkmagazin.de\/stechlin\/","name":"Naturpark Stechlin-Ruppiner Land","description":"","potentialAction":[{"@type":"SearchAction","target":{"@type":"EntryPoint","urlTemplate":"https:\/\/www.naturparkmagazin.de\/stechlin\/?s={search_term_string}"},"query-input":"required name=search_term_string"}],"inLanguage":"de"},{"@type":"Person","@id":"https:\/\/www.naturparkmagazin.de\/stechlin\/#\/schema\/person\/3f0d93203df21c806dd63c76d9bb28bc","name":"marioschrumpf","url":"https:\/\/www.naturparkmagazin.de\/stechlin\/author\/marioschrumpf\/"}]}},"_links":{"self":[{"href":"https:\/\/www.naturparkmagazin.de\/stechlin\/wp-json\/wp\/v2\/posts\/10732"}],"collection":[{"href":"https:\/\/www.naturparkmagazin.de\/stechlin\/wp-json\/wp\/v2\/posts"}],"about":[{"href":"https:\/\/www.naturparkmagazin.de\/stechlin\/wp-json\/wp\/v2\/types\/post"}],"author":[{"embeddable":true,"href":"https:\/\/www.naturparkmagazin.de\/stechlin\/wp-json\/wp\/v2\/users\/39"}],"replies":[{"embeddable":true,"href":"https:\/\/www.naturparkmagazin.de\/stechlin\/wp-json\/wp\/v2\/comments?post=10732"}],"version-history":[{"count":5,"href":"https:\/\/www.naturparkmagazin.de\/stechlin\/wp-json\/wp\/v2\/posts\/10732\/revisions"}],"predecessor-version":[{"id":10740,"href":"https:\/\/www.naturparkmagazin.de\/stechlin\/wp-json\/wp\/v2\/posts\/10732\/revisions\/10740"}],"wp:featuredmedia":[{"embeddable":true,"href":"https:\/\/www.naturparkmagazin.de\/stechlin\/wp-json\/wp\/v2\/media\/10737"}],"wp:attachment":[{"href":"https:\/\/www.naturparkmagazin.de\/stechlin\/wp-json\/wp\/v2\/media?parent=10732"}],"wp:term":[{"taxonomy":"category","embeddable":true,"href":"https:\/\/www.naturparkmagazin.de\/stechlin\/wp-json\/wp\/v2\/categories?post=10732"},{"taxonomy":"post_tag","embeddable":true,"href":"https:\/\/www.naturparkmagazin.de\/stechlin\/wp-json\/wp\/v2\/tags?post=10732"}],"curies":[{"name":"wp","href":"https:\/\/api.w.org\/{rel}","templated":true}]}}