{"id":10750,"date":"2021-07-15T18:00:52","date_gmt":"2021-07-15T16:00:52","guid":{"rendered":"https:\/\/www.naturparkmagazin.de\/stechlin\/?p=10750"},"modified":"2021-07-27T11:43:18","modified_gmt":"2021-07-27T09:43:18","slug":"olaf-wolff","status":"publish","type":"post","link":"https:\/\/www.naturparkmagazin.de\/stechlin\/olaf-wolff\/","title":{"rendered":"Olaf Wolff"},"content":{"rendered":"<p>Olaf Wolff engagiert sich als zertifizierter Natur- und Landschaftsf\u00fchrer des Naturparks im Bereich Natursport.<\/p>\n<p>Mit seinem Gesch\u00e4ftsbereich Fitness-Studio Natur l\u00e4dt er regelm\u00e4\u00dfig zu sportlicher Bet\u00e4tigung ein, z.B. zu Nordic-Walking-Touren in die Kyritz-Ruppiner Heide, die Ruppiner Schweiz oder an die Lindower Seen.<\/p>\n<p>Dar\u00fcber hinaus k\u00fcmmert er sich um die Verbesserung der naturtouristischen Infrastruktur f\u00fcr Wanderer. So hat er u.a. im Auftrag der Naturparkverwaltung die Beschilderung des Wummsee-Rundwanderweges in Vorbereitung auf die Zertifizierung als Qualit\u00e4tsweg Wanderbares Deutschland neu konzipiert und umgesetzt.<\/p>\n<div id=\"attachment_10748\" style=\"width: 310px\" class=\"wp-caption aligncenter\"><a href=\"https:\/\/www.naturparkmagazin.de\/stechlin\/wp-content\/uploads\/sites\/38\/Olaf-Wolff1.jpg\"><img aria-describedby=\"caption-attachment-10748\" decoding=\"async\" loading=\"lazy\" class=\"size-thumbnail wp-image-10748\" src=\"https:\/\/www.naturparkmagazin.de\/stechlin\/wp-content\/uploads\/sites\/38\/Olaf-Wolff1-300x180.jpg\" alt=\"\u00a9Mario Schrumpf\" width=\"300\" height=\"180\" srcset=\"https:\/\/www.naturparkmagazin.de\/stechlin\/wp-content\/uploads\/sites\/38\/Olaf-Wolff1-300x180.jpg 300w, https:\/\/www.naturparkmagazin.de\/stechlin\/wp-content\/uploads\/sites\/38\/Olaf-Wolff1.jpg 500w, https:\/\/www.naturparkmagazin.de\/stechlin\/wp-content\/uploads\/sites\/38\/Olaf-Wolff1-200x120.jpg 200w\" sizes=\"(max-width: 300px) 100vw, 300px\" \/><\/a><p id=\"caption-attachment-10748\" class=\"wp-caption-text\">\u00a9Mario Schrumpf<\/p><\/div>\n<p>Des Weiteren ist er auch im Auftrag des Deutschen Wanderverbandes unterwegs, um Qualit\u00e4tsgastgeber Wanderbares Deutschland zu zertifizieren.<\/p>\n<p>Aktuell k\u00fcmmert er sich im Auftrag des Amtes Temnitz um die \u00dcberarbeitung des dortigen Wanderwegenetzes. Als Mitorganisator des Temnitzer Heidelaufes und des Fontane-Wandermarathons bringt er seine Erfahrungen bei der Vorbereitung von Natursportveranstaltungen in das Naturpark-Netzwerk ein.<\/p>\n","protected":false},"excerpt":{"rendered":"<p>Er engagiert sich nicht nur als zertifizierter Natur- und Landschaftsf\u00fchrer, der reglm\u00e4\u00dfig zu sportlichen Bet\u00e4tigungen wie zum Beispiel zu Nordic-Walking-Touren einl\u00e4dt, sondern k\u00fcmmert sich auch um die Wanderwege im Naturpark Stechlin-Ruppiner Land.<\/p>\n","protected":false},"author":39,"featured_media":10749,"comment_status":"open","ping_status":"open","sticky":false,"template":"","format":"standard","meta":[],"categories":[8],"tags":[],"yoast_head":"<!-- This site is optimized with the Yoast SEO plugin v19.10 - https:\/\/yoast.com\/wordpress\/plugins\/seo\/ -->\n<title>Olaf Wolff - Naturpark Stechlin-Ruppiner Land<\/title>\n<meta name=\"robots\" content=\"index, follow, max-snippet:-1, max-image-preview:large, max-video-preview:-1\" \/>\n<link rel=\"canonical\" href=\"https:\/\/www.naturparkmagazin.de\/stechlin\/olaf-wolff\/\" \/>\n<meta property=\"og:locale\" content=\"de_DE\" \/>\n<meta property=\"og:type\" content=\"article\" \/>\n<meta property=\"og:title\" content=\"Olaf Wolff - Naturpark Stechlin-Ruppiner Land\" \/>\n<meta property=\"og:description\" content=\"Er engagiert sich nicht nur als zertifizierter Natur- und Landschaftsf\u00fchrer, der reglm\u00e4\u00dfig zu sportlichen Bet\u00e4tigungen wie zum Beispiel zu Nordic-Walking-Touren einl\u00e4dt, sondern k\u00fcmmert sich auch um die Wanderwege im Naturpark Stechlin-Ruppiner Land.\" \/>\n<meta property=\"og:url\" content=\"https:\/\/www.naturparkmagazin.de\/stechlin\/olaf-wolff\/\" \/>\n<meta property=\"og:site_name\" content=\"Naturpark Stechlin-Ruppiner Land\" \/>\n<meta property=\"article:published_time\" content=\"2021-07-15T16:00:52+00:00\" \/>\n<meta property=\"article:modified_time\" content=\"2021-07-27T09:43:18+00:00\" \/>\n<meta property=\"og:image\" content=\"https:\/\/www.naturparkmagazin.de\/stechlin\/wp-content\/uploads\/sites\/38\/Olaf-Wolff_a.jpg\" \/>\n\t<meta property=\"og:image:width\" content=\"200\" \/>\n\t<meta property=\"og:image:height\" content=\"200\" \/>\n\t<meta property=\"og:image:type\" content=\"image\/jpeg\" \/>\n<meta name=\"author\" content=\"marioschrumpf\" \/>\n<meta name=\"twitter:label1\" content=\"Verfasst von\" \/>\n\t<meta name=\"twitter:data1\" content=\"marioschrumpf\" \/>\n\t<meta name=\"twitter:label2\" content=\"Gesch\u00e4tzte Lesezeit\" \/>\n\t<meta name=\"twitter:data2\" content=\"1\u00a0Minute\" \/>\n<script type=\"application\/ld+json\" class=\"yoast-schema-graph\">{\"@context\":\"https:\/\/schema.org\",\"@graph\":[{\"@type\":\"WebPage\",\"@id\":\"https:\/\/www.naturparkmagazin.de\/stechlin\/olaf-wolff\/\",\"url\":\"https:\/\/www.naturparkmagazin.de\/stechlin\/olaf-wolff\/\",\"name\":\"Olaf Wolff - Naturpark Stechlin-Ruppiner Land\",\"isPartOf\":{\"@id\":\"https:\/\/www.naturparkmagazin.de\/stechlin\/#website\"},\"datePublished\":\"2021-07-15T16:00:52+00:00\",\"dateModified\":\"2021-07-27T09:43:18+00:00\",\"author\":{\"@id\":\"https:\/\/www.naturparkmagazin.de\/stechlin\/#\/schema\/person\/3f0d93203df21c806dd63c76d9bb28bc\"},\"breadcrumb\":{\"@id\":\"https:\/\/www.naturparkmagazin.de\/stechlin\/olaf-wolff\/#breadcrumb\"},\"inLanguage\":\"de\",\"potentialAction\":[{\"@type\":\"ReadAction\",\"target\":[\"https:\/\/www.naturparkmagazin.de\/stechlin\/olaf-wolff\/\"]}]},{\"@type\":\"BreadcrumbList\",\"@id\":\"https:\/\/www.naturparkmagazin.de\/stechlin\/olaf-wolff\/#breadcrumb\",\"itemListElement\":[{\"@type\":\"ListItem\",\"position\":1,\"name\":\"Home\",\"item\":\"https:\/\/www.naturparkmagazin.de\/stechlin\/\"},{\"@type\":\"ListItem\",\"position\":2,\"name\":\"Olaf Wolff\"}]},{\"@type\":\"WebSite\",\"@id\":\"https:\/\/www.naturparkmagazin.de\/stechlin\/#website\",\"url\":\"https:\/\/www.naturparkmagazin.de\/stechlin\/\",\"name\":\"Naturpark Stechlin-Ruppiner Land\",\"description\":\"\",\"potentialAction\":[{\"@type\":\"SearchAction\",\"target\":{\"@type\":\"EntryPoint\",\"urlTemplate\":\"https:\/\/www.naturparkmagazin.de\/stechlin\/?s={search_term_string}\"},\"query-input\":\"required name=search_term_string\"}],\"inLanguage\":\"de\"},{\"@type\":\"Person\",\"@id\":\"https:\/\/www.naturparkmagazin.de\/stechlin\/#\/schema\/person\/3f0d93203df21c806dd63c76d9bb28bc\",\"name\":\"marioschrumpf\",\"url\":\"https:\/\/www.naturparkmagazin.de\/stechlin\/author\/marioschrumpf\/\"}]}<\/script>\n<!-- \/ Yoast SEO plugin. -->","yoast_head_json":{"title":"Olaf Wolff - Naturpark Stechlin-Ruppiner Land","robots":{"index":"index","follow":"follow","max-snippet":"max-snippet:-1","max-image-preview":"max-image-preview:large","max-video-preview":"max-video-preview:-1"},"canonical":"https:\/\/www.naturparkmagazin.de\/stechlin\/olaf-wolff\/","og_locale":"de_DE","og_type":"article","og_title":"Olaf Wolff - Naturpark Stechlin-Ruppiner Land","og_description":"Er engagiert sich nicht nur als zertifizierter Natur- und Landschaftsf\u00fchrer, der reglm\u00e4\u00dfig zu sportlichen Bet\u00e4tigungen wie zum Beispiel zu Nordic-Walking-Touren einl\u00e4dt, sondern k\u00fcmmert sich auch um die Wanderwege im Naturpark Stechlin-Ruppiner Land.","og_url":"https:\/\/www.naturparkmagazin.de\/stechlin\/olaf-wolff\/","og_site_name":"Naturpark Stechlin-Ruppiner Land","article_published_time":"2021-07-15T16:00:52+00:00","article_modified_time":"2021-07-27T09:43:18+00:00","og_image":[{"width":200,"height":200,"url":"https:\/\/www.naturparkmagazin.de\/stechlin\/wp-content\/uploads\/sites\/38\/Olaf-Wolff_a.jpg","type":"image\/jpeg"}],"author":"marioschrumpf","twitter_misc":{"Verfasst von":"marioschrumpf","Gesch\u00e4tzte Lesezeit":"1\u00a0Minute"},"schema":{"@context":"https:\/\/schema.org","@graph":[{"@type":"WebPage","@id":"https:\/\/www.naturparkmagazin.de\/stechlin\/olaf-wolff\/","url":"https:\/\/www.naturparkmagazin.de\/stechlin\/olaf-wolff\/","name":"Olaf Wolff - Naturpark Stechlin-Ruppiner Land","isPartOf":{"@id":"https:\/\/www.naturparkmagazin.de\/stechlin\/#website"},"datePublished":"2021-07-15T16:00:52+00:00","dateModified":"2021-07-27T09:43:18+00:00","author":{"@id":"https:\/\/www.naturparkmagazin.de\/stechlin\/#\/schema\/person\/3f0d93203df21c806dd63c76d9bb28bc"},"breadcrumb":{"@id":"https:\/\/www.naturparkmagazin.de\/stechlin\/olaf-wolff\/#breadcrumb"},"inLanguage":"de","potentialAction":[{"@type":"ReadAction","target":["https:\/\/www.naturparkmagazin.de\/stechlin\/olaf-wolff\/"]}]},{"@type":"BreadcrumbList","@id":"https:\/\/www.naturparkmagazin.de\/stechlin\/olaf-wolff\/#breadcrumb","itemListElement":[{"@type":"ListItem","position":1,"name":"Home","item":"https:\/\/www.naturparkmagazin.de\/stechlin\/"},{"@type":"ListItem","position":2,"name":"Olaf Wolff"}]},{"@type":"WebSite","@id":"https:\/\/www.naturparkmagazin.de\/stechlin\/#website","url":"https:\/\/www.naturparkmagazin.de\/stechlin\/","name":"Naturpark Stechlin-Ruppiner Land","description":"","potentialAction":[{"@type":"SearchAction","target":{"@type":"EntryPoint","urlTemplate":"https:\/\/www.naturparkmagazin.de\/stechlin\/?s={search_term_string}"},"query-input":"required name=search_term_string"}],"inLanguage":"de"},{"@type":"Person","@id":"https:\/\/www.naturparkmagazin.de\/stechlin\/#\/schema\/person\/3f0d93203df21c806dd63c76d9bb28bc","name":"marioschrumpf","url":"https:\/\/www.naturparkmagazin.de\/stechlin\/author\/marioschrumpf\/"}]}},"_links":{"self":[{"href":"https:\/\/www.naturparkmagazin.de\/stechlin\/wp-json\/wp\/v2\/posts\/10750"}],"collection":[{"href":"https:\/\/www.naturparkmagazin.de\/stechlin\/wp-json\/wp\/v2\/posts"}],"about":[{"href":"https:\/\/www.naturparkmagazin.de\/stechlin\/wp-json\/wp\/v2\/types\/post"}],"author":[{"embeddable":true,"href":"https:\/\/www.naturparkmagazin.de\/stechlin\/wp-json\/wp\/v2\/users\/39"}],"replies":[{"embeddable":true,"href":"https:\/\/www.naturparkmagazin.de\/stechlin\/wp-json\/wp\/v2\/comments?post=10750"}],"version-history":[{"count":5,"href":"https:\/\/www.naturparkmagazin.de\/stechlin\/wp-json\/wp\/v2\/posts\/10750\/revisions"}],"predecessor-version":[{"id":10884,"href":"https:\/\/www.naturparkmagazin.de\/stechlin\/wp-json\/wp\/v2\/posts\/10750\/revisions\/10884"}],"wp:featuredmedia":[{"embeddable":true,"href":"https:\/\/www.naturparkmagazin.de\/stechlin\/wp-json\/wp\/v2\/media\/10749"}],"wp:attachment":[{"href":"https:\/\/www.naturparkmagazin.de\/stechlin\/wp-json\/wp\/v2\/media?parent=10750"}],"wp:term":[{"taxonomy":"category","embeddable":true,"href":"https:\/\/www.naturparkmagazin.de\/stechlin\/wp-json\/wp\/v2\/categories?post=10750"},{"taxonomy":"post_tag","embeddable":true,"href":"https:\/\/www.naturparkmagazin.de\/stechlin\/wp-json\/wp\/v2\/tags?post=10750"}],"curies":[{"name":"wp","href":"https:\/\/api.w.org\/{rel}","templated":true}]}}