{"id":10814,"date":"2021-07-16T16:45:23","date_gmt":"2021-07-16T14:45:23","guid":{"rendered":"https:\/\/www.naturparkmagazin.de\/stechlin\/?p=10814"},"modified":"2025-02-24T16:57:33","modified_gmt":"2025-02-24T15:57:33","slug":"jetzt-zum-fontane-wandermarathon-im-naturpark-stechlin-ruppiner-land-anmelden","status":"publish","type":"post","link":"https:\/\/www.naturparkmagazin.de\/stechlin\/jetzt-zum-fontane-wandermarathon-im-naturpark-stechlin-ruppiner-land-anmelden\/","title":{"rendered":"Jetzt zum Fontane-Wandermarathon im Naturpark Stechlin-Ruppiner Land anmelden (2021)"},"content":{"rendered":"<p>Endlich kann er stattfinden: Unser 2. Fontane-Wandermarathon, der urspr\u00fcnglich f\u00fcr 2020 geplant war. Am 9. Oktober 2021 werden wir nun gemeinsam von F\u00fcrstenberg\/Havel aus den \u201eStechlin\u201c erwandern.<\/p>\n<div id=\"attachment_8589\" style=\"width: 310px\" class=\"wp-caption aligncenter\"><a href=\"https:\/\/www.naturparkmagazin.de\/stechlin\/wp-content\/uploads\/sites\/38\/Fontane-Wandermarathon_35.jpg\"><img aria-describedby=\"caption-attachment-8589\" decoding=\"async\" loading=\"lazy\" class=\"size-thumbnail wp-image-8589\" src=\"https:\/\/www.naturparkmagazin.de\/stechlin\/wp-content\/uploads\/sites\/38\/Fontane-Wandermarathon_35-300x180.jpg\" alt=\"Auf der Strecke.\" width=\"300\" height=\"180\" srcset=\"https:\/\/www.naturparkmagazin.de\/stechlin\/wp-content\/uploads\/sites\/38\/Fontane-Wandermarathon_35-300x180.jpg 300w, https:\/\/www.naturparkmagazin.de\/stechlin\/wp-content\/uploads\/sites\/38\/Fontane-Wandermarathon_35.jpg 500w, https:\/\/www.naturparkmagazin.de\/stechlin\/wp-content\/uploads\/sites\/38\/Fontane-Wandermarathon_35-200x120.jpg 200w\" sizes=\"(max-width: 300px) 100vw, 300px\" \/><\/a><p id=\"caption-attachment-8589\" class=\"wp-caption-text\">Auf der Strecke.<\/p><\/div>\n<p>Gemeinsam mit dem Fitness-Studio Natur, dem Berliner Wanderverband, zertifizierten Natur- und Landschaftsf\u00fchrern des Naturparks, der Stadt F\u00fcrstenberg\/Havel sowie weiteren Partnern freuen wir uns auf 43 Kilometer durch Wald- und Seenlandschaft mit Ihnen!<\/p>\n<p>Sie erhalten von uns ein Roadbook mit Wanderkarte, Getr\u00e4nke und eine warme Mahlzeit unterwegs (am Stechlinsee-Center Neuglobsow), einen verschlie\u00dfbaren Mehrwegtrinkbecher, nat\u00fcrlich eine Teilnehmerurkunde sowie einen Stempel f\u00fcr Wanderp\u00e4sse. F\u00fcr die Halbmarathon-Wanderer (23 km) ist auch der Transferbus von Neuglobsow zur\u00fcck nach F\u00fcrstenberg\/Havel im Startgeld enthalten.<\/p>\n<p><a href=\"https:\/\/www.fontane-wandermarathon.de\/?utm_source=newsletter&amp;utm_medium=email&amp;utm_campaign=Newsletter+Juli+2021\" target=\"_blank\" rel=\"noopener\">Hier geht&#8217;s zu weiterf\u00fchrenden Infos und zur Anmeldung!<\/a><\/p>\n","protected":false},"excerpt":{"rendered":"<p>Endlich kann er stattfinden: Unser 2. Fontane-Wandermarathon, der urspr\u00fcnglich f\u00fcr 2020 geplant war. Am 9. Oktober 2021 werden wir nun gemeinsam von F\u00fcrstenberg\/Havel aus den \u201eStechlin\u201c erwandern.<\/p>\n","protected":false},"author":39,"featured_media":7677,"comment_status":"open","ping_status":"open","sticky":false,"template":"","format":"standard","meta":[],"categories":[7],"tags":[],"yoast_head":"<!-- This site is optimized with the Yoast SEO plugin v19.10 - https:\/\/yoast.com\/wordpress\/plugins\/seo\/ -->\n<title>Jetzt zum Fontane-Wandermarathon im Naturpark Stechlin-Ruppiner Land anmelden (2021) - Naturpark Stechlin-Ruppiner Land<\/title>\n<meta name=\"robots\" content=\"index, follow, max-snippet:-1, max-image-preview:large, max-video-preview:-1\" \/>\n<link rel=\"canonical\" href=\"https:\/\/www.naturparkmagazin.de\/stechlin\/jetzt-zum-fontane-wandermarathon-im-naturpark-stechlin-ruppiner-land-anmelden\/\" \/>\n<meta property=\"og:locale\" content=\"de_DE\" \/>\n<meta property=\"og:type\" content=\"article\" \/>\n<meta property=\"og:title\" content=\"Jetzt zum Fontane-Wandermarathon im Naturpark Stechlin-Ruppiner Land anmelden (2021) - Naturpark Stechlin-Ruppiner Land\" \/>\n<meta property=\"og:description\" content=\"Endlich kann er stattfinden: Unser 2. Fontane-Wandermarathon, der urspr\u00fcnglich f\u00fcr 2020 geplant war. Am 9. Oktober 2021 werden wir nun gemeinsam von F\u00fcrstenberg\/Havel aus den \u201eStechlin\u201c erwandern.\" \/>\n<meta property=\"og:url\" content=\"https:\/\/www.naturparkmagazin.de\/stechlin\/jetzt-zum-fontane-wandermarathon-im-naturpark-stechlin-ruppiner-land-anmelden\/\" \/>\n<meta property=\"og:site_name\" content=\"Naturpark Stechlin-Ruppiner Land\" \/>\n<meta property=\"article:published_time\" content=\"2021-07-16T14:45:23+00:00\" \/>\n<meta property=\"article:modified_time\" content=\"2025-02-24T15:57:33+00:00\" \/>\n<meta property=\"og:image\" content=\"https:\/\/www.naturparkmagazin.de\/stechlin\/wp-content\/uploads\/sites\/38\/PA270001_Olaf-Wolff200x200.jpg\" \/>\n\t<meta property=\"og:image:width\" content=\"200\" \/>\n\t<meta property=\"og:image:height\" content=\"200\" \/>\n\t<meta property=\"og:image:type\" content=\"image\/jpeg\" \/>\n<meta name=\"author\" content=\"marioschrumpf\" \/>\n<meta name=\"twitter:label1\" content=\"Verfasst von\" \/>\n\t<meta name=\"twitter:data1\" content=\"marioschrumpf\" \/>\n\t<meta name=\"twitter:label2\" content=\"Gesch\u00e4tzte Lesezeit\" \/>\n\t<meta name=\"twitter:data2\" content=\"1\u00a0Minute\" \/>\n<script type=\"application\/ld+json\" class=\"yoast-schema-graph\">{\"@context\":\"https:\/\/schema.org\",\"@graph\":[{\"@type\":\"WebPage\",\"@id\":\"https:\/\/www.naturparkmagazin.de\/stechlin\/jetzt-zum-fontane-wandermarathon-im-naturpark-stechlin-ruppiner-land-anmelden\/\",\"url\":\"https:\/\/www.naturparkmagazin.de\/stechlin\/jetzt-zum-fontane-wandermarathon-im-naturpark-stechlin-ruppiner-land-anmelden\/\",\"name\":\"Jetzt zum Fontane-Wandermarathon im Naturpark Stechlin-Ruppiner Land anmelden (2021) - Naturpark Stechlin-Ruppiner Land\",\"isPartOf\":{\"@id\":\"https:\/\/www.naturparkmagazin.de\/stechlin\/#website\"},\"datePublished\":\"2021-07-16T14:45:23+00:00\",\"dateModified\":\"2025-02-24T15:57:33+00:00\",\"author\":{\"@id\":\"https:\/\/www.naturparkmagazin.de\/stechlin\/#\/schema\/person\/3f0d93203df21c806dd63c76d9bb28bc\"},\"breadcrumb\":{\"@id\":\"https:\/\/www.naturparkmagazin.de\/stechlin\/jetzt-zum-fontane-wandermarathon-im-naturpark-stechlin-ruppiner-land-anmelden\/#breadcrumb\"},\"inLanguage\":\"de\",\"potentialAction\":[{\"@type\":\"ReadAction\",\"target\":[\"https:\/\/www.naturparkmagazin.de\/stechlin\/jetzt-zum-fontane-wandermarathon-im-naturpark-stechlin-ruppiner-land-anmelden\/\"]}]},{\"@type\":\"BreadcrumbList\",\"@id\":\"https:\/\/www.naturparkmagazin.de\/stechlin\/jetzt-zum-fontane-wandermarathon-im-naturpark-stechlin-ruppiner-land-anmelden\/#breadcrumb\",\"itemListElement\":[{\"@type\":\"ListItem\",\"position\":1,\"name\":\"Home\",\"item\":\"https:\/\/www.naturparkmagazin.de\/stechlin\/\"},{\"@type\":\"ListItem\",\"position\":2,\"name\":\"Jetzt zum Fontane-Wandermarathon im Naturpark Stechlin-Ruppiner Land anmelden (2021)\"}]},{\"@type\":\"WebSite\",\"@id\":\"https:\/\/www.naturparkmagazin.de\/stechlin\/#website\",\"url\":\"https:\/\/www.naturparkmagazin.de\/stechlin\/\",\"name\":\"Naturpark Stechlin-Ruppiner Land\",\"description\":\"\",\"potentialAction\":[{\"@type\":\"SearchAction\",\"target\":{\"@type\":\"EntryPoint\",\"urlTemplate\":\"https:\/\/www.naturparkmagazin.de\/stechlin\/?s={search_term_string}\"},\"query-input\":\"required name=search_term_string\"}],\"inLanguage\":\"de\"},{\"@type\":\"Person\",\"@id\":\"https:\/\/www.naturparkmagazin.de\/stechlin\/#\/schema\/person\/3f0d93203df21c806dd63c76d9bb28bc\",\"name\":\"marioschrumpf\",\"url\":\"https:\/\/www.naturparkmagazin.de\/stechlin\/author\/marioschrumpf\/\"}]}<\/script>\n<!-- \/ Yoast SEO plugin. -->","yoast_head_json":{"title":"Jetzt zum Fontane-Wandermarathon im Naturpark Stechlin-Ruppiner Land anmelden (2021) - Naturpark Stechlin-Ruppiner Land","robots":{"index":"index","follow":"follow","max-snippet":"max-snippet:-1","max-image-preview":"max-image-preview:large","max-video-preview":"max-video-preview:-1"},"canonical":"https:\/\/www.naturparkmagazin.de\/stechlin\/jetzt-zum-fontane-wandermarathon-im-naturpark-stechlin-ruppiner-land-anmelden\/","og_locale":"de_DE","og_type":"article","og_title":"Jetzt zum Fontane-Wandermarathon im Naturpark Stechlin-Ruppiner Land anmelden (2021) - Naturpark Stechlin-Ruppiner Land","og_description":"Endlich kann er stattfinden: Unser 2. Fontane-Wandermarathon, der urspr\u00fcnglich f\u00fcr 2020 geplant war. Am 9. Oktober 2021 werden wir nun gemeinsam von F\u00fcrstenberg\/Havel aus den \u201eStechlin\u201c erwandern.","og_url":"https:\/\/www.naturparkmagazin.de\/stechlin\/jetzt-zum-fontane-wandermarathon-im-naturpark-stechlin-ruppiner-land-anmelden\/","og_site_name":"Naturpark Stechlin-Ruppiner Land","article_published_time":"2021-07-16T14:45:23+00:00","article_modified_time":"2025-02-24T15:57:33+00:00","og_image":[{"width":200,"height":200,"url":"https:\/\/www.naturparkmagazin.de\/stechlin\/wp-content\/uploads\/sites\/38\/PA270001_Olaf-Wolff200x200.jpg","type":"image\/jpeg"}],"author":"marioschrumpf","twitter_misc":{"Verfasst von":"marioschrumpf","Gesch\u00e4tzte Lesezeit":"1\u00a0Minute"},"schema":{"@context":"https:\/\/schema.org","@graph":[{"@type":"WebPage","@id":"https:\/\/www.naturparkmagazin.de\/stechlin\/jetzt-zum-fontane-wandermarathon-im-naturpark-stechlin-ruppiner-land-anmelden\/","url":"https:\/\/www.naturparkmagazin.de\/stechlin\/jetzt-zum-fontane-wandermarathon-im-naturpark-stechlin-ruppiner-land-anmelden\/","name":"Jetzt zum Fontane-Wandermarathon im Naturpark Stechlin-Ruppiner Land anmelden (2021) - Naturpark Stechlin-Ruppiner Land","isPartOf":{"@id":"https:\/\/www.naturparkmagazin.de\/stechlin\/#website"},"datePublished":"2021-07-16T14:45:23+00:00","dateModified":"2025-02-24T15:57:33+00:00","author":{"@id":"https:\/\/www.naturparkmagazin.de\/stechlin\/#\/schema\/person\/3f0d93203df21c806dd63c76d9bb28bc"},"breadcrumb":{"@id":"https:\/\/www.naturparkmagazin.de\/stechlin\/jetzt-zum-fontane-wandermarathon-im-naturpark-stechlin-ruppiner-land-anmelden\/#breadcrumb"},"inLanguage":"de","potentialAction":[{"@type":"ReadAction","target":["https:\/\/www.naturparkmagazin.de\/stechlin\/jetzt-zum-fontane-wandermarathon-im-naturpark-stechlin-ruppiner-land-anmelden\/"]}]},{"@type":"BreadcrumbList","@id":"https:\/\/www.naturparkmagazin.de\/stechlin\/jetzt-zum-fontane-wandermarathon-im-naturpark-stechlin-ruppiner-land-anmelden\/#breadcrumb","itemListElement":[{"@type":"ListItem","position":1,"name":"Home","item":"https:\/\/www.naturparkmagazin.de\/stechlin\/"},{"@type":"ListItem","position":2,"name":"Jetzt zum Fontane-Wandermarathon im Naturpark Stechlin-Ruppiner Land anmelden (2021)"}]},{"@type":"WebSite","@id":"https:\/\/www.naturparkmagazin.de\/stechlin\/#website","url":"https:\/\/www.naturparkmagazin.de\/stechlin\/","name":"Naturpark Stechlin-Ruppiner Land","description":"","potentialAction":[{"@type":"SearchAction","target":{"@type":"EntryPoint","urlTemplate":"https:\/\/www.naturparkmagazin.de\/stechlin\/?s={search_term_string}"},"query-input":"required name=search_term_string"}],"inLanguage":"de"},{"@type":"Person","@id":"https:\/\/www.naturparkmagazin.de\/stechlin\/#\/schema\/person\/3f0d93203df21c806dd63c76d9bb28bc","name":"marioschrumpf","url":"https:\/\/www.naturparkmagazin.de\/stechlin\/author\/marioschrumpf\/"}]}},"_links":{"self":[{"href":"https:\/\/www.naturparkmagazin.de\/stechlin\/wp-json\/wp\/v2\/posts\/10814"}],"collection":[{"href":"https:\/\/www.naturparkmagazin.de\/stechlin\/wp-json\/wp\/v2\/posts"}],"about":[{"href":"https:\/\/www.naturparkmagazin.de\/stechlin\/wp-json\/wp\/v2\/types\/post"}],"author":[{"embeddable":true,"href":"https:\/\/www.naturparkmagazin.de\/stechlin\/wp-json\/wp\/v2\/users\/39"}],"replies":[{"embeddable":true,"href":"https:\/\/www.naturparkmagazin.de\/stechlin\/wp-json\/wp\/v2\/comments?post=10814"}],"version-history":[{"count":5,"href":"https:\/\/www.naturparkmagazin.de\/stechlin\/wp-json\/wp\/v2\/posts\/10814\/revisions"}],"predecessor-version":[{"id":16838,"href":"https:\/\/www.naturparkmagazin.de\/stechlin\/wp-json\/wp\/v2\/posts\/10814\/revisions\/16838"}],"wp:featuredmedia":[{"embeddable":true,"href":"https:\/\/www.naturparkmagazin.de\/stechlin\/wp-json\/wp\/v2\/media\/7677"}],"wp:attachment":[{"href":"https:\/\/www.naturparkmagazin.de\/stechlin\/wp-json\/wp\/v2\/media?parent=10814"}],"wp:term":[{"taxonomy":"category","embeddable":true,"href":"https:\/\/www.naturparkmagazin.de\/stechlin\/wp-json\/wp\/v2\/categories?post=10814"},{"taxonomy":"post_tag","embeddable":true,"href":"https:\/\/www.naturparkmagazin.de\/stechlin\/wp-json\/wp\/v2\/tags?post=10814"}],"curies":[{"name":"wp","href":"https:\/\/api.w.org\/{rel}","templated":true}]}}