{"id":10837,"date":"2021-07-16T16:58:46","date_gmt":"2021-07-16T14:58:46","guid":{"rendered":"https:\/\/www.naturparkmagazin.de\/stechlin\/?p=10837"},"modified":"2021-07-19T08:40:34","modified_gmt":"2021-07-19T06:40:34","slug":"heidewanderungen-2021","status":"publish","type":"post","link":"https:\/\/www.naturparkmagazin.de\/stechlin\/heidewanderungen-2021\/","title":{"rendered":"Heidewanderungen mit Natur- und Landschaftsf\u00fchrer G\u00fcnther Lutz"},"content":{"rendered":"<p>Herzlich willkommen zur gef\u00fchrten Wanderung in die Kyritz-Ruppiner Heide!<\/p>\n<p>Jeden Donnerstag und Sonntag ab 16:30 Uhr,<\/p>\n<p>vom 9. August bis 6. September 2021.<\/p>\n<p>Start: Parkplatz Pfalzheim (Pavillon)<\/p>\n<p>Dauer: ca. 1,5 &#8211; 2 Stunden<\/p>\n<p>Strecke: 2,5 &#8211; 4 km<\/p>\n<p>Preis: 9,50 \u20ac<\/p>\n<p>Voranmeldungen bitte per E-Mail oder Telefon.<\/p>\n<p>Gruppen ab 8 Personen t\u00e4glich auf Anfrage<\/p>\n<p>Transfer ab\/zum Bahnhof Wittstock\/Dosse, Fretzdorf oder Netzeband ist m\u00f6glich.<\/p>\n<p>E-Mail: heidefuehrungen@t-online.de<\/p>\n<p>Tel.: 0171 4862482<\/p>\n<p>Flyer zum herunterladen: <a href=\"https:\/\/www.stechlin-ruppiner-land-naturpark.de\/fileadmin\/user_upload\/Bilder\/02_Kopfbilder-Innenseiten\/Stechlin-Ruppin\/Natur-_und_Landschaftsfuehrer\/Heideflyer2021-vorn.jpg\" target=\"_blank\">Vorderseite<\/a>.<\/p>\n<div id=\"attachment_9697\" style=\"width: 210px\" class=\"wp-caption aligncenter\"><a href=\"https:\/\/www.naturparkmagazin.de\/stechlin\/wp-content\/uploads\/sites\/38\/Heide_48.jpg\"><img aria-describedby=\"caption-attachment-9697\" decoding=\"async\" loading=\"lazy\" class=\"size-full wp-image-9697\" src=\"https:\/\/www.naturparkmagazin.de\/stechlin\/wp-content\/uploads\/sites\/38\/Heide_48.jpg\" alt=\"Kyritz-Ruppiner Heide\" width=\"200\" height=\"200\" srcset=\"https:\/\/www.naturparkmagazin.de\/stechlin\/wp-content\/uploads\/sites\/38\/Heide_48.jpg 200w, https:\/\/www.naturparkmagazin.de\/stechlin\/wp-content\/uploads\/sites\/38\/Heide_48-30x30.jpg 30w\" sizes=\"(max-width: 200px) 100vw, 200px\" \/><\/a><p id=\"caption-attachment-9697\" class=\"wp-caption-text\">Kyritz-Ruppiner Heide<\/p><\/div>\n","protected":false},"excerpt":{"rendered":"<p>Herzlich willkommen zur gef\u00fchrten Wanderung in die Kyritz-Ruppiner Heide!<\/p>\n","protected":false},"author":39,"featured_media":8179,"comment_status":"open","ping_status":"open","sticky":false,"template":"","format":"standard","meta":[],"categories":[11],"tags":[],"yoast_head":"<!-- This site is optimized with the Yoast SEO plugin v19.10 - https:\/\/yoast.com\/wordpress\/plugins\/seo\/ -->\n<title>Heidewanderungen mit Natur- und Landschaftsf\u00fchrer G\u00fcnther Lutz - Naturpark Stechlin-Ruppiner Land<\/title>\n<meta name=\"robots\" content=\"index, follow, max-snippet:-1, max-image-preview:large, max-video-preview:-1\" \/>\n<link rel=\"canonical\" href=\"https:\/\/www.naturparkmagazin.de\/stechlin\/heidewanderungen-2021\/\" \/>\n<meta property=\"og:locale\" content=\"de_DE\" \/>\n<meta property=\"og:type\" content=\"article\" \/>\n<meta property=\"og:title\" content=\"Heidewanderungen mit Natur- und Landschaftsf\u00fchrer G\u00fcnther Lutz - Naturpark Stechlin-Ruppiner Land\" \/>\n<meta property=\"og:description\" content=\"Herzlich willkommen zur gef\u00fchrten Wanderung in die Kyritz-Ruppiner Heide!\" \/>\n<meta property=\"og:url\" content=\"https:\/\/www.naturparkmagazin.de\/stechlin\/heidewanderungen-2021\/\" \/>\n<meta property=\"og:site_name\" content=\"Naturpark Stechlin-Ruppiner Land\" \/>\n<meta property=\"article:published_time\" content=\"2021-07-16T14:58:46+00:00\" \/>\n<meta property=\"article:modified_time\" content=\"2021-07-19T06:40:34+00:00\" \/>\n<meta property=\"og:image\" content=\"https:\/\/www.naturparkmagazin.de\/stechlin\/wp-content\/uploads\/sites\/38\/Wanderung-Ziegenmelker.jpg\" \/>\n\t<meta property=\"og:image:width\" content=\"200\" \/>\n\t<meta property=\"og:image:height\" content=\"200\" \/>\n\t<meta property=\"og:image:type\" content=\"image\/jpeg\" \/>\n<meta name=\"author\" content=\"marioschrumpf\" \/>\n<meta name=\"twitter:label1\" content=\"Verfasst von\" \/>\n\t<meta name=\"twitter:data1\" content=\"marioschrumpf\" \/>\n<script type=\"application\/ld+json\" class=\"yoast-schema-graph\">{\"@context\":\"https:\/\/schema.org\",\"@graph\":[{\"@type\":\"WebPage\",\"@id\":\"https:\/\/www.naturparkmagazin.de\/stechlin\/heidewanderungen-2021\/\",\"url\":\"https:\/\/www.naturparkmagazin.de\/stechlin\/heidewanderungen-2021\/\",\"name\":\"Heidewanderungen mit Natur- und Landschaftsf\u00fchrer G\u00fcnther Lutz - Naturpark Stechlin-Ruppiner Land\",\"isPartOf\":{\"@id\":\"https:\/\/www.naturparkmagazin.de\/stechlin\/#website\"},\"datePublished\":\"2021-07-16T14:58:46+00:00\",\"dateModified\":\"2021-07-19T06:40:34+00:00\",\"author\":{\"@id\":\"https:\/\/www.naturparkmagazin.de\/stechlin\/#\/schema\/person\/3f0d93203df21c806dd63c76d9bb28bc\"},\"breadcrumb\":{\"@id\":\"https:\/\/www.naturparkmagazin.de\/stechlin\/heidewanderungen-2021\/#breadcrumb\"},\"inLanguage\":\"de\",\"potentialAction\":[{\"@type\":\"ReadAction\",\"target\":[\"https:\/\/www.naturparkmagazin.de\/stechlin\/heidewanderungen-2021\/\"]}]},{\"@type\":\"BreadcrumbList\",\"@id\":\"https:\/\/www.naturparkmagazin.de\/stechlin\/heidewanderungen-2021\/#breadcrumb\",\"itemListElement\":[{\"@type\":\"ListItem\",\"position\":1,\"name\":\"Home\",\"item\":\"https:\/\/www.naturparkmagazin.de\/stechlin\/\"},{\"@type\":\"ListItem\",\"position\":2,\"name\":\"Heidewanderungen mit Natur- und Landschaftsf\u00fchrer G\u00fcnther Lutz\"}]},{\"@type\":\"WebSite\",\"@id\":\"https:\/\/www.naturparkmagazin.de\/stechlin\/#website\",\"url\":\"https:\/\/www.naturparkmagazin.de\/stechlin\/\",\"name\":\"Naturpark Stechlin-Ruppiner Land\",\"description\":\"\",\"potentialAction\":[{\"@type\":\"SearchAction\",\"target\":{\"@type\":\"EntryPoint\",\"urlTemplate\":\"https:\/\/www.naturparkmagazin.de\/stechlin\/?s={search_term_string}\"},\"query-input\":\"required name=search_term_string\"}],\"inLanguage\":\"de\"},{\"@type\":\"Person\",\"@id\":\"https:\/\/www.naturparkmagazin.de\/stechlin\/#\/schema\/person\/3f0d93203df21c806dd63c76d9bb28bc\",\"name\":\"marioschrumpf\",\"url\":\"https:\/\/www.naturparkmagazin.de\/stechlin\/author\/marioschrumpf\/\"}]}<\/script>\n<!-- \/ Yoast SEO plugin. -->","yoast_head_json":{"title":"Heidewanderungen mit Natur- und Landschaftsf\u00fchrer G\u00fcnther Lutz - Naturpark Stechlin-Ruppiner Land","robots":{"index":"index","follow":"follow","max-snippet":"max-snippet:-1","max-image-preview":"max-image-preview:large","max-video-preview":"max-video-preview:-1"},"canonical":"https:\/\/www.naturparkmagazin.de\/stechlin\/heidewanderungen-2021\/","og_locale":"de_DE","og_type":"article","og_title":"Heidewanderungen mit Natur- und Landschaftsf\u00fchrer G\u00fcnther Lutz - Naturpark Stechlin-Ruppiner Land","og_description":"Herzlich willkommen zur gef\u00fchrten Wanderung in die Kyritz-Ruppiner Heide!","og_url":"https:\/\/www.naturparkmagazin.de\/stechlin\/heidewanderungen-2021\/","og_site_name":"Naturpark Stechlin-Ruppiner Land","article_published_time":"2021-07-16T14:58:46+00:00","article_modified_time":"2021-07-19T06:40:34+00:00","og_image":[{"width":200,"height":200,"url":"https:\/\/www.naturparkmagazin.de\/stechlin\/wp-content\/uploads\/sites\/38\/Wanderung-Ziegenmelker.jpg","type":"image\/jpeg"}],"author":"marioschrumpf","twitter_misc":{"Verfasst von":"marioschrumpf"},"schema":{"@context":"https:\/\/schema.org","@graph":[{"@type":"WebPage","@id":"https:\/\/www.naturparkmagazin.de\/stechlin\/heidewanderungen-2021\/","url":"https:\/\/www.naturparkmagazin.de\/stechlin\/heidewanderungen-2021\/","name":"Heidewanderungen mit Natur- und Landschaftsf\u00fchrer G\u00fcnther Lutz - Naturpark Stechlin-Ruppiner Land","isPartOf":{"@id":"https:\/\/www.naturparkmagazin.de\/stechlin\/#website"},"datePublished":"2021-07-16T14:58:46+00:00","dateModified":"2021-07-19T06:40:34+00:00","author":{"@id":"https:\/\/www.naturparkmagazin.de\/stechlin\/#\/schema\/person\/3f0d93203df21c806dd63c76d9bb28bc"},"breadcrumb":{"@id":"https:\/\/www.naturparkmagazin.de\/stechlin\/heidewanderungen-2021\/#breadcrumb"},"inLanguage":"de","potentialAction":[{"@type":"ReadAction","target":["https:\/\/www.naturparkmagazin.de\/stechlin\/heidewanderungen-2021\/"]}]},{"@type":"BreadcrumbList","@id":"https:\/\/www.naturparkmagazin.de\/stechlin\/heidewanderungen-2021\/#breadcrumb","itemListElement":[{"@type":"ListItem","position":1,"name":"Home","item":"https:\/\/www.naturparkmagazin.de\/stechlin\/"},{"@type":"ListItem","position":2,"name":"Heidewanderungen mit Natur- und Landschaftsf\u00fchrer G\u00fcnther Lutz"}]},{"@type":"WebSite","@id":"https:\/\/www.naturparkmagazin.de\/stechlin\/#website","url":"https:\/\/www.naturparkmagazin.de\/stechlin\/","name":"Naturpark Stechlin-Ruppiner Land","description":"","potentialAction":[{"@type":"SearchAction","target":{"@type":"EntryPoint","urlTemplate":"https:\/\/www.naturparkmagazin.de\/stechlin\/?s={search_term_string}"},"query-input":"required name=search_term_string"}],"inLanguage":"de"},{"@type":"Person","@id":"https:\/\/www.naturparkmagazin.de\/stechlin\/#\/schema\/person\/3f0d93203df21c806dd63c76d9bb28bc","name":"marioschrumpf","url":"https:\/\/www.naturparkmagazin.de\/stechlin\/author\/marioschrumpf\/"}]}},"_links":{"self":[{"href":"https:\/\/www.naturparkmagazin.de\/stechlin\/wp-json\/wp\/v2\/posts\/10837"}],"collection":[{"href":"https:\/\/www.naturparkmagazin.de\/stechlin\/wp-json\/wp\/v2\/posts"}],"about":[{"href":"https:\/\/www.naturparkmagazin.de\/stechlin\/wp-json\/wp\/v2\/types\/post"}],"author":[{"embeddable":true,"href":"https:\/\/www.naturparkmagazin.de\/stechlin\/wp-json\/wp\/v2\/users\/39"}],"replies":[{"embeddable":true,"href":"https:\/\/www.naturparkmagazin.de\/stechlin\/wp-json\/wp\/v2\/comments?post=10837"}],"version-history":[{"count":7,"href":"https:\/\/www.naturparkmagazin.de\/stechlin\/wp-json\/wp\/v2\/posts\/10837\/revisions"}],"predecessor-version":[{"id":10868,"href":"https:\/\/www.naturparkmagazin.de\/stechlin\/wp-json\/wp\/v2\/posts\/10837\/revisions\/10868"}],"wp:featuredmedia":[{"embeddable":true,"href":"https:\/\/www.naturparkmagazin.de\/stechlin\/wp-json\/wp\/v2\/media\/8179"}],"wp:attachment":[{"href":"https:\/\/www.naturparkmagazin.de\/stechlin\/wp-json\/wp\/v2\/media?parent=10837"}],"wp:term":[{"taxonomy":"category","embeddable":true,"href":"https:\/\/www.naturparkmagazin.de\/stechlin\/wp-json\/wp\/v2\/categories?post=10837"},{"taxonomy":"post_tag","embeddable":true,"href":"https:\/\/www.naturparkmagazin.de\/stechlin\/wp-json\/wp\/v2\/tags?post=10837"}],"curies":[{"name":"wp","href":"https:\/\/api.w.org\/{rel}","templated":true}]}}